{"id":461537,"date":"2026-04-29T17:19:00","date_gmt":"2026-04-29T20:19:00","guid":{"rendered":"https:\/\/portaltela.pt\/noticias\/2026\/04\/29\/powell-deixa-a-lideranca-do-banco-central-sob-pressao-de-trump\/"},"modified":"2026-04-29T17:19:00","modified_gmt":"2026-04-29T20:19:00","slug":"powell-deixa-a-lideranca-do-banco-central-sob-pressao-de-trump","status":"publish","type":"post","link":"https:\/\/portaltela.pt\/noticias\/economia\/2026\/04\/29\/powell-deixa-a-lideranca-do-banco-central-sob-pressao-de-trump\/","title":{"rendered":"Powell deixa a lideran\u00e7a do Banco Central sob press\u00e3o de Trump"},"content":{"rendered":"<p>O presidente da Reserva Federal (Fed), Jerome Powell, anunciou que pretende manter-se no Board of Governors ap\u00f3s o t\u00e9rmino do mandato como presidente, previsto para 15 de maio. A decis\u00e3o surge em meio a press\u00f5es legais durante o Governo Trump.<\/p>\n<p>Powell indicou que continuar\u00e1 a servir como membro do Conselho por um per\u00edodo a definir, mantendo um perfil discreto. A op\u00e7\u00e3o de permanecer no organismo depois de deixar a lideran\u00e7a n\u00e3o \u00e9 in\u00e9dita, mas \u00e9 incomum.<\/p>\n<p>O objetivo \u00e9 preservar a independ\u00eancia da institui\u00e7\u00e3o perante ataques legais e cr\u00edticas pol\u00edticas. Powell citou preocupa\u00e7\u00f5es com a\u00e7\u00f5es judiciais que possam comprometer o funcionamento do banco central.<\/p>\n<h3>Divis\u00e3o na Fed e confirma\u00e7\u00e3o de Warsh<\/h3>\n<p>A decis\u00e3o ocorreu ap\u00f3s a Fed manter as taxas inalteradas pela terceira vez consecutiva, num cen\u00e1rio de incerteza global. O objetivo permanece controlar a infla\u00e7\u00e3o sem comprometer a atividade econ\u00f3mica.<\/p>\n<p>Quatro dos 12 membros votantes divergirarm da decis\u00e3o, indicando uma divis\u00e3o sem precedentes desde 1992. Beth Hammack, Neel Kashkari e Lorie Logan apoiaram a pausa, sem sinal de mudan\u00e7a de dire\u00e7\u00e3o.<\/p>\n<p>O nome de Kevin Warsh para a vaga de Powell ganhou andamento no Senado, com vota\u00e7\u00e3o do Comit\u00e9 Banc\u00e1rio a avan\u00e7ar por 13-11. Democratas criticaram o processo, enquanto alguns republicanos ligados \u00e0 confirma\u00e7\u00e3o recusaram-se a bloquear.<\/p>\n<h3>Contexto pol\u00edtico e futuro da lideran\u00e7a<\/h3>\n<p>Trump tem aumentado a press\u00e3o sobre a Fed, pedindo cortes de juros mais r\u00e1pidos. A independ\u00eancia institucional \u00e9 apontada como elemento central na an\u00e1lise de pol\u00edticas monet\u00e1rias para enfrentar choques energ\u00e9ticos.<\/p>\n<p>Powell elogiou Warsh, desejando que o candidato construa consensos entre os votantes. O banqueiro central manifestou esperan\u00e7a de que o processo de confirma\u00e7\u00e3o prossiga sem comprometer a credibilidade da institui\u00e7\u00e3o.<\/p>\n<p>A evolu\u00e7\u00e3o do processo acontece num momento de expectativa sobre o legado de Powell e sobre quem poder\u00e1 orientar a pol\u00edtica monet\u00e1ria na transi\u00e7\u00e3o para o novo ciclo de decis\u00f5es na Fed.<\/p>\n","protected":false},"excerpt":{"rendered":"<ul>\n<li>Jerome Powell afirmou que continuar\u00e1 no Banco Central dos EUA como membro do Conselho de Governadores ap\u00f3s o t\u00e9rmino do mandato como presidente, previsto para 15 de maio, possivelmente at\u00e9 2028.<\/li>\n<li>A decis\u00e3o n\u00e3o est\u00e1 relacionada com cr\u00edticas de autoridades eleitas, mas com a preocupa\u00e7\u00e3o de Powell quanto a ataques legais \u00e0 independ\u00eancia da Fed.<\/li>\n<li>O Departamento de Justi\u00e7a encerrou, por j\u00e1 ter aberto, a investiga\u00e7\u00e3o contra Powell; o Senado continua a analisar a nomea\u00e7\u00e3o de Kevin Warsh para suced\u00ea-lo no cargo de presidente da Fed.<\/li>\n<li>A Fed manteve as taxas de juro entre 3,50% e 3,75%, com quatro votos divergentes, o maior n\u00edvel desde 1992, num cen\u00e1rio de incerteza ligada \u00e0 guerra no M\u00e9dio Oriente.<\/li>\n<li>Powell elogiou Warsh e manifestou confian\u00e7a de que este poder\u00e1 construir consenso entre os membros votantes da institui\u00e7\u00e3o.<\/li>\n<\/ul>\n","protected":false},"author":2,"featured_media":461538,"comment_status":"closed","ping_status":"closed","sticky":false,"template":"","format":"standard","meta":{"footnotes":""},"categories":[2,6850],"tags":[8843,6115,7952,8524,7913,8059],"class_list":["post-461537","post","type-post","status-publish","format-standard","has-post-thumbnail","hentry","category-economia","category-financas","tag-_donald-trump","tag-_economia","tag-_governo","tag-_independencia-institucional","tag-_politica","tag-_politica-interna"],"yoast_head":"<!-- This site is optimized with the Yoast SEO plugin v27.2 - https:\/\/yoast.com\/product\/yoast-seo-wordpress\/ -->\n<title>Powell deixa a lideran\u00e7a do Banco Central sob press\u00e3o de Trump - Portal Tela Portugal<\/title>\n<meta name=\"robots\" content=\"index, follow, max-snippet:-1, max-image-preview:large, max-video-preview:-1\" \/>\n<meta property=\"og:locale\" content=\"pt_PT\" \/>\n<meta property=\"og:type\" content=\"article\" \/>\n<meta property=\"og:title\" content=\"Powell deixa a lideran\u00e7a do Banco Central sob press\u00e3o de Trump - Portal Tela Portugal\" \/>\n<meta property=\"og:description\" content=\"Jerome Powell afirmou que continuar\u00e1 no Banco Central dos EUA como membro do Conselho de Governadores ap\u00f3s o t\u00e9rmino do mandato como presidente, previsto para 15 de maio, possivelmente at\u00e9 2028. A decis\u00e3o n\u00e3o est\u00e1 relacionada com cr\u00edticas de autoridades eleitas, mas com a preocupa\u00e7\u00e3o de Powell quanto a ataques legais \u00e0 independ\u00eancia da Fed. O Departamento de Justi\u00e7a encerrou, por j\u00e1 ter aberto, a investiga\u00e7\u00e3o contra Powell; o Senado continua a analisar a nomea\u00e7\u00e3o de Kevin Warsh para suced\u00ea-lo no cargo de presidente da Fed. A Fed manteve as taxas de juro entre 3,50% e 3,75%, com quatro votos divergentes, o maior n\u00edvel desde 1992, num cen\u00e1rio de incerteza ligada \u00e0 guerra no M\u00e9dio Oriente. Powell elogiou Warsh e manifestou confian\u00e7a de que este poder\u00e1 construir consenso entre os membros votantes da institui\u00e7\u00e3o.\" \/>\n<meta property=\"og:url\" content=\"https:\/\/portaltela.pt\/noticias\/2026\/04\/29\/powell-deixa-a-lideranca-do-banco-central-sob-pressao-de-trump\/\" \/>\n<meta property=\"og:site_name\" content=\"Portal Tela Portugal\" \/>\n<meta property=\"article:published_time\" content=\"2026-04-29T20:19:00+00:00\" \/>\n<meta name=\"author\" content=\"Telinha\" \/>\n<meta name=\"twitter:card\" content=\"summary_large_image\" \/>\n<meta name=\"twitter:label1\" content=\"Escrito por\" \/>\n\t<meta name=\"twitter:data1\" content=\"Telinha\" \/>\n\t<meta name=\"twitter:label2\" content=\"Tempo estimado de leitura\" \/>\n\t<meta name=\"twitter:data2\" content=\"2 minutos\" \/>\n<script type=\"application\/ld+json\" class=\"yoast-schema-graph\">{\"@context\":\"https:\/\/schema.org\",\"@graph\":[{\"@type\":\"Article\",\"@id\":\"https:\/\/portaltela.pt\/noticias\/2026\/04\/29\/powell-deixa-a-lideranca-do-banco-central-sob-pressao-de-trump\/#article\",\"isPartOf\":{\"@id\":\"https:\/\/portaltela.pt\/noticias\/2026\/04\/29\/powell-deixa-a-lideranca-do-banco-central-sob-pressao-de-trump\/\"},\"author\":{\"name\":\"Telinha\",\"@id\":\"https:\/\/portaltela.pt\/#\/schema\/person\/c4278d4a6028830caff9ee44b42d32ed\"},\"headline\":\"Powell deixa a lideran\u00e7a do Banco Central sob press\u00e3o de Trump\",\"datePublished\":\"2026-04-29T20:19:00+00:00\",\"mainEntityOfPage\":{\"@id\":\"https:\/\/portaltela.pt\/noticias\/2026\/04\/29\/powell-deixa-a-lideranca-do-banco-central-sob-pressao-de-trump\/\"},\"wordCount\":359,\"image\":{\"@id\":\"https:\/\/portaltela.pt\/noticias\/2026\/04\/29\/powell-deixa-a-lideranca-do-banco-central-sob-pressao-de-trump\/#primaryimage\"},\"thumbnailUrl\":\"https:\/\/portaltela.pt\/s.01k8rhncp4jt1\/2026\/04\/b3185fdc-6731-4695-9d26-698be9e2124e_1200x675.jpg\",\"keywords\":[\"_Donald Trump\",\"_economia\",\"_governo\",\"_independ\u00eancia institucional\",\"_pol\u00edtica\",\"_pol\u00edtica interna\"],\"articleSection\":[\"Economia\",\"Finan\u00e7as\"],\"inLanguage\":\"pt-PT\"},{\"@type\":\"WebPage\",\"@id\":\"https:\/\/portaltela.pt\/noticias\/2026\/04\/29\/powell-deixa-a-lideranca-do-banco-central-sob-pressao-de-trump\/\",\"url\":\"https:\/\/portaltela.pt\/noticias\/2026\/04\/29\/powell-deixa-a-lideranca-do-banco-central-sob-pressao-de-trump\/\",\"name\":\"Powell deixa a lideran\u00e7a do Banco Central sob press\u00e3o de Trump - Portal Tela Portugal\",\"isPartOf\":{\"@id\":\"https:\/\/portaltela.pt\/#website\"},\"primaryImageOfPage\":{\"@id\":\"https:\/\/portaltela.pt\/noticias\/2026\/04\/29\/powell-deixa-a-lideranca-do-banco-central-sob-pressao-de-trump\/#primaryimage\"},\"image\":{\"@id\":\"https:\/\/portaltela.pt\/noticias\/2026\/04\/29\/powell-deixa-a-lideranca-do-banco-central-sob-pressao-de-trump\/#primaryimage\"},\"thumbnailUrl\":\"https:\/\/portaltela.pt\/s.01k8rhncp4jt1\/2026\/04\/b3185fdc-6731-4695-9d26-698be9e2124e_1200x675.jpg\",\"datePublished\":\"2026-04-29T20:19:00+00:00\",\"author\":{\"@id\":\"https:\/\/portaltela.pt\/#\/schema\/person\/c4278d4a6028830caff9ee44b42d32ed\"},\"breadcrumb\":{\"@id\":\"https:\/\/portaltela.pt\/noticias\/2026\/04\/29\/powell-deixa-a-lideranca-do-banco-central-sob-pressao-de-trump\/#breadcrumb\"},\"inLanguage\":\"pt-PT\",\"potentialAction\":[{\"@type\":\"ReadAction\",\"target\":[\"https:\/\/portaltela.pt\/noticias\/2026\/04\/29\/powell-deixa-a-lideranca-do-banco-central-sob-pressao-de-trump\/\"]}]},{\"@type\":\"ImageObject\",\"inLanguage\":\"pt-PT\",\"@id\":\"https:\/\/portaltela.pt\/noticias\/2026\/04\/29\/powell-deixa-a-lideranca-do-banco-central-sob-pressao-de-trump\/#primaryimage\",\"url\":\"https:\/\/portaltela.pt\/s.01k8rhncp4jt1\/2026\/04\/b3185fdc-6731-4695-9d26-698be9e2124e_1200x675.jpg\",\"contentUrl\":\"https:\/\/portaltela.pt\/s.01k8rhncp4jt1\/2026\/04\/b3185fdc-6731-4695-9d26-698be9e2124e_1200x675.jpg\",\"width\":796,\"height\":448,\"caption\":\"Powell continuar\u00e1 no Fed como governador\"},{\"@type\":\"BreadcrumbList\",\"@id\":\"https:\/\/portaltela.pt\/noticias\/2026\/04\/29\/powell-deixa-a-lideranca-do-banco-central-sob-pressao-de-trump\/#breadcrumb\",\"itemListElement\":[{\"@type\":\"ListItem\",\"position\":1,\"name\":\"In\u00edcio\",\"item\":\"https:\/\/portaltela.pt\/\"},{\"@type\":\"ListItem\",\"position\":2,\"name\":\"Powell deixa a lideran\u00e7a do Banco Central sob press\u00e3o de Trump\"}]},{\"@type\":\"WebSite\",\"@id\":\"https:\/\/portaltela.pt\/#website\",\"url\":\"https:\/\/portaltela.pt\/\",\"name\":\"Portal Tela Portugal\",\"description\":\"\",\"potentialAction\":[{\"@type\":\"SearchAction\",\"target\":{\"@type\":\"EntryPoint\",\"urlTemplate\":\"https:\/\/portaltela.pt\/?s={search_term_string}\"},\"query-input\":{\"@type\":\"PropertyValueSpecification\",\"valueRequired\":true,\"valueName\":\"search_term_string\"}}],\"inLanguage\":\"pt-PT\"},{\"@type\":\"Person\",\"@id\":\"https:\/\/portaltela.pt\/#\/schema\/person\/c4278d4a6028830caff9ee44b42d32ed\",\"name\":\"Telinha\",\"image\":{\"@type\":\"ImageObject\",\"inLanguage\":\"pt-PT\",\"@id\":\"https:\/\/portaltela.pt\/s.01k8rhncp4jt1\/2025\/11\/talking-bot-125x125.png\",\"url\":\"https:\/\/portaltela.pt\/s.01k8rhncp4jt1\/2025\/11\/talking-bot-125x125.png\",\"contentUrl\":\"https:\/\/portaltela.pt\/s.01k8rhncp4jt1\/2025\/11\/talking-bot-125x125.png\",\"caption\":\"Telinha\"},\"sameAs\":[\"https:\/\/portaltela.pt\/\"],\"url\":\"https:\/\/portaltela.pt\/por\/367410592786\/\"}]}<\/script>\n<!-- \/ Yoast SEO plugin. -->","yoast_head_json":{"title":"Powell deixa a lideran\u00e7a do Banco Central sob press\u00e3o de Trump - Portal Tela Portugal","robots":{"index":"index","follow":"follow","max-snippet":"max-snippet:-1","max-image-preview":"max-image-preview:large","max-video-preview":"max-video-preview:-1"},"og_locale":"pt_PT","og_type":"article","og_title":"Powell deixa a lideran\u00e7a do Banco Central sob press\u00e3o de Trump - Portal Tela Portugal","og_description":"Jerome Powell afirmou que continuar\u00e1 no Banco Central dos EUA como membro do Conselho de Governadores ap\u00f3s o t\u00e9rmino do mandato como presidente, previsto para 15 de maio, possivelmente at\u00e9 2028. A decis\u00e3o n\u00e3o est\u00e1 relacionada com cr\u00edticas de autoridades eleitas, mas com a preocupa\u00e7\u00e3o de Powell quanto a ataques legais \u00e0 independ\u00eancia da Fed. O Departamento de Justi\u00e7a encerrou, por j\u00e1 ter aberto, a investiga\u00e7\u00e3o contra Powell; o Senado continua a analisar a nomea\u00e7\u00e3o de Kevin Warsh para suced\u00ea-lo no cargo de presidente da Fed. A Fed manteve as taxas de juro entre 3,50% e 3,75%, com quatro votos divergentes, o maior n\u00edvel desde 1992, num cen\u00e1rio de incerteza ligada \u00e0 guerra no M\u00e9dio Oriente. Powell elogiou Warsh e manifestou confian\u00e7a de que este poder\u00e1 construir consenso entre os membros votantes da institui\u00e7\u00e3o.","og_url":"https:\/\/portaltela.pt\/noticias\/2026\/04\/29\/powell-deixa-a-lideranca-do-banco-central-sob-pressao-de-trump\/","og_site_name":"Portal Tela Portugal","article_published_time":"2026-04-29T20:19:00+00:00","author":"Telinha","twitter_card":"summary_large_image","twitter_misc":{"Escrito por":"Telinha","Tempo estimado de leitura":"2 minutos"},"schema":{"@context":"https:\/\/schema.org","@graph":[{"@type":"Article","@id":"https:\/\/portaltela.pt\/noticias\/2026\/04\/29\/powell-deixa-a-lideranca-do-banco-central-sob-pressao-de-trump\/#article","isPartOf":{"@id":"https:\/\/portaltela.pt\/noticias\/2026\/04\/29\/powell-deixa-a-lideranca-do-banco-central-sob-pressao-de-trump\/"},"author":{"name":"Telinha","@id":"https:\/\/portaltela.pt\/#\/schema\/person\/c4278d4a6028830caff9ee44b42d32ed"},"headline":"Powell deixa a lideran\u00e7a do Banco Central sob press\u00e3o de Trump","datePublished":"2026-04-29T20:19:00+00:00","mainEntityOfPage":{"@id":"https:\/\/portaltela.pt\/noticias\/2026\/04\/29\/powell-deixa-a-lideranca-do-banco-central-sob-pressao-de-trump\/"},"wordCount":359,"image":{"@id":"https:\/\/portaltela.pt\/noticias\/2026\/04\/29\/powell-deixa-a-lideranca-do-banco-central-sob-pressao-de-trump\/#primaryimage"},"thumbnailUrl":"https:\/\/portaltela.pt\/s.01k8rhncp4jt1\/2026\/04\/b3185fdc-6731-4695-9d26-698be9e2124e_1200x675.jpg","keywords":["_Donald Trump","_economia","_governo","_independ\u00eancia institucional","_pol\u00edtica","_pol\u00edtica interna"],"articleSection":["Economia","Finan\u00e7as"],"inLanguage":"pt-PT"},{"@type":"WebPage","@id":"https:\/\/portaltela.pt\/noticias\/2026\/04\/29\/powell-deixa-a-lideranca-do-banco-central-sob-pressao-de-trump\/","url":"https:\/\/portaltela.pt\/noticias\/2026\/04\/29\/powell-deixa-a-lideranca-do-banco-central-sob-pressao-de-trump\/","name":"Powell deixa a lideran\u00e7a do Banco Central sob press\u00e3o de Trump - Portal Tela Portugal","isPartOf":{"@id":"https:\/\/portaltela.pt\/#website"},"primaryImageOfPage":{"@id":"https:\/\/portaltela.pt\/noticias\/2026\/04\/29\/powell-deixa-a-lideranca-do-banco-central-sob-pressao-de-trump\/#primaryimage"},"image":{"@id":"https:\/\/portaltela.pt\/noticias\/2026\/04\/29\/powell-deixa-a-lideranca-do-banco-central-sob-pressao-de-trump\/#primaryimage"},"thumbnailUrl":"https:\/\/portaltela.pt\/s.01k8rhncp4jt1\/2026\/04\/b3185fdc-6731-4695-9d26-698be9e2124e_1200x675.jpg","datePublished":"2026-04-29T20:19:00+00:00","author":{"@id":"https:\/\/portaltela.pt\/#\/schema\/person\/c4278d4a6028830caff9ee44b42d32ed"},"breadcrumb":{"@id":"https:\/\/portaltela.pt\/noticias\/2026\/04\/29\/powell-deixa-a-lideranca-do-banco-central-sob-pressao-de-trump\/#breadcrumb"},"inLanguage":"pt-PT","potentialAction":[{"@type":"ReadAction","target":["https:\/\/portaltela.pt\/noticias\/2026\/04\/29\/powell-deixa-a-lideranca-do-banco-central-sob-pressao-de-trump\/"]}]},{"@type":"ImageObject","inLanguage":"pt-PT","@id":"https:\/\/portaltela.pt\/noticias\/2026\/04\/29\/powell-deixa-a-lideranca-do-banco-central-sob-pressao-de-trump\/#primaryimage","url":"https:\/\/portaltela.pt\/s.01k8rhncp4jt1\/2026\/04\/b3185fdc-6731-4695-9d26-698be9e2124e_1200x675.jpg","contentUrl":"https:\/\/portaltela.pt\/s.01k8rhncp4jt1\/2026\/04\/b3185fdc-6731-4695-9d26-698be9e2124e_1200x675.jpg","width":796,"height":448,"caption":"Powell continuar\u00e1 no Fed como governador"},{"@type":"BreadcrumbList","@id":"https:\/\/portaltela.pt\/noticias\/2026\/04\/29\/powell-deixa-a-lideranca-do-banco-central-sob-pressao-de-trump\/#breadcrumb","itemListElement":[{"@type":"ListItem","position":1,"name":"In\u00edcio","item":"https:\/\/portaltela.pt\/"},{"@type":"ListItem","position":2,"name":"Powell deixa a lideran\u00e7a do Banco Central sob press\u00e3o de Trump"}]},{"@type":"WebSite","@id":"https:\/\/portaltela.pt\/#website","url":"https:\/\/portaltela.pt\/","name":"Portal Tela Portugal","description":"","potentialAction":[{"@type":"SearchAction","target":{"@type":"EntryPoint","urlTemplate":"https:\/\/portaltela.pt\/?s={search_term_string}"},"query-input":{"@type":"PropertyValueSpecification","valueRequired":true,"valueName":"search_term_string"}}],"inLanguage":"pt-PT"},{"@type":"Person","@id":"https:\/\/portaltela.pt\/#\/schema\/person\/c4278d4a6028830caff9ee44b42d32ed","name":"Telinha","image":{"@type":"ImageObject","inLanguage":"pt-PT","@id":"https:\/\/portaltela.pt\/s.01k8rhncp4jt1\/2025\/11\/talking-bot-125x125.png","url":"https:\/\/portaltela.pt\/s.01k8rhncp4jt1\/2025\/11\/talking-bot-125x125.png","contentUrl":"https:\/\/portaltela.pt\/s.01k8rhncp4jt1\/2025\/11\/talking-bot-125x125.png","caption":"Telinha"},"sameAs":["https:\/\/portaltela.pt\/"],"url":"https:\/\/portaltela.pt\/por\/367410592786\/"}]}},"_links":{"self":[{"href":"https:\/\/portaltela.pt\/api\/wp\/v2\/posts\/461537","targetHints":{"allow":["GET"]}}],"collection":[{"href":"https:\/\/portaltela.pt\/api\/wp\/v2\/posts"}],"about":[{"href":"https:\/\/portaltela.pt\/api\/wp\/v2\/types\/post"}],"author":[{"embeddable":true,"href":"https:\/\/portaltela.pt\/api\/wp\/v2\/users\/2"}],"replies":[{"embeddable":true,"href":"https:\/\/portaltela.pt\/api\/wp\/v2\/comments?post=461537"}],"version-history":[{"count":0,"href":"https:\/\/portaltela.pt\/api\/wp\/v2\/posts\/461537\/revisions"}],"wp:featuredmedia":[{"embeddable":true,"href":"https:\/\/portaltela.pt\/api\/wp\/v2\/media\/461538"}],"wp:attachment":[{"href":"https:\/\/portaltela.pt\/api\/wp\/v2\/media?parent=461537"}],"wp:term":[{"taxonomy":"category","embeddable":true,"href":"https:\/\/portaltela.pt\/api\/wp\/v2\/categories?post=461537"},{"taxonomy":"post_tag","embeddable":true,"href":"https:\/\/portaltela.pt\/api\/wp\/v2\/tags?post=461537"}],"curies":[{"name":"wp","href":"https:\/\/api.w.org\/{rel}","templated":true}]}}