{"id":461532,"date":"2026-04-29T17:17:36","date_gmt":"2026-04-29T20:17:36","guid":{"rendered":"https:\/\/portaltela.pt\/noticias\/2026\/04\/29\/rui-tavares-sugere-caminho-de-regresso-apos-documentar-iliberalismo-na-hungria\/"},"modified":"2026-04-29T17:17:36","modified_gmt":"2026-04-29T20:17:36","slug":"rui-tavares-sugere-caminho-de-regresso-apos-documentar-iliberalismo-na-hungria","status":"publish","type":"post","link":"https:\/\/portaltela.pt\/noticias\/2026\/04\/29\/rui-tavares-sugere-caminho-de-regresso-apos-documentar-iliberalismo-na-hungria\/","title":{"rendered":"Rui Tavares sugere caminho de regresso ap\u00f3s documentar iliberalismo na Hungria"},"content":{"rendered":"<p>O eurodeputado Rui Tavares afirmou que a vit\u00f3ria de P\u00e9ter Magyar na Hungria mostra que regimes iliberais podem ser derrotados nas urnas. Em entrevista ao P\u00daBLICO, defendeu que, para al\u00e9m do entendimento com o governo, \u00e9 a sociedade civil e a Uni\u00e3o Europeia que v\u00e3o definir o caminho futuro.<\/p>\n<p>Tavares recordou que, em 2013, foi autor de um relat\u00f3rio aprovado pelo Parlamento Europeu sobre a eros\u00e3o do Estado de direito na Hungria. O autor considera que a cr\u00edtica ao governo h\u00fangaro continua atual, ainda que o ciclo eleitoral tenha apresentado uma mudan\u00e7a de lideran\u00e7a.<\/p>\n<p>O jornalismo de investiga\u00e7\u00e3o e organiza\u00e7\u00f5es da sociedade civil, segundo o eurodeputado, devem acompanhar o novo rumo. Magyar, nome eleito, comprometeu-se a governar com base num funcionamento do Estado mais s\u00f3lido, mas o que acontecer\u00e1 a seguir permanece incerto.<\/p>\n<h3>Caminho para a recupera\u00e7\u00e3o<\/h3>\n<p>A batalha eleitoral de 12 de abril consolidou a vit\u00f3ria de Magyar, l\u00edder que promete um pa\u00eds decente e funcional. A inc\u00f3gnita reside em como ser\u00e3o implementadas reformas e como a Uni\u00e3o Europeia reagir\u00e1 \u00e0s medidas do novo governo.<\/p>\n<p>A entrevista destaca ainda o papel da UE na monitoriza\u00e7\u00e3o do Estado de direito na Hungria. A press\u00e3o por responsabilidades e pela prote\u00e7\u00e3o de institui\u00e7\u00f5es independentes \u00e9 referida como crucial para a estabilidade democr\u00e1tica no pa\u00eds.<\/p>\n","protected":false},"excerpt":{"rendered":"<ul>\n<li>Em 2013, Rui Tavares foi autor de um relat\u00f3rio aprovado pelo Parlamento Europeu sobre a eros\u00e3o do Estado de direito na Hungria.<\/li>\n<li>O eurodeputado alerta para riscos no pa\u00eds, defendendo que o papel da sociedade civil e da Uni\u00e3o Europeia \u00e9 crucial, menos centrado na figura de Magyar.<\/li>\n<li>Nas elei\u00e7\u00f5es h\u00fangaras, P\u00e9ter Magyar venceu, mostrando que regimes iliberais podem ser derrotados pela via eleitoral.<\/li>\n<li>Magyar prometeu um pa\u00eds decente e que funcione, mas o que se seguir\u00e1 permanece incerto.<\/li>\n<li>O tema \u00e9 analisado em entrevista ao P\u00daBLICO, destacando o papel da UE e da sociedade civil no caminho de volta.<\/li>\n<\/ul>\n","protected":false},"author":2,"featured_media":461534,"comment_status":"closed","ping_status":"closed","sticky":false,"template":"","format":"standard","meta":{"footnotes":""},"categories":[6912,1],"tags":[2795,6337,2633,2579,6313,2055],"class_list":["post-461532","post","type-post","status-publish","format-standard","has-post-thumbnail","hentry","category-internacionais","category-noticias","tag-democracia","tag-direito","tag-direitos-humanos","tag-hungria","tag-sociedade-civil","tag-uniao-europeia"],"yoast_head":"<!-- This site is optimized with the Yoast SEO plugin v27.2 - https:\/\/yoast.com\/product\/yoast-seo-wordpress\/ -->\n<title>Rui Tavares sugere caminho de regresso ap\u00f3s documentar iliberalismo na Hungria - Portal Tela Portugal<\/title>\n<meta name=\"robots\" content=\"index, follow, max-snippet:-1, max-image-preview:large, max-video-preview:-1\" \/>\n<meta property=\"og:locale\" content=\"pt_PT\" \/>\n<meta property=\"og:type\" content=\"article\" \/>\n<meta property=\"og:title\" content=\"Rui Tavares sugere caminho de regresso ap\u00f3s documentar iliberalismo na Hungria - Portal Tela Portugal\" \/>\n<meta property=\"og:description\" content=\"Em 2013, Rui Tavares foi autor de um relat\u00f3rio aprovado pelo Parlamento Europeu sobre a eros\u00e3o do Estado de direito na Hungria. O eurodeputado alerta para riscos no pa\u00eds, defendendo que o papel da sociedade civil e da Uni\u00e3o Europeia \u00e9 crucial, menos centrado na figura de Magyar. Nas elei\u00e7\u00f5es h\u00fangaras, P\u00e9ter Magyar venceu, mostrando que regimes iliberais podem ser derrotados pela via eleitoral. Magyar prometeu um pa\u00eds decente e que funcione, mas o que se seguir\u00e1 permanece incerto. O tema \u00e9 analisado em entrevista ao P\u00daBLICO, destacando o papel da UE e da sociedade civil no caminho de volta.\" \/>\n<meta property=\"og:url\" content=\"https:\/\/portaltela.pt\/noticias\/2026\/04\/29\/rui-tavares-sugere-caminho-de-regresso-apos-documentar-iliberalismo-na-hungria\/\" \/>\n<meta property=\"og:site_name\" content=\"Portal Tela Portugal\" \/>\n<meta property=\"article:published_time\" content=\"2026-04-29T20:17:36+00:00\" \/>\n<meta name=\"author\" content=\"Telinha\" \/>\n<meta name=\"twitter:card\" content=\"summary_large_image\" \/>\n<meta name=\"twitter:label1\" content=\"Escrito por\" \/>\n\t<meta name=\"twitter:data1\" content=\"Telinha\" \/>\n\t<meta name=\"twitter:label2\" content=\"Tempo estimado de leitura\" \/>\n\t<meta name=\"twitter:data2\" content=\"1 minuto\" \/>\n<script type=\"application\/ld+json\" class=\"yoast-schema-graph\">{\"@context\":\"https:\/\/schema.org\",\"@graph\":[{\"@type\":\"Article\",\"@id\":\"https:\/\/portaltela.pt\/noticias\/2026\/04\/29\/rui-tavares-sugere-caminho-de-regresso-apos-documentar-iliberalismo-na-hungria\/#article\",\"isPartOf\":{\"@id\":\"https:\/\/portaltela.pt\/noticias\/2026\/04\/29\/rui-tavares-sugere-caminho-de-regresso-apos-documentar-iliberalismo-na-hungria\/\"},\"author\":{\"name\":\"Telinha\",\"@id\":\"https:\/\/portaltela.pt\/#\/schema\/person\/c4278d4a6028830caff9ee44b42d32ed\"},\"headline\":\"Rui Tavares sugere caminho de regresso ap\u00f3s documentar iliberalismo na Hungria\",\"datePublished\":\"2026-04-29T20:17:36+00:00\",\"mainEntityOfPage\":{\"@id\":\"https:\/\/portaltela.pt\/noticias\/2026\/04\/29\/rui-tavares-sugere-caminho-de-regresso-apos-documentar-iliberalismo-na-hungria\/\"},\"wordCount\":248,\"image\":{\"@id\":\"https:\/\/portaltela.pt\/noticias\/2026\/04\/29\/rui-tavares-sugere-caminho-de-regresso-apos-documentar-iliberalismo-na-hungria\/#primaryimage\"},\"thumbnailUrl\":\"https:\/\/portaltela.pt\/s.01k8rhncp4jt1\/2026\/04\/2084920.jpg\",\"keywords\":[\"democracia\",\"direito\",\"direitos humanos\",\"Hungria\",\"sociedade civil\",\"Uni\u00e3o Europeia\"],\"articleSection\":[\"Internacionais\",\"Not\u00edcias\"],\"inLanguage\":\"pt-PT\"},{\"@type\":\"WebPage\",\"@id\":\"https:\/\/portaltela.pt\/noticias\/2026\/04\/29\/rui-tavares-sugere-caminho-de-regresso-apos-documentar-iliberalismo-na-hungria\/\",\"url\":\"https:\/\/portaltela.pt\/noticias\/2026\/04\/29\/rui-tavares-sugere-caminho-de-regresso-apos-documentar-iliberalismo-na-hungria\/\",\"name\":\"Rui Tavares sugere caminho de regresso ap\u00f3s documentar iliberalismo na Hungria - Portal Tela Portugal\",\"isPartOf\":{\"@id\":\"https:\/\/portaltela.pt\/#website\"},\"primaryImageOfPage\":{\"@id\":\"https:\/\/portaltela.pt\/noticias\/2026\/04\/29\/rui-tavares-sugere-caminho-de-regresso-apos-documentar-iliberalismo-na-hungria\/#primaryimage\"},\"image\":{\"@id\":\"https:\/\/portaltela.pt\/noticias\/2026\/04\/29\/rui-tavares-sugere-caminho-de-regresso-apos-documentar-iliberalismo-na-hungria\/#primaryimage\"},\"thumbnailUrl\":\"https:\/\/portaltela.pt\/s.01k8rhncp4jt1\/2026\/04\/2084920.jpg\",\"datePublished\":\"2026-04-29T20:17:36+00:00\",\"author\":{\"@id\":\"https:\/\/portaltela.pt\/#\/schema\/person\/c4278d4a6028830caff9ee44b42d32ed\"},\"breadcrumb\":{\"@id\":\"https:\/\/portaltela.pt\/noticias\/2026\/04\/29\/rui-tavares-sugere-caminho-de-regresso-apos-documentar-iliberalismo-na-hungria\/#breadcrumb\"},\"inLanguage\":\"pt-PT\",\"potentialAction\":[{\"@type\":\"ReadAction\",\"target\":[\"https:\/\/portaltela.pt\/noticias\/2026\/04\/29\/rui-tavares-sugere-caminho-de-regresso-apos-documentar-iliberalismo-na-hungria\/\"]}]},{\"@type\":\"ImageObject\",\"inLanguage\":\"pt-PT\",\"@id\":\"https:\/\/portaltela.pt\/noticias\/2026\/04\/29\/rui-tavares-sugere-caminho-de-regresso-apos-documentar-iliberalismo-na-hungria\/#primaryimage\",\"url\":\"https:\/\/portaltela.pt\/s.01k8rhncp4jt1\/2026\/04\/2084920.jpg\",\"contentUrl\":\"https:\/\/portaltela.pt\/s.01k8rhncp4jt1\/2026\/04\/2084920.jpg\",\"width\":796,\"height\":448,\"caption\":\"Viktor Orb\u00e1n antes de anunciar a derrota nas elei\u00e7\u00f5es de 12 de Abril\"},{\"@type\":\"BreadcrumbList\",\"@id\":\"https:\/\/portaltela.pt\/noticias\/2026\/04\/29\/rui-tavares-sugere-caminho-de-regresso-apos-documentar-iliberalismo-na-hungria\/#breadcrumb\",\"itemListElement\":[{\"@type\":\"ListItem\",\"position\":1,\"name\":\"In\u00edcio\",\"item\":\"https:\/\/portaltela.pt\/\"},{\"@type\":\"ListItem\",\"position\":2,\"name\":\"Rui Tavares sugere caminho de regresso ap\u00f3s documentar iliberalismo na Hungria\"}]},{\"@type\":\"WebSite\",\"@id\":\"https:\/\/portaltela.pt\/#website\",\"url\":\"https:\/\/portaltela.pt\/\",\"name\":\"Portal Tela Portugal\",\"description\":\"\",\"potentialAction\":[{\"@type\":\"SearchAction\",\"target\":{\"@type\":\"EntryPoint\",\"urlTemplate\":\"https:\/\/portaltela.pt\/?s={search_term_string}\"},\"query-input\":{\"@type\":\"PropertyValueSpecification\",\"valueRequired\":true,\"valueName\":\"search_term_string\"}}],\"inLanguage\":\"pt-PT\"},{\"@type\":\"Person\",\"@id\":\"https:\/\/portaltela.pt\/#\/schema\/person\/c4278d4a6028830caff9ee44b42d32ed\",\"name\":\"Telinha\",\"image\":{\"@type\":\"ImageObject\",\"inLanguage\":\"pt-PT\",\"@id\":\"https:\/\/portaltela.pt\/s.01k8rhncp4jt1\/2025\/11\/talking-bot-125x125.png\",\"url\":\"https:\/\/portaltela.pt\/s.01k8rhncp4jt1\/2025\/11\/talking-bot-125x125.png\",\"contentUrl\":\"https:\/\/portaltela.pt\/s.01k8rhncp4jt1\/2025\/11\/talking-bot-125x125.png\",\"caption\":\"Telinha\"},\"sameAs\":[\"https:\/\/portaltela.pt\/\"],\"url\":\"https:\/\/portaltela.pt\/por\/367410592786\/\"}]}<\/script>\n<!-- \/ Yoast SEO plugin. -->","yoast_head_json":{"title":"Rui Tavares sugere caminho de regresso ap\u00f3s documentar iliberalismo na Hungria - Portal Tela Portugal","robots":{"index":"index","follow":"follow","max-snippet":"max-snippet:-1","max-image-preview":"max-image-preview:large","max-video-preview":"max-video-preview:-1"},"og_locale":"pt_PT","og_type":"article","og_title":"Rui Tavares sugere caminho de regresso ap\u00f3s documentar iliberalismo na Hungria - Portal Tela Portugal","og_description":"Em 2013, Rui Tavares foi autor de um relat\u00f3rio aprovado pelo Parlamento Europeu sobre a eros\u00e3o do Estado de direito na Hungria. O eurodeputado alerta para riscos no pa\u00eds, defendendo que o papel da sociedade civil e da Uni\u00e3o Europeia \u00e9 crucial, menos centrado na figura de Magyar. Nas elei\u00e7\u00f5es h\u00fangaras, P\u00e9ter Magyar venceu, mostrando que regimes iliberais podem ser derrotados pela via eleitoral. Magyar prometeu um pa\u00eds decente e que funcione, mas o que se seguir\u00e1 permanece incerto. O tema \u00e9 analisado em entrevista ao P\u00daBLICO, destacando o papel da UE e da sociedade civil no caminho de volta.","og_url":"https:\/\/portaltela.pt\/noticias\/2026\/04\/29\/rui-tavares-sugere-caminho-de-regresso-apos-documentar-iliberalismo-na-hungria\/","og_site_name":"Portal Tela Portugal","article_published_time":"2026-04-29T20:17:36+00:00","author":"Telinha","twitter_card":"summary_large_image","twitter_misc":{"Escrito por":"Telinha","Tempo estimado de leitura":"1 minuto"},"schema":{"@context":"https:\/\/schema.org","@graph":[{"@type":"Article","@id":"https:\/\/portaltela.pt\/noticias\/2026\/04\/29\/rui-tavares-sugere-caminho-de-regresso-apos-documentar-iliberalismo-na-hungria\/#article","isPartOf":{"@id":"https:\/\/portaltela.pt\/noticias\/2026\/04\/29\/rui-tavares-sugere-caminho-de-regresso-apos-documentar-iliberalismo-na-hungria\/"},"author":{"name":"Telinha","@id":"https:\/\/portaltela.pt\/#\/schema\/person\/c4278d4a6028830caff9ee44b42d32ed"},"headline":"Rui Tavares sugere caminho de regresso ap\u00f3s documentar iliberalismo na Hungria","datePublished":"2026-04-29T20:17:36+00:00","mainEntityOfPage":{"@id":"https:\/\/portaltela.pt\/noticias\/2026\/04\/29\/rui-tavares-sugere-caminho-de-regresso-apos-documentar-iliberalismo-na-hungria\/"},"wordCount":248,"image":{"@id":"https:\/\/portaltela.pt\/noticias\/2026\/04\/29\/rui-tavares-sugere-caminho-de-regresso-apos-documentar-iliberalismo-na-hungria\/#primaryimage"},"thumbnailUrl":"https:\/\/portaltela.pt\/s.01k8rhncp4jt1\/2026\/04\/2084920.jpg","keywords":["democracia","direito","direitos humanos","Hungria","sociedade civil","Uni\u00e3o Europeia"],"articleSection":["Internacionais","Not\u00edcias"],"inLanguage":"pt-PT"},{"@type":"WebPage","@id":"https:\/\/portaltela.pt\/noticias\/2026\/04\/29\/rui-tavares-sugere-caminho-de-regresso-apos-documentar-iliberalismo-na-hungria\/","url":"https:\/\/portaltela.pt\/noticias\/2026\/04\/29\/rui-tavares-sugere-caminho-de-regresso-apos-documentar-iliberalismo-na-hungria\/","name":"Rui Tavares sugere caminho de regresso ap\u00f3s documentar iliberalismo na Hungria - Portal Tela Portugal","isPartOf":{"@id":"https:\/\/portaltela.pt\/#website"},"primaryImageOfPage":{"@id":"https:\/\/portaltela.pt\/noticias\/2026\/04\/29\/rui-tavares-sugere-caminho-de-regresso-apos-documentar-iliberalismo-na-hungria\/#primaryimage"},"image":{"@id":"https:\/\/portaltela.pt\/noticias\/2026\/04\/29\/rui-tavares-sugere-caminho-de-regresso-apos-documentar-iliberalismo-na-hungria\/#primaryimage"},"thumbnailUrl":"https:\/\/portaltela.pt\/s.01k8rhncp4jt1\/2026\/04\/2084920.jpg","datePublished":"2026-04-29T20:17:36+00:00","author":{"@id":"https:\/\/portaltela.pt\/#\/schema\/person\/c4278d4a6028830caff9ee44b42d32ed"},"breadcrumb":{"@id":"https:\/\/portaltela.pt\/noticias\/2026\/04\/29\/rui-tavares-sugere-caminho-de-regresso-apos-documentar-iliberalismo-na-hungria\/#breadcrumb"},"inLanguage":"pt-PT","potentialAction":[{"@type":"ReadAction","target":["https:\/\/portaltela.pt\/noticias\/2026\/04\/29\/rui-tavares-sugere-caminho-de-regresso-apos-documentar-iliberalismo-na-hungria\/"]}]},{"@type":"ImageObject","inLanguage":"pt-PT","@id":"https:\/\/portaltela.pt\/noticias\/2026\/04\/29\/rui-tavares-sugere-caminho-de-regresso-apos-documentar-iliberalismo-na-hungria\/#primaryimage","url":"https:\/\/portaltela.pt\/s.01k8rhncp4jt1\/2026\/04\/2084920.jpg","contentUrl":"https:\/\/portaltela.pt\/s.01k8rhncp4jt1\/2026\/04\/2084920.jpg","width":796,"height":448,"caption":"Viktor Orb\u00e1n antes de anunciar a derrota nas elei\u00e7\u00f5es de 12 de Abril"},{"@type":"BreadcrumbList","@id":"https:\/\/portaltela.pt\/noticias\/2026\/04\/29\/rui-tavares-sugere-caminho-de-regresso-apos-documentar-iliberalismo-na-hungria\/#breadcrumb","itemListElement":[{"@type":"ListItem","position":1,"name":"In\u00edcio","item":"https:\/\/portaltela.pt\/"},{"@type":"ListItem","position":2,"name":"Rui Tavares sugere caminho de regresso ap\u00f3s documentar iliberalismo na Hungria"}]},{"@type":"WebSite","@id":"https:\/\/portaltela.pt\/#website","url":"https:\/\/portaltela.pt\/","name":"Portal Tela Portugal","description":"","potentialAction":[{"@type":"SearchAction","target":{"@type":"EntryPoint","urlTemplate":"https:\/\/portaltela.pt\/?s={search_term_string}"},"query-input":{"@type":"PropertyValueSpecification","valueRequired":true,"valueName":"search_term_string"}}],"inLanguage":"pt-PT"},{"@type":"Person","@id":"https:\/\/portaltela.pt\/#\/schema\/person\/c4278d4a6028830caff9ee44b42d32ed","name":"Telinha","image":{"@type":"ImageObject","inLanguage":"pt-PT","@id":"https:\/\/portaltela.pt\/s.01k8rhncp4jt1\/2025\/11\/talking-bot-125x125.png","url":"https:\/\/portaltela.pt\/s.01k8rhncp4jt1\/2025\/11\/talking-bot-125x125.png","contentUrl":"https:\/\/portaltela.pt\/s.01k8rhncp4jt1\/2025\/11\/talking-bot-125x125.png","caption":"Telinha"},"sameAs":["https:\/\/portaltela.pt\/"],"url":"https:\/\/portaltela.pt\/por\/367410592786\/"}]}},"_links":{"self":[{"href":"https:\/\/portaltela.pt\/api\/wp\/v2\/posts\/461532","targetHints":{"allow":["GET"]}}],"collection":[{"href":"https:\/\/portaltela.pt\/api\/wp\/v2\/posts"}],"about":[{"href":"https:\/\/portaltela.pt\/api\/wp\/v2\/types\/post"}],"author":[{"embeddable":true,"href":"https:\/\/portaltela.pt\/api\/wp\/v2\/users\/2"}],"replies":[{"embeddable":true,"href":"https:\/\/portaltela.pt\/api\/wp\/v2\/comments?post=461532"}],"version-history":[{"count":0,"href":"https:\/\/portaltela.pt\/api\/wp\/v2\/posts\/461532\/revisions"}],"wp:featuredmedia":[{"embeddable":true,"href":"https:\/\/portaltela.pt\/api\/wp\/v2\/media\/461534"}],"wp:attachment":[{"href":"https:\/\/portaltela.pt\/api\/wp\/v2\/media?parent=461532"}],"wp:term":[{"taxonomy":"category","embeddable":true,"href":"https:\/\/portaltela.pt\/api\/wp\/v2\/categories?post=461532"},{"taxonomy":"post_tag","embeddable":true,"href":"https:\/\/portaltela.pt\/api\/wp\/v2\/tags?post=461532"}],"curies":[{"name":"wp","href":"https:\/\/api.w.org\/{rel}","templated":true}]}}