{"id":461512,"date":"2026-04-29T17:03:29","date_gmt":"2026-04-29T20:03:29","guid":{"rendered":"https:\/\/portaltela.pt\/noticias\/2026\/04\/29\/gustavo-paulo-duarte-sucede-vieira-lopes-na-presidencia-da-ccp\/"},"modified":"2026-04-29T17:03:29","modified_gmt":"2026-04-29T20:03:29","slug":"gustavo-paulo-duarte-sucede-vieira-lopes-na-presidencia-da-ccp","status":"publish","type":"post","link":"https:\/\/portaltela.pt\/noticias\/economia\/2026\/04\/29\/gustavo-paulo-duarte-sucede-vieira-lopes-na-presidencia-da-ccp\/","title":{"rendered":"Gustavo Paulo Duarte sucede Vieira Lopes na presid\u00eancia da CCP"},"content":{"rendered":"<p>Gustavo Paulo Duarte foi hoje eleito presidente da dire\u00e7\u00e3o da CCP para o quadri\u00e9nio 2026-2029, substituindo Jo\u00e3o Vieira Lopes, que ir\u00e1 assumir a presid\u00eancia do Conselho Geral, segundo an\u00fancio oficial.<\/p>\n<p>O novo presidente representa a Antram, Associa\u00e7\u00e3o de Transportes de Mercadorias, para a CCP. Duarte tem 18 anos de associativismo na Antram, incluindo seis como presidente.<\/p>\n<p>Na tomada de posse, o eleito destacou o compromisso com uma CCP pr\u00f3xima das associa\u00e7\u00f5es, firme na defesa do com\u00e9rcio e dos servi\u00e7os e empenhada numa economia portuguesa mais competitiva.<\/p>\n<h3>Programa e prioridades<\/h3>\n<p>A candidatura \u00fanica de Gustavo Paulo Duarte apresenta tr\u00eas prioridades: refor\u00e7ar a representatividade da CCP, modernizar a organiza\u00e7\u00e3o e assegurar a sustentabilidade financeira da confedera\u00e7\u00e3o.<\/p>\n<p>Duarte \u00e9 licenciado em Gest\u00e3o e Engenharia Industrial pelo ISCTE e, desde 2018, preside o grupo Paulo Duarte. Em 2022 foi eleito vice-presidente da CCP.<\/p>\n<h3>Estrutura dos \u00f3rg\u00e3os e % oficiais<\/h3>\n<p>Jos\u00e9 de Matos (APCMC) foi eleito presidente da assembleia-geral da CCP, Carlos Ferreira (AECA) lidera o Conselho Fiscal e Jo\u00e3o Vieira Lopes assume a presid\u00eancia do Conselho Geral. Vieira Lopes salientou a expectativa de que os novos corpos sociais enfrentem os desafios do pa\u00eds, da economia e dos setores do com\u00e9rcio e servi\u00e7os.<\/p>\n","protected":false},"excerpt":{"rendered":"<ul>\n<li>Gustavo Paulo Duarte foi eleito presidente da dire\u00e7\u00e3o da CCP para o quadri\u00e9nio 2026-2029, substituindo Jo\u00e3o Vieira Lopes, que passa a presidir o Conselho Geral.<\/li>\n<li>Duarte tem dezoito anos de associativismo na Antram, incluindo seis como presidente.<\/li>\n<li>O programa da candidatura \u00fanica foca em tr\u00eas eixos: refor\u00e7ar a representatividade, modernizar a organiza\u00e7\u00e3o e assegurar a sustentabilidade financeira da CCP.<\/li>\n<li>Duarte \u00e9 licenciado em Gest\u00e3o e Engenharia Industrial pelo ISCTE e, desde 2018, \u00e9 presidente executivo do grupo Paulo Duarte; foi vice-presidente da CCP em 2022.<\/li>\n<li>Al\u00e9m de Duarte, tomam posse novos \u00f3rg\u00e3os: Jos\u00e9 de Matos \u00e9 o presidente da assembleia-geral; Carlos Ferreira lidera o Conselho Fiscal; Jo\u00e3o Vieira Lopes passa a presidir o Conselho Geral.<\/li>\n<\/ul>\n","protected":false},"author":2,"featured_media":461515,"comment_status":"closed","ping_status":"closed","sticky":false,"template":"","format":"standard","meta":{"footnotes":""},"categories":[2,6735],"tags":[9958,8996,8239,6115,8629,9271],"class_list":["post-461512","post","type-post","status-publish","format-standard","has-post-thumbnail","hentry","category-economia","category-negocios","tag-_antram","tag-_ccp","tag-_comercio","tag-_economia","tag-_organizacao-publica","tag-_servicos"],"yoast_head":"<!-- This site is optimized with the Yoast SEO plugin v27.2 - https:\/\/yoast.com\/product\/yoast-seo-wordpress\/ -->\n<title>Gustavo Paulo Duarte sucede Vieira Lopes na presid\u00eancia da CCP - Portal Tela Portugal<\/title>\n<meta name=\"robots\" content=\"index, follow, max-snippet:-1, max-image-preview:large, max-video-preview:-1\" \/>\n<meta property=\"og:locale\" content=\"pt_PT\" \/>\n<meta property=\"og:type\" content=\"article\" \/>\n<meta property=\"og:title\" content=\"Gustavo Paulo Duarte sucede Vieira Lopes na presid\u00eancia da CCP - Portal Tela Portugal\" \/>\n<meta property=\"og:description\" content=\"Gustavo Paulo Duarte foi eleito presidente da dire\u00e7\u00e3o da CCP para o quadri\u00e9nio 2026-2029, substituindo Jo\u00e3o Vieira Lopes, que passa a presidir o Conselho Geral. Duarte tem dezoito anos de associativismo na Antram, incluindo seis como presidente. O programa da candidatura \u00fanica foca em tr\u00eas eixos: refor\u00e7ar a representatividade, modernizar a organiza\u00e7\u00e3o e assegurar a sustentabilidade financeira da CCP. Duarte \u00e9 licenciado em Gest\u00e3o e Engenharia Industrial pelo ISCTE e, desde 2018, \u00e9 presidente executivo do grupo Paulo Duarte; foi vice-presidente da CCP em 2022. Al\u00e9m de Duarte, tomam posse novos \u00f3rg\u00e3os: Jos\u00e9 de Matos \u00e9 o presidente da assembleia-geral; Carlos Ferreira lidera o Conselho Fiscal; Jo\u00e3o Vieira Lopes passa a presidir o Conselho Geral.\" \/>\n<meta property=\"og:url\" content=\"https:\/\/portaltela.pt\/noticias\/2026\/04\/29\/gustavo-paulo-duarte-sucede-vieira-lopes-na-presidencia-da-ccp\/\" \/>\n<meta property=\"og:site_name\" content=\"Portal Tela Portugal\" \/>\n<meta property=\"article:published_time\" content=\"2026-04-29T20:03:29+00:00\" \/>\n<meta name=\"author\" content=\"Telinha\" \/>\n<meta name=\"twitter:card\" content=\"summary_large_image\" \/>\n<meta name=\"twitter:label1\" content=\"Escrito por\" \/>\n\t<meta name=\"twitter:data1\" content=\"Telinha\" \/>\n\t<meta name=\"twitter:label2\" content=\"Tempo estimado de leitura\" \/>\n\t<meta name=\"twitter:data2\" content=\"1 minuto\" \/>\n<script type=\"application\/ld+json\" class=\"yoast-schema-graph\">{\"@context\":\"https:\/\/schema.org\",\"@graph\":[{\"@type\":\"Article\",\"@id\":\"https:\/\/portaltela.pt\/noticias\/2026\/04\/29\/gustavo-paulo-duarte-sucede-vieira-lopes-na-presidencia-da-ccp\/#article\",\"isPartOf\":{\"@id\":\"https:\/\/portaltela.pt\/noticias\/2026\/04\/29\/gustavo-paulo-duarte-sucede-vieira-lopes-na-presidencia-da-ccp\/\"},\"author\":{\"name\":\"Telinha\",\"@id\":\"https:\/\/portaltela.pt\/#\/schema\/person\/c4278d4a6028830caff9ee44b42d32ed\"},\"headline\":\"Gustavo Paulo Duarte sucede Vieira Lopes na presid\u00eancia da CCP\",\"datePublished\":\"2026-04-29T20:03:29+00:00\",\"mainEntityOfPage\":{\"@id\":\"https:\/\/portaltela.pt\/noticias\/2026\/04\/29\/gustavo-paulo-duarte-sucede-vieira-lopes-na-presidencia-da-ccp\/\"},\"wordCount\":225,\"image\":{\"@id\":\"https:\/\/portaltela.pt\/noticias\/2026\/04\/29\/gustavo-paulo-duarte-sucede-vieira-lopes-na-presidencia-da-ccp\/#primaryimage\"},\"thumbnailUrl\":\"https:\/\/portaltela.pt\/s.01k8rhncp4jt1\/2026\/04\/img_1500x1000uu2019-04-16-23-08-15-842878.jpg\",\"keywords\":[\"_Antram\",\"_CCP\",\"_com\u00e9rcio\",\"_economia\",\"_organiza\u00e7\u00e3o p\u00fablica\",\"_servi\u00e7os\"],\"articleSection\":[\"Economia\",\"Neg\u00f3cios\"],\"inLanguage\":\"pt-PT\"},{\"@type\":\"WebPage\",\"@id\":\"https:\/\/portaltela.pt\/noticias\/2026\/04\/29\/gustavo-paulo-duarte-sucede-vieira-lopes-na-presidencia-da-ccp\/\",\"url\":\"https:\/\/portaltela.pt\/noticias\/2026\/04\/29\/gustavo-paulo-duarte-sucede-vieira-lopes-na-presidencia-da-ccp\/\",\"name\":\"Gustavo Paulo Duarte sucede Vieira Lopes na presid\u00eancia da CCP - Portal Tela Portugal\",\"isPartOf\":{\"@id\":\"https:\/\/portaltela.pt\/#website\"},\"primaryImageOfPage\":{\"@id\":\"https:\/\/portaltela.pt\/noticias\/2026\/04\/29\/gustavo-paulo-duarte-sucede-vieira-lopes-na-presidencia-da-ccp\/#primaryimage\"},\"image\":{\"@id\":\"https:\/\/portaltela.pt\/noticias\/2026\/04\/29\/gustavo-paulo-duarte-sucede-vieira-lopes-na-presidencia-da-ccp\/#primaryimage\"},\"thumbnailUrl\":\"https:\/\/portaltela.pt\/s.01k8rhncp4jt1\/2026\/04\/img_1500x1000uu2019-04-16-23-08-15-842878.jpg\",\"datePublished\":\"2026-04-29T20:03:29+00:00\",\"author\":{\"@id\":\"https:\/\/portaltela.pt\/#\/schema\/person\/c4278d4a6028830caff9ee44b42d32ed\"},\"breadcrumb\":{\"@id\":\"https:\/\/portaltela.pt\/noticias\/2026\/04\/29\/gustavo-paulo-duarte-sucede-vieira-lopes-na-presidencia-da-ccp\/#breadcrumb\"},\"inLanguage\":\"pt-PT\",\"potentialAction\":[{\"@type\":\"ReadAction\",\"target\":[\"https:\/\/portaltela.pt\/noticias\/2026\/04\/29\/gustavo-paulo-duarte-sucede-vieira-lopes-na-presidencia-da-ccp\/\"]}]},{\"@type\":\"ImageObject\",\"inLanguage\":\"pt-PT\",\"@id\":\"https:\/\/portaltela.pt\/noticias\/2026\/04\/29\/gustavo-paulo-duarte-sucede-vieira-lopes-na-presidencia-da-ccp\/#primaryimage\",\"url\":\"https:\/\/portaltela.pt\/s.01k8rhncp4jt1\/2026\/04\/img_1500x1000uu2019-04-16-23-08-15-842878.jpg\",\"contentUrl\":\"https:\/\/portaltela.pt\/s.01k8rhncp4jt1\/2026\/04\/img_1500x1000uu2019-04-16-23-08-15-842878.jpg\",\"width\":796,\"height\":448,\"caption\":\"Gustavo Paulo Duarte\"},{\"@type\":\"BreadcrumbList\",\"@id\":\"https:\/\/portaltela.pt\/noticias\/2026\/04\/29\/gustavo-paulo-duarte-sucede-vieira-lopes-na-presidencia-da-ccp\/#breadcrumb\",\"itemListElement\":[{\"@type\":\"ListItem\",\"position\":1,\"name\":\"In\u00edcio\",\"item\":\"https:\/\/portaltela.pt\/\"},{\"@type\":\"ListItem\",\"position\":2,\"name\":\"Gustavo Paulo Duarte sucede Vieira Lopes na presid\u00eancia da CCP\"}]},{\"@type\":\"WebSite\",\"@id\":\"https:\/\/portaltela.pt\/#website\",\"url\":\"https:\/\/portaltela.pt\/\",\"name\":\"Portal Tela Portugal\",\"description\":\"\",\"potentialAction\":[{\"@type\":\"SearchAction\",\"target\":{\"@type\":\"EntryPoint\",\"urlTemplate\":\"https:\/\/portaltela.pt\/?s={search_term_string}\"},\"query-input\":{\"@type\":\"PropertyValueSpecification\",\"valueRequired\":true,\"valueName\":\"search_term_string\"}}],\"inLanguage\":\"pt-PT\"},{\"@type\":\"Person\",\"@id\":\"https:\/\/portaltela.pt\/#\/schema\/person\/c4278d4a6028830caff9ee44b42d32ed\",\"name\":\"Telinha\",\"image\":{\"@type\":\"ImageObject\",\"inLanguage\":\"pt-PT\",\"@id\":\"https:\/\/portaltela.pt\/s.01k8rhncp4jt1\/2025\/11\/talking-bot-125x125.png\",\"url\":\"https:\/\/portaltela.pt\/s.01k8rhncp4jt1\/2025\/11\/talking-bot-125x125.png\",\"contentUrl\":\"https:\/\/portaltela.pt\/s.01k8rhncp4jt1\/2025\/11\/talking-bot-125x125.png\",\"caption\":\"Telinha\"},\"sameAs\":[\"https:\/\/portaltela.pt\/\"],\"url\":\"https:\/\/portaltela.pt\/por\/367410592786\/\"}]}<\/script>\n<!-- \/ Yoast SEO plugin. -->","yoast_head_json":{"title":"Gustavo Paulo Duarte sucede Vieira Lopes na presid\u00eancia da CCP - Portal Tela Portugal","robots":{"index":"index","follow":"follow","max-snippet":"max-snippet:-1","max-image-preview":"max-image-preview:large","max-video-preview":"max-video-preview:-1"},"og_locale":"pt_PT","og_type":"article","og_title":"Gustavo Paulo Duarte sucede Vieira Lopes na presid\u00eancia da CCP - Portal Tela Portugal","og_description":"Gustavo Paulo Duarte foi eleito presidente da dire\u00e7\u00e3o da CCP para o quadri\u00e9nio 2026-2029, substituindo Jo\u00e3o Vieira Lopes, que passa a presidir o Conselho Geral. Duarte tem dezoito anos de associativismo na Antram, incluindo seis como presidente. O programa da candidatura \u00fanica foca em tr\u00eas eixos: refor\u00e7ar a representatividade, modernizar a organiza\u00e7\u00e3o e assegurar a sustentabilidade financeira da CCP. Duarte \u00e9 licenciado em Gest\u00e3o e Engenharia Industrial pelo ISCTE e, desde 2018, \u00e9 presidente executivo do grupo Paulo Duarte; foi vice-presidente da CCP em 2022. Al\u00e9m de Duarte, tomam posse novos \u00f3rg\u00e3os: Jos\u00e9 de Matos \u00e9 o presidente da assembleia-geral; Carlos Ferreira lidera o Conselho Fiscal; Jo\u00e3o Vieira Lopes passa a presidir o Conselho Geral.","og_url":"https:\/\/portaltela.pt\/noticias\/2026\/04\/29\/gustavo-paulo-duarte-sucede-vieira-lopes-na-presidencia-da-ccp\/","og_site_name":"Portal Tela Portugal","article_published_time":"2026-04-29T20:03:29+00:00","author":"Telinha","twitter_card":"summary_large_image","twitter_misc":{"Escrito por":"Telinha","Tempo estimado de leitura":"1 minuto"},"schema":{"@context":"https:\/\/schema.org","@graph":[{"@type":"Article","@id":"https:\/\/portaltela.pt\/noticias\/2026\/04\/29\/gustavo-paulo-duarte-sucede-vieira-lopes-na-presidencia-da-ccp\/#article","isPartOf":{"@id":"https:\/\/portaltela.pt\/noticias\/2026\/04\/29\/gustavo-paulo-duarte-sucede-vieira-lopes-na-presidencia-da-ccp\/"},"author":{"name":"Telinha","@id":"https:\/\/portaltela.pt\/#\/schema\/person\/c4278d4a6028830caff9ee44b42d32ed"},"headline":"Gustavo Paulo Duarte sucede Vieira Lopes na presid\u00eancia da CCP","datePublished":"2026-04-29T20:03:29+00:00","mainEntityOfPage":{"@id":"https:\/\/portaltela.pt\/noticias\/2026\/04\/29\/gustavo-paulo-duarte-sucede-vieira-lopes-na-presidencia-da-ccp\/"},"wordCount":225,"image":{"@id":"https:\/\/portaltela.pt\/noticias\/2026\/04\/29\/gustavo-paulo-duarte-sucede-vieira-lopes-na-presidencia-da-ccp\/#primaryimage"},"thumbnailUrl":"https:\/\/portaltela.pt\/s.01k8rhncp4jt1\/2026\/04\/img_1500x1000uu2019-04-16-23-08-15-842878.jpg","keywords":["_Antram","_CCP","_com\u00e9rcio","_economia","_organiza\u00e7\u00e3o p\u00fablica","_servi\u00e7os"],"articleSection":["Economia","Neg\u00f3cios"],"inLanguage":"pt-PT"},{"@type":"WebPage","@id":"https:\/\/portaltela.pt\/noticias\/2026\/04\/29\/gustavo-paulo-duarte-sucede-vieira-lopes-na-presidencia-da-ccp\/","url":"https:\/\/portaltela.pt\/noticias\/2026\/04\/29\/gustavo-paulo-duarte-sucede-vieira-lopes-na-presidencia-da-ccp\/","name":"Gustavo Paulo Duarte sucede Vieira Lopes na presid\u00eancia da CCP - Portal Tela Portugal","isPartOf":{"@id":"https:\/\/portaltela.pt\/#website"},"primaryImageOfPage":{"@id":"https:\/\/portaltela.pt\/noticias\/2026\/04\/29\/gustavo-paulo-duarte-sucede-vieira-lopes-na-presidencia-da-ccp\/#primaryimage"},"image":{"@id":"https:\/\/portaltela.pt\/noticias\/2026\/04\/29\/gustavo-paulo-duarte-sucede-vieira-lopes-na-presidencia-da-ccp\/#primaryimage"},"thumbnailUrl":"https:\/\/portaltela.pt\/s.01k8rhncp4jt1\/2026\/04\/img_1500x1000uu2019-04-16-23-08-15-842878.jpg","datePublished":"2026-04-29T20:03:29+00:00","author":{"@id":"https:\/\/portaltela.pt\/#\/schema\/person\/c4278d4a6028830caff9ee44b42d32ed"},"breadcrumb":{"@id":"https:\/\/portaltela.pt\/noticias\/2026\/04\/29\/gustavo-paulo-duarte-sucede-vieira-lopes-na-presidencia-da-ccp\/#breadcrumb"},"inLanguage":"pt-PT","potentialAction":[{"@type":"ReadAction","target":["https:\/\/portaltela.pt\/noticias\/2026\/04\/29\/gustavo-paulo-duarte-sucede-vieira-lopes-na-presidencia-da-ccp\/"]}]},{"@type":"ImageObject","inLanguage":"pt-PT","@id":"https:\/\/portaltela.pt\/noticias\/2026\/04\/29\/gustavo-paulo-duarte-sucede-vieira-lopes-na-presidencia-da-ccp\/#primaryimage","url":"https:\/\/portaltela.pt\/s.01k8rhncp4jt1\/2026\/04\/img_1500x1000uu2019-04-16-23-08-15-842878.jpg","contentUrl":"https:\/\/portaltela.pt\/s.01k8rhncp4jt1\/2026\/04\/img_1500x1000uu2019-04-16-23-08-15-842878.jpg","width":796,"height":448,"caption":"Gustavo Paulo Duarte"},{"@type":"BreadcrumbList","@id":"https:\/\/portaltela.pt\/noticias\/2026\/04\/29\/gustavo-paulo-duarte-sucede-vieira-lopes-na-presidencia-da-ccp\/#breadcrumb","itemListElement":[{"@type":"ListItem","position":1,"name":"In\u00edcio","item":"https:\/\/portaltela.pt\/"},{"@type":"ListItem","position":2,"name":"Gustavo Paulo Duarte sucede Vieira Lopes na presid\u00eancia da CCP"}]},{"@type":"WebSite","@id":"https:\/\/portaltela.pt\/#website","url":"https:\/\/portaltela.pt\/","name":"Portal Tela Portugal","description":"","potentialAction":[{"@type":"SearchAction","target":{"@type":"EntryPoint","urlTemplate":"https:\/\/portaltela.pt\/?s={search_term_string}"},"query-input":{"@type":"PropertyValueSpecification","valueRequired":true,"valueName":"search_term_string"}}],"inLanguage":"pt-PT"},{"@type":"Person","@id":"https:\/\/portaltela.pt\/#\/schema\/person\/c4278d4a6028830caff9ee44b42d32ed","name":"Telinha","image":{"@type":"ImageObject","inLanguage":"pt-PT","@id":"https:\/\/portaltela.pt\/s.01k8rhncp4jt1\/2025\/11\/talking-bot-125x125.png","url":"https:\/\/portaltela.pt\/s.01k8rhncp4jt1\/2025\/11\/talking-bot-125x125.png","contentUrl":"https:\/\/portaltela.pt\/s.01k8rhncp4jt1\/2025\/11\/talking-bot-125x125.png","caption":"Telinha"},"sameAs":["https:\/\/portaltela.pt\/"],"url":"https:\/\/portaltela.pt\/por\/367410592786\/"}]}},"_links":{"self":[{"href":"https:\/\/portaltela.pt\/api\/wp\/v2\/posts\/461512","targetHints":{"allow":["GET"]}}],"collection":[{"href":"https:\/\/portaltela.pt\/api\/wp\/v2\/posts"}],"about":[{"href":"https:\/\/portaltela.pt\/api\/wp\/v2\/types\/post"}],"author":[{"embeddable":true,"href":"https:\/\/portaltela.pt\/api\/wp\/v2\/users\/2"}],"replies":[{"embeddable":true,"href":"https:\/\/portaltela.pt\/api\/wp\/v2\/comments?post=461512"}],"version-history":[{"count":0,"href":"https:\/\/portaltela.pt\/api\/wp\/v2\/posts\/461512\/revisions"}],"wp:featuredmedia":[{"embeddable":true,"href":"https:\/\/portaltela.pt\/api\/wp\/v2\/media\/461515"}],"wp:attachment":[{"href":"https:\/\/portaltela.pt\/api\/wp\/v2\/media?parent=461512"}],"wp:term":[{"taxonomy":"category","embeddable":true,"href":"https:\/\/portaltela.pt\/api\/wp\/v2\/categories?post=461512"},{"taxonomy":"post_tag","embeddable":true,"href":"https:\/\/portaltela.pt\/api\/wp\/v2\/tags?post=461512"}],"curies":[{"name":"wp","href":"https:\/\/api.w.org\/{rel}","templated":true}]}}