{"id":461511,"date":"2026-04-29T17:03:29","date_gmt":"2026-04-29T20:03:29","guid":{"rendered":"https:\/\/portaltela.pt\/noticias\/2026\/04\/29\/seguro-mantem-claudia-ribeiro-como-chefe-da-casa-civil\/"},"modified":"2026-04-29T17:03:29","modified_gmt":"2026-04-29T20:03:29","slug":"seguro-mantem-claudia-ribeiro-como-chefe-da-casa-civil","status":"publish","type":"post","link":"https:\/\/portaltela.pt\/noticias\/politica\/2026\/04\/29\/seguro-mantem-claudia-ribeiro-como-chefe-da-casa-civil\/","title":{"rendered":"Seguro mant\u00e9m Cl\u00e1udia Ribeiro como chefe da Casa Civil"},"content":{"rendered":"<p>O Presidente Ant\u00f3nio Jos\u00e9 Seguro manteve Cl\u00e1udia Ribeiro no cargo de chefe da Casa Civil, mantendo-a no posto que ocupava de forma transit\u00f3ria desde a sua tomada de posse. Ribeiro acumula j\u00e1 agora a lideran\u00e7a da Casa Civil com a fun\u00e7\u00e3o de secret\u00e1ria do Conselho de Estado.<\/p>\n<p>Cristina Correia foi Nomeada para a secretaria do Conselho de Estado. As nomea\u00e7\u00f5es fecham a composi\u00e7\u00e3o do staff presidencial, ap\u00f3s j\u00e1 terem sido conhecidos os restantes consultores e assessores.<\/p>\n<p>Estas indica\u00e7\u00f5es consolidam a Casa Civil e encerram uma fase de transi\u00e7\u00e3o, segundo uma nota publicada online pelo Presidente da Rep\u00fablica. O texto sublinha a continuidade e a boa gest\u00e3o dos dossiers em curso.<\/p>\n<h3>Nomea\u00e7\u00f5es conclu\u00eddas<\/h3>\n<p>A tomada de decis\u00e3o assinala a primeira presen\u00e7a de uma mulher no cargo de chefe da Casa Civil. Seguro aponta que o passo reflete o compromisso com uma representa\u00e7\u00e3o mais equilibrada nas altas responsabilidades p\u00fablicas.<\/p>\n<p>Cl\u00e1udia Ribeiro foi escolhida pela sua compet\u00eancia e pela rela\u00e7\u00e3o de confian\u00e7a constru\u00edda com o chefe de Estado ao longo de v\u00e1rios anos. O Presidente real\u00e7a que a jurista refor\u00e7a a capacidade de avan\u00e7ar com tarefas exigentes do Estado.<\/p>\n<p>A carreira de Ribeiro inclui passagem pelo Parlamento, onde atuou como assessora parlamentar e diretora de v\u00e1rias estruturas ligadas ao trabalho parlamentar, bem como lideran\u00e7a na imprensa oficial. Possui licenciatura em Direito e forma\u00e7\u00e3o adicional em governance e pol\u00edticas p\u00fablicas.<\/p>\n","protected":false},"excerpt":{"rendered":"<ul>\n<li>O Presidente da Rep\u00fablica manteve Cl\u00e1udia Ribeiro como chefe da Casa Civil, cargo que ela vinha ocupando de forma interina desde a tomada de posse de Ant\u00f3nio Jos\u00e9 Seguro.<\/li>\n<li>Cristina Correia foi nomeada secret\u00e1ria do Conselho de Estado.<\/li>\n<li>As nomea\u00e7\u00f5es fecham a fase de transi\u00e7\u00e3o da Casa Civil, assegurando continuidade e gest\u00e3o dos dossiers em curso.<\/li>\n<li>Cl\u00e1udia Ribeiro assumiu a lideran\u00e7a transit\u00f3ria a 9 de Mar\u00e7o e j\u00e1 integrava a Casa Civil desde 2021.<\/li>\n<li>Pela primeira vez, o cargo de chefe da Casa Civil fica a cargo de uma mulher, refletindo o compromisso com uma representa\u00e7\u00e3o mais equilibrada nas altas responsabilidades p\u00fablicas.<\/li>\n<\/ul>\n","protected":false},"author":2,"featured_media":461514,"comment_status":"closed","ping_status":"closed","sticky":false,"template":"","format":"standard","meta":{"footnotes":""},"categories":[1,5],"tags":[9046,9957,7952,7947,7913,8229],"class_list":["post-461511","post","type-post","status-publish","format-standard","has-post-thumbnail","hentry","category-noticias","category-politica","tag-_antonio-costa","tag-_conselho-nacional","tag-_governo","tag-_mulheres","tag-_politica","tag-_presidente"],"yoast_head":"<!-- This site is optimized with the Yoast SEO plugin v27.2 - https:\/\/yoast.com\/product\/yoast-seo-wordpress\/ -->\n<title>Seguro mant\u00e9m Cl\u00e1udia Ribeiro como chefe da Casa Civil - Portal Tela Portugal<\/title>\n<meta name=\"robots\" content=\"index, follow, max-snippet:-1, max-image-preview:large, max-video-preview:-1\" \/>\n<meta property=\"og:locale\" content=\"pt_PT\" \/>\n<meta property=\"og:type\" content=\"article\" \/>\n<meta property=\"og:title\" content=\"Seguro mant\u00e9m Cl\u00e1udia Ribeiro como chefe da Casa Civil - Portal Tela Portugal\" \/>\n<meta property=\"og:description\" content=\"O Presidente da Rep\u00fablica manteve Cl\u00e1udia Ribeiro como chefe da Casa Civil, cargo que ela vinha ocupando de forma interina desde a tomada de posse de Ant\u00f3nio Jos\u00e9 Seguro. Cristina Correia foi nomeada secret\u00e1ria do Conselho de Estado. As nomea\u00e7\u00f5es fecham a fase de transi\u00e7\u00e3o da Casa Civil, assegurando continuidade e gest\u00e3o dos dossiers em curso. Cl\u00e1udia Ribeiro assumiu a lideran\u00e7a transit\u00f3ria a 9 de Mar\u00e7o e j\u00e1 integrava a Casa Civil desde 2021. Pela primeira vez, o cargo de chefe da Casa Civil fica a cargo de uma mulher, refletindo o compromisso com uma representa\u00e7\u00e3o mais equilibrada nas altas responsabilidades p\u00fablicas.\" \/>\n<meta property=\"og:url\" content=\"https:\/\/portaltela.pt\/noticias\/2026\/04\/29\/seguro-mantem-claudia-ribeiro-como-chefe-da-casa-civil\/\" \/>\n<meta property=\"og:site_name\" content=\"Portal Tela Portugal\" \/>\n<meta property=\"article:published_time\" content=\"2026-04-29T20:03:29+00:00\" \/>\n<meta name=\"author\" content=\"Telinha\" \/>\n<meta name=\"twitter:card\" content=\"summary_large_image\" \/>\n<meta name=\"twitter:label1\" content=\"Escrito por\" \/>\n\t<meta name=\"twitter:data1\" content=\"Telinha\" \/>\n\t<meta name=\"twitter:label2\" content=\"Tempo estimado de leitura\" \/>\n\t<meta name=\"twitter:data2\" content=\"1 minuto\" \/>\n<script type=\"application\/ld+json\" class=\"yoast-schema-graph\">{\"@context\":\"https:\/\/schema.org\",\"@graph\":[{\"@type\":\"Article\",\"@id\":\"https:\/\/portaltela.pt\/noticias\/2026\/04\/29\/seguro-mantem-claudia-ribeiro-como-chefe-da-casa-civil\/#article\",\"isPartOf\":{\"@id\":\"https:\/\/portaltela.pt\/noticias\/2026\/04\/29\/seguro-mantem-claudia-ribeiro-como-chefe-da-casa-civil\/\"},\"author\":{\"name\":\"Telinha\",\"@id\":\"https:\/\/portaltela.pt\/#\/schema\/person\/c4278d4a6028830caff9ee44b42d32ed\"},\"headline\":\"Seguro mant\u00e9m Cl\u00e1udia Ribeiro como chefe da Casa Civil\",\"datePublished\":\"2026-04-29T20:03:29+00:00\",\"mainEntityOfPage\":{\"@id\":\"https:\/\/portaltela.pt\/noticias\/2026\/04\/29\/seguro-mantem-claudia-ribeiro-como-chefe-da-casa-civil\/\"},\"wordCount\":270,\"image\":{\"@id\":\"https:\/\/portaltela.pt\/noticias\/2026\/04\/29\/seguro-mantem-claudia-ribeiro-como-chefe-da-casa-civil\/#primaryimage\"},\"thumbnailUrl\":\"https:\/\/portaltela.pt\/s.01k8rhncp4jt1\/2026\/04\/2085085.jpg\",\"keywords\":[\"_Ant\u00f3nio Costa\",\"_Conselho Nacional\",\"_governo\",\"_mulheres\",\"_pol\u00edtica\",\"_presidente\"],\"articleSection\":[\"Not\u00edcias\",\"Pol\u00edtica\"],\"inLanguage\":\"pt-PT\"},{\"@type\":\"WebPage\",\"@id\":\"https:\/\/portaltela.pt\/noticias\/2026\/04\/29\/seguro-mantem-claudia-ribeiro-como-chefe-da-casa-civil\/\",\"url\":\"https:\/\/portaltela.pt\/noticias\/2026\/04\/29\/seguro-mantem-claudia-ribeiro-como-chefe-da-casa-civil\/\",\"name\":\"Seguro mant\u00e9m Cl\u00e1udia Ribeiro como chefe da Casa Civil - Portal Tela Portugal\",\"isPartOf\":{\"@id\":\"https:\/\/portaltela.pt\/#website\"},\"primaryImageOfPage\":{\"@id\":\"https:\/\/portaltela.pt\/noticias\/2026\/04\/29\/seguro-mantem-claudia-ribeiro-como-chefe-da-casa-civil\/#primaryimage\"},\"image\":{\"@id\":\"https:\/\/portaltela.pt\/noticias\/2026\/04\/29\/seguro-mantem-claudia-ribeiro-como-chefe-da-casa-civil\/#primaryimage\"},\"thumbnailUrl\":\"https:\/\/portaltela.pt\/s.01k8rhncp4jt1\/2026\/04\/2085085.jpg\",\"datePublished\":\"2026-04-29T20:03:29+00:00\",\"author\":{\"@id\":\"https:\/\/portaltela.pt\/#\/schema\/person\/c4278d4a6028830caff9ee44b42d32ed\"},\"breadcrumb\":{\"@id\":\"https:\/\/portaltela.pt\/noticias\/2026\/04\/29\/seguro-mantem-claudia-ribeiro-como-chefe-da-casa-civil\/#breadcrumb\"},\"inLanguage\":\"pt-PT\",\"potentialAction\":[{\"@type\":\"ReadAction\",\"target\":[\"https:\/\/portaltela.pt\/noticias\/2026\/04\/29\/seguro-mantem-claudia-ribeiro-como-chefe-da-casa-civil\/\"]}]},{\"@type\":\"ImageObject\",\"inLanguage\":\"pt-PT\",\"@id\":\"https:\/\/portaltela.pt\/noticias\/2026\/04\/29\/seguro-mantem-claudia-ribeiro-como-chefe-da-casa-civil\/#primaryimage\",\"url\":\"https:\/\/portaltela.pt\/s.01k8rhncp4jt1\/2026\/04\/2085085.jpg\",\"contentUrl\":\"https:\/\/portaltela.pt\/s.01k8rhncp4jt1\/2026\/04\/2085085.jpg\",\"width\":796,\"height\":448,\"caption\":\"Seguro reafirma \\\"compromisso com uma representa\u00e7\u00e3o mais equilibrada\\\" entre mulheres e homens\"},{\"@type\":\"BreadcrumbList\",\"@id\":\"https:\/\/portaltela.pt\/noticias\/2026\/04\/29\/seguro-mantem-claudia-ribeiro-como-chefe-da-casa-civil\/#breadcrumb\",\"itemListElement\":[{\"@type\":\"ListItem\",\"position\":1,\"name\":\"In\u00edcio\",\"item\":\"https:\/\/portaltela.pt\/\"},{\"@type\":\"ListItem\",\"position\":2,\"name\":\"Seguro mant\u00e9m Cl\u00e1udia Ribeiro como chefe da Casa Civil\"}]},{\"@type\":\"WebSite\",\"@id\":\"https:\/\/portaltela.pt\/#website\",\"url\":\"https:\/\/portaltela.pt\/\",\"name\":\"Portal Tela Portugal\",\"description\":\"\",\"potentialAction\":[{\"@type\":\"SearchAction\",\"target\":{\"@type\":\"EntryPoint\",\"urlTemplate\":\"https:\/\/portaltela.pt\/?s={search_term_string}\"},\"query-input\":{\"@type\":\"PropertyValueSpecification\",\"valueRequired\":true,\"valueName\":\"search_term_string\"}}],\"inLanguage\":\"pt-PT\"},{\"@type\":\"Person\",\"@id\":\"https:\/\/portaltela.pt\/#\/schema\/person\/c4278d4a6028830caff9ee44b42d32ed\",\"name\":\"Telinha\",\"image\":{\"@type\":\"ImageObject\",\"inLanguage\":\"pt-PT\",\"@id\":\"https:\/\/portaltela.pt\/s.01k8rhncp4jt1\/2025\/11\/talking-bot-125x125.png\",\"url\":\"https:\/\/portaltela.pt\/s.01k8rhncp4jt1\/2025\/11\/talking-bot-125x125.png\",\"contentUrl\":\"https:\/\/portaltela.pt\/s.01k8rhncp4jt1\/2025\/11\/talking-bot-125x125.png\",\"caption\":\"Telinha\"},\"sameAs\":[\"https:\/\/portaltela.pt\/\"],\"url\":\"https:\/\/portaltela.pt\/por\/367410592786\/\"}]}<\/script>\n<!-- \/ Yoast SEO plugin. -->","yoast_head_json":{"title":"Seguro mant\u00e9m Cl\u00e1udia Ribeiro como chefe da Casa Civil - Portal Tela Portugal","robots":{"index":"index","follow":"follow","max-snippet":"max-snippet:-1","max-image-preview":"max-image-preview:large","max-video-preview":"max-video-preview:-1"},"og_locale":"pt_PT","og_type":"article","og_title":"Seguro mant\u00e9m Cl\u00e1udia Ribeiro como chefe da Casa Civil - Portal Tela Portugal","og_description":"O Presidente da Rep\u00fablica manteve Cl\u00e1udia Ribeiro como chefe da Casa Civil, cargo que ela vinha ocupando de forma interina desde a tomada de posse de Ant\u00f3nio Jos\u00e9 Seguro. Cristina Correia foi nomeada secret\u00e1ria do Conselho de Estado. As nomea\u00e7\u00f5es fecham a fase de transi\u00e7\u00e3o da Casa Civil, assegurando continuidade e gest\u00e3o dos dossiers em curso. Cl\u00e1udia Ribeiro assumiu a lideran\u00e7a transit\u00f3ria a 9 de Mar\u00e7o e j\u00e1 integrava a Casa Civil desde 2021. Pela primeira vez, o cargo de chefe da Casa Civil fica a cargo de uma mulher, refletindo o compromisso com uma representa\u00e7\u00e3o mais equilibrada nas altas responsabilidades p\u00fablicas.","og_url":"https:\/\/portaltela.pt\/noticias\/2026\/04\/29\/seguro-mantem-claudia-ribeiro-como-chefe-da-casa-civil\/","og_site_name":"Portal Tela Portugal","article_published_time":"2026-04-29T20:03:29+00:00","author":"Telinha","twitter_card":"summary_large_image","twitter_misc":{"Escrito por":"Telinha","Tempo estimado de leitura":"1 minuto"},"schema":{"@context":"https:\/\/schema.org","@graph":[{"@type":"Article","@id":"https:\/\/portaltela.pt\/noticias\/2026\/04\/29\/seguro-mantem-claudia-ribeiro-como-chefe-da-casa-civil\/#article","isPartOf":{"@id":"https:\/\/portaltela.pt\/noticias\/2026\/04\/29\/seguro-mantem-claudia-ribeiro-como-chefe-da-casa-civil\/"},"author":{"name":"Telinha","@id":"https:\/\/portaltela.pt\/#\/schema\/person\/c4278d4a6028830caff9ee44b42d32ed"},"headline":"Seguro mant\u00e9m Cl\u00e1udia Ribeiro como chefe da Casa Civil","datePublished":"2026-04-29T20:03:29+00:00","mainEntityOfPage":{"@id":"https:\/\/portaltela.pt\/noticias\/2026\/04\/29\/seguro-mantem-claudia-ribeiro-como-chefe-da-casa-civil\/"},"wordCount":270,"image":{"@id":"https:\/\/portaltela.pt\/noticias\/2026\/04\/29\/seguro-mantem-claudia-ribeiro-como-chefe-da-casa-civil\/#primaryimage"},"thumbnailUrl":"https:\/\/portaltela.pt\/s.01k8rhncp4jt1\/2026\/04\/2085085.jpg","keywords":["_Ant\u00f3nio Costa","_Conselho Nacional","_governo","_mulheres","_pol\u00edtica","_presidente"],"articleSection":["Not\u00edcias","Pol\u00edtica"],"inLanguage":"pt-PT"},{"@type":"WebPage","@id":"https:\/\/portaltela.pt\/noticias\/2026\/04\/29\/seguro-mantem-claudia-ribeiro-como-chefe-da-casa-civil\/","url":"https:\/\/portaltela.pt\/noticias\/2026\/04\/29\/seguro-mantem-claudia-ribeiro-como-chefe-da-casa-civil\/","name":"Seguro mant\u00e9m Cl\u00e1udia Ribeiro como chefe da Casa Civil - Portal Tela Portugal","isPartOf":{"@id":"https:\/\/portaltela.pt\/#website"},"primaryImageOfPage":{"@id":"https:\/\/portaltela.pt\/noticias\/2026\/04\/29\/seguro-mantem-claudia-ribeiro-como-chefe-da-casa-civil\/#primaryimage"},"image":{"@id":"https:\/\/portaltela.pt\/noticias\/2026\/04\/29\/seguro-mantem-claudia-ribeiro-como-chefe-da-casa-civil\/#primaryimage"},"thumbnailUrl":"https:\/\/portaltela.pt\/s.01k8rhncp4jt1\/2026\/04\/2085085.jpg","datePublished":"2026-04-29T20:03:29+00:00","author":{"@id":"https:\/\/portaltela.pt\/#\/schema\/person\/c4278d4a6028830caff9ee44b42d32ed"},"breadcrumb":{"@id":"https:\/\/portaltela.pt\/noticias\/2026\/04\/29\/seguro-mantem-claudia-ribeiro-como-chefe-da-casa-civil\/#breadcrumb"},"inLanguage":"pt-PT","potentialAction":[{"@type":"ReadAction","target":["https:\/\/portaltela.pt\/noticias\/2026\/04\/29\/seguro-mantem-claudia-ribeiro-como-chefe-da-casa-civil\/"]}]},{"@type":"ImageObject","inLanguage":"pt-PT","@id":"https:\/\/portaltela.pt\/noticias\/2026\/04\/29\/seguro-mantem-claudia-ribeiro-como-chefe-da-casa-civil\/#primaryimage","url":"https:\/\/portaltela.pt\/s.01k8rhncp4jt1\/2026\/04\/2085085.jpg","contentUrl":"https:\/\/portaltela.pt\/s.01k8rhncp4jt1\/2026\/04\/2085085.jpg","width":796,"height":448,"caption":"Seguro reafirma \"compromisso com uma representa\u00e7\u00e3o mais equilibrada\" entre mulheres e homens"},{"@type":"BreadcrumbList","@id":"https:\/\/portaltela.pt\/noticias\/2026\/04\/29\/seguro-mantem-claudia-ribeiro-como-chefe-da-casa-civil\/#breadcrumb","itemListElement":[{"@type":"ListItem","position":1,"name":"In\u00edcio","item":"https:\/\/portaltela.pt\/"},{"@type":"ListItem","position":2,"name":"Seguro mant\u00e9m Cl\u00e1udia Ribeiro como chefe da Casa Civil"}]},{"@type":"WebSite","@id":"https:\/\/portaltela.pt\/#website","url":"https:\/\/portaltela.pt\/","name":"Portal Tela Portugal","description":"","potentialAction":[{"@type":"SearchAction","target":{"@type":"EntryPoint","urlTemplate":"https:\/\/portaltela.pt\/?s={search_term_string}"},"query-input":{"@type":"PropertyValueSpecification","valueRequired":true,"valueName":"search_term_string"}}],"inLanguage":"pt-PT"},{"@type":"Person","@id":"https:\/\/portaltela.pt\/#\/schema\/person\/c4278d4a6028830caff9ee44b42d32ed","name":"Telinha","image":{"@type":"ImageObject","inLanguage":"pt-PT","@id":"https:\/\/portaltela.pt\/s.01k8rhncp4jt1\/2025\/11\/talking-bot-125x125.png","url":"https:\/\/portaltela.pt\/s.01k8rhncp4jt1\/2025\/11\/talking-bot-125x125.png","contentUrl":"https:\/\/portaltela.pt\/s.01k8rhncp4jt1\/2025\/11\/talking-bot-125x125.png","caption":"Telinha"},"sameAs":["https:\/\/portaltela.pt\/"],"url":"https:\/\/portaltela.pt\/por\/367410592786\/"}]}},"_links":{"self":[{"href":"https:\/\/portaltela.pt\/api\/wp\/v2\/posts\/461511","targetHints":{"allow":["GET"]}}],"collection":[{"href":"https:\/\/portaltela.pt\/api\/wp\/v2\/posts"}],"about":[{"href":"https:\/\/portaltela.pt\/api\/wp\/v2\/types\/post"}],"author":[{"embeddable":true,"href":"https:\/\/portaltela.pt\/api\/wp\/v2\/users\/2"}],"replies":[{"embeddable":true,"href":"https:\/\/portaltela.pt\/api\/wp\/v2\/comments?post=461511"}],"version-history":[{"count":0,"href":"https:\/\/portaltela.pt\/api\/wp\/v2\/posts\/461511\/revisions"}],"wp:featuredmedia":[{"embeddable":true,"href":"https:\/\/portaltela.pt\/api\/wp\/v2\/media\/461514"}],"wp:attachment":[{"href":"https:\/\/portaltela.pt\/api\/wp\/v2\/media?parent=461511"}],"wp:term":[{"taxonomy":"category","embeddable":true,"href":"https:\/\/portaltela.pt\/api\/wp\/v2\/categories?post=461511"},{"taxonomy":"post_tag","embeddable":true,"href":"https:\/\/portaltela.pt\/api\/wp\/v2\/tags?post=461511"}],"curies":[{"name":"wp","href":"https:\/\/api.w.org\/{rel}","templated":true}]}}