{"id":461509,"date":"2026-04-29T16:48:39","date_gmt":"2026-04-29T19:48:39","guid":{"rendered":"https:\/\/portaltela.pt\/noticias\/2026\/04\/29\/menina-de-5-anos-e-enterrada-viva-pela-mae-e-padrasto-no-brasil\/"},"modified":"2026-04-29T16:48:39","modified_gmt":"2026-04-29T19:48:39","slug":"menina-de-5-anos-e-enterrada-viva-pela-mae-e-padrasto-no-brasil","status":"publish","type":"post","link":"https:\/\/portaltela.pt\/noticias\/2026\/04\/29\/menina-de-5-anos-e-enterrada-viva-pela-mae-e-padrasto-no-brasil\/","title":{"rendered":"Menina de 5 anos \u00e9 enterrada viva pela m\u00e3e e padrasto no Brasil"},"content":{"rendered":"<p>A menina Maria Clara Lisboa, de cinco anos, foi encontrada morta em outubro no Brasil. M\u00e3e, Luiza Aguirre Barbosa da Silva, e o padrasto, Rodrigo Ribeiro Machado, confessaram o crime. O corpo foi enterrado junto da casa onde a fam\u00edlia vivia, em condi\u00e7\u00f5es que sugerem sepultamento pr\u00f3ximo ao im\u00f3vel.<\/p>\n<p>A aut\u00f3psia, divulgada pela TV TEM, revelou terra na traqueia da crian\u00e7a, indicativo de que ainda respirava. Al\u00e9m disso, foram observados traumatismos cranianos compat\u00edveis com agress\u00f5es sofridas antes de ser enterrada.<\/p>\n<p>Segundo o G1, Maria Clara foi encontrada morta a 14 de outubro de 2025, enterrada perto da resid\u00eancia. O corpo j\u00e1 estava em avan\u00e7ado estado de decomposi\u00e7\u00e3o; a m\u00e3e e o padrasto teriam confessado no mesmo dia \u00e0 pol\u00edcia, ap\u00f3s dilig\u00eancias da equipa.<\/p>\n<h3>Desdobramentos<\/h3>\n<p>A av\u00f3 paterna da crian\u00e7a denunciou o desaparecimento no in\u00edcio de outubro ao Conselho Tutelar. A fam\u00edlia j\u00e1 era acompanhada pela institui\u00e7\u00e3o devido a um epis\u00f3dio de amea\u00e7a do padrasto \u00e0 filha da rela\u00e7\u00e3o anterior da m\u00e3e.<\/p>\n<p>Relatos indicam que a menina era alvo de agress\u00f5es frequentes; o padrasto possu\u00eda hist\u00f3rico criminal e exercia press\u00e3o psicol\u00f3gica sobre Maria Clara e a m\u00e3e. A v\u00edtima estaria sob uso de viol\u00eancia como forma de controle.<\/p>\n<p>Foi tamb\u00e9m divulgado um \u00e1udio, enviado pelo padrasto ao pai biol\u00f3gico, no qual mencionava a morte da crian\u00e7a e a poss\u00edvel cessa\u00e7\u00e3o do v\u00ednculo entre o pai e a m\u00e3e. A av\u00f3 afirma que a grava\u00e7\u00e3o ter\u00e1 sido enviada duas semanas antes da localiza\u00e7\u00e3o do corpo.<\/p>\n<p>A cerim\u00f3nia f\u00fanebre ocorreu a 15 de outubro de 2025, com a presen\u00e7a apenas dos familiares do pai biol\u00f3gico. A primeira audi\u00eancia do caso est\u00e1 marcada para 19 de maio, para decidir se o casal vai a j\u00fari popular pela morte da menina.<\/p>\n","protected":false},"excerpt":{"rendered":"<ul>\n<li>A menina Maria Clara Lisboa, de cinco anos, foi assassinada pela m\u00e3e, Luiza Aguirre Barbosa da Silva, e pelo padrasto, Rodrigo Ribeiro Machado, no Brasil, conforme confessaram o crime.<\/li>\n<li>A aut\u00f3psia revelou terra na traqueia, sugerindo que ainda respirava; houve traumatismo craniano compat\u00edvel com as agress\u00f5es antes do enterro.<\/li>\n<li>O corpo foi encontrado a 14 de outubro de 2025, enterrado h\u00e1 cerca de vinte dias, perto da casa onde vivia com a m\u00e3e e o padrasto, que confessaram no mesmo dia.<\/li>\n<li>A av\u00f3 paterna denunciou o desaparecimento ao Conselho Tutelar no in\u00edcio de outubro; a pol\u00edcia j\u00e1 investigava a fam\u00edlia por amea\u00e7as anteriores do padrasto.<\/li>\n<li>A primeira audi\u00eancia est\u00e1 marcada para 19 de maio, para decidir se o casal vai a j\u00fari popular pela morte da crian\u00e7a; h\u00e1 ainda um \u00e1udio em que o padrasto relata a morte ao pai biol\u00f3gico.<\/li>\n<\/ul>\n","protected":false},"author":2,"featured_media":461510,"comment_status":"closed","ping_status":"closed","sticky":false,"template":"","format":"standard","meta":{"footnotes":""},"categories":[7386,1],"tags":[8288,8170,8075,8485,8224],"class_list":["post-461509","post","type-post","status-publish","format-standard","has-post-thumbnail","hentry","category-crimes-contra-a-pessoa","category-noticias","tag-_abuso-de-menores","tag-_brasil","tag-_homicidio","tag-_maus-tratos","tag-_violencia-de-menores"],"yoast_head":"<!-- This site is optimized with the Yoast SEO plugin v27.2 - https:\/\/yoast.com\/product\/yoast-seo-wordpress\/ -->\n<title>Menina de 5 anos \u00e9 enterrada viva pela m\u00e3e e padrasto no Brasil - Portal Tela Portugal<\/title>\n<meta name=\"robots\" content=\"index, follow, max-snippet:-1, max-image-preview:large, max-video-preview:-1\" \/>\n<meta property=\"og:locale\" content=\"pt_PT\" \/>\n<meta property=\"og:type\" content=\"article\" \/>\n<meta property=\"og:title\" content=\"Menina de 5 anos \u00e9 enterrada viva pela m\u00e3e e padrasto no Brasil - Portal Tela Portugal\" \/>\n<meta property=\"og:description\" content=\"A menina Maria Clara Lisboa, de cinco anos, foi assassinada pela m\u00e3e, Luiza Aguirre Barbosa da Silva, e pelo padrasto, Rodrigo Ribeiro Machado, no Brasil, conforme confessaram o crime. A aut\u00f3psia revelou terra na traqueia, sugerindo que ainda respirava; houve traumatismo craniano compat\u00edvel com as agress\u00f5es antes do enterro. O corpo foi encontrado a 14 de outubro de 2025, enterrado h\u00e1 cerca de vinte dias, perto da casa onde vivia com a m\u00e3e e o padrasto, que confessaram no mesmo dia. A av\u00f3 paterna denunciou o desaparecimento ao Conselho Tutelar no in\u00edcio de outubro; a pol\u00edcia j\u00e1 investigava a fam\u00edlia por amea\u00e7as anteriores do padrasto. A primeira audi\u00eancia est\u00e1 marcada para 19 de maio, para decidir se o casal vai a j\u00fari popular pela morte da crian\u00e7a; h\u00e1 ainda um \u00e1udio em que o padrasto relata a morte ao pai biol\u00f3gico.\" \/>\n<meta property=\"og:url\" content=\"https:\/\/portaltela.pt\/noticias\/2026\/04\/29\/menina-de-5-anos-e-enterrada-viva-pela-mae-e-padrasto-no-brasil\/\" \/>\n<meta property=\"og:site_name\" content=\"Portal Tela Portugal\" \/>\n<meta property=\"article:published_time\" content=\"2026-04-29T19:48:39+00:00\" \/>\n<meta name=\"author\" content=\"Telinha\" \/>\n<meta name=\"twitter:card\" content=\"summary_large_image\" \/>\n<meta name=\"twitter:label1\" content=\"Escrito por\" \/>\n\t<meta name=\"twitter:data1\" content=\"Telinha\" \/>\n\t<meta name=\"twitter:label2\" content=\"Tempo estimado de leitura\" \/>\n\t<meta name=\"twitter:data2\" content=\"2 minutos\" \/>\n<script type=\"application\/ld+json\" class=\"yoast-schema-graph\">{\"@context\":\"https:\/\/schema.org\",\"@graph\":[{\"@type\":\"Article\",\"@id\":\"https:\/\/portaltela.pt\/noticias\/2026\/04\/29\/menina-de-5-anos-e-enterrada-viva-pela-mae-e-padrasto-no-brasil\/#article\",\"isPartOf\":{\"@id\":\"https:\/\/portaltela.pt\/noticias\/2026\/04\/29\/menina-de-5-anos-e-enterrada-viva-pela-mae-e-padrasto-no-brasil\/\"},\"author\":{\"name\":\"Telinha\",\"@id\":\"https:\/\/portaltela.pt\/#\/schema\/person\/c4278d4a6028830caff9ee44b42d32ed\"},\"headline\":\"Menina de 5 anos \u00e9 enterrada viva pela m\u00e3e e padrasto no Brasil\",\"datePublished\":\"2026-04-29T19:48:39+00:00\",\"mainEntityOfPage\":{\"@id\":\"https:\/\/portaltela.pt\/noticias\/2026\/04\/29\/menina-de-5-anos-e-enterrada-viva-pela-mae-e-padrasto-no-brasil\/\"},\"wordCount\":339,\"image\":{\"@id\":\"https:\/\/portaltela.pt\/noticias\/2026\/04\/29\/menina-de-5-anos-e-enterrada-viva-pela-mae-e-padrasto-no-brasil\/#primaryimage\"},\"thumbnailUrl\":\"https:\/\/portaltela.pt\/s.01k8rhncp4jt1\/2026\/04\/img_1500x1000uu2026-04-29-20-32-18-2281941-im-639130915608409198.jpg\",\"keywords\":[\"_abuso de menores\",\"_Brasil\",\"_homic\u00eddio\",\"_maus-tratos\",\"_viol\u00eancia de menores\"],\"articleSection\":[\"Crimes contra a pessoa\",\"Not\u00edcias\"],\"inLanguage\":\"pt-PT\"},{\"@type\":\"WebPage\",\"@id\":\"https:\/\/portaltela.pt\/noticias\/2026\/04\/29\/menina-de-5-anos-e-enterrada-viva-pela-mae-e-padrasto-no-brasil\/\",\"url\":\"https:\/\/portaltela.pt\/noticias\/2026\/04\/29\/menina-de-5-anos-e-enterrada-viva-pela-mae-e-padrasto-no-brasil\/\",\"name\":\"Menina de 5 anos \u00e9 enterrada viva pela m\u00e3e e padrasto no Brasil - Portal Tela Portugal\",\"isPartOf\":{\"@id\":\"https:\/\/portaltela.pt\/#website\"},\"primaryImageOfPage\":{\"@id\":\"https:\/\/portaltela.pt\/noticias\/2026\/04\/29\/menina-de-5-anos-e-enterrada-viva-pela-mae-e-padrasto-no-brasil\/#primaryimage\"},\"image\":{\"@id\":\"https:\/\/portaltela.pt\/noticias\/2026\/04\/29\/menina-de-5-anos-e-enterrada-viva-pela-mae-e-padrasto-no-brasil\/#primaryimage\"},\"thumbnailUrl\":\"https:\/\/portaltela.pt\/s.01k8rhncp4jt1\/2026\/04\/img_1500x1000uu2026-04-29-20-32-18-2281941-im-639130915608409198.jpg\",\"datePublished\":\"2026-04-29T19:48:39+00:00\",\"author\":{\"@id\":\"https:\/\/portaltela.pt\/#\/schema\/person\/c4278d4a6028830caff9ee44b42d32ed\"},\"breadcrumb\":{\"@id\":\"https:\/\/portaltela.pt\/noticias\/2026\/04\/29\/menina-de-5-anos-e-enterrada-viva-pela-mae-e-padrasto-no-brasil\/#breadcrumb\"},\"inLanguage\":\"pt-PT\",\"potentialAction\":[{\"@type\":\"ReadAction\",\"target\":[\"https:\/\/portaltela.pt\/noticias\/2026\/04\/29\/menina-de-5-anos-e-enterrada-viva-pela-mae-e-padrasto-no-brasil\/\"]}]},{\"@type\":\"ImageObject\",\"inLanguage\":\"pt-PT\",\"@id\":\"https:\/\/portaltela.pt\/noticias\/2026\/04\/29\/menina-de-5-anos-e-enterrada-viva-pela-mae-e-padrasto-no-brasil\/#primaryimage\",\"url\":\"https:\/\/portaltela.pt\/s.01k8rhncp4jt1\/2026\/04\/img_1500x1000uu2026-04-29-20-32-18-2281941-im-639130915608409198.jpg\",\"contentUrl\":\"https:\/\/portaltela.pt\/s.01k8rhncp4jt1\/2026\/04\/img_1500x1000uu2026-04-29-20-32-18-2281941-im-639130915608409198.jpg\",\"width\":796,\"height\":448,\"caption\":\"Maria Clara\"},{\"@type\":\"BreadcrumbList\",\"@id\":\"https:\/\/portaltela.pt\/noticias\/2026\/04\/29\/menina-de-5-anos-e-enterrada-viva-pela-mae-e-padrasto-no-brasil\/#breadcrumb\",\"itemListElement\":[{\"@type\":\"ListItem\",\"position\":1,\"name\":\"In\u00edcio\",\"item\":\"https:\/\/portaltela.pt\/\"},{\"@type\":\"ListItem\",\"position\":2,\"name\":\"Menina de 5 anos \u00e9 enterrada viva pela m\u00e3e e padrasto no Brasil\"}]},{\"@type\":\"WebSite\",\"@id\":\"https:\/\/portaltela.pt\/#website\",\"url\":\"https:\/\/portaltela.pt\/\",\"name\":\"Portal Tela Portugal\",\"description\":\"\",\"potentialAction\":[{\"@type\":\"SearchAction\",\"target\":{\"@type\":\"EntryPoint\",\"urlTemplate\":\"https:\/\/portaltela.pt\/?s={search_term_string}\"},\"query-input\":{\"@type\":\"PropertyValueSpecification\",\"valueRequired\":true,\"valueName\":\"search_term_string\"}}],\"inLanguage\":\"pt-PT\"},{\"@type\":\"Person\",\"@id\":\"https:\/\/portaltela.pt\/#\/schema\/person\/c4278d4a6028830caff9ee44b42d32ed\",\"name\":\"Telinha\",\"image\":{\"@type\":\"ImageObject\",\"inLanguage\":\"pt-PT\",\"@id\":\"https:\/\/portaltela.pt\/s.01k8rhncp4jt1\/2025\/11\/talking-bot-125x125.png\",\"url\":\"https:\/\/portaltela.pt\/s.01k8rhncp4jt1\/2025\/11\/talking-bot-125x125.png\",\"contentUrl\":\"https:\/\/portaltela.pt\/s.01k8rhncp4jt1\/2025\/11\/talking-bot-125x125.png\",\"caption\":\"Telinha\"},\"sameAs\":[\"https:\/\/portaltela.pt\/\"],\"url\":\"https:\/\/portaltela.pt\/por\/367410592786\/\"}]}<\/script>\n<!-- \/ Yoast SEO plugin. -->","yoast_head_json":{"title":"Menina de 5 anos \u00e9 enterrada viva pela m\u00e3e e padrasto no Brasil - Portal Tela Portugal","robots":{"index":"index","follow":"follow","max-snippet":"max-snippet:-1","max-image-preview":"max-image-preview:large","max-video-preview":"max-video-preview:-1"},"og_locale":"pt_PT","og_type":"article","og_title":"Menina de 5 anos \u00e9 enterrada viva pela m\u00e3e e padrasto no Brasil - Portal Tela Portugal","og_description":"A menina Maria Clara Lisboa, de cinco anos, foi assassinada pela m\u00e3e, Luiza Aguirre Barbosa da Silva, e pelo padrasto, Rodrigo Ribeiro Machado, no Brasil, conforme confessaram o crime. A aut\u00f3psia revelou terra na traqueia, sugerindo que ainda respirava; houve traumatismo craniano compat\u00edvel com as agress\u00f5es antes do enterro. O corpo foi encontrado a 14 de outubro de 2025, enterrado h\u00e1 cerca de vinte dias, perto da casa onde vivia com a m\u00e3e e o padrasto, que confessaram no mesmo dia. A av\u00f3 paterna denunciou o desaparecimento ao Conselho Tutelar no in\u00edcio de outubro; a pol\u00edcia j\u00e1 investigava a fam\u00edlia por amea\u00e7as anteriores do padrasto. A primeira audi\u00eancia est\u00e1 marcada para 19 de maio, para decidir se o casal vai a j\u00fari popular pela morte da crian\u00e7a; h\u00e1 ainda um \u00e1udio em que o padrasto relata a morte ao pai biol\u00f3gico.","og_url":"https:\/\/portaltela.pt\/noticias\/2026\/04\/29\/menina-de-5-anos-e-enterrada-viva-pela-mae-e-padrasto-no-brasil\/","og_site_name":"Portal Tela Portugal","article_published_time":"2026-04-29T19:48:39+00:00","author":"Telinha","twitter_card":"summary_large_image","twitter_misc":{"Escrito por":"Telinha","Tempo estimado de leitura":"2 minutos"},"schema":{"@context":"https:\/\/schema.org","@graph":[{"@type":"Article","@id":"https:\/\/portaltela.pt\/noticias\/2026\/04\/29\/menina-de-5-anos-e-enterrada-viva-pela-mae-e-padrasto-no-brasil\/#article","isPartOf":{"@id":"https:\/\/portaltela.pt\/noticias\/2026\/04\/29\/menina-de-5-anos-e-enterrada-viva-pela-mae-e-padrasto-no-brasil\/"},"author":{"name":"Telinha","@id":"https:\/\/portaltela.pt\/#\/schema\/person\/c4278d4a6028830caff9ee44b42d32ed"},"headline":"Menina de 5 anos \u00e9 enterrada viva pela m\u00e3e e padrasto no Brasil","datePublished":"2026-04-29T19:48:39+00:00","mainEntityOfPage":{"@id":"https:\/\/portaltela.pt\/noticias\/2026\/04\/29\/menina-de-5-anos-e-enterrada-viva-pela-mae-e-padrasto-no-brasil\/"},"wordCount":339,"image":{"@id":"https:\/\/portaltela.pt\/noticias\/2026\/04\/29\/menina-de-5-anos-e-enterrada-viva-pela-mae-e-padrasto-no-brasil\/#primaryimage"},"thumbnailUrl":"https:\/\/portaltela.pt\/s.01k8rhncp4jt1\/2026\/04\/img_1500x1000uu2026-04-29-20-32-18-2281941-im-639130915608409198.jpg","keywords":["_abuso de menores","_Brasil","_homic\u00eddio","_maus-tratos","_viol\u00eancia de menores"],"articleSection":["Crimes contra a pessoa","Not\u00edcias"],"inLanguage":"pt-PT"},{"@type":"WebPage","@id":"https:\/\/portaltela.pt\/noticias\/2026\/04\/29\/menina-de-5-anos-e-enterrada-viva-pela-mae-e-padrasto-no-brasil\/","url":"https:\/\/portaltela.pt\/noticias\/2026\/04\/29\/menina-de-5-anos-e-enterrada-viva-pela-mae-e-padrasto-no-brasil\/","name":"Menina de 5 anos \u00e9 enterrada viva pela m\u00e3e e padrasto no Brasil - Portal Tela Portugal","isPartOf":{"@id":"https:\/\/portaltela.pt\/#website"},"primaryImageOfPage":{"@id":"https:\/\/portaltela.pt\/noticias\/2026\/04\/29\/menina-de-5-anos-e-enterrada-viva-pela-mae-e-padrasto-no-brasil\/#primaryimage"},"image":{"@id":"https:\/\/portaltela.pt\/noticias\/2026\/04\/29\/menina-de-5-anos-e-enterrada-viva-pela-mae-e-padrasto-no-brasil\/#primaryimage"},"thumbnailUrl":"https:\/\/portaltela.pt\/s.01k8rhncp4jt1\/2026\/04\/img_1500x1000uu2026-04-29-20-32-18-2281941-im-639130915608409198.jpg","datePublished":"2026-04-29T19:48:39+00:00","author":{"@id":"https:\/\/portaltela.pt\/#\/schema\/person\/c4278d4a6028830caff9ee44b42d32ed"},"breadcrumb":{"@id":"https:\/\/portaltela.pt\/noticias\/2026\/04\/29\/menina-de-5-anos-e-enterrada-viva-pela-mae-e-padrasto-no-brasil\/#breadcrumb"},"inLanguage":"pt-PT","potentialAction":[{"@type":"ReadAction","target":["https:\/\/portaltela.pt\/noticias\/2026\/04\/29\/menina-de-5-anos-e-enterrada-viva-pela-mae-e-padrasto-no-brasil\/"]}]},{"@type":"ImageObject","inLanguage":"pt-PT","@id":"https:\/\/portaltela.pt\/noticias\/2026\/04\/29\/menina-de-5-anos-e-enterrada-viva-pela-mae-e-padrasto-no-brasil\/#primaryimage","url":"https:\/\/portaltela.pt\/s.01k8rhncp4jt1\/2026\/04\/img_1500x1000uu2026-04-29-20-32-18-2281941-im-639130915608409198.jpg","contentUrl":"https:\/\/portaltela.pt\/s.01k8rhncp4jt1\/2026\/04\/img_1500x1000uu2026-04-29-20-32-18-2281941-im-639130915608409198.jpg","width":796,"height":448,"caption":"Maria Clara"},{"@type":"BreadcrumbList","@id":"https:\/\/portaltela.pt\/noticias\/2026\/04\/29\/menina-de-5-anos-e-enterrada-viva-pela-mae-e-padrasto-no-brasil\/#breadcrumb","itemListElement":[{"@type":"ListItem","position":1,"name":"In\u00edcio","item":"https:\/\/portaltela.pt\/"},{"@type":"ListItem","position":2,"name":"Menina de 5 anos \u00e9 enterrada viva pela m\u00e3e e padrasto no Brasil"}]},{"@type":"WebSite","@id":"https:\/\/portaltela.pt\/#website","url":"https:\/\/portaltela.pt\/","name":"Portal Tela Portugal","description":"","potentialAction":[{"@type":"SearchAction","target":{"@type":"EntryPoint","urlTemplate":"https:\/\/portaltela.pt\/?s={search_term_string}"},"query-input":{"@type":"PropertyValueSpecification","valueRequired":true,"valueName":"search_term_string"}}],"inLanguage":"pt-PT"},{"@type":"Person","@id":"https:\/\/portaltela.pt\/#\/schema\/person\/c4278d4a6028830caff9ee44b42d32ed","name":"Telinha","image":{"@type":"ImageObject","inLanguage":"pt-PT","@id":"https:\/\/portaltela.pt\/s.01k8rhncp4jt1\/2025\/11\/talking-bot-125x125.png","url":"https:\/\/portaltela.pt\/s.01k8rhncp4jt1\/2025\/11\/talking-bot-125x125.png","contentUrl":"https:\/\/portaltela.pt\/s.01k8rhncp4jt1\/2025\/11\/talking-bot-125x125.png","caption":"Telinha"},"sameAs":["https:\/\/portaltela.pt\/"],"url":"https:\/\/portaltela.pt\/por\/367410592786\/"}]}},"_links":{"self":[{"href":"https:\/\/portaltela.pt\/api\/wp\/v2\/posts\/461509","targetHints":{"allow":["GET"]}}],"collection":[{"href":"https:\/\/portaltela.pt\/api\/wp\/v2\/posts"}],"about":[{"href":"https:\/\/portaltela.pt\/api\/wp\/v2\/types\/post"}],"author":[{"embeddable":true,"href":"https:\/\/portaltela.pt\/api\/wp\/v2\/users\/2"}],"replies":[{"embeddable":true,"href":"https:\/\/portaltela.pt\/api\/wp\/v2\/comments?post=461509"}],"version-history":[{"count":0,"href":"https:\/\/portaltela.pt\/api\/wp\/v2\/posts\/461509\/revisions"}],"wp:featuredmedia":[{"embeddable":true,"href":"https:\/\/portaltela.pt\/api\/wp\/v2\/media\/461510"}],"wp:attachment":[{"href":"https:\/\/portaltela.pt\/api\/wp\/v2\/media?parent=461509"}],"wp:term":[{"taxonomy":"category","embeddable":true,"href":"https:\/\/portaltela.pt\/api\/wp\/v2\/categories?post=461509"},{"taxonomy":"post_tag","embeddable":true,"href":"https:\/\/portaltela.pt\/api\/wp\/v2\/tags?post=461509"}],"curies":[{"name":"wp","href":"https:\/\/api.w.org\/{rel}","templated":true}]}}