{"id":461502,"date":"2026-04-29T16:48:19","date_gmt":"2026-04-29T19:48:19","guid":{"rendered":"https:\/\/portaltela.pt\/noticias\/2026\/04\/29\/indielisboa-um-ano-apos-o-cancelamento-mantem-se-ativo\/"},"modified":"2026-04-29T16:48:19","modified_gmt":"2026-04-29T19:48:19","slug":"indielisboa-um-ano-apos-o-cancelamento-mantem-se-ativo","status":"publish","type":"post","link":"https:\/\/portaltela.pt\/noticias\/2026\/04\/29\/indielisboa-um-ano-apos-o-cancelamento-mantem-se-ativo\/","title":{"rendered":"IndieLisboa, um ano ap\u00f3s o cancelamento, mant\u00e9m-se ativo"},"content":{"rendered":"<p>No dia 22 de Abril de 2025, j\u00e1 no per\u00edodo da noite, a dire\u00e7\u00e3o do IndieLisboa retirou da sua programa\u00e7\u00e3o dois t\u00edtulos com Ico Costa no gen\u00e9rico: Balane 3, dirigido por Costa, e Nha Balila, produzido por In\u00eas T. Alves.<\/p>\n<p>Os filmes, apresentados no \u00e2mbito do festival em Lisboa, deixaram de figurar no cartaz daquela edi\u00e7\u00e3o. A decis\u00e3o foi comunicada pela organiza\u00e7\u00e3o durante a noite de sexta-feira.<\/p>\n<p>Trata-se de obras associadas aos criadores mencionados: Balane 3 tem Ico Costa como realizador, enquanto Nha Balila \u00e9 fruto da produ\u00e7\u00e3o de In\u00eas T. Alves.<\/p>\n<p>N\u00e3o foram avan\u00e7adas explica\u00e7\u00f5es adicionais pela organiza\u00e7\u00e3o sobre o motivo da retirada, al\u00e9m de referenciar a necessidade de ajustes na programa\u00e7\u00e3o.<\/p>\n","protected":false},"excerpt":{"rendered":"<ul>\n<li>No dia 22 de abril de 2025, j\u00e1 noite, a dire\u00e7\u00e3o do IndieLisboa retirou da programa\u00e7\u00e3o dois t\u00edtulos com o gen\u00e9rico de Ico Costa.<\/li>\n<li>Um filme \u00e9 Balane 3, realizado por Ico Costa.<\/li>\n<li>O outro \u00e9 Nha Balila, produzido por In\u00eas T. Alves.<\/li>\n<li>Os filmes eram descritos como parecendo subst\u00e2ncias t\u00f3xicas.<\/li>\n<\/ul>\n","protected":false},"author":2,"featured_media":461504,"comment_status":"closed","ping_status":"closed","sticky":false,"template":"","format":"standard","meta":{"footnotes":""},"categories":[7375,1],"tags":[7974,112,3674,5242,1014],"class_list":["post-461502","post","type-post","status-publish","format-standard","has-post-thumbnail","hentry","category-cultura","category-noticias","tag-_lisboa","tag-cinema","tag-festival","tag-filmes","tag-portugal"],"yoast_head":"<!-- This site is optimized with the Yoast SEO plugin v27.2 - https:\/\/yoast.com\/product\/yoast-seo-wordpress\/ -->\n<title>IndieLisboa, um ano ap\u00f3s o cancelamento, mant\u00e9m-se ativo - Portal Tela Portugal<\/title>\n<meta name=\"robots\" content=\"index, follow, max-snippet:-1, max-image-preview:large, max-video-preview:-1\" \/>\n<meta property=\"og:locale\" content=\"pt_PT\" \/>\n<meta property=\"og:type\" content=\"article\" \/>\n<meta property=\"og:title\" content=\"IndieLisboa, um ano ap\u00f3s o cancelamento, mant\u00e9m-se ativo - Portal Tela Portugal\" \/>\n<meta property=\"og:description\" content=\"No dia 22 de abril de 2025, j\u00e1 noite, a dire\u00e7\u00e3o do IndieLisboa retirou da programa\u00e7\u00e3o dois t\u00edtulos com o gen\u00e9rico de Ico Costa. Um filme \u00e9 Balane 3, realizado por Ico Costa. O outro \u00e9 Nha Balila, produzido por In\u00eas T. Alves. Os filmes eram descritos como parecendo subst\u00e2ncias t\u00f3xicas.\" \/>\n<meta property=\"og:url\" content=\"https:\/\/portaltela.pt\/noticias\/2026\/04\/29\/indielisboa-um-ano-apos-o-cancelamento-mantem-se-ativo\/\" \/>\n<meta property=\"og:site_name\" content=\"Portal Tela Portugal\" \/>\n<meta property=\"article:published_time\" content=\"2026-04-29T19:48:19+00:00\" \/>\n<meta name=\"author\" content=\"Telinha\" \/>\n<meta name=\"twitter:card\" content=\"summary_large_image\" \/>\n<meta name=\"twitter:label1\" content=\"Escrito por\" \/>\n\t<meta name=\"twitter:data1\" content=\"Telinha\" \/>\n\t<meta name=\"twitter:label2\" content=\"Tempo estimado de leitura\" \/>\n\t<meta name=\"twitter:data2\" content=\"1 minuto\" \/>\n<script type=\"application\/ld+json\" class=\"yoast-schema-graph\">{\"@context\":\"https:\/\/schema.org\",\"@graph\":[{\"@type\":\"Article\",\"@id\":\"https:\/\/portaltela.pt\/noticias\/2026\/04\/29\/indielisboa-um-ano-apos-o-cancelamento-mantem-se-ativo\/#article\",\"isPartOf\":{\"@id\":\"https:\/\/portaltela.pt\/noticias\/2026\/04\/29\/indielisboa-um-ano-apos-o-cancelamento-mantem-se-ativo\/\"},\"author\":{\"name\":\"Telinha\",\"@id\":\"https:\/\/portaltela.pt\/#\/schema\/person\/c4278d4a6028830caff9ee44b42d32ed\"},\"headline\":\"IndieLisboa, um ano ap\u00f3s o cancelamento, mant\u00e9m-se ativo\",\"datePublished\":\"2026-04-29T19:48:19+00:00\",\"mainEntityOfPage\":{\"@id\":\"https:\/\/portaltela.pt\/noticias\/2026\/04\/29\/indielisboa-um-ano-apos-o-cancelamento-mantem-se-ativo\/\"},\"wordCount\":135,\"image\":{\"@id\":\"https:\/\/portaltela.pt\/noticias\/2026\/04\/29\/indielisboa-um-ano-apos-o-cancelamento-mantem-se-ativo\/#primaryimage\"},\"thumbnailUrl\":\"https:\/\/portaltela.pt\/s.01k8rhncp4jt1\/2026\/04\/1747423.jpg\",\"keywords\":[\"_Lisboa\",\"cinema\",\"festival\",\"filmes\",\"Portugal\"],\"articleSection\":[\"Cultura\",\"Not\u00edcias\"],\"inLanguage\":\"pt-PT\"},{\"@type\":\"WebPage\",\"@id\":\"https:\/\/portaltela.pt\/noticias\/2026\/04\/29\/indielisboa-um-ano-apos-o-cancelamento-mantem-se-ativo\/\",\"url\":\"https:\/\/portaltela.pt\/noticias\/2026\/04\/29\/indielisboa-um-ano-apos-o-cancelamento-mantem-se-ativo\/\",\"name\":\"IndieLisboa, um ano ap\u00f3s o cancelamento, mant\u00e9m-se ativo - Portal Tela Portugal\",\"isPartOf\":{\"@id\":\"https:\/\/portaltela.pt\/#website\"},\"primaryImageOfPage\":{\"@id\":\"https:\/\/portaltela.pt\/noticias\/2026\/04\/29\/indielisboa-um-ano-apos-o-cancelamento-mantem-se-ativo\/#primaryimage\"},\"image\":{\"@id\":\"https:\/\/portaltela.pt\/noticias\/2026\/04\/29\/indielisboa-um-ano-apos-o-cancelamento-mantem-se-ativo\/#primaryimage\"},\"thumbnailUrl\":\"https:\/\/portaltela.pt\/s.01k8rhncp4jt1\/2026\/04\/1747423.jpg\",\"datePublished\":\"2026-04-29T19:48:19+00:00\",\"author\":{\"@id\":\"https:\/\/portaltela.pt\/#\/schema\/person\/c4278d4a6028830caff9ee44b42d32ed\"},\"breadcrumb\":{\"@id\":\"https:\/\/portaltela.pt\/noticias\/2026\/04\/29\/indielisboa-um-ano-apos-o-cancelamento-mantem-se-ativo\/#breadcrumb\"},\"inLanguage\":\"pt-PT\",\"potentialAction\":[{\"@type\":\"ReadAction\",\"target\":[\"https:\/\/portaltela.pt\/noticias\/2026\/04\/29\/indielisboa-um-ano-apos-o-cancelamento-mantem-se-ativo\/\"]}]},{\"@type\":\"ImageObject\",\"inLanguage\":\"pt-PT\",\"@id\":\"https:\/\/portaltela.pt\/noticias\/2026\/04\/29\/indielisboa-um-ano-apos-o-cancelamento-mantem-se-ativo\/#primaryimage\",\"url\":\"https:\/\/portaltela.pt\/s.01k8rhncp4jt1\/2026\/04\/1747423.jpg\",\"contentUrl\":\"https:\/\/portaltela.pt\/s.01k8rhncp4jt1\/2026\/04\/1747423.jpg\",\"width\":796,\"height\":448,\"caption\":\"Photo\"},{\"@type\":\"BreadcrumbList\",\"@id\":\"https:\/\/portaltela.pt\/noticias\/2026\/04\/29\/indielisboa-um-ano-apos-o-cancelamento-mantem-se-ativo\/#breadcrumb\",\"itemListElement\":[{\"@type\":\"ListItem\",\"position\":1,\"name\":\"In\u00edcio\",\"item\":\"https:\/\/portaltela.pt\/\"},{\"@type\":\"ListItem\",\"position\":2,\"name\":\"IndieLisboa, um ano ap\u00f3s o cancelamento, mant\u00e9m-se ativo\"}]},{\"@type\":\"WebSite\",\"@id\":\"https:\/\/portaltela.pt\/#website\",\"url\":\"https:\/\/portaltela.pt\/\",\"name\":\"Portal Tela Portugal\",\"description\":\"\",\"potentialAction\":[{\"@type\":\"SearchAction\",\"target\":{\"@type\":\"EntryPoint\",\"urlTemplate\":\"https:\/\/portaltela.pt\/?s={search_term_string}\"},\"query-input\":{\"@type\":\"PropertyValueSpecification\",\"valueRequired\":true,\"valueName\":\"search_term_string\"}}],\"inLanguage\":\"pt-PT\"},{\"@type\":\"Person\",\"@id\":\"https:\/\/portaltela.pt\/#\/schema\/person\/c4278d4a6028830caff9ee44b42d32ed\",\"name\":\"Telinha\",\"image\":{\"@type\":\"ImageObject\",\"inLanguage\":\"pt-PT\",\"@id\":\"https:\/\/portaltela.pt\/s.01k8rhncp4jt1\/2025\/11\/talking-bot-125x125.png\",\"url\":\"https:\/\/portaltela.pt\/s.01k8rhncp4jt1\/2025\/11\/talking-bot-125x125.png\",\"contentUrl\":\"https:\/\/portaltela.pt\/s.01k8rhncp4jt1\/2025\/11\/talking-bot-125x125.png\",\"caption\":\"Telinha\"},\"sameAs\":[\"https:\/\/portaltela.pt\/\"],\"url\":\"https:\/\/portaltela.pt\/por\/367410592786\/\"}]}<\/script>\n<!-- \/ Yoast SEO plugin. -->","yoast_head_json":{"title":"IndieLisboa, um ano ap\u00f3s o cancelamento, mant\u00e9m-se ativo - Portal Tela Portugal","robots":{"index":"index","follow":"follow","max-snippet":"max-snippet:-1","max-image-preview":"max-image-preview:large","max-video-preview":"max-video-preview:-1"},"og_locale":"pt_PT","og_type":"article","og_title":"IndieLisboa, um ano ap\u00f3s o cancelamento, mant\u00e9m-se ativo - Portal Tela Portugal","og_description":"No dia 22 de abril de 2025, j\u00e1 noite, a dire\u00e7\u00e3o do IndieLisboa retirou da programa\u00e7\u00e3o dois t\u00edtulos com o gen\u00e9rico de Ico Costa. Um filme \u00e9 Balane 3, realizado por Ico Costa. O outro \u00e9 Nha Balila, produzido por In\u00eas T. Alves. Os filmes eram descritos como parecendo subst\u00e2ncias t\u00f3xicas.","og_url":"https:\/\/portaltela.pt\/noticias\/2026\/04\/29\/indielisboa-um-ano-apos-o-cancelamento-mantem-se-ativo\/","og_site_name":"Portal Tela Portugal","article_published_time":"2026-04-29T19:48:19+00:00","author":"Telinha","twitter_card":"summary_large_image","twitter_misc":{"Escrito por":"Telinha","Tempo estimado de leitura":"1 minuto"},"schema":{"@context":"https:\/\/schema.org","@graph":[{"@type":"Article","@id":"https:\/\/portaltela.pt\/noticias\/2026\/04\/29\/indielisboa-um-ano-apos-o-cancelamento-mantem-se-ativo\/#article","isPartOf":{"@id":"https:\/\/portaltela.pt\/noticias\/2026\/04\/29\/indielisboa-um-ano-apos-o-cancelamento-mantem-se-ativo\/"},"author":{"name":"Telinha","@id":"https:\/\/portaltela.pt\/#\/schema\/person\/c4278d4a6028830caff9ee44b42d32ed"},"headline":"IndieLisboa, um ano ap\u00f3s o cancelamento, mant\u00e9m-se ativo","datePublished":"2026-04-29T19:48:19+00:00","mainEntityOfPage":{"@id":"https:\/\/portaltela.pt\/noticias\/2026\/04\/29\/indielisboa-um-ano-apos-o-cancelamento-mantem-se-ativo\/"},"wordCount":135,"image":{"@id":"https:\/\/portaltela.pt\/noticias\/2026\/04\/29\/indielisboa-um-ano-apos-o-cancelamento-mantem-se-ativo\/#primaryimage"},"thumbnailUrl":"https:\/\/portaltela.pt\/s.01k8rhncp4jt1\/2026\/04\/1747423.jpg","keywords":["_Lisboa","cinema","festival","filmes","Portugal"],"articleSection":["Cultura","Not\u00edcias"],"inLanguage":"pt-PT"},{"@type":"WebPage","@id":"https:\/\/portaltela.pt\/noticias\/2026\/04\/29\/indielisboa-um-ano-apos-o-cancelamento-mantem-se-ativo\/","url":"https:\/\/portaltela.pt\/noticias\/2026\/04\/29\/indielisboa-um-ano-apos-o-cancelamento-mantem-se-ativo\/","name":"IndieLisboa, um ano ap\u00f3s o cancelamento, mant\u00e9m-se ativo - Portal Tela Portugal","isPartOf":{"@id":"https:\/\/portaltela.pt\/#website"},"primaryImageOfPage":{"@id":"https:\/\/portaltela.pt\/noticias\/2026\/04\/29\/indielisboa-um-ano-apos-o-cancelamento-mantem-se-ativo\/#primaryimage"},"image":{"@id":"https:\/\/portaltela.pt\/noticias\/2026\/04\/29\/indielisboa-um-ano-apos-o-cancelamento-mantem-se-ativo\/#primaryimage"},"thumbnailUrl":"https:\/\/portaltela.pt\/s.01k8rhncp4jt1\/2026\/04\/1747423.jpg","datePublished":"2026-04-29T19:48:19+00:00","author":{"@id":"https:\/\/portaltela.pt\/#\/schema\/person\/c4278d4a6028830caff9ee44b42d32ed"},"breadcrumb":{"@id":"https:\/\/portaltela.pt\/noticias\/2026\/04\/29\/indielisboa-um-ano-apos-o-cancelamento-mantem-se-ativo\/#breadcrumb"},"inLanguage":"pt-PT","potentialAction":[{"@type":"ReadAction","target":["https:\/\/portaltela.pt\/noticias\/2026\/04\/29\/indielisboa-um-ano-apos-o-cancelamento-mantem-se-ativo\/"]}]},{"@type":"ImageObject","inLanguage":"pt-PT","@id":"https:\/\/portaltela.pt\/noticias\/2026\/04\/29\/indielisboa-um-ano-apos-o-cancelamento-mantem-se-ativo\/#primaryimage","url":"https:\/\/portaltela.pt\/s.01k8rhncp4jt1\/2026\/04\/1747423.jpg","contentUrl":"https:\/\/portaltela.pt\/s.01k8rhncp4jt1\/2026\/04\/1747423.jpg","width":796,"height":448,"caption":"Photo"},{"@type":"BreadcrumbList","@id":"https:\/\/portaltela.pt\/noticias\/2026\/04\/29\/indielisboa-um-ano-apos-o-cancelamento-mantem-se-ativo\/#breadcrumb","itemListElement":[{"@type":"ListItem","position":1,"name":"In\u00edcio","item":"https:\/\/portaltela.pt\/"},{"@type":"ListItem","position":2,"name":"IndieLisboa, um ano ap\u00f3s o cancelamento, mant\u00e9m-se ativo"}]},{"@type":"WebSite","@id":"https:\/\/portaltela.pt\/#website","url":"https:\/\/portaltela.pt\/","name":"Portal Tela Portugal","description":"","potentialAction":[{"@type":"SearchAction","target":{"@type":"EntryPoint","urlTemplate":"https:\/\/portaltela.pt\/?s={search_term_string}"},"query-input":{"@type":"PropertyValueSpecification","valueRequired":true,"valueName":"search_term_string"}}],"inLanguage":"pt-PT"},{"@type":"Person","@id":"https:\/\/portaltela.pt\/#\/schema\/person\/c4278d4a6028830caff9ee44b42d32ed","name":"Telinha","image":{"@type":"ImageObject","inLanguage":"pt-PT","@id":"https:\/\/portaltela.pt\/s.01k8rhncp4jt1\/2025\/11\/talking-bot-125x125.png","url":"https:\/\/portaltela.pt\/s.01k8rhncp4jt1\/2025\/11\/talking-bot-125x125.png","contentUrl":"https:\/\/portaltela.pt\/s.01k8rhncp4jt1\/2025\/11\/talking-bot-125x125.png","caption":"Telinha"},"sameAs":["https:\/\/portaltela.pt\/"],"url":"https:\/\/portaltela.pt\/por\/367410592786\/"}]}},"_links":{"self":[{"href":"https:\/\/portaltela.pt\/api\/wp\/v2\/posts\/461502","targetHints":{"allow":["GET"]}}],"collection":[{"href":"https:\/\/portaltela.pt\/api\/wp\/v2\/posts"}],"about":[{"href":"https:\/\/portaltela.pt\/api\/wp\/v2\/types\/post"}],"author":[{"embeddable":true,"href":"https:\/\/portaltela.pt\/api\/wp\/v2\/users\/2"}],"replies":[{"embeddable":true,"href":"https:\/\/portaltela.pt\/api\/wp\/v2\/comments?post=461502"}],"version-history":[{"count":0,"href":"https:\/\/portaltela.pt\/api\/wp\/v2\/posts\/461502\/revisions"}],"wp:featuredmedia":[{"embeddable":true,"href":"https:\/\/portaltela.pt\/api\/wp\/v2\/media\/461504"}],"wp:attachment":[{"href":"https:\/\/portaltela.pt\/api\/wp\/v2\/media?parent=461502"}],"wp:term":[{"taxonomy":"category","embeddable":true,"href":"https:\/\/portaltela.pt\/api\/wp\/v2\/categories?post=461502"},{"taxonomy":"post_tag","embeddable":true,"href":"https:\/\/portaltela.pt\/api\/wp\/v2\/tags?post=461502"}],"curies":[{"name":"wp","href":"https:\/\/api.w.org\/{rel}","templated":true}]}}