{"id":461501,"date":"2026-04-29T16:48:15","date_gmt":"2026-04-29T19:48:15","guid":{"rendered":"https:\/\/portaltela.pt\/noticias\/2026\/04\/29\/investigadores-descobrem-metodo-para-medir-o-perfil-de-sabor-do-cafe\/"},"modified":"2026-04-29T16:48:15","modified_gmt":"2026-04-29T19:48:15","slug":"investigadores-descobrem-metodo-para-medir-o-perfil-de-sabor-do-cafe","status":"publish","type":"post","link":"https:\/\/portaltela.pt\/noticias\/2026\/04\/29\/investigadores-descobrem-metodo-para-medir-o-perfil-de-sabor-do-cafe\/","title":{"rendered":"Investigadores descobrem m\u00e9todo para medir o perfil de sabor do caf\u00e9"},"content":{"rendered":"<p>Investigadores da Universidade de Oregon, nos EUA, descobriram uma forma de medir o perfil de sabor do caf\u00e9 passando uma corrente el\u00e9ctrica pela ch\u00e1vena. O m\u00e9todo foi publicado na revista Nature Communications.<\/p>\n<p>A t\u00e9cnica utiliza um potenciostato, equipamento normalmente usado em electroqu\u00edmica para testar baterias e c\u00e9lulas de combust\u00edvel. A adapta\u00e7\u00e3o permite identificar uma impress\u00e3o digital qu\u00edmica do caf\u00e9.<\/p>\n<p>Segundo os cientistas, dezenas de vari\u00e1veis influenciam o sabor, incluindo temperatura da \u00e1gua, moagem e qualidade dos gr\u00e3os. A nova medida visa aumentar a consist\u00eancia entre ch\u00e1venas.<\/p>\n<p>A equipa sustenta que a leitura el\u00e9ctrica oferece uma avalia\u00e7\u00e3o mais objetiva do que os m\u00e9todos actuais, que se baseiam em refrac\u00e7\u00e3o da luz. O objetivo \u00e9 facilitar o controlo de qualidade nas cafetarias.<\/p>\n<p>O estudo afirma que o sabor resulta da combina\u00e7\u00e3o entre intensidade e torrefa\u00e7\u00e3o, conceito que a equipa designa como a \u201ctorra\u201d do caf\u00e9. A ferramenta pode ajudar baristas a replicar perfis desejados.<\/p>\n<p>Os autores destacam que a abordagem n\u00e3o visa criar uma ch\u00e1vena melhor, mas mais consistente com as prefer\u00eancias dos consumidores. O uso pr\u00e1tico pode exigir ajustes espec\u00edficos por local de servi\u00e7o.<\/p>\n","protected":false},"excerpt":{"rendered":"<ul>\n<li>Investigadores da Universidade de Oregon desenvolveram um m\u00e9todo para medir o perfil de sabor do caf\u00e9 utilizando uma corrente el\u00e9ctrica na ch\u00e1vena, adaptando um potenciostato.<\/li>\n<li>O m\u00e9todo, publicado na revista Nature Communications, identifica uma impress\u00e3o digital qu\u00edmica do caf\u00e9 para quantificar o perfil de sabor.<\/li>\n<li>A t\u00e9cnica pode ajudar as cafetarias a melhorar o controlo de qualidade, isolando fatores como torrefa\u00e7\u00e3o e extrac\u00e7\u00e3o para obter ch\u00e1venas mais consistentes.<\/li>\n<li>O m\u00e9todo de refer\u00eancia atual baseia-se no \u00edndice de refrac\u00e7\u00e3o, mas a nova abordagem acrescenta precis\u00e3o ao descriminar o sabor para al\u00e9m da intensidade.<\/li>\n<li>A equipa sustenta que, a curto prazo, a solu\u00e7\u00e3o pode fazer a diferen\u00e7a na ind\u00fastria do caf\u00e9, aproximando a experi\u00eancia do gosto do cliente do n\u00edvel molecular.<\/li>\n<\/ul>\n","protected":false},"author":2,"featured_media":461503,"comment_status":"closed","ping_status":"closed","sticky":false,"template":"","format":"standard","meta":{"footnotes":""},"categories":[7369,1],"tags":[8033,8029,7966,8767,8117,7989],"class_list":["post-461501","post","type-post","status-publish","format-standard","has-post-thumbnail","hentry","category-gastronomia","category-noticias","tag-_alimentacao","tag-_ciencia","tag-_inovacao","tag-_investigacao","tag-_investigacao-cientifica","tag-_tecnologia"],"yoast_head":"<!-- This site is optimized with the Yoast SEO plugin v27.2 - https:\/\/yoast.com\/product\/yoast-seo-wordpress\/ -->\n<title>Investigadores descobrem m\u00e9todo para medir o perfil de sabor do caf\u00e9 - Portal Tela Portugal<\/title>\n<meta name=\"robots\" content=\"index, follow, max-snippet:-1, max-image-preview:large, max-video-preview:-1\" \/>\n<meta property=\"og:locale\" content=\"pt_PT\" \/>\n<meta property=\"og:type\" content=\"article\" \/>\n<meta property=\"og:title\" content=\"Investigadores descobrem m\u00e9todo para medir o perfil de sabor do caf\u00e9 - Portal Tela Portugal\" \/>\n<meta property=\"og:description\" content=\"Investigadores da Universidade de Oregon desenvolveram um m\u00e9todo para medir o perfil de sabor do caf\u00e9 utilizando uma corrente el\u00e9ctrica na ch\u00e1vena, adaptando um potenciostato. O m\u00e9todo, publicado na revista Nature Communications, identifica uma impress\u00e3o digital qu\u00edmica do caf\u00e9 para quantificar o perfil de sabor. A t\u00e9cnica pode ajudar as cafetarias a melhorar o controlo de qualidade, isolando fatores como torrefa\u00e7\u00e3o e extrac\u00e7\u00e3o para obter ch\u00e1venas mais consistentes. O m\u00e9todo de refer\u00eancia atual baseia-se no \u00edndice de refrac\u00e7\u00e3o, mas a nova abordagem acrescenta precis\u00e3o ao descriminar o sabor para al\u00e9m da intensidade. A equipa sustenta que, a curto prazo, a solu\u00e7\u00e3o pode fazer a diferen\u00e7a na ind\u00fastria do caf\u00e9, aproximando a experi\u00eancia do gosto do cliente do n\u00edvel molecular.\" \/>\n<meta property=\"og:url\" content=\"https:\/\/portaltela.pt\/noticias\/2026\/04\/29\/investigadores-descobrem-metodo-para-medir-o-perfil-de-sabor-do-cafe\/\" \/>\n<meta property=\"og:site_name\" content=\"Portal Tela Portugal\" \/>\n<meta property=\"article:published_time\" content=\"2026-04-29T19:48:15+00:00\" \/>\n<meta name=\"author\" content=\"Telinha\" \/>\n<meta name=\"twitter:card\" content=\"summary_large_image\" \/>\n<meta name=\"twitter:label1\" content=\"Escrito por\" \/>\n\t<meta name=\"twitter:data1\" content=\"Telinha\" \/>\n\t<meta name=\"twitter:label2\" content=\"Tempo estimado de leitura\" \/>\n\t<meta name=\"twitter:data2\" content=\"1 minuto\" \/>\n<script type=\"application\/ld+json\" class=\"yoast-schema-graph\">{\"@context\":\"https:\/\/schema.org\",\"@graph\":[{\"@type\":\"Article\",\"@id\":\"https:\/\/portaltela.pt\/noticias\/2026\/04\/29\/investigadores-descobrem-metodo-para-medir-o-perfil-de-sabor-do-cafe\/#article\",\"isPartOf\":{\"@id\":\"https:\/\/portaltela.pt\/noticias\/2026\/04\/29\/investigadores-descobrem-metodo-para-medir-o-perfil-de-sabor-do-cafe\/\"},\"author\":{\"name\":\"Telinha\",\"@id\":\"https:\/\/portaltela.pt\/#\/schema\/person\/c4278d4a6028830caff9ee44b42d32ed\"},\"headline\":\"Investigadores descobrem m\u00e9todo para medir o perfil de sabor do caf\u00e9\",\"datePublished\":\"2026-04-29T19:48:15+00:00\",\"mainEntityOfPage\":{\"@id\":\"https:\/\/portaltela.pt\/noticias\/2026\/04\/29\/investigadores-descobrem-metodo-para-medir-o-perfil-de-sabor-do-cafe\/\"},\"wordCount\":220,\"image\":{\"@id\":\"https:\/\/portaltela.pt\/noticias\/2026\/04\/29\/investigadores-descobrem-metodo-para-medir-o-perfil-de-sabor-do-cafe\/#primaryimage\"},\"thumbnailUrl\":\"https:\/\/portaltela.pt\/s.01k8rhncp4jt1\/2026\/04\/2085086.jpg\",\"keywords\":[\"_alimenta\u00e7\u00e3o\",\"_ci\u00eancia\",\"_inova\u00e7\u00e3o\",\"_investiga\u00e7\u00e3o\",\"_investiga\u00e7\u00e3o cient\u00edfica\",\"_tecnologia\"],\"articleSection\":[\"Gastronomia\",\"Not\u00edcias\"],\"inLanguage\":\"pt-PT\"},{\"@type\":\"WebPage\",\"@id\":\"https:\/\/portaltela.pt\/noticias\/2026\/04\/29\/investigadores-descobrem-metodo-para-medir-o-perfil-de-sabor-do-cafe\/\",\"url\":\"https:\/\/portaltela.pt\/noticias\/2026\/04\/29\/investigadores-descobrem-metodo-para-medir-o-perfil-de-sabor-do-cafe\/\",\"name\":\"Investigadores descobrem m\u00e9todo para medir o perfil de sabor do caf\u00e9 - Portal Tela Portugal\",\"isPartOf\":{\"@id\":\"https:\/\/portaltela.pt\/#website\"},\"primaryImageOfPage\":{\"@id\":\"https:\/\/portaltela.pt\/noticias\/2026\/04\/29\/investigadores-descobrem-metodo-para-medir-o-perfil-de-sabor-do-cafe\/#primaryimage\"},\"image\":{\"@id\":\"https:\/\/portaltela.pt\/noticias\/2026\/04\/29\/investigadores-descobrem-metodo-para-medir-o-perfil-de-sabor-do-cafe\/#primaryimage\"},\"thumbnailUrl\":\"https:\/\/portaltela.pt\/s.01k8rhncp4jt1\/2026\/04\/2085086.jpg\",\"datePublished\":\"2026-04-29T19:48:15+00:00\",\"author\":{\"@id\":\"https:\/\/portaltela.pt\/#\/schema\/person\/c4278d4a6028830caff9ee44b42d32ed\"},\"breadcrumb\":{\"@id\":\"https:\/\/portaltela.pt\/noticias\/2026\/04\/29\/investigadores-descobrem-metodo-para-medir-o-perfil-de-sabor-do-cafe\/#breadcrumb\"},\"inLanguage\":\"pt-PT\",\"potentialAction\":[{\"@type\":\"ReadAction\",\"target\":[\"https:\/\/portaltela.pt\/noticias\/2026\/04\/29\/investigadores-descobrem-metodo-para-medir-o-perfil-de-sabor-do-cafe\/\"]}]},{\"@type\":\"ImageObject\",\"inLanguage\":\"pt-PT\",\"@id\":\"https:\/\/portaltela.pt\/noticias\/2026\/04\/29\/investigadores-descobrem-metodo-para-medir-o-perfil-de-sabor-do-cafe\/#primaryimage\",\"url\":\"https:\/\/portaltela.pt\/s.01k8rhncp4jt1\/2026\/04\/2085086.jpg\",\"contentUrl\":\"https:\/\/portaltela.pt\/s.01k8rhncp4jt1\/2026\/04\/2085086.jpg\",\"width\":796,\"height\":448,\"caption\":\"M\u00e1quina de caf\u00e9\"},{\"@type\":\"BreadcrumbList\",\"@id\":\"https:\/\/portaltela.pt\/noticias\/2026\/04\/29\/investigadores-descobrem-metodo-para-medir-o-perfil-de-sabor-do-cafe\/#breadcrumb\",\"itemListElement\":[{\"@type\":\"ListItem\",\"position\":1,\"name\":\"In\u00edcio\",\"item\":\"https:\/\/portaltela.pt\/\"},{\"@type\":\"ListItem\",\"position\":2,\"name\":\"Investigadores descobrem m\u00e9todo para medir o perfil de sabor do caf\u00e9\"}]},{\"@type\":\"WebSite\",\"@id\":\"https:\/\/portaltela.pt\/#website\",\"url\":\"https:\/\/portaltela.pt\/\",\"name\":\"Portal Tela Portugal\",\"description\":\"\",\"potentialAction\":[{\"@type\":\"SearchAction\",\"target\":{\"@type\":\"EntryPoint\",\"urlTemplate\":\"https:\/\/portaltela.pt\/?s={search_term_string}\"},\"query-input\":{\"@type\":\"PropertyValueSpecification\",\"valueRequired\":true,\"valueName\":\"search_term_string\"}}],\"inLanguage\":\"pt-PT\"},{\"@type\":\"Person\",\"@id\":\"https:\/\/portaltela.pt\/#\/schema\/person\/c4278d4a6028830caff9ee44b42d32ed\",\"name\":\"Telinha\",\"image\":{\"@type\":\"ImageObject\",\"inLanguage\":\"pt-PT\",\"@id\":\"https:\/\/portaltela.pt\/s.01k8rhncp4jt1\/2025\/11\/talking-bot-125x125.png\",\"url\":\"https:\/\/portaltela.pt\/s.01k8rhncp4jt1\/2025\/11\/talking-bot-125x125.png\",\"contentUrl\":\"https:\/\/portaltela.pt\/s.01k8rhncp4jt1\/2025\/11\/talking-bot-125x125.png\",\"caption\":\"Telinha\"},\"sameAs\":[\"https:\/\/portaltela.pt\/\"],\"url\":\"https:\/\/portaltela.pt\/por\/367410592786\/\"}]}<\/script>\n<!-- \/ Yoast SEO plugin. -->","yoast_head_json":{"title":"Investigadores descobrem m\u00e9todo para medir o perfil de sabor do caf\u00e9 - Portal Tela Portugal","robots":{"index":"index","follow":"follow","max-snippet":"max-snippet:-1","max-image-preview":"max-image-preview:large","max-video-preview":"max-video-preview:-1"},"og_locale":"pt_PT","og_type":"article","og_title":"Investigadores descobrem m\u00e9todo para medir o perfil de sabor do caf\u00e9 - Portal Tela Portugal","og_description":"Investigadores da Universidade de Oregon desenvolveram um m\u00e9todo para medir o perfil de sabor do caf\u00e9 utilizando uma corrente el\u00e9ctrica na ch\u00e1vena, adaptando um potenciostato. O m\u00e9todo, publicado na revista Nature Communications, identifica uma impress\u00e3o digital qu\u00edmica do caf\u00e9 para quantificar o perfil de sabor. A t\u00e9cnica pode ajudar as cafetarias a melhorar o controlo de qualidade, isolando fatores como torrefa\u00e7\u00e3o e extrac\u00e7\u00e3o para obter ch\u00e1venas mais consistentes. O m\u00e9todo de refer\u00eancia atual baseia-se no \u00edndice de refrac\u00e7\u00e3o, mas a nova abordagem acrescenta precis\u00e3o ao descriminar o sabor para al\u00e9m da intensidade. A equipa sustenta que, a curto prazo, a solu\u00e7\u00e3o pode fazer a diferen\u00e7a na ind\u00fastria do caf\u00e9, aproximando a experi\u00eancia do gosto do cliente do n\u00edvel molecular.","og_url":"https:\/\/portaltela.pt\/noticias\/2026\/04\/29\/investigadores-descobrem-metodo-para-medir-o-perfil-de-sabor-do-cafe\/","og_site_name":"Portal Tela Portugal","article_published_time":"2026-04-29T19:48:15+00:00","author":"Telinha","twitter_card":"summary_large_image","twitter_misc":{"Escrito por":"Telinha","Tempo estimado de leitura":"1 minuto"},"schema":{"@context":"https:\/\/schema.org","@graph":[{"@type":"Article","@id":"https:\/\/portaltela.pt\/noticias\/2026\/04\/29\/investigadores-descobrem-metodo-para-medir-o-perfil-de-sabor-do-cafe\/#article","isPartOf":{"@id":"https:\/\/portaltela.pt\/noticias\/2026\/04\/29\/investigadores-descobrem-metodo-para-medir-o-perfil-de-sabor-do-cafe\/"},"author":{"name":"Telinha","@id":"https:\/\/portaltela.pt\/#\/schema\/person\/c4278d4a6028830caff9ee44b42d32ed"},"headline":"Investigadores descobrem m\u00e9todo para medir o perfil de sabor do caf\u00e9","datePublished":"2026-04-29T19:48:15+00:00","mainEntityOfPage":{"@id":"https:\/\/portaltela.pt\/noticias\/2026\/04\/29\/investigadores-descobrem-metodo-para-medir-o-perfil-de-sabor-do-cafe\/"},"wordCount":220,"image":{"@id":"https:\/\/portaltela.pt\/noticias\/2026\/04\/29\/investigadores-descobrem-metodo-para-medir-o-perfil-de-sabor-do-cafe\/#primaryimage"},"thumbnailUrl":"https:\/\/portaltela.pt\/s.01k8rhncp4jt1\/2026\/04\/2085086.jpg","keywords":["_alimenta\u00e7\u00e3o","_ci\u00eancia","_inova\u00e7\u00e3o","_investiga\u00e7\u00e3o","_investiga\u00e7\u00e3o cient\u00edfica","_tecnologia"],"articleSection":["Gastronomia","Not\u00edcias"],"inLanguage":"pt-PT"},{"@type":"WebPage","@id":"https:\/\/portaltela.pt\/noticias\/2026\/04\/29\/investigadores-descobrem-metodo-para-medir-o-perfil-de-sabor-do-cafe\/","url":"https:\/\/portaltela.pt\/noticias\/2026\/04\/29\/investigadores-descobrem-metodo-para-medir-o-perfil-de-sabor-do-cafe\/","name":"Investigadores descobrem m\u00e9todo para medir o perfil de sabor do caf\u00e9 - Portal Tela Portugal","isPartOf":{"@id":"https:\/\/portaltela.pt\/#website"},"primaryImageOfPage":{"@id":"https:\/\/portaltela.pt\/noticias\/2026\/04\/29\/investigadores-descobrem-metodo-para-medir-o-perfil-de-sabor-do-cafe\/#primaryimage"},"image":{"@id":"https:\/\/portaltela.pt\/noticias\/2026\/04\/29\/investigadores-descobrem-metodo-para-medir-o-perfil-de-sabor-do-cafe\/#primaryimage"},"thumbnailUrl":"https:\/\/portaltela.pt\/s.01k8rhncp4jt1\/2026\/04\/2085086.jpg","datePublished":"2026-04-29T19:48:15+00:00","author":{"@id":"https:\/\/portaltela.pt\/#\/schema\/person\/c4278d4a6028830caff9ee44b42d32ed"},"breadcrumb":{"@id":"https:\/\/portaltela.pt\/noticias\/2026\/04\/29\/investigadores-descobrem-metodo-para-medir-o-perfil-de-sabor-do-cafe\/#breadcrumb"},"inLanguage":"pt-PT","potentialAction":[{"@type":"ReadAction","target":["https:\/\/portaltela.pt\/noticias\/2026\/04\/29\/investigadores-descobrem-metodo-para-medir-o-perfil-de-sabor-do-cafe\/"]}]},{"@type":"ImageObject","inLanguage":"pt-PT","@id":"https:\/\/portaltela.pt\/noticias\/2026\/04\/29\/investigadores-descobrem-metodo-para-medir-o-perfil-de-sabor-do-cafe\/#primaryimage","url":"https:\/\/portaltela.pt\/s.01k8rhncp4jt1\/2026\/04\/2085086.jpg","contentUrl":"https:\/\/portaltela.pt\/s.01k8rhncp4jt1\/2026\/04\/2085086.jpg","width":796,"height":448,"caption":"M\u00e1quina de caf\u00e9"},{"@type":"BreadcrumbList","@id":"https:\/\/portaltela.pt\/noticias\/2026\/04\/29\/investigadores-descobrem-metodo-para-medir-o-perfil-de-sabor-do-cafe\/#breadcrumb","itemListElement":[{"@type":"ListItem","position":1,"name":"In\u00edcio","item":"https:\/\/portaltela.pt\/"},{"@type":"ListItem","position":2,"name":"Investigadores descobrem m\u00e9todo para medir o perfil de sabor do caf\u00e9"}]},{"@type":"WebSite","@id":"https:\/\/portaltela.pt\/#website","url":"https:\/\/portaltela.pt\/","name":"Portal Tela Portugal","description":"","potentialAction":[{"@type":"SearchAction","target":{"@type":"EntryPoint","urlTemplate":"https:\/\/portaltela.pt\/?s={search_term_string}"},"query-input":{"@type":"PropertyValueSpecification","valueRequired":true,"valueName":"search_term_string"}}],"inLanguage":"pt-PT"},{"@type":"Person","@id":"https:\/\/portaltela.pt\/#\/schema\/person\/c4278d4a6028830caff9ee44b42d32ed","name":"Telinha","image":{"@type":"ImageObject","inLanguage":"pt-PT","@id":"https:\/\/portaltela.pt\/s.01k8rhncp4jt1\/2025\/11\/talking-bot-125x125.png","url":"https:\/\/portaltela.pt\/s.01k8rhncp4jt1\/2025\/11\/talking-bot-125x125.png","contentUrl":"https:\/\/portaltela.pt\/s.01k8rhncp4jt1\/2025\/11\/talking-bot-125x125.png","caption":"Telinha"},"sameAs":["https:\/\/portaltela.pt\/"],"url":"https:\/\/portaltela.pt\/por\/367410592786\/"}]}},"_links":{"self":[{"href":"https:\/\/portaltela.pt\/api\/wp\/v2\/posts\/461501","targetHints":{"allow":["GET"]}}],"collection":[{"href":"https:\/\/portaltela.pt\/api\/wp\/v2\/posts"}],"about":[{"href":"https:\/\/portaltela.pt\/api\/wp\/v2\/types\/post"}],"author":[{"embeddable":true,"href":"https:\/\/portaltela.pt\/api\/wp\/v2\/users\/2"}],"replies":[{"embeddable":true,"href":"https:\/\/portaltela.pt\/api\/wp\/v2\/comments?post=461501"}],"version-history":[{"count":0,"href":"https:\/\/portaltela.pt\/api\/wp\/v2\/posts\/461501\/revisions"}],"wp:featuredmedia":[{"embeddable":true,"href":"https:\/\/portaltela.pt\/api\/wp\/v2\/media\/461503"}],"wp:attachment":[{"href":"https:\/\/portaltela.pt\/api\/wp\/v2\/media?parent=461501"}],"wp:term":[{"taxonomy":"category","embeddable":true,"href":"https:\/\/portaltela.pt\/api\/wp\/v2\/categories?post=461501"},{"taxonomy":"post_tag","embeddable":true,"href":"https:\/\/portaltela.pt\/api\/wp\/v2\/tags?post=461501"}],"curies":[{"name":"wp","href":"https:\/\/api.w.org\/{rel}","templated":true}]}}