{"id":461499,"date":"2026-04-29T16:48:08","date_gmt":"2026-04-29T19:48:08","guid":{"rendered":"https:\/\/portaltela.pt\/noticias\/2026\/04\/29\/diabo-veste-prada-2-retrato-ou-caricatura-das-revistas-de-moda\/"},"modified":"2026-04-29T16:48:08","modified_gmt":"2026-04-29T19:48:08","slug":"diabo-veste-prada-2-retrato-ou-caricatura-das-revistas-de-moda","status":"publish","type":"post","link":"https:\/\/portaltela.pt\/series-e-filmes\/2026\/04\/29\/diabo-veste-prada-2-retrato-ou-caricatura-das-revistas-de-moda\/","title":{"rendered":"Diabo Veste Prada 2: retrato ou caricatura das revistas de moda?"},"content":{"rendered":"<p>O Diabo Veste Prada 2 coloca Andy Sachs de volta \u00e0 reda\u00e7\u00e3o da Runway, ap\u00f3s o sucesso de 2006. A sequ\u00eancia mostra os impactos da crise do jornalismo e a depend\u00eancia das publica\u00e7\u00f5es de moda em rela\u00e7\u00e3o \u00e0s marcas de luxo. O filme desloca a a\u00e7\u00e3o para Nova Iorque, onde Andy tenta conciliar jornalismo e a nova realidade da revista.<\/p>\n<p>Na narrativa, Andy trabalha num jornal de refer\u00eancia na Grande Ma\u00e7\u00e3 e, no mesmo dia em que recebe um pr\u00e9mio de reportagem, \u00e9 despedida. Nessa mesma noite, a Runway enfrenta uma crise interna que exige a nomea\u00e7\u00e3o de uma nova chefe de redac\u00e7\u00e3o. A personagem tenta manter o equil\u00edbrio entre padr\u00f5es jornal\u00edsticos e as press\u00f5es do mundo fashion.<\/p>\n<p>Andy (interpretada por Anne Hathaway) aceita regressar \u00e0 Runway, prometendo manter o rumo do jornalismo de qualidade. A produ\u00e7\u00e3o sublinha a tens\u00e3o entre manter a integridade editorial e as exig\u00eancias de uma ind\u00fastria dependente de marcas de luxo para a sua viabilidade financeira.<\/p>\n<h3>Retrato ou caricatura?<\/h3>\n<p>O filme \u00e9 apresentado como fic\u00e7\u00e3o, servindo de ponto de partida para explorar o papel das revistas de moda na era cr\u00edtica do jornalismo. A obra questiona, de forma dramatizada, at\u00e9 que ponto as publica\u00e7\u00f5es de moda refletem tend\u00eancias ou apenas respondem a interesses econ\u00f3micos das marcas.<\/p>\n<h3>Antecipa\u00e7\u00e3o e contexto cr\u00edtico<\/h3>\n<p>Entre cr\u00edticas e p\u00fablico, a estreia \u00e9 uma das mais aguardadas do ano. A narrativa combina humor com reflex\u00e3o sobre o funcionamento das grandes revistas de moda. O enredo permanece centrado na trajet\u00f3ria de Andy e na press\u00e3o para sustentar relev\u00e2ncia jornal\u00edstica num settore dif\u00edcil.<\/p>\n","protected":false},"excerpt":{"rendered":"<ul>\n<li>O Diabo Veste Prada 2 acompanha Andy Sachs, ap\u00f3s o sucesso de 2006, a regressar \u00e0 revista Runway em Nova Iorque.<\/li>\n<li>A narrativa aborda os efeitos da crise do jornalismo e a depend\u00eancia das revistas de moda face \u00e0s marcas de luxo.<\/li>\n<li>No mesmo dia em que recebe um pr\u00e9mio de jornalismo, Andy \u00e9 despedida do jornal onde trabalha.<\/li>\n<li>A Runway entra em crise e procura uma nova chefe de redac\u00e7\u00e3o, com Andy a aceitar regressar.<\/li>\n<li>O filme coloca a quest\u00e3o sobre se a obra tra\u00e7a um retrato fiel do que foram as revistas de moda, dentro de uma hist\u00f3ria de fic\u00e7\u00e3o.<\/li>\n<\/ul>\n","protected":false},"author":2,"featured_media":461500,"comment_status":"closed","ping_status":"closed","sticky":false,"template":"","format":"standard","meta":{"footnotes":""},"categories":[12,7368],"tags":[28,506,255,5707,135,7537],"class_list":["post-461499","post","type-post","status-publish","format-standard","has-post-thumbnail","hentry","category-entretenimento","category-series-e-filmes","tag-economia","tag-imprensa","tag-industria","tag-jornalistas","tag-moda","tag-nova-york"],"yoast_head":"<!-- This site is optimized with the Yoast SEO plugin v27.2 - https:\/\/yoast.com\/product\/yoast-seo-wordpress\/ -->\n<title>Diabo Veste Prada 2: retrato ou caricatura das revistas de moda? - Portal Tela Portugal<\/title>\n<meta name=\"robots\" content=\"index, follow, max-snippet:-1, max-image-preview:large, max-video-preview:-1\" \/>\n<meta property=\"og:locale\" content=\"pt_PT\" \/>\n<meta property=\"og:type\" content=\"article\" \/>\n<meta property=\"og:title\" content=\"Diabo Veste Prada 2: retrato ou caricatura das revistas de moda? - Portal Tela Portugal\" \/>\n<meta property=\"og:description\" content=\"O Diabo Veste Prada 2 acompanha Andy Sachs, ap\u00f3s o sucesso de 2006, a regressar \u00e0 revista Runway em Nova Iorque. A narrativa aborda os efeitos da crise do jornalismo e a depend\u00eancia das revistas de moda face \u00e0s marcas de luxo. No mesmo dia em que recebe um pr\u00e9mio de jornalismo, Andy \u00e9 despedida do jornal onde trabalha. A Runway entra em crise e procura uma nova chefe de redac\u00e7\u00e3o, com Andy a aceitar regressar. O filme coloca a quest\u00e3o sobre se a obra tra\u00e7a um retrato fiel do que foram as revistas de moda, dentro de uma hist\u00f3ria de fic\u00e7\u00e3o.\" \/>\n<meta property=\"og:url\" content=\"https:\/\/portaltela.pt\/noticias\/2026\/04\/29\/diabo-veste-prada-2-retrato-ou-caricatura-das-revistas-de-moda\/\" \/>\n<meta property=\"og:site_name\" content=\"Portal Tela Portugal\" \/>\n<meta property=\"article:published_time\" content=\"2026-04-29T19:48:08+00:00\" \/>\n<meta name=\"author\" content=\"Telinha\" \/>\n<meta name=\"twitter:card\" content=\"summary_large_image\" \/>\n<meta name=\"twitter:label1\" content=\"Escrito por\" \/>\n\t<meta name=\"twitter:data1\" content=\"Telinha\" \/>\n\t<meta name=\"twitter:label2\" content=\"Tempo estimado de leitura\" \/>\n\t<meta name=\"twitter:data2\" content=\"1 minuto\" \/>\n<script type=\"application\/ld+json\" class=\"yoast-schema-graph\">{\"@context\":\"https:\/\/schema.org\",\"@graph\":[{\"@type\":\"Article\",\"@id\":\"https:\/\/portaltela.pt\/noticias\/2026\/04\/29\/diabo-veste-prada-2-retrato-ou-caricatura-das-revistas-de-moda\/#article\",\"isPartOf\":{\"@id\":\"https:\/\/portaltela.pt\/noticias\/2026\/04\/29\/diabo-veste-prada-2-retrato-ou-caricatura-das-revistas-de-moda\/\"},\"author\":{\"name\":\"Telinha\",\"@id\":\"https:\/\/portaltela.pt\/#\/schema\/person\/c4278d4a6028830caff9ee44b42d32ed\"},\"headline\":\"Diabo Veste Prada 2: retrato ou caricatura das revistas de moda?\",\"datePublished\":\"2026-04-29T19:48:08+00:00\",\"mainEntityOfPage\":{\"@id\":\"https:\/\/portaltela.pt\/noticias\/2026\/04\/29\/diabo-veste-prada-2-retrato-ou-caricatura-das-revistas-de-moda\/\"},\"wordCount\":297,\"image\":{\"@id\":\"https:\/\/portaltela.pt\/noticias\/2026\/04\/29\/diabo-veste-prada-2-retrato-ou-caricatura-das-revistas-de-moda\/#primaryimage\"},\"thumbnailUrl\":\"https:\/\/portaltela.pt\/s.01k8rhncp4jt1\/2026\/04\/2084928.jpg\",\"keywords\":[\"economia\",\"imprensa\",\"ind\u00fastria\",\"jornalistas\",\"moda\",\"Nova York\"],\"articleSection\":[\"Entretenimento\",\"S\u00e9ries e filmes\"],\"inLanguage\":\"pt-PT\"},{\"@type\":\"WebPage\",\"@id\":\"https:\/\/portaltela.pt\/noticias\/2026\/04\/29\/diabo-veste-prada-2-retrato-ou-caricatura-das-revistas-de-moda\/\",\"url\":\"https:\/\/portaltela.pt\/noticias\/2026\/04\/29\/diabo-veste-prada-2-retrato-ou-caricatura-das-revistas-de-moda\/\",\"name\":\"Diabo Veste Prada 2: retrato ou caricatura das revistas de moda? - Portal Tela Portugal\",\"isPartOf\":{\"@id\":\"https:\/\/portaltela.pt\/#website\"},\"primaryImageOfPage\":{\"@id\":\"https:\/\/portaltela.pt\/noticias\/2026\/04\/29\/diabo-veste-prada-2-retrato-ou-caricatura-das-revistas-de-moda\/#primaryimage\"},\"image\":{\"@id\":\"https:\/\/portaltela.pt\/noticias\/2026\/04\/29\/diabo-veste-prada-2-retrato-ou-caricatura-das-revistas-de-moda\/#primaryimage\"},\"thumbnailUrl\":\"https:\/\/portaltela.pt\/s.01k8rhncp4jt1\/2026\/04\/2084928.jpg\",\"datePublished\":\"2026-04-29T19:48:08+00:00\",\"author\":{\"@id\":\"https:\/\/portaltela.pt\/#\/schema\/person\/c4278d4a6028830caff9ee44b42d32ed\"},\"breadcrumb\":{\"@id\":\"https:\/\/portaltela.pt\/noticias\/2026\/04\/29\/diabo-veste-prada-2-retrato-ou-caricatura-das-revistas-de-moda\/#breadcrumb\"},\"inLanguage\":\"pt-PT\",\"potentialAction\":[{\"@type\":\"ReadAction\",\"target\":[\"https:\/\/portaltela.pt\/noticias\/2026\/04\/29\/diabo-veste-prada-2-retrato-ou-caricatura-das-revistas-de-moda\/\"]}]},{\"@type\":\"ImageObject\",\"inLanguage\":\"pt-PT\",\"@id\":\"https:\/\/portaltela.pt\/noticias\/2026\/04\/29\/diabo-veste-prada-2-retrato-ou-caricatura-das-revistas-de-moda\/#primaryimage\",\"url\":\"https:\/\/portaltela.pt\/s.01k8rhncp4jt1\/2026\/04\/2084928.jpg\",\"contentUrl\":\"https:\/\/portaltela.pt\/s.01k8rhncp4jt1\/2026\/04\/2084928.jpg\",\"width\":796,\"height\":448,\"caption\":\"Meryl Streep enquanto Miranda Priestly e Anne Hathaway como Andy Sachs\"},{\"@type\":\"BreadcrumbList\",\"@id\":\"https:\/\/portaltela.pt\/noticias\/2026\/04\/29\/diabo-veste-prada-2-retrato-ou-caricatura-das-revistas-de-moda\/#breadcrumb\",\"itemListElement\":[{\"@type\":\"ListItem\",\"position\":1,\"name\":\"In\u00edcio\",\"item\":\"https:\/\/portaltela.pt\/\"},{\"@type\":\"ListItem\",\"position\":2,\"name\":\"Diabo Veste Prada 2: retrato ou caricatura das revistas de moda?\"}]},{\"@type\":\"WebSite\",\"@id\":\"https:\/\/portaltela.pt\/#website\",\"url\":\"https:\/\/portaltela.pt\/\",\"name\":\"Portal Tela Portugal\",\"description\":\"\",\"potentialAction\":[{\"@type\":\"SearchAction\",\"target\":{\"@type\":\"EntryPoint\",\"urlTemplate\":\"https:\/\/portaltela.pt\/?s={search_term_string}\"},\"query-input\":{\"@type\":\"PropertyValueSpecification\",\"valueRequired\":true,\"valueName\":\"search_term_string\"}}],\"inLanguage\":\"pt-PT\"},{\"@type\":\"Person\",\"@id\":\"https:\/\/portaltela.pt\/#\/schema\/person\/c4278d4a6028830caff9ee44b42d32ed\",\"name\":\"Telinha\",\"image\":{\"@type\":\"ImageObject\",\"inLanguage\":\"pt-PT\",\"@id\":\"https:\/\/portaltela.pt\/s.01k8rhncp4jt1\/2025\/11\/talking-bot-125x125.png\",\"url\":\"https:\/\/portaltela.pt\/s.01k8rhncp4jt1\/2025\/11\/talking-bot-125x125.png\",\"contentUrl\":\"https:\/\/portaltela.pt\/s.01k8rhncp4jt1\/2025\/11\/talking-bot-125x125.png\",\"caption\":\"Telinha\"},\"sameAs\":[\"https:\/\/portaltela.pt\/\"],\"url\":\"https:\/\/portaltela.pt\/por\/367410592786\/\"}]}<\/script>\n<!-- \/ Yoast SEO plugin. -->","yoast_head_json":{"title":"Diabo Veste Prada 2: retrato ou caricatura das revistas de moda? - Portal Tela Portugal","robots":{"index":"index","follow":"follow","max-snippet":"max-snippet:-1","max-image-preview":"max-image-preview:large","max-video-preview":"max-video-preview:-1"},"og_locale":"pt_PT","og_type":"article","og_title":"Diabo Veste Prada 2: retrato ou caricatura das revistas de moda? - Portal Tela Portugal","og_description":"O Diabo Veste Prada 2 acompanha Andy Sachs, ap\u00f3s o sucesso de 2006, a regressar \u00e0 revista Runway em Nova Iorque. A narrativa aborda os efeitos da crise do jornalismo e a depend\u00eancia das revistas de moda face \u00e0s marcas de luxo. No mesmo dia em que recebe um pr\u00e9mio de jornalismo, Andy \u00e9 despedida do jornal onde trabalha. A Runway entra em crise e procura uma nova chefe de redac\u00e7\u00e3o, com Andy a aceitar regressar. O filme coloca a quest\u00e3o sobre se a obra tra\u00e7a um retrato fiel do que foram as revistas de moda, dentro de uma hist\u00f3ria de fic\u00e7\u00e3o.","og_url":"https:\/\/portaltela.pt\/noticias\/2026\/04\/29\/diabo-veste-prada-2-retrato-ou-caricatura-das-revistas-de-moda\/","og_site_name":"Portal Tela Portugal","article_published_time":"2026-04-29T19:48:08+00:00","author":"Telinha","twitter_card":"summary_large_image","twitter_misc":{"Escrito por":"Telinha","Tempo estimado de leitura":"1 minuto"},"schema":{"@context":"https:\/\/schema.org","@graph":[{"@type":"Article","@id":"https:\/\/portaltela.pt\/noticias\/2026\/04\/29\/diabo-veste-prada-2-retrato-ou-caricatura-das-revistas-de-moda\/#article","isPartOf":{"@id":"https:\/\/portaltela.pt\/noticias\/2026\/04\/29\/diabo-veste-prada-2-retrato-ou-caricatura-das-revistas-de-moda\/"},"author":{"name":"Telinha","@id":"https:\/\/portaltela.pt\/#\/schema\/person\/c4278d4a6028830caff9ee44b42d32ed"},"headline":"Diabo Veste Prada 2: retrato ou caricatura das revistas de moda?","datePublished":"2026-04-29T19:48:08+00:00","mainEntityOfPage":{"@id":"https:\/\/portaltela.pt\/noticias\/2026\/04\/29\/diabo-veste-prada-2-retrato-ou-caricatura-das-revistas-de-moda\/"},"wordCount":297,"image":{"@id":"https:\/\/portaltela.pt\/noticias\/2026\/04\/29\/diabo-veste-prada-2-retrato-ou-caricatura-das-revistas-de-moda\/#primaryimage"},"thumbnailUrl":"https:\/\/portaltela.pt\/s.01k8rhncp4jt1\/2026\/04\/2084928.jpg","keywords":["economia","imprensa","ind\u00fastria","jornalistas","moda","Nova York"],"articleSection":["Entretenimento","S\u00e9ries e filmes"],"inLanguage":"pt-PT"},{"@type":"WebPage","@id":"https:\/\/portaltela.pt\/noticias\/2026\/04\/29\/diabo-veste-prada-2-retrato-ou-caricatura-das-revistas-de-moda\/","url":"https:\/\/portaltela.pt\/noticias\/2026\/04\/29\/diabo-veste-prada-2-retrato-ou-caricatura-das-revistas-de-moda\/","name":"Diabo Veste Prada 2: retrato ou caricatura das revistas de moda? - Portal Tela Portugal","isPartOf":{"@id":"https:\/\/portaltela.pt\/#website"},"primaryImageOfPage":{"@id":"https:\/\/portaltela.pt\/noticias\/2026\/04\/29\/diabo-veste-prada-2-retrato-ou-caricatura-das-revistas-de-moda\/#primaryimage"},"image":{"@id":"https:\/\/portaltela.pt\/noticias\/2026\/04\/29\/diabo-veste-prada-2-retrato-ou-caricatura-das-revistas-de-moda\/#primaryimage"},"thumbnailUrl":"https:\/\/portaltela.pt\/s.01k8rhncp4jt1\/2026\/04\/2084928.jpg","datePublished":"2026-04-29T19:48:08+00:00","author":{"@id":"https:\/\/portaltela.pt\/#\/schema\/person\/c4278d4a6028830caff9ee44b42d32ed"},"breadcrumb":{"@id":"https:\/\/portaltela.pt\/noticias\/2026\/04\/29\/diabo-veste-prada-2-retrato-ou-caricatura-das-revistas-de-moda\/#breadcrumb"},"inLanguage":"pt-PT","potentialAction":[{"@type":"ReadAction","target":["https:\/\/portaltela.pt\/noticias\/2026\/04\/29\/diabo-veste-prada-2-retrato-ou-caricatura-das-revistas-de-moda\/"]}]},{"@type":"ImageObject","inLanguage":"pt-PT","@id":"https:\/\/portaltela.pt\/noticias\/2026\/04\/29\/diabo-veste-prada-2-retrato-ou-caricatura-das-revistas-de-moda\/#primaryimage","url":"https:\/\/portaltela.pt\/s.01k8rhncp4jt1\/2026\/04\/2084928.jpg","contentUrl":"https:\/\/portaltela.pt\/s.01k8rhncp4jt1\/2026\/04\/2084928.jpg","width":796,"height":448,"caption":"Meryl Streep enquanto Miranda Priestly e Anne Hathaway como Andy Sachs"},{"@type":"BreadcrumbList","@id":"https:\/\/portaltela.pt\/noticias\/2026\/04\/29\/diabo-veste-prada-2-retrato-ou-caricatura-das-revistas-de-moda\/#breadcrumb","itemListElement":[{"@type":"ListItem","position":1,"name":"In\u00edcio","item":"https:\/\/portaltela.pt\/"},{"@type":"ListItem","position":2,"name":"Diabo Veste Prada 2: retrato ou caricatura das revistas de moda?"}]},{"@type":"WebSite","@id":"https:\/\/portaltela.pt\/#website","url":"https:\/\/portaltela.pt\/","name":"Portal Tela Portugal","description":"","potentialAction":[{"@type":"SearchAction","target":{"@type":"EntryPoint","urlTemplate":"https:\/\/portaltela.pt\/?s={search_term_string}"},"query-input":{"@type":"PropertyValueSpecification","valueRequired":true,"valueName":"search_term_string"}}],"inLanguage":"pt-PT"},{"@type":"Person","@id":"https:\/\/portaltela.pt\/#\/schema\/person\/c4278d4a6028830caff9ee44b42d32ed","name":"Telinha","image":{"@type":"ImageObject","inLanguage":"pt-PT","@id":"https:\/\/portaltela.pt\/s.01k8rhncp4jt1\/2025\/11\/talking-bot-125x125.png","url":"https:\/\/portaltela.pt\/s.01k8rhncp4jt1\/2025\/11\/talking-bot-125x125.png","contentUrl":"https:\/\/portaltela.pt\/s.01k8rhncp4jt1\/2025\/11\/talking-bot-125x125.png","caption":"Telinha"},"sameAs":["https:\/\/portaltela.pt\/"],"url":"https:\/\/portaltela.pt\/por\/367410592786\/"}]}},"_links":{"self":[{"href":"https:\/\/portaltela.pt\/api\/wp\/v2\/posts\/461499","targetHints":{"allow":["GET"]}}],"collection":[{"href":"https:\/\/portaltela.pt\/api\/wp\/v2\/posts"}],"about":[{"href":"https:\/\/portaltela.pt\/api\/wp\/v2\/types\/post"}],"author":[{"embeddable":true,"href":"https:\/\/portaltela.pt\/api\/wp\/v2\/users\/2"}],"replies":[{"embeddable":true,"href":"https:\/\/portaltela.pt\/api\/wp\/v2\/comments?post=461499"}],"version-history":[{"count":0,"href":"https:\/\/portaltela.pt\/api\/wp\/v2\/posts\/461499\/revisions"}],"wp:featuredmedia":[{"embeddable":true,"href":"https:\/\/portaltela.pt\/api\/wp\/v2\/media\/461500"}],"wp:attachment":[{"href":"https:\/\/portaltela.pt\/api\/wp\/v2\/media?parent=461499"}],"wp:term":[{"taxonomy":"category","embeddable":true,"href":"https:\/\/portaltela.pt\/api\/wp\/v2\/categories?post=461499"},{"taxonomy":"post_tag","embeddable":true,"href":"https:\/\/portaltela.pt\/api\/wp\/v2\/tags?post=461499"}],"curies":[{"name":"wp","href":"https:\/\/api.w.org\/{rel}","templated":true}]}}