{"id":461497,"date":"2026-04-29T16:47:58","date_gmt":"2026-04-29T19:47:58","guid":{"rendered":"https:\/\/portaltela.pt\/noticias\/2026\/04\/29\/quatro-mulheres-na-estreia-de-ines-bernardo\/"},"modified":"2026-04-29T16:47:58","modified_gmt":"2026-04-29T19:47:58","slug":"quatro-mulheres-na-estreia-de-ines-bernardo","status":"publish","type":"post","link":"https:\/\/portaltela.pt\/noticias\/2026\/04\/29\/quatro-mulheres-na-estreia-de-ines-bernardo\/","title":{"rendered":"Quatro mulheres na estreia de In\u00eas Bernardo"},"content":{"rendered":"<p>A estreia ficcional de In\u00eas Bernardo, intitulada Agarrar a Faca pelo Gume, chega aos leitores com foco em quatro mulheres. A obra apresenta uma vis\u00e3o de tr\u00eas gera\u00e7\u00f5es de mulheres portuguesas, em relatos curtos e vertiginosos. A autora utiliza cap\u00edtulos breves, quase vinhetas, para compor uma manta de recorda\u00e7\u00f5es.<\/p>\n<p>Cada cap\u00edtulo funciona como retalho de mem\u00f3ria, onde a protagonista desenrola mem\u00f3rias diante do leitor. Os textos s\u00e3o concisos, com per\u00edodos e frases de pequena extens\u00e3o, criando uma cad\u00eancia r\u00e1pida e intimista. A narrativa mant\u00e9m o ritmo ao longo de toda a obra.<\/p>\n<p>A estreia ocorre num conjunto de publica\u00e7\u00f5es recentes de In\u00eas Bernardo, destacando-se pela estrutura de miniaturas textuais. A obra prop\u00f5e uma leitura em que o tempo e as rela\u00e7\u00f5es entre gera\u00e7\u00f5es s\u00e3o explorados de forma sint\u00e9tica, mas eficaz.<\/p>\n<h3>Sobre a obra<\/h3>\n<p>A narrativa centra-se nas viv\u00eancias de quatro mulheres, ligadas por la\u00e7os familiares e hist\u00f3ricos. A forma\u00e7\u00e3o de uma identidade partilha espa\u00e7o com temas de heran\u00e7a, escolhas e enfrentamento de dilemas. A escrita privilegia imagens e retic\u00eancias que sugerem mais do que explicitam.<\/p>\n","protected":false},"excerpt":{"rendered":"<ul>\n<li>O romance \u201cAgarrar a Faca pelo Gume\u201d \u00e9 a estreia ficcional de In\u00eas Bernardo.<\/li>\n<li>A obra acompanha tr\u00eas gera\u00e7\u00f5es de mulheres portuguesas.<\/li>\n<li>Os cap\u00edtulos s\u00e3o curtos e brev\u00edssimos, quase vinhetas.<\/li>\n<li>A protagonista desenrola diante dos leitores uma manta de recorda\u00e7\u00f5es.<\/li>\n<li>A narrativa utiliza retalhos que comp\u00f5em a mem\u00f3ria da hist\u00f3ria.<\/li>\n<\/ul>\n","protected":false},"author":2,"featured_media":461498,"comment_status":"closed","ping_status":"closed","sticky":false,"template":"","format":"standard","meta":{"footnotes":""},"categories":[7375,1],"tags":[145,6654,106,130,2701,1014],"class_list":["post-461497","post","type-post","status-publish","format-standard","has-post-thumbnail","hentry","category-cultura","category-noticias","tag-cultura","tag-escritores","tag-literatura","tag-livros","tag-mulheres","tag-portugal"],"yoast_head":"<!-- This site is optimized with the Yoast SEO plugin v27.2 - https:\/\/yoast.com\/product\/yoast-seo-wordpress\/ -->\n<title>Quatro mulheres na estreia de In\u00eas Bernardo - Portal Tela Portugal<\/title>\n<meta name=\"robots\" content=\"index, follow, max-snippet:-1, max-image-preview:large, max-video-preview:-1\" \/>\n<meta property=\"og:locale\" content=\"pt_PT\" \/>\n<meta property=\"og:type\" content=\"article\" \/>\n<meta property=\"og:title\" content=\"Quatro mulheres na estreia de In\u00eas Bernardo - Portal Tela Portugal\" \/>\n<meta property=\"og:description\" content=\"O romance \u201cAgarrar a Faca pelo Gume\u201d \u00e9 a estreia ficcional de In\u00eas Bernardo. A obra acompanha tr\u00eas gera\u00e7\u00f5es de mulheres portuguesas. Os cap\u00edtulos s\u00e3o curtos e brev\u00edssimos, quase vinhetas. A protagonista desenrola diante dos leitores uma manta de recorda\u00e7\u00f5es. A narrativa utiliza retalhos que comp\u00f5em a mem\u00f3ria da hist\u00f3ria.\" \/>\n<meta property=\"og:url\" content=\"https:\/\/portaltela.pt\/noticias\/2026\/04\/29\/quatro-mulheres-na-estreia-de-ines-bernardo\/\" \/>\n<meta property=\"og:site_name\" content=\"Portal Tela Portugal\" \/>\n<meta property=\"article:published_time\" content=\"2026-04-29T19:47:58+00:00\" \/>\n<meta name=\"author\" content=\"Telinha\" \/>\n<meta name=\"twitter:card\" content=\"summary_large_image\" \/>\n<meta name=\"twitter:label1\" content=\"Escrito por\" \/>\n\t<meta name=\"twitter:data1\" content=\"Telinha\" \/>\n\t<meta name=\"twitter:label2\" content=\"Tempo estimado de leitura\" \/>\n\t<meta name=\"twitter:data2\" content=\"1 minuto\" \/>\n<script type=\"application\/ld+json\" class=\"yoast-schema-graph\">{\"@context\":\"https:\/\/schema.org\",\"@graph\":[{\"@type\":\"Article\",\"@id\":\"https:\/\/portaltela.pt\/noticias\/2026\/04\/29\/quatro-mulheres-na-estreia-de-ines-bernardo\/#article\",\"isPartOf\":{\"@id\":\"https:\/\/portaltela.pt\/noticias\/2026\/04\/29\/quatro-mulheres-na-estreia-de-ines-bernardo\/\"},\"author\":{\"name\":\"Telinha\",\"@id\":\"https:\/\/portaltela.pt\/#\/schema\/person\/c4278d4a6028830caff9ee44b42d32ed\"},\"headline\":\"Quatro mulheres na estreia de In\u00eas Bernardo\",\"datePublished\":\"2026-04-29T19:47:58+00:00\",\"mainEntityOfPage\":{\"@id\":\"https:\/\/portaltela.pt\/noticias\/2026\/04\/29\/quatro-mulheres-na-estreia-de-ines-bernardo\/\"},\"wordCount\":212,\"image\":{\"@id\":\"https:\/\/portaltela.pt\/noticias\/2026\/04\/29\/quatro-mulheres-na-estreia-de-ines-bernardo\/#primaryimage\"},\"thumbnailUrl\":\"https:\/\/portaltela.pt\/s.01k8rhncp4jt1\/2026\/04\/2082706.jpg\",\"keywords\":[\"cultura\",\"escritores\",\"literatura\",\"livros\",\"Mulheres\",\"Portugal\"],\"articleSection\":[\"Cultura\",\"Not\u00edcias\"],\"inLanguage\":\"pt-PT\"},{\"@type\":\"WebPage\",\"@id\":\"https:\/\/portaltela.pt\/noticias\/2026\/04\/29\/quatro-mulheres-na-estreia-de-ines-bernardo\/\",\"url\":\"https:\/\/portaltela.pt\/noticias\/2026\/04\/29\/quatro-mulheres-na-estreia-de-ines-bernardo\/\",\"name\":\"Quatro mulheres na estreia de In\u00eas Bernardo - Portal Tela Portugal\",\"isPartOf\":{\"@id\":\"https:\/\/portaltela.pt\/#website\"},\"primaryImageOfPage\":{\"@id\":\"https:\/\/portaltela.pt\/noticias\/2026\/04\/29\/quatro-mulheres-na-estreia-de-ines-bernardo\/#primaryimage\"},\"image\":{\"@id\":\"https:\/\/portaltela.pt\/noticias\/2026\/04\/29\/quatro-mulheres-na-estreia-de-ines-bernardo\/#primaryimage\"},\"thumbnailUrl\":\"https:\/\/portaltela.pt\/s.01k8rhncp4jt1\/2026\/04\/2082706.jpg\",\"datePublished\":\"2026-04-29T19:47:58+00:00\",\"author\":{\"@id\":\"https:\/\/portaltela.pt\/#\/schema\/person\/c4278d4a6028830caff9ee44b42d32ed\"},\"breadcrumb\":{\"@id\":\"https:\/\/portaltela.pt\/noticias\/2026\/04\/29\/quatro-mulheres-na-estreia-de-ines-bernardo\/#breadcrumb\"},\"inLanguage\":\"pt-PT\",\"potentialAction\":[{\"@type\":\"ReadAction\",\"target\":[\"https:\/\/portaltela.pt\/noticias\/2026\/04\/29\/quatro-mulheres-na-estreia-de-ines-bernardo\/\"]}]},{\"@type\":\"ImageObject\",\"inLanguage\":\"pt-PT\",\"@id\":\"https:\/\/portaltela.pt\/noticias\/2026\/04\/29\/quatro-mulheres-na-estreia-de-ines-bernardo\/#primaryimage\",\"url\":\"https:\/\/portaltela.pt\/s.01k8rhncp4jt1\/2026\/04\/2082706.jpg\",\"contentUrl\":\"https:\/\/portaltela.pt\/s.01k8rhncp4jt1\/2026\/04\/2082706.jpg\",\"width\":796,\"height\":448,\"caption\":\"In\u00eas Bernardo, uma nova voz na literatura nacional\"},{\"@type\":\"BreadcrumbList\",\"@id\":\"https:\/\/portaltela.pt\/noticias\/2026\/04\/29\/quatro-mulheres-na-estreia-de-ines-bernardo\/#breadcrumb\",\"itemListElement\":[{\"@type\":\"ListItem\",\"position\":1,\"name\":\"In\u00edcio\",\"item\":\"https:\/\/portaltela.pt\/\"},{\"@type\":\"ListItem\",\"position\":2,\"name\":\"Quatro mulheres na estreia de In\u00eas Bernardo\"}]},{\"@type\":\"WebSite\",\"@id\":\"https:\/\/portaltela.pt\/#website\",\"url\":\"https:\/\/portaltela.pt\/\",\"name\":\"Portal Tela Portugal\",\"description\":\"\",\"potentialAction\":[{\"@type\":\"SearchAction\",\"target\":{\"@type\":\"EntryPoint\",\"urlTemplate\":\"https:\/\/portaltela.pt\/?s={search_term_string}\"},\"query-input\":{\"@type\":\"PropertyValueSpecification\",\"valueRequired\":true,\"valueName\":\"search_term_string\"}}],\"inLanguage\":\"pt-PT\"},{\"@type\":\"Person\",\"@id\":\"https:\/\/portaltela.pt\/#\/schema\/person\/c4278d4a6028830caff9ee44b42d32ed\",\"name\":\"Telinha\",\"image\":{\"@type\":\"ImageObject\",\"inLanguage\":\"pt-PT\",\"@id\":\"https:\/\/portaltela.pt\/s.01k8rhncp4jt1\/2025\/11\/talking-bot-125x125.png\",\"url\":\"https:\/\/portaltela.pt\/s.01k8rhncp4jt1\/2025\/11\/talking-bot-125x125.png\",\"contentUrl\":\"https:\/\/portaltela.pt\/s.01k8rhncp4jt1\/2025\/11\/talking-bot-125x125.png\",\"caption\":\"Telinha\"},\"sameAs\":[\"https:\/\/portaltela.pt\/\"],\"url\":\"https:\/\/portaltela.pt\/por\/367410592786\/\"}]}<\/script>\n<!-- \/ Yoast SEO plugin. -->","yoast_head_json":{"title":"Quatro mulheres na estreia de In\u00eas Bernardo - Portal Tela Portugal","robots":{"index":"index","follow":"follow","max-snippet":"max-snippet:-1","max-image-preview":"max-image-preview:large","max-video-preview":"max-video-preview:-1"},"og_locale":"pt_PT","og_type":"article","og_title":"Quatro mulheres na estreia de In\u00eas Bernardo - Portal Tela Portugal","og_description":"O romance \u201cAgarrar a Faca pelo Gume\u201d \u00e9 a estreia ficcional de In\u00eas Bernardo. A obra acompanha tr\u00eas gera\u00e7\u00f5es de mulheres portuguesas. Os cap\u00edtulos s\u00e3o curtos e brev\u00edssimos, quase vinhetas. A protagonista desenrola diante dos leitores uma manta de recorda\u00e7\u00f5es. A narrativa utiliza retalhos que comp\u00f5em a mem\u00f3ria da hist\u00f3ria.","og_url":"https:\/\/portaltela.pt\/noticias\/2026\/04\/29\/quatro-mulheres-na-estreia-de-ines-bernardo\/","og_site_name":"Portal Tela Portugal","article_published_time":"2026-04-29T19:47:58+00:00","author":"Telinha","twitter_card":"summary_large_image","twitter_misc":{"Escrito por":"Telinha","Tempo estimado de leitura":"1 minuto"},"schema":{"@context":"https:\/\/schema.org","@graph":[{"@type":"Article","@id":"https:\/\/portaltela.pt\/noticias\/2026\/04\/29\/quatro-mulheres-na-estreia-de-ines-bernardo\/#article","isPartOf":{"@id":"https:\/\/portaltela.pt\/noticias\/2026\/04\/29\/quatro-mulheres-na-estreia-de-ines-bernardo\/"},"author":{"name":"Telinha","@id":"https:\/\/portaltela.pt\/#\/schema\/person\/c4278d4a6028830caff9ee44b42d32ed"},"headline":"Quatro mulheres na estreia de In\u00eas Bernardo","datePublished":"2026-04-29T19:47:58+00:00","mainEntityOfPage":{"@id":"https:\/\/portaltela.pt\/noticias\/2026\/04\/29\/quatro-mulheres-na-estreia-de-ines-bernardo\/"},"wordCount":212,"image":{"@id":"https:\/\/portaltela.pt\/noticias\/2026\/04\/29\/quatro-mulheres-na-estreia-de-ines-bernardo\/#primaryimage"},"thumbnailUrl":"https:\/\/portaltela.pt\/s.01k8rhncp4jt1\/2026\/04\/2082706.jpg","keywords":["cultura","escritores","literatura","livros","Mulheres","Portugal"],"articleSection":["Cultura","Not\u00edcias"],"inLanguage":"pt-PT"},{"@type":"WebPage","@id":"https:\/\/portaltela.pt\/noticias\/2026\/04\/29\/quatro-mulheres-na-estreia-de-ines-bernardo\/","url":"https:\/\/portaltela.pt\/noticias\/2026\/04\/29\/quatro-mulheres-na-estreia-de-ines-bernardo\/","name":"Quatro mulheres na estreia de In\u00eas Bernardo - Portal Tela Portugal","isPartOf":{"@id":"https:\/\/portaltela.pt\/#website"},"primaryImageOfPage":{"@id":"https:\/\/portaltela.pt\/noticias\/2026\/04\/29\/quatro-mulheres-na-estreia-de-ines-bernardo\/#primaryimage"},"image":{"@id":"https:\/\/portaltela.pt\/noticias\/2026\/04\/29\/quatro-mulheres-na-estreia-de-ines-bernardo\/#primaryimage"},"thumbnailUrl":"https:\/\/portaltela.pt\/s.01k8rhncp4jt1\/2026\/04\/2082706.jpg","datePublished":"2026-04-29T19:47:58+00:00","author":{"@id":"https:\/\/portaltela.pt\/#\/schema\/person\/c4278d4a6028830caff9ee44b42d32ed"},"breadcrumb":{"@id":"https:\/\/portaltela.pt\/noticias\/2026\/04\/29\/quatro-mulheres-na-estreia-de-ines-bernardo\/#breadcrumb"},"inLanguage":"pt-PT","potentialAction":[{"@type":"ReadAction","target":["https:\/\/portaltela.pt\/noticias\/2026\/04\/29\/quatro-mulheres-na-estreia-de-ines-bernardo\/"]}]},{"@type":"ImageObject","inLanguage":"pt-PT","@id":"https:\/\/portaltela.pt\/noticias\/2026\/04\/29\/quatro-mulheres-na-estreia-de-ines-bernardo\/#primaryimage","url":"https:\/\/portaltela.pt\/s.01k8rhncp4jt1\/2026\/04\/2082706.jpg","contentUrl":"https:\/\/portaltela.pt\/s.01k8rhncp4jt1\/2026\/04\/2082706.jpg","width":796,"height":448,"caption":"In\u00eas Bernardo, uma nova voz na literatura nacional"},{"@type":"BreadcrumbList","@id":"https:\/\/portaltela.pt\/noticias\/2026\/04\/29\/quatro-mulheres-na-estreia-de-ines-bernardo\/#breadcrumb","itemListElement":[{"@type":"ListItem","position":1,"name":"In\u00edcio","item":"https:\/\/portaltela.pt\/"},{"@type":"ListItem","position":2,"name":"Quatro mulheres na estreia de In\u00eas Bernardo"}]},{"@type":"WebSite","@id":"https:\/\/portaltela.pt\/#website","url":"https:\/\/portaltela.pt\/","name":"Portal Tela Portugal","description":"","potentialAction":[{"@type":"SearchAction","target":{"@type":"EntryPoint","urlTemplate":"https:\/\/portaltela.pt\/?s={search_term_string}"},"query-input":{"@type":"PropertyValueSpecification","valueRequired":true,"valueName":"search_term_string"}}],"inLanguage":"pt-PT"},{"@type":"Person","@id":"https:\/\/portaltela.pt\/#\/schema\/person\/c4278d4a6028830caff9ee44b42d32ed","name":"Telinha","image":{"@type":"ImageObject","inLanguage":"pt-PT","@id":"https:\/\/portaltela.pt\/s.01k8rhncp4jt1\/2025\/11\/talking-bot-125x125.png","url":"https:\/\/portaltela.pt\/s.01k8rhncp4jt1\/2025\/11\/talking-bot-125x125.png","contentUrl":"https:\/\/portaltela.pt\/s.01k8rhncp4jt1\/2025\/11\/talking-bot-125x125.png","caption":"Telinha"},"sameAs":["https:\/\/portaltela.pt\/"],"url":"https:\/\/portaltela.pt\/por\/367410592786\/"}]}},"_links":{"self":[{"href":"https:\/\/portaltela.pt\/api\/wp\/v2\/posts\/461497","targetHints":{"allow":["GET"]}}],"collection":[{"href":"https:\/\/portaltela.pt\/api\/wp\/v2\/posts"}],"about":[{"href":"https:\/\/portaltela.pt\/api\/wp\/v2\/types\/post"}],"author":[{"embeddable":true,"href":"https:\/\/portaltela.pt\/api\/wp\/v2\/users\/2"}],"replies":[{"embeddable":true,"href":"https:\/\/portaltela.pt\/api\/wp\/v2\/comments?post=461497"}],"version-history":[{"count":0,"href":"https:\/\/portaltela.pt\/api\/wp\/v2\/posts\/461497\/revisions"}],"wp:featuredmedia":[{"embeddable":true,"href":"https:\/\/portaltela.pt\/api\/wp\/v2\/media\/461498"}],"wp:attachment":[{"href":"https:\/\/portaltela.pt\/api\/wp\/v2\/media?parent=461497"}],"wp:term":[{"taxonomy":"category","embeddable":true,"href":"https:\/\/portaltela.pt\/api\/wp\/v2\/categories?post=461497"},{"taxonomy":"post_tag","embeddable":true,"href":"https:\/\/portaltela.pt\/api\/wp\/v2\/tags?post=461497"}],"curies":[{"name":"wp","href":"https:\/\/api.w.org\/{rel}","templated":true}]}}