{"id":461491,"date":"2026-04-29T16:33:14","date_gmt":"2026-04-29T19:33:14","guid":{"rendered":"https:\/\/portaltela.pt\/noticias\/2026\/04\/29\/champions-apos-psg-bayern-destacamos-11-jogos-memoraveis\/"},"modified":"2026-04-29T16:33:14","modified_gmt":"2026-04-29T19:33:14","slug":"champions-apos-psg-bayern-destacamos-11-jogos-memoraveis","status":"publish","type":"post","link":"https:\/\/portaltela.pt\/desporto\/futebol\/2026\/04\/29\/champions-apos-psg-bayern-destacamos-11-jogos-memoraveis\/","title":{"rendered":"Champions: ap\u00f3s PSG-Bayern, destacamos 11 jogos memor\u00e1veis"},"content":{"rendered":"<p>Foi recuperado, pouco tempo depois do jogo entre PSG e Bayern, um conjunto de encontros hist\u00f3ricos da Champions League. A partida entre PSG e Bayern, que terminou 5-4, serviu de gancho para a mem\u00f3ria da prova.<\/p>\n<p>A sele\u00e7\u00e3o de jogos inclui momentos marcantes da era da Ta\u00e7a dos Campe\u00f5es Europeus (at\u00e9 1992\/93) e outros epis\u00f3dios que ficaram para a hist\u00f3ria. A ideia \u00e9 destacar partidas destacadas sem excluir outras de igual import\u00e2ncia.<\/p>\n<p>Ao longo da hist\u00f3ria, v\u00e1rios confrontos ficaram gravados pela emo\u00e7\u00e3o, pelo equil\u00edbrio ou por decis\u00f5es decisivas nos instantes finais. A lista procura apresentar o contraste entre \u00e9pocas, estilos de jogo e formatos de competi\u00e7\u00e3o.<\/p>\n<h3>Jogos memor\u00e1veis ao longo da hist\u00f3ria<\/h3>\n<p>Duas d\u00e9cadas distintas, v\u00e1rias metodologias t\u00e1ticas e mudan\u00e7as no formato de competi\u00e7\u00e3o ajudaram a moldar momentos que ainda hoje s\u00e3o recordados pelos f\u00e3s. O recorte \u00e9 hist\u00f3rico, valendo pela contribui\u00e7\u00e3o para a orquestra de grandes partidas da prova.<\/p>\n","protected":false},"excerpt":{"rendered":"<ul>\n<li>O texto regressa ao passado para recordar momentos hist\u00f3ricos da Champions, menos de 24 horas ap\u00f3s o PSG\u2013Bayern, que terminou com vit\u00f3ria do PSG por 5-4 no Parque dos Pr\u00edncipes.<\/li>\n<li>O duelo PSG contra Bayern \u00e9 referido como um exemplo marcante de uma noite de gala, destacando-o entre os acontecimentos recentes.<\/li>\n<li>A not\u00edcia aponta a escolha de outros onze encontros memor\u00e1veis ao longo da hist\u00f3ria da competi\u00e7\u00e3o.<\/li>\n<li>O recorte temporal abrange tamb\u00e9m o per\u00edodo da Ta\u00e7a dos Campe\u00f5es Europeus, at\u00e9 \u00e0 \u00e9poca de 1992\/93, com refer\u00eancia a momentos not\u00e1veis.<\/li>\n<li>O texto nota ainda que houve muitos outros jogos que poderiam ter sido mencionados, sem detalhar cada um deles.<\/li>\n<\/ul>\n","protected":false},"author":2,"featured_media":461496,"comment_status":"closed","ping_status":"closed","sticky":false,"template":"","format":"standard","meta":{"footnotes":""},"categories":[21,24],"tags":[3577,3517,2681,32,3338,299],"class_list":["post-461491","post","type-post","status-publish","format-standard","has-post-thumbnail","hentry","category-desporto","category-futebol","tag-champions-league","tag-confrontos-internacionais","tag-desporto-internacional","tag-futebol","tag-futebol-internacional","tag-historia"],"yoast_head":"<!-- This site is optimized with the Yoast SEO plugin v27.2 - https:\/\/yoast.com\/product\/yoast-seo-wordpress\/ -->\n<title>Champions: ap\u00f3s PSG-Bayern, destacamos 11 jogos memor\u00e1veis - Portal Tela Portugal<\/title>\n<meta name=\"robots\" content=\"index, follow, max-snippet:-1, max-image-preview:large, max-video-preview:-1\" \/>\n<meta property=\"og:locale\" content=\"pt_PT\" \/>\n<meta property=\"og:type\" content=\"article\" \/>\n<meta property=\"og:title\" content=\"Champions: ap\u00f3s PSG-Bayern, destacamos 11 jogos memor\u00e1veis - Portal Tela Portugal\" \/>\n<meta property=\"og:description\" content=\"O texto regressa ao passado para recordar momentos hist\u00f3ricos da Champions, menos de 24 horas ap\u00f3s o PSG\u2013Bayern, que terminou com vit\u00f3ria do PSG por 5-4 no Parque dos Pr\u00edncipes. O duelo PSG contra Bayern \u00e9 referido como um exemplo marcante de uma noite de gala, destacando-o entre os acontecimentos recentes. A not\u00edcia aponta a escolha de outros onze encontros memor\u00e1veis ao longo da hist\u00f3ria da competi\u00e7\u00e3o. O recorte temporal abrange tamb\u00e9m o per\u00edodo da Ta\u00e7a dos Campe\u00f5es Europeus, at\u00e9 \u00e0 \u00e9poca de 1992\/93, com refer\u00eancia a momentos not\u00e1veis. O texto nota ainda que houve muitos outros jogos que poderiam ter sido mencionados, sem detalhar cada um deles.\" \/>\n<meta property=\"og:url\" content=\"https:\/\/portaltela.pt\/noticias\/2026\/04\/29\/champions-apos-psg-bayern-destacamos-11-jogos-memoraveis\/\" \/>\n<meta property=\"og:site_name\" content=\"Portal Tela Portugal\" \/>\n<meta property=\"article:published_time\" content=\"2026-04-29T19:33:14+00:00\" \/>\n<meta name=\"author\" content=\"Telinha\" \/>\n<meta name=\"twitter:card\" content=\"summary_large_image\" \/>\n<meta name=\"twitter:label1\" content=\"Escrito por\" \/>\n\t<meta name=\"twitter:data1\" content=\"Telinha\" \/>\n\t<meta name=\"twitter:label2\" content=\"Tempo estimado de leitura\" \/>\n\t<meta name=\"twitter:data2\" content=\"1 minuto\" \/>\n<script type=\"application\/ld+json\" class=\"yoast-schema-graph\">{\"@context\":\"https:\/\/schema.org\",\"@graph\":[{\"@type\":\"Article\",\"@id\":\"https:\/\/portaltela.pt\/noticias\/2026\/04\/29\/champions-apos-psg-bayern-destacamos-11-jogos-memoraveis\/#article\",\"isPartOf\":{\"@id\":\"https:\/\/portaltela.pt\/noticias\/2026\/04\/29\/champions-apos-psg-bayern-destacamos-11-jogos-memoraveis\/\"},\"author\":{\"name\":\"Telinha\",\"@id\":\"https:\/\/portaltela.pt\/#\/schema\/person\/c4278d4a6028830caff9ee44b42d32ed\"},\"headline\":\"Champions: ap\u00f3s PSG-Bayern, destacamos 11 jogos memor\u00e1veis\",\"datePublished\":\"2026-04-29T19:33:14+00:00\",\"mainEntityOfPage\":{\"@id\":\"https:\/\/portaltela.pt\/noticias\/2026\/04\/29\/champions-apos-psg-bayern-destacamos-11-jogos-memoraveis\/\"},\"wordCount\":180,\"image\":{\"@id\":\"https:\/\/portaltela.pt\/noticias\/2026\/04\/29\/champions-apos-psg-bayern-destacamos-11-jogos-memoraveis\/#primaryimage\"},\"thumbnailUrl\":\"https:\/\/portaltela.pt\/s.01k8rhncp4jt1\/2026\/04\/img_1200x721uu2026-04-29-20-09-04-2435990.jpg\",\"keywords\":[\"Champions League\",\"confrontos internacionais\",\"desporto internacional\",\"futebol\",\"futebol internacional\",\"hist\u00f3ria\"],\"articleSection\":[\"Desporto\",\"Futebol\"],\"inLanguage\":\"pt-PT\"},{\"@type\":\"WebPage\",\"@id\":\"https:\/\/portaltela.pt\/noticias\/2026\/04\/29\/champions-apos-psg-bayern-destacamos-11-jogos-memoraveis\/\",\"url\":\"https:\/\/portaltela.pt\/noticias\/2026\/04\/29\/champions-apos-psg-bayern-destacamos-11-jogos-memoraveis\/\",\"name\":\"Champions: ap\u00f3s PSG-Bayern, destacamos 11 jogos memor\u00e1veis - Portal Tela Portugal\",\"isPartOf\":{\"@id\":\"https:\/\/portaltela.pt\/#website\"},\"primaryImageOfPage\":{\"@id\":\"https:\/\/portaltela.pt\/noticias\/2026\/04\/29\/champions-apos-psg-bayern-destacamos-11-jogos-memoraveis\/#primaryimage\"},\"image\":{\"@id\":\"https:\/\/portaltela.pt\/noticias\/2026\/04\/29\/champions-apos-psg-bayern-destacamos-11-jogos-memoraveis\/#primaryimage\"},\"thumbnailUrl\":\"https:\/\/portaltela.pt\/s.01k8rhncp4jt1\/2026\/04\/img_1200x721uu2026-04-29-20-09-04-2435990.jpg\",\"datePublished\":\"2026-04-29T19:33:14+00:00\",\"author\":{\"@id\":\"https:\/\/portaltela.pt\/#\/schema\/person\/c4278d4a6028830caff9ee44b42d32ed\"},\"breadcrumb\":{\"@id\":\"https:\/\/portaltela.pt\/noticias\/2026\/04\/29\/champions-apos-psg-bayern-destacamos-11-jogos-memoraveis\/#breadcrumb\"},\"inLanguage\":\"pt-PT\",\"potentialAction\":[{\"@type\":\"ReadAction\",\"target\":[\"https:\/\/portaltela.pt\/noticias\/2026\/04\/29\/champions-apos-psg-bayern-destacamos-11-jogos-memoraveis\/\"]}]},{\"@type\":\"ImageObject\",\"inLanguage\":\"pt-PT\",\"@id\":\"https:\/\/portaltela.pt\/noticias\/2026\/04\/29\/champions-apos-psg-bayern-destacamos-11-jogos-memoraveis\/#primaryimage\",\"url\":\"https:\/\/portaltela.pt\/s.01k8rhncp4jt1\/2026\/04\/img_1200x721uu2026-04-29-20-09-04-2435990.jpg\",\"contentUrl\":\"https:\/\/portaltela.pt\/s.01k8rhncp4jt1\/2026\/04\/img_1200x721uu2026-04-29-20-09-04-2435990.jpg\",\"width\":796,\"height\":448,\"caption\":\"Os jogos mais memor\u00e1veis da Champions: ap\u00f3s o PSG-Bayern escolhemos outros 11\"},{\"@type\":\"BreadcrumbList\",\"@id\":\"https:\/\/portaltela.pt\/noticias\/2026\/04\/29\/champions-apos-psg-bayern-destacamos-11-jogos-memoraveis\/#breadcrumb\",\"itemListElement\":[{\"@type\":\"ListItem\",\"position\":1,\"name\":\"In\u00edcio\",\"item\":\"https:\/\/portaltela.pt\/\"},{\"@type\":\"ListItem\",\"position\":2,\"name\":\"Champions: ap\u00f3s PSG-Bayern, destacamos 11 jogos memor\u00e1veis\"}]},{\"@type\":\"WebSite\",\"@id\":\"https:\/\/portaltela.pt\/#website\",\"url\":\"https:\/\/portaltela.pt\/\",\"name\":\"Portal Tela Portugal\",\"description\":\"\",\"potentialAction\":[{\"@type\":\"SearchAction\",\"target\":{\"@type\":\"EntryPoint\",\"urlTemplate\":\"https:\/\/portaltela.pt\/?s={search_term_string}\"},\"query-input\":{\"@type\":\"PropertyValueSpecification\",\"valueRequired\":true,\"valueName\":\"search_term_string\"}}],\"inLanguage\":\"pt-PT\"},{\"@type\":\"Person\",\"@id\":\"https:\/\/portaltela.pt\/#\/schema\/person\/c4278d4a6028830caff9ee44b42d32ed\",\"name\":\"Telinha\",\"image\":{\"@type\":\"ImageObject\",\"inLanguage\":\"pt-PT\",\"@id\":\"https:\/\/portaltela.pt\/s.01k8rhncp4jt1\/2025\/11\/talking-bot-125x125.png\",\"url\":\"https:\/\/portaltela.pt\/s.01k8rhncp4jt1\/2025\/11\/talking-bot-125x125.png\",\"contentUrl\":\"https:\/\/portaltela.pt\/s.01k8rhncp4jt1\/2025\/11\/talking-bot-125x125.png\",\"caption\":\"Telinha\"},\"sameAs\":[\"https:\/\/portaltela.pt\/\"],\"url\":\"https:\/\/portaltela.pt\/por\/367410592786\/\"}]}<\/script>\n<!-- \/ Yoast SEO plugin. -->","yoast_head_json":{"title":"Champions: ap\u00f3s PSG-Bayern, destacamos 11 jogos memor\u00e1veis - Portal Tela Portugal","robots":{"index":"index","follow":"follow","max-snippet":"max-snippet:-1","max-image-preview":"max-image-preview:large","max-video-preview":"max-video-preview:-1"},"og_locale":"pt_PT","og_type":"article","og_title":"Champions: ap\u00f3s PSG-Bayern, destacamos 11 jogos memor\u00e1veis - Portal Tela Portugal","og_description":"O texto regressa ao passado para recordar momentos hist\u00f3ricos da Champions, menos de 24 horas ap\u00f3s o PSG\u2013Bayern, que terminou com vit\u00f3ria do PSG por 5-4 no Parque dos Pr\u00edncipes. O duelo PSG contra Bayern \u00e9 referido como um exemplo marcante de uma noite de gala, destacando-o entre os acontecimentos recentes. A not\u00edcia aponta a escolha de outros onze encontros memor\u00e1veis ao longo da hist\u00f3ria da competi\u00e7\u00e3o. O recorte temporal abrange tamb\u00e9m o per\u00edodo da Ta\u00e7a dos Campe\u00f5es Europeus, at\u00e9 \u00e0 \u00e9poca de 1992\/93, com refer\u00eancia a momentos not\u00e1veis. O texto nota ainda que houve muitos outros jogos que poderiam ter sido mencionados, sem detalhar cada um deles.","og_url":"https:\/\/portaltela.pt\/noticias\/2026\/04\/29\/champions-apos-psg-bayern-destacamos-11-jogos-memoraveis\/","og_site_name":"Portal Tela Portugal","article_published_time":"2026-04-29T19:33:14+00:00","author":"Telinha","twitter_card":"summary_large_image","twitter_misc":{"Escrito por":"Telinha","Tempo estimado de leitura":"1 minuto"},"schema":{"@context":"https:\/\/schema.org","@graph":[{"@type":"Article","@id":"https:\/\/portaltela.pt\/noticias\/2026\/04\/29\/champions-apos-psg-bayern-destacamos-11-jogos-memoraveis\/#article","isPartOf":{"@id":"https:\/\/portaltela.pt\/noticias\/2026\/04\/29\/champions-apos-psg-bayern-destacamos-11-jogos-memoraveis\/"},"author":{"name":"Telinha","@id":"https:\/\/portaltela.pt\/#\/schema\/person\/c4278d4a6028830caff9ee44b42d32ed"},"headline":"Champions: ap\u00f3s PSG-Bayern, destacamos 11 jogos memor\u00e1veis","datePublished":"2026-04-29T19:33:14+00:00","mainEntityOfPage":{"@id":"https:\/\/portaltela.pt\/noticias\/2026\/04\/29\/champions-apos-psg-bayern-destacamos-11-jogos-memoraveis\/"},"wordCount":180,"image":{"@id":"https:\/\/portaltela.pt\/noticias\/2026\/04\/29\/champions-apos-psg-bayern-destacamos-11-jogos-memoraveis\/#primaryimage"},"thumbnailUrl":"https:\/\/portaltela.pt\/s.01k8rhncp4jt1\/2026\/04\/img_1200x721uu2026-04-29-20-09-04-2435990.jpg","keywords":["Champions League","confrontos internacionais","desporto internacional","futebol","futebol internacional","hist\u00f3ria"],"articleSection":["Desporto","Futebol"],"inLanguage":"pt-PT"},{"@type":"WebPage","@id":"https:\/\/portaltela.pt\/noticias\/2026\/04\/29\/champions-apos-psg-bayern-destacamos-11-jogos-memoraveis\/","url":"https:\/\/portaltela.pt\/noticias\/2026\/04\/29\/champions-apos-psg-bayern-destacamos-11-jogos-memoraveis\/","name":"Champions: ap\u00f3s PSG-Bayern, destacamos 11 jogos memor\u00e1veis - Portal Tela Portugal","isPartOf":{"@id":"https:\/\/portaltela.pt\/#website"},"primaryImageOfPage":{"@id":"https:\/\/portaltela.pt\/noticias\/2026\/04\/29\/champions-apos-psg-bayern-destacamos-11-jogos-memoraveis\/#primaryimage"},"image":{"@id":"https:\/\/portaltela.pt\/noticias\/2026\/04\/29\/champions-apos-psg-bayern-destacamos-11-jogos-memoraveis\/#primaryimage"},"thumbnailUrl":"https:\/\/portaltela.pt\/s.01k8rhncp4jt1\/2026\/04\/img_1200x721uu2026-04-29-20-09-04-2435990.jpg","datePublished":"2026-04-29T19:33:14+00:00","author":{"@id":"https:\/\/portaltela.pt\/#\/schema\/person\/c4278d4a6028830caff9ee44b42d32ed"},"breadcrumb":{"@id":"https:\/\/portaltela.pt\/noticias\/2026\/04\/29\/champions-apos-psg-bayern-destacamos-11-jogos-memoraveis\/#breadcrumb"},"inLanguage":"pt-PT","potentialAction":[{"@type":"ReadAction","target":["https:\/\/portaltela.pt\/noticias\/2026\/04\/29\/champions-apos-psg-bayern-destacamos-11-jogos-memoraveis\/"]}]},{"@type":"ImageObject","inLanguage":"pt-PT","@id":"https:\/\/portaltela.pt\/noticias\/2026\/04\/29\/champions-apos-psg-bayern-destacamos-11-jogos-memoraveis\/#primaryimage","url":"https:\/\/portaltela.pt\/s.01k8rhncp4jt1\/2026\/04\/img_1200x721uu2026-04-29-20-09-04-2435990.jpg","contentUrl":"https:\/\/portaltela.pt\/s.01k8rhncp4jt1\/2026\/04\/img_1200x721uu2026-04-29-20-09-04-2435990.jpg","width":796,"height":448,"caption":"Os jogos mais memor\u00e1veis da Champions: ap\u00f3s o PSG-Bayern escolhemos outros 11"},{"@type":"BreadcrumbList","@id":"https:\/\/portaltela.pt\/noticias\/2026\/04\/29\/champions-apos-psg-bayern-destacamos-11-jogos-memoraveis\/#breadcrumb","itemListElement":[{"@type":"ListItem","position":1,"name":"In\u00edcio","item":"https:\/\/portaltela.pt\/"},{"@type":"ListItem","position":2,"name":"Champions: ap\u00f3s PSG-Bayern, destacamos 11 jogos memor\u00e1veis"}]},{"@type":"WebSite","@id":"https:\/\/portaltela.pt\/#website","url":"https:\/\/portaltela.pt\/","name":"Portal Tela Portugal","description":"","potentialAction":[{"@type":"SearchAction","target":{"@type":"EntryPoint","urlTemplate":"https:\/\/portaltela.pt\/?s={search_term_string}"},"query-input":{"@type":"PropertyValueSpecification","valueRequired":true,"valueName":"search_term_string"}}],"inLanguage":"pt-PT"},{"@type":"Person","@id":"https:\/\/portaltela.pt\/#\/schema\/person\/c4278d4a6028830caff9ee44b42d32ed","name":"Telinha","image":{"@type":"ImageObject","inLanguage":"pt-PT","@id":"https:\/\/portaltela.pt\/s.01k8rhncp4jt1\/2025\/11\/talking-bot-125x125.png","url":"https:\/\/portaltela.pt\/s.01k8rhncp4jt1\/2025\/11\/talking-bot-125x125.png","contentUrl":"https:\/\/portaltela.pt\/s.01k8rhncp4jt1\/2025\/11\/talking-bot-125x125.png","caption":"Telinha"},"sameAs":["https:\/\/portaltela.pt\/"],"url":"https:\/\/portaltela.pt\/por\/367410592786\/"}]}},"_links":{"self":[{"href":"https:\/\/portaltela.pt\/api\/wp\/v2\/posts\/461491","targetHints":{"allow":["GET"]}}],"collection":[{"href":"https:\/\/portaltela.pt\/api\/wp\/v2\/posts"}],"about":[{"href":"https:\/\/portaltela.pt\/api\/wp\/v2\/types\/post"}],"author":[{"embeddable":true,"href":"https:\/\/portaltela.pt\/api\/wp\/v2\/users\/2"}],"replies":[{"embeddable":true,"href":"https:\/\/portaltela.pt\/api\/wp\/v2\/comments?post=461491"}],"version-history":[{"count":0,"href":"https:\/\/portaltela.pt\/api\/wp\/v2\/posts\/461491\/revisions"}],"wp:featuredmedia":[{"embeddable":true,"href":"https:\/\/portaltela.pt\/api\/wp\/v2\/media\/461496"}],"wp:attachment":[{"href":"https:\/\/portaltela.pt\/api\/wp\/v2\/media?parent=461491"}],"wp:term":[{"taxonomy":"category","embeddable":true,"href":"https:\/\/portaltela.pt\/api\/wp\/v2\/categories?post=461491"},{"taxonomy":"post_tag","embeddable":true,"href":"https:\/\/portaltela.pt\/api\/wp\/v2\/tags?post=461491"}],"curies":[{"name":"wp","href":"https:\/\/api.w.org\/{rel}","templated":true}]}}