{"id":461490,"date":"2026-04-29T16:33:12","date_gmt":"2026-04-29T19:33:12","guid":{"rendered":"https:\/\/portaltela.pt\/noticias\/2026\/04\/29\/video-mostra-ataques-do-hezbollah-a-tropas-israelitas-no-libano\/"},"modified":"2026-04-29T16:33:12","modified_gmt":"2026-04-29T19:33:12","slug":"video-mostra-ataques-do-hezbollah-a-tropas-israelitas-no-libano","status":"publish","type":"post","link":"https:\/\/portaltela.pt\/geopolitica\/2026\/04\/29\/video-mostra-ataques-do-hezbollah-a-tropas-israelitas-no-libano\/","title":{"rendered":"V\u00eddeo mostra ataques do Hezbollah a tropas israelitas no L\u00edbano"},"content":{"rendered":"<p>O Hezbollah divulgou imagens que alegadamente mostram ataques com drones contra ve\u00edculos militares israelitas no sul do L\u00edbano, num momento de forte escalada do conflito na regi\u00e3o.<\/p>\n<p>As filmagens, partilhadas por fontes associadas ao Hezbollah, sugerem ataques com drones na zona fronteiri\u00e7a. N\u00e3o h\u00e1 confirma\u00e7\u00e3o independente sobre danos ou baixas at\u00e9 ao momento.<\/p>\n<p>Este material chega num contexto de intensifica\u00e7\u00e3o de hostilidades entre Hezbollah e as for\u00e7as israelitas na regi\u00e3o, conforme cobertura de ag\u00eancias internacionais.<\/p>\n","protected":false},"excerpt":{"rendered":"<ul>\n<li>Imagens divulgadas pelo Hezbollah mostram alegados ataques com drones contra ve\u00edculos militares israelitas no sul do L\u00edbano.<\/li>\n<li>Os ataques s\u00e3o apresentados pela organiza\u00e7\u00e3o num momento de forte escalada do conflito na regi\u00e3o.<\/li>\n<li>As informa\u00e7\u00f5es referidas s\u00e3o baseadas no material divulgado pelo Hezbollah.<\/li>\n<li>O facto de os ataques serem alegados e n\u00e3o verificados oficialmente \u00e9 destacado pela mat\u00e9ria.<\/li>\n<\/ul>\n","protected":false},"author":2,"featured_media":461495,"comment_status":"closed","ping_status":"closed","sticky":false,"template":"","format":"standard","meta":{"footnotes":""},"categories":[6814],"tags":[8441,7934,8423,8191,8626],"class_list":["post-461490","post","type-post","status-publish","format-standard","has-post-thumbnail","hentry","category-geopolitica","tag-_conflito","tag-_conflitos-internacionais","tag-_drones","tag-_israel","tag-_libano"],"yoast_head":"<!-- This site is optimized with the Yoast SEO plugin v27.2 - https:\/\/yoast.com\/product\/yoast-seo-wordpress\/ -->\n<title>V\u00eddeo mostra ataques do Hezbollah a tropas israelitas no L\u00edbano - Portal Tela Portugal<\/title>\n<meta name=\"robots\" content=\"index, follow, max-snippet:-1, max-image-preview:large, max-video-preview:-1\" \/>\n<meta property=\"og:locale\" content=\"pt_PT\" \/>\n<meta property=\"og:type\" content=\"article\" \/>\n<meta property=\"og:title\" content=\"V\u00eddeo mostra ataques do Hezbollah a tropas israelitas no L\u00edbano - Portal Tela Portugal\" \/>\n<meta property=\"og:description\" content=\"Imagens divulgadas pelo Hezbollah mostram alegados ataques com drones contra ve\u00edculos militares israelitas no sul do L\u00edbano. Os ataques s\u00e3o apresentados pela organiza\u00e7\u00e3o num momento de forte escalada do conflito na regi\u00e3o. As informa\u00e7\u00f5es referidas s\u00e3o baseadas no material divulgado pelo Hezbollah. O facto de os ataques serem alegados e n\u00e3o verificados oficialmente \u00e9 destacado pela mat\u00e9ria.\" \/>\n<meta property=\"og:url\" content=\"https:\/\/portaltela.pt\/noticias\/2026\/04\/29\/video-mostra-ataques-do-hezbollah-a-tropas-israelitas-no-libano\/\" \/>\n<meta property=\"og:site_name\" content=\"Portal Tela Portugal\" \/>\n<meta property=\"article:published_time\" content=\"2026-04-29T19:33:12+00:00\" \/>\n<meta name=\"author\" content=\"Telinha\" \/>\n<meta name=\"twitter:card\" content=\"summary_large_image\" \/>\n<meta name=\"twitter:label1\" content=\"Escrito por\" \/>\n\t<meta name=\"twitter:data1\" content=\"Telinha\" \/>\n<script type=\"application\/ld+json\" class=\"yoast-schema-graph\">{\"@context\":\"https:\/\/schema.org\",\"@graph\":[{\"@type\":\"Article\",\"@id\":\"https:\/\/portaltela.pt\/noticias\/2026\/04\/29\/video-mostra-ataques-do-hezbollah-a-tropas-israelitas-no-libano\/#article\",\"isPartOf\":{\"@id\":\"https:\/\/portaltela.pt\/noticias\/2026\/04\/29\/video-mostra-ataques-do-hezbollah-a-tropas-israelitas-no-libano\/\"},\"author\":{\"name\":\"Telinha\",\"@id\":\"https:\/\/portaltela.pt\/#\/schema\/person\/c4278d4a6028830caff9ee44b42d32ed\"},\"headline\":\"V\u00eddeo mostra ataques do Hezbollah a tropas israelitas no L\u00edbano\",\"datePublished\":\"2026-04-29T19:33:12+00:00\",\"mainEntityOfPage\":{\"@id\":\"https:\/\/portaltela.pt\/noticias\/2026\/04\/29\/video-mostra-ataques-do-hezbollah-a-tropas-israelitas-no-libano\/\"},\"wordCount\":97,\"image\":{\"@id\":\"https:\/\/portaltela.pt\/noticias\/2026\/04\/29\/video-mostra-ataques-do-hezbollah-a-tropas-israelitas-no-libano\/#primaryimage\"},\"thumbnailUrl\":\"https:\/\/portaltela.pt\/s.01k8rhncp4jt1\/2026\/04\/img_1280x722uu2026-04-29-19-10-09-2281909.jpg\",\"keywords\":[\"_conflito\",\"_conflitos internacionais\",\"_drones\",\"_Israel\",\"_L\u00edbano\"],\"articleSection\":[\"Geopol\u00edtica\"],\"inLanguage\":\"pt-PT\"},{\"@type\":\"WebPage\",\"@id\":\"https:\/\/portaltela.pt\/noticias\/2026\/04\/29\/video-mostra-ataques-do-hezbollah-a-tropas-israelitas-no-libano\/\",\"url\":\"https:\/\/portaltela.pt\/noticias\/2026\/04\/29\/video-mostra-ataques-do-hezbollah-a-tropas-israelitas-no-libano\/\",\"name\":\"V\u00eddeo mostra ataques do Hezbollah a tropas israelitas no L\u00edbano - Portal Tela Portugal\",\"isPartOf\":{\"@id\":\"https:\/\/portaltela.pt\/#website\"},\"primaryImageOfPage\":{\"@id\":\"https:\/\/portaltela.pt\/noticias\/2026\/04\/29\/video-mostra-ataques-do-hezbollah-a-tropas-israelitas-no-libano\/#primaryimage\"},\"image\":{\"@id\":\"https:\/\/portaltela.pt\/noticias\/2026\/04\/29\/video-mostra-ataques-do-hezbollah-a-tropas-israelitas-no-libano\/#primaryimage\"},\"thumbnailUrl\":\"https:\/\/portaltela.pt\/s.01k8rhncp4jt1\/2026\/04\/img_1280x722uu2026-04-29-19-10-09-2281909.jpg\",\"datePublished\":\"2026-04-29T19:33:12+00:00\",\"author\":{\"@id\":\"https:\/\/portaltela.pt\/#\/schema\/person\/c4278d4a6028830caff9ee44b42d32ed\"},\"breadcrumb\":{\"@id\":\"https:\/\/portaltela.pt\/noticias\/2026\/04\/29\/video-mostra-ataques-do-hezbollah-a-tropas-israelitas-no-libano\/#breadcrumb\"},\"inLanguage\":\"pt-PT\",\"potentialAction\":[{\"@type\":\"ReadAction\",\"target\":[\"https:\/\/portaltela.pt\/noticias\/2026\/04\/29\/video-mostra-ataques-do-hezbollah-a-tropas-israelitas-no-libano\/\"]}]},{\"@type\":\"ImageObject\",\"inLanguage\":\"pt-PT\",\"@id\":\"https:\/\/portaltela.pt\/noticias\/2026\/04\/29\/video-mostra-ataques-do-hezbollah-a-tropas-israelitas-no-libano\/#primaryimage\",\"url\":\"https:\/\/portaltela.pt\/s.01k8rhncp4jt1\/2026\/04\/img_1280x722uu2026-04-29-19-10-09-2281909.jpg\",\"contentUrl\":\"https:\/\/portaltela.pt\/s.01k8rhncp4jt1\/2026\/04\/img_1280x722uu2026-04-29-19-10-09-2281909.jpg\",\"width\":796,\"height\":448,\"caption\":\"Imagem do v\u00eddeo mostrando ataques do Hezbollah contra tropas israelitas no L\u00edbano\"},{\"@type\":\"BreadcrumbList\",\"@id\":\"https:\/\/portaltela.pt\/noticias\/2026\/04\/29\/video-mostra-ataques-do-hezbollah-a-tropas-israelitas-no-libano\/#breadcrumb\",\"itemListElement\":[{\"@type\":\"ListItem\",\"position\":1,\"name\":\"In\u00edcio\",\"item\":\"https:\/\/portaltela.pt\/\"},{\"@type\":\"ListItem\",\"position\":2,\"name\":\"V\u00eddeo mostra ataques do Hezbollah a tropas israelitas no L\u00edbano\"}]},{\"@type\":\"WebSite\",\"@id\":\"https:\/\/portaltela.pt\/#website\",\"url\":\"https:\/\/portaltela.pt\/\",\"name\":\"Portal Tela Portugal\",\"description\":\"\",\"potentialAction\":[{\"@type\":\"SearchAction\",\"target\":{\"@type\":\"EntryPoint\",\"urlTemplate\":\"https:\/\/portaltela.pt\/?s={search_term_string}\"},\"query-input\":{\"@type\":\"PropertyValueSpecification\",\"valueRequired\":true,\"valueName\":\"search_term_string\"}}],\"inLanguage\":\"pt-PT\"},{\"@type\":\"Person\",\"@id\":\"https:\/\/portaltela.pt\/#\/schema\/person\/c4278d4a6028830caff9ee44b42d32ed\",\"name\":\"Telinha\",\"image\":{\"@type\":\"ImageObject\",\"inLanguage\":\"pt-PT\",\"@id\":\"https:\/\/portaltela.pt\/s.01k8rhncp4jt1\/2025\/11\/talking-bot-125x125.png\",\"url\":\"https:\/\/portaltela.pt\/s.01k8rhncp4jt1\/2025\/11\/talking-bot-125x125.png\",\"contentUrl\":\"https:\/\/portaltela.pt\/s.01k8rhncp4jt1\/2025\/11\/talking-bot-125x125.png\",\"caption\":\"Telinha\"},\"sameAs\":[\"https:\/\/portaltela.pt\/\"],\"url\":\"https:\/\/portaltela.pt\/por\/367410592786\/\"}]}<\/script>\n<!-- \/ Yoast SEO plugin. -->","yoast_head_json":{"title":"V\u00eddeo mostra ataques do Hezbollah a tropas israelitas no L\u00edbano - Portal Tela Portugal","robots":{"index":"index","follow":"follow","max-snippet":"max-snippet:-1","max-image-preview":"max-image-preview:large","max-video-preview":"max-video-preview:-1"},"og_locale":"pt_PT","og_type":"article","og_title":"V\u00eddeo mostra ataques do Hezbollah a tropas israelitas no L\u00edbano - Portal Tela Portugal","og_description":"Imagens divulgadas pelo Hezbollah mostram alegados ataques com drones contra ve\u00edculos militares israelitas no sul do L\u00edbano. Os ataques s\u00e3o apresentados pela organiza\u00e7\u00e3o num momento de forte escalada do conflito na regi\u00e3o. As informa\u00e7\u00f5es referidas s\u00e3o baseadas no material divulgado pelo Hezbollah. O facto de os ataques serem alegados e n\u00e3o verificados oficialmente \u00e9 destacado pela mat\u00e9ria.","og_url":"https:\/\/portaltela.pt\/noticias\/2026\/04\/29\/video-mostra-ataques-do-hezbollah-a-tropas-israelitas-no-libano\/","og_site_name":"Portal Tela Portugal","article_published_time":"2026-04-29T19:33:12+00:00","author":"Telinha","twitter_card":"summary_large_image","twitter_misc":{"Escrito por":"Telinha"},"schema":{"@context":"https:\/\/schema.org","@graph":[{"@type":"Article","@id":"https:\/\/portaltela.pt\/noticias\/2026\/04\/29\/video-mostra-ataques-do-hezbollah-a-tropas-israelitas-no-libano\/#article","isPartOf":{"@id":"https:\/\/portaltela.pt\/noticias\/2026\/04\/29\/video-mostra-ataques-do-hezbollah-a-tropas-israelitas-no-libano\/"},"author":{"name":"Telinha","@id":"https:\/\/portaltela.pt\/#\/schema\/person\/c4278d4a6028830caff9ee44b42d32ed"},"headline":"V\u00eddeo mostra ataques do Hezbollah a tropas israelitas no L\u00edbano","datePublished":"2026-04-29T19:33:12+00:00","mainEntityOfPage":{"@id":"https:\/\/portaltela.pt\/noticias\/2026\/04\/29\/video-mostra-ataques-do-hezbollah-a-tropas-israelitas-no-libano\/"},"wordCount":97,"image":{"@id":"https:\/\/portaltela.pt\/noticias\/2026\/04\/29\/video-mostra-ataques-do-hezbollah-a-tropas-israelitas-no-libano\/#primaryimage"},"thumbnailUrl":"https:\/\/portaltela.pt\/s.01k8rhncp4jt1\/2026\/04\/img_1280x722uu2026-04-29-19-10-09-2281909.jpg","keywords":["_conflito","_conflitos internacionais","_drones","_Israel","_L\u00edbano"],"articleSection":["Geopol\u00edtica"],"inLanguage":"pt-PT"},{"@type":"WebPage","@id":"https:\/\/portaltela.pt\/noticias\/2026\/04\/29\/video-mostra-ataques-do-hezbollah-a-tropas-israelitas-no-libano\/","url":"https:\/\/portaltela.pt\/noticias\/2026\/04\/29\/video-mostra-ataques-do-hezbollah-a-tropas-israelitas-no-libano\/","name":"V\u00eddeo mostra ataques do Hezbollah a tropas israelitas no L\u00edbano - Portal Tela Portugal","isPartOf":{"@id":"https:\/\/portaltela.pt\/#website"},"primaryImageOfPage":{"@id":"https:\/\/portaltela.pt\/noticias\/2026\/04\/29\/video-mostra-ataques-do-hezbollah-a-tropas-israelitas-no-libano\/#primaryimage"},"image":{"@id":"https:\/\/portaltela.pt\/noticias\/2026\/04\/29\/video-mostra-ataques-do-hezbollah-a-tropas-israelitas-no-libano\/#primaryimage"},"thumbnailUrl":"https:\/\/portaltela.pt\/s.01k8rhncp4jt1\/2026\/04\/img_1280x722uu2026-04-29-19-10-09-2281909.jpg","datePublished":"2026-04-29T19:33:12+00:00","author":{"@id":"https:\/\/portaltela.pt\/#\/schema\/person\/c4278d4a6028830caff9ee44b42d32ed"},"breadcrumb":{"@id":"https:\/\/portaltela.pt\/noticias\/2026\/04\/29\/video-mostra-ataques-do-hezbollah-a-tropas-israelitas-no-libano\/#breadcrumb"},"inLanguage":"pt-PT","potentialAction":[{"@type":"ReadAction","target":["https:\/\/portaltela.pt\/noticias\/2026\/04\/29\/video-mostra-ataques-do-hezbollah-a-tropas-israelitas-no-libano\/"]}]},{"@type":"ImageObject","inLanguage":"pt-PT","@id":"https:\/\/portaltela.pt\/noticias\/2026\/04\/29\/video-mostra-ataques-do-hezbollah-a-tropas-israelitas-no-libano\/#primaryimage","url":"https:\/\/portaltela.pt\/s.01k8rhncp4jt1\/2026\/04\/img_1280x722uu2026-04-29-19-10-09-2281909.jpg","contentUrl":"https:\/\/portaltela.pt\/s.01k8rhncp4jt1\/2026\/04\/img_1280x722uu2026-04-29-19-10-09-2281909.jpg","width":796,"height":448,"caption":"Imagem do v\u00eddeo mostrando ataques do Hezbollah contra tropas israelitas no L\u00edbano"},{"@type":"BreadcrumbList","@id":"https:\/\/portaltela.pt\/noticias\/2026\/04\/29\/video-mostra-ataques-do-hezbollah-a-tropas-israelitas-no-libano\/#breadcrumb","itemListElement":[{"@type":"ListItem","position":1,"name":"In\u00edcio","item":"https:\/\/portaltela.pt\/"},{"@type":"ListItem","position":2,"name":"V\u00eddeo mostra ataques do Hezbollah a tropas israelitas no L\u00edbano"}]},{"@type":"WebSite","@id":"https:\/\/portaltela.pt\/#website","url":"https:\/\/portaltela.pt\/","name":"Portal Tela Portugal","description":"","potentialAction":[{"@type":"SearchAction","target":{"@type":"EntryPoint","urlTemplate":"https:\/\/portaltela.pt\/?s={search_term_string}"},"query-input":{"@type":"PropertyValueSpecification","valueRequired":true,"valueName":"search_term_string"}}],"inLanguage":"pt-PT"},{"@type":"Person","@id":"https:\/\/portaltela.pt\/#\/schema\/person\/c4278d4a6028830caff9ee44b42d32ed","name":"Telinha","image":{"@type":"ImageObject","inLanguage":"pt-PT","@id":"https:\/\/portaltela.pt\/s.01k8rhncp4jt1\/2025\/11\/talking-bot-125x125.png","url":"https:\/\/portaltela.pt\/s.01k8rhncp4jt1\/2025\/11\/talking-bot-125x125.png","contentUrl":"https:\/\/portaltela.pt\/s.01k8rhncp4jt1\/2025\/11\/talking-bot-125x125.png","caption":"Telinha"},"sameAs":["https:\/\/portaltela.pt\/"],"url":"https:\/\/portaltela.pt\/por\/367410592786\/"}]}},"_links":{"self":[{"href":"https:\/\/portaltela.pt\/api\/wp\/v2\/posts\/461490","targetHints":{"allow":["GET"]}}],"collection":[{"href":"https:\/\/portaltela.pt\/api\/wp\/v2\/posts"}],"about":[{"href":"https:\/\/portaltela.pt\/api\/wp\/v2\/types\/post"}],"author":[{"embeddable":true,"href":"https:\/\/portaltela.pt\/api\/wp\/v2\/users\/2"}],"replies":[{"embeddable":true,"href":"https:\/\/portaltela.pt\/api\/wp\/v2\/comments?post=461490"}],"version-history":[{"count":0,"href":"https:\/\/portaltela.pt\/api\/wp\/v2\/posts\/461490\/revisions"}],"wp:featuredmedia":[{"embeddable":true,"href":"https:\/\/portaltela.pt\/api\/wp\/v2\/media\/461495"}],"wp:attachment":[{"href":"https:\/\/portaltela.pt\/api\/wp\/v2\/media?parent=461490"}],"wp:term":[{"taxonomy":"category","embeddable":true,"href":"https:\/\/portaltela.pt\/api\/wp\/v2\/categories?post=461490"},{"taxonomy":"post_tag","embeddable":true,"href":"https:\/\/portaltela.pt\/api\/wp\/v2\/tags?post=461490"}],"curies":[{"name":"wp","href":"https:\/\/api.w.org\/{rel}","templated":true}]}}