{"id":461483,"date":"2026-04-29T16:33:02","date_gmt":"2026-04-29T19:33:02","guid":{"rendered":"https:\/\/portaltela.pt\/noticias\/2026\/04\/29\/dois-homens-judeus-esfaqueados-em-londres-policia-investiga-terrorismo\/"},"modified":"2026-04-29T16:33:02","modified_gmt":"2026-04-29T19:33:02","slug":"dois-homens-judeus-esfaqueados-em-londres-policia-investiga-terrorismo","status":"publish","type":"post","link":"https:\/\/portaltela.pt\/policia\/2026\/04\/29\/dois-homens-judeus-esfaqueados-em-londres-policia-investiga-terrorismo\/","title":{"rendered":"Dois homens judeus esfaqueados em Londres; pol\u00edcia investiga terrorismo"},"content":{"rendered":"<p>Dois homens foram esfaqueados pela manh\u00e3 no bairro de Golders Green, no norte de Londres. A pol\u00edcia trata o ataque como um ato de terrorismo com motiva\u00e7\u00f5es anti-semitas. As v\u00edtimas t\u00eam 76 e 34 anos e est\u00e3o hospitalizadas em estado est\u00e1vel. O incidente ocorreu na rua, sem confirma\u00e7\u00e3o de outros feridos.<\/p>\n<p>O suspeito, um homem de 45 anos, foi detido ap\u00f3s tentar agredir agentes de seguran\u00e7a. Foi imobilizado com uma arma de electrochoque e permanece sob interrogat\u00f3rio por homic\u00eddio na forma tentada. A pol\u00edcia indica antecedentes de viol\u00eancia e sinais de problemas de sa\u00fade mental.<\/p>\n<h3>Rea\u00e7\u00e3o policial e comunit\u00e1ria<\/h3>\n<p>O chefe de pol\u00edcia de Londres, Mark Rowley, afirmou que o incidente acarreta preocupa\u00e7\u00e3o com a seguran\u00e7a das comunidades judaicas, especialmente ap\u00f3s uma s\u00e9rie de ataques. A multid\u00e3o presente no local expressou descontentamento com a atua\u00e7\u00e3o policial.<\/p>\n<h3>Contexto e desdobramentos<\/h3>\n<p>Em outubro, duas pessoas foram mortas num atropelo junto a uma sinagoga em Manchester, quando se preparavam para o Yom Kippur. O caso gerou condena\u00e7\u00e3o e pedidos de a\u00e7\u00e3o mais firme contra o anti-semitismo.<\/p>\n<h3>Rea\u00e7\u00f5es internacionais<\/h3>\n<p>O rabino-chefe Ephraim Mirvis pediu uma resposta firme do Governo brit\u00e2nico contra o \u00f3dio. O primeiro-ministro brit\u00e2nico reiterou o compromisso de refor\u00e7ar a seguran\u00e7a das comunidades judaicas. O caso chegou igualmente \u00e0 imprensa internacional, com declara\u00e7\u00f5es oficiais.<\/p>\n<h3>A\u00e7\u00f5es de grupos e investiga\u00e7\u00f5es<\/h3>\n<p>Um grupo pr\u00f3-iraniano conhecido como Ashab al-Yamin reivindicou o ataque em redes sociais, mas a veracidade dessas alega\u00e7\u00f5es ainda n\u00e3o foi confirmada. A pol\u00edcia continua a investigar a motiva\u00e7\u00e3o e a poss\u00edvel liga\u00e7\u00e3o com organiza\u00e7\u00f5es externas.<\/p>\n","protected":false},"excerpt":{"rendered":"<ul>\n<li>Dois homens judeus, de 76 e 34 anos, foram esfaqueados no bairro de Golders Green, em Londres, e hospitalizados em estado est\u00e1vel.<\/li>\n<li>A pol\u00edcia trata o caso como terrorismo com motiva\u00e7\u00f5es anti-semitas; o suspeito, um homem de 45 anos, foi detido ap\u00f3s ser imobilizado com uma arma el\u00e9trica (*taser*).<\/li>\n<li>O suspeito est\u00e1 a ser interrogado por homic\u00eddio na forma tentada; tem antecedentes de viol\u00eancia e estava sinalizado devido a problemas de sa\u00fade mental, conforme a pol\u00edcia de Londres.<\/li>\n<li>O incidente gerou rea\u00e7\u00e3o entre a comunidade judaica e houve vaias dirigidas ao chefe policial junto ao local, exigindo melhoria na prote\u00e7\u00e3o da comunidade.<\/li>\n<li>Autoridades reagiram: o primeiro-ministro condenou o ataque; o rabino-chefe pediu a\u00e7\u00f5es mais firmes contra o anti-semitismo; o caso tamb\u00e9m suscitou men\u00e7\u00e3o de uma reivindica\u00e7\u00e3o de um grupo pr\u00f3-iraniano, ainda n\u00e3o confirmada.<\/li>\n<\/ul>\n","protected":false},"author":2,"featured_media":461489,"comment_status":"closed","ping_status":"closed","sticky":false,"template":"","format":"standard","meta":{"footnotes":""},"categories":[6907,6781],"tags":[8504,8796,8276,8101,7878,8482],"class_list":["post-461483","post","type-post","status-publish","format-standard","has-post-thumbnail","hentry","category-crime","category-policia","tag-_antissemitismo","tag-_londres","tag-_pessoas","tag-_reino-unido","tag-_seguranca-publica","tag-_terrorismo"],"yoast_head":"<!-- This site is optimized with the Yoast SEO plugin v27.2 - https:\/\/yoast.com\/product\/yoast-seo-wordpress\/ -->\n<title>Dois homens judeus esfaqueados em Londres; pol\u00edcia investiga terrorismo - Portal Tela Portugal<\/title>\n<meta name=\"robots\" content=\"index, follow, max-snippet:-1, max-image-preview:large, max-video-preview:-1\" \/>\n<meta property=\"og:locale\" content=\"pt_PT\" \/>\n<meta property=\"og:type\" content=\"article\" \/>\n<meta property=\"og:title\" content=\"Dois homens judeus esfaqueados em Londres; pol\u00edcia investiga terrorismo - Portal Tela Portugal\" \/>\n<meta property=\"og:description\" content=\"Dois homens judeus, de 76 e 34 anos, foram esfaqueados no bairro de Golders Green, em Londres, e hospitalizados em estado est\u00e1vel. A pol\u00edcia trata o caso como terrorismo com motiva\u00e7\u00f5es anti-semitas; o suspeito, um homem de 45 anos, foi detido ap\u00f3s ser imobilizado com uma arma el\u00e9trica (*taser*). O suspeito est\u00e1 a ser interrogado por homic\u00eddio na forma tentada; tem antecedentes de viol\u00eancia e estava sinalizado devido a problemas de sa\u00fade mental, conforme a pol\u00edcia de Londres. O incidente gerou rea\u00e7\u00e3o entre a comunidade judaica e houve vaias dirigidas ao chefe policial junto ao local, exigindo melhoria na prote\u00e7\u00e3o da comunidade. Autoridades reagiram: o primeiro-ministro condenou o ataque; o rabino-chefe pediu a\u00e7\u00f5es mais firmes contra o anti-semitismo; o caso tamb\u00e9m suscitou men\u00e7\u00e3o de uma reivindica\u00e7\u00e3o de um grupo pr\u00f3-iraniano, ainda n\u00e3o confirmada.\" \/>\n<meta property=\"og:url\" content=\"https:\/\/portaltela.pt\/noticias\/2026\/04\/29\/dois-homens-judeus-esfaqueados-em-londres-policia-investiga-terrorismo\/\" \/>\n<meta property=\"og:site_name\" content=\"Portal Tela Portugal\" \/>\n<meta property=\"article:published_time\" content=\"2026-04-29T19:33:02+00:00\" \/>\n<meta name=\"author\" content=\"Telinha\" \/>\n<meta name=\"twitter:card\" content=\"summary_large_image\" \/>\n<meta name=\"twitter:label1\" content=\"Escrito por\" \/>\n\t<meta name=\"twitter:data1\" content=\"Telinha\" \/>\n\t<meta name=\"twitter:label2\" content=\"Tempo estimado de leitura\" \/>\n\t<meta name=\"twitter:data2\" content=\"1 minuto\" \/>\n<script type=\"application\/ld+json\" class=\"yoast-schema-graph\">{\"@context\":\"https:\/\/schema.org\",\"@graph\":[{\"@type\":\"Article\",\"@id\":\"https:\/\/portaltela.pt\/noticias\/2026\/04\/29\/dois-homens-judeus-esfaqueados-em-londres-policia-investiga-terrorismo\/#article\",\"isPartOf\":{\"@id\":\"https:\/\/portaltela.pt\/noticias\/2026\/04\/29\/dois-homens-judeus-esfaqueados-em-londres-policia-investiga-terrorismo\/\"},\"author\":{\"name\":\"Telinha\",\"@id\":\"https:\/\/portaltela.pt\/#\/schema\/person\/c4278d4a6028830caff9ee44b42d32ed\"},\"headline\":\"Dois homens judeus esfaqueados em Londres; pol\u00edcia investiga terrorismo\",\"datePublished\":\"2026-04-29T19:33:02+00:00\",\"mainEntityOfPage\":{\"@id\":\"https:\/\/portaltela.pt\/noticias\/2026\/04\/29\/dois-homens-judeus-esfaqueados-em-londres-policia-investiga-terrorismo\/\"},\"wordCount\":300,\"image\":{\"@id\":\"https:\/\/portaltela.pt\/noticias\/2026\/04\/29\/dois-homens-judeus-esfaqueados-em-londres-policia-investiga-terrorismo\/#primaryimage\"},\"thumbnailUrl\":\"https:\/\/portaltela.pt\/s.01k8rhncp4jt1\/2026\/04\/2085084.jpg\",\"keywords\":[\"_antissemitismo\",\"_Londres\",\"_pessoas\",\"_Reino Unido\",\"_seguran\u00e7a p\u00fablica\",\"_terrorismo\"],\"articleSection\":[\"Crime\",\"Pol\u00edcia\"],\"inLanguage\":\"pt-PT\"},{\"@type\":\"WebPage\",\"@id\":\"https:\/\/portaltela.pt\/noticias\/2026\/04\/29\/dois-homens-judeus-esfaqueados-em-londres-policia-investiga-terrorismo\/\",\"url\":\"https:\/\/portaltela.pt\/noticias\/2026\/04\/29\/dois-homens-judeus-esfaqueados-em-londres-policia-investiga-terrorismo\/\",\"name\":\"Dois homens judeus esfaqueados em Londres; pol\u00edcia investiga terrorismo - Portal Tela Portugal\",\"isPartOf\":{\"@id\":\"https:\/\/portaltela.pt\/#website\"},\"primaryImageOfPage\":{\"@id\":\"https:\/\/portaltela.pt\/noticias\/2026\/04\/29\/dois-homens-judeus-esfaqueados-em-londres-policia-investiga-terrorismo\/#primaryimage\"},\"image\":{\"@id\":\"https:\/\/portaltela.pt\/noticias\/2026\/04\/29\/dois-homens-judeus-esfaqueados-em-londres-policia-investiga-terrorismo\/#primaryimage\"},\"thumbnailUrl\":\"https:\/\/portaltela.pt\/s.01k8rhncp4jt1\/2026\/04\/2085084.jpg\",\"datePublished\":\"2026-04-29T19:33:02+00:00\",\"author\":{\"@id\":\"https:\/\/portaltela.pt\/#\/schema\/person\/c4278d4a6028830caff9ee44b42d32ed\"},\"breadcrumb\":{\"@id\":\"https:\/\/portaltela.pt\/noticias\/2026\/04\/29\/dois-homens-judeus-esfaqueados-em-londres-policia-investiga-terrorismo\/#breadcrumb\"},\"inLanguage\":\"pt-PT\",\"potentialAction\":[{\"@type\":\"ReadAction\",\"target\":[\"https:\/\/portaltela.pt\/noticias\/2026\/04\/29\/dois-homens-judeus-esfaqueados-em-londres-policia-investiga-terrorismo\/\"]}]},{\"@type\":\"ImageObject\",\"inLanguage\":\"pt-PT\",\"@id\":\"https:\/\/portaltela.pt\/noticias\/2026\/04\/29\/dois-homens-judeus-esfaqueados-em-londres-policia-investiga-terrorismo\/#primaryimage\",\"url\":\"https:\/\/portaltela.pt\/s.01k8rhncp4jt1\/2026\/04\/2085084.jpg\",\"contentUrl\":\"https:\/\/portaltela.pt\/s.01k8rhncp4jt1\/2026\/04\/2085084.jpg\",\"width\":796,\"height\":448,\"caption\":\"Bairro de Golders Green, onde aconteceu o ataque, tem uma grande comunidade de judeus ortodoxos\"},{\"@type\":\"BreadcrumbList\",\"@id\":\"https:\/\/portaltela.pt\/noticias\/2026\/04\/29\/dois-homens-judeus-esfaqueados-em-londres-policia-investiga-terrorismo\/#breadcrumb\",\"itemListElement\":[{\"@type\":\"ListItem\",\"position\":1,\"name\":\"In\u00edcio\",\"item\":\"https:\/\/portaltela.pt\/\"},{\"@type\":\"ListItem\",\"position\":2,\"name\":\"Dois homens judeus esfaqueados em Londres; pol\u00edcia investiga terrorismo\"}]},{\"@type\":\"WebSite\",\"@id\":\"https:\/\/portaltela.pt\/#website\",\"url\":\"https:\/\/portaltela.pt\/\",\"name\":\"Portal Tela Portugal\",\"description\":\"\",\"potentialAction\":[{\"@type\":\"SearchAction\",\"target\":{\"@type\":\"EntryPoint\",\"urlTemplate\":\"https:\/\/portaltela.pt\/?s={search_term_string}\"},\"query-input\":{\"@type\":\"PropertyValueSpecification\",\"valueRequired\":true,\"valueName\":\"search_term_string\"}}],\"inLanguage\":\"pt-PT\"},{\"@type\":\"Person\",\"@id\":\"https:\/\/portaltela.pt\/#\/schema\/person\/c4278d4a6028830caff9ee44b42d32ed\",\"name\":\"Telinha\",\"image\":{\"@type\":\"ImageObject\",\"inLanguage\":\"pt-PT\",\"@id\":\"https:\/\/portaltela.pt\/s.01k8rhncp4jt1\/2025\/11\/talking-bot-125x125.png\",\"url\":\"https:\/\/portaltela.pt\/s.01k8rhncp4jt1\/2025\/11\/talking-bot-125x125.png\",\"contentUrl\":\"https:\/\/portaltela.pt\/s.01k8rhncp4jt1\/2025\/11\/talking-bot-125x125.png\",\"caption\":\"Telinha\"},\"sameAs\":[\"https:\/\/portaltela.pt\/\"],\"url\":\"https:\/\/portaltela.pt\/por\/367410592786\/\"}]}<\/script>\n<!-- \/ Yoast SEO plugin. -->","yoast_head_json":{"title":"Dois homens judeus esfaqueados em Londres; pol\u00edcia investiga terrorismo - Portal Tela Portugal","robots":{"index":"index","follow":"follow","max-snippet":"max-snippet:-1","max-image-preview":"max-image-preview:large","max-video-preview":"max-video-preview:-1"},"og_locale":"pt_PT","og_type":"article","og_title":"Dois homens judeus esfaqueados em Londres; pol\u00edcia investiga terrorismo - Portal Tela Portugal","og_description":"Dois homens judeus, de 76 e 34 anos, foram esfaqueados no bairro de Golders Green, em Londres, e hospitalizados em estado est\u00e1vel. A pol\u00edcia trata o caso como terrorismo com motiva\u00e7\u00f5es anti-semitas; o suspeito, um homem de 45 anos, foi detido ap\u00f3s ser imobilizado com uma arma el\u00e9trica (*taser*). O suspeito est\u00e1 a ser interrogado por homic\u00eddio na forma tentada; tem antecedentes de viol\u00eancia e estava sinalizado devido a problemas de sa\u00fade mental, conforme a pol\u00edcia de Londres. O incidente gerou rea\u00e7\u00e3o entre a comunidade judaica e houve vaias dirigidas ao chefe policial junto ao local, exigindo melhoria na prote\u00e7\u00e3o da comunidade. Autoridades reagiram: o primeiro-ministro condenou o ataque; o rabino-chefe pediu a\u00e7\u00f5es mais firmes contra o anti-semitismo; o caso tamb\u00e9m suscitou men\u00e7\u00e3o de uma reivindica\u00e7\u00e3o de um grupo pr\u00f3-iraniano, ainda n\u00e3o confirmada.","og_url":"https:\/\/portaltela.pt\/noticias\/2026\/04\/29\/dois-homens-judeus-esfaqueados-em-londres-policia-investiga-terrorismo\/","og_site_name":"Portal Tela Portugal","article_published_time":"2026-04-29T19:33:02+00:00","author":"Telinha","twitter_card":"summary_large_image","twitter_misc":{"Escrito por":"Telinha","Tempo estimado de leitura":"1 minuto"},"schema":{"@context":"https:\/\/schema.org","@graph":[{"@type":"Article","@id":"https:\/\/portaltela.pt\/noticias\/2026\/04\/29\/dois-homens-judeus-esfaqueados-em-londres-policia-investiga-terrorismo\/#article","isPartOf":{"@id":"https:\/\/portaltela.pt\/noticias\/2026\/04\/29\/dois-homens-judeus-esfaqueados-em-londres-policia-investiga-terrorismo\/"},"author":{"name":"Telinha","@id":"https:\/\/portaltela.pt\/#\/schema\/person\/c4278d4a6028830caff9ee44b42d32ed"},"headline":"Dois homens judeus esfaqueados em Londres; pol\u00edcia investiga terrorismo","datePublished":"2026-04-29T19:33:02+00:00","mainEntityOfPage":{"@id":"https:\/\/portaltela.pt\/noticias\/2026\/04\/29\/dois-homens-judeus-esfaqueados-em-londres-policia-investiga-terrorismo\/"},"wordCount":300,"image":{"@id":"https:\/\/portaltela.pt\/noticias\/2026\/04\/29\/dois-homens-judeus-esfaqueados-em-londres-policia-investiga-terrorismo\/#primaryimage"},"thumbnailUrl":"https:\/\/portaltela.pt\/s.01k8rhncp4jt1\/2026\/04\/2085084.jpg","keywords":["_antissemitismo","_Londres","_pessoas","_Reino Unido","_seguran\u00e7a p\u00fablica","_terrorismo"],"articleSection":["Crime","Pol\u00edcia"],"inLanguage":"pt-PT"},{"@type":"WebPage","@id":"https:\/\/portaltela.pt\/noticias\/2026\/04\/29\/dois-homens-judeus-esfaqueados-em-londres-policia-investiga-terrorismo\/","url":"https:\/\/portaltela.pt\/noticias\/2026\/04\/29\/dois-homens-judeus-esfaqueados-em-londres-policia-investiga-terrorismo\/","name":"Dois homens judeus esfaqueados em Londres; pol\u00edcia investiga terrorismo - Portal Tela Portugal","isPartOf":{"@id":"https:\/\/portaltela.pt\/#website"},"primaryImageOfPage":{"@id":"https:\/\/portaltela.pt\/noticias\/2026\/04\/29\/dois-homens-judeus-esfaqueados-em-londres-policia-investiga-terrorismo\/#primaryimage"},"image":{"@id":"https:\/\/portaltela.pt\/noticias\/2026\/04\/29\/dois-homens-judeus-esfaqueados-em-londres-policia-investiga-terrorismo\/#primaryimage"},"thumbnailUrl":"https:\/\/portaltela.pt\/s.01k8rhncp4jt1\/2026\/04\/2085084.jpg","datePublished":"2026-04-29T19:33:02+00:00","author":{"@id":"https:\/\/portaltela.pt\/#\/schema\/person\/c4278d4a6028830caff9ee44b42d32ed"},"breadcrumb":{"@id":"https:\/\/portaltela.pt\/noticias\/2026\/04\/29\/dois-homens-judeus-esfaqueados-em-londres-policia-investiga-terrorismo\/#breadcrumb"},"inLanguage":"pt-PT","potentialAction":[{"@type":"ReadAction","target":["https:\/\/portaltela.pt\/noticias\/2026\/04\/29\/dois-homens-judeus-esfaqueados-em-londres-policia-investiga-terrorismo\/"]}]},{"@type":"ImageObject","inLanguage":"pt-PT","@id":"https:\/\/portaltela.pt\/noticias\/2026\/04\/29\/dois-homens-judeus-esfaqueados-em-londres-policia-investiga-terrorismo\/#primaryimage","url":"https:\/\/portaltela.pt\/s.01k8rhncp4jt1\/2026\/04\/2085084.jpg","contentUrl":"https:\/\/portaltela.pt\/s.01k8rhncp4jt1\/2026\/04\/2085084.jpg","width":796,"height":448,"caption":"Bairro de Golders Green, onde aconteceu o ataque, tem uma grande comunidade de judeus ortodoxos"},{"@type":"BreadcrumbList","@id":"https:\/\/portaltela.pt\/noticias\/2026\/04\/29\/dois-homens-judeus-esfaqueados-em-londres-policia-investiga-terrorismo\/#breadcrumb","itemListElement":[{"@type":"ListItem","position":1,"name":"In\u00edcio","item":"https:\/\/portaltela.pt\/"},{"@type":"ListItem","position":2,"name":"Dois homens judeus esfaqueados em Londres; pol\u00edcia investiga terrorismo"}]},{"@type":"WebSite","@id":"https:\/\/portaltela.pt\/#website","url":"https:\/\/portaltela.pt\/","name":"Portal Tela Portugal","description":"","potentialAction":[{"@type":"SearchAction","target":{"@type":"EntryPoint","urlTemplate":"https:\/\/portaltela.pt\/?s={search_term_string}"},"query-input":{"@type":"PropertyValueSpecification","valueRequired":true,"valueName":"search_term_string"}}],"inLanguage":"pt-PT"},{"@type":"Person","@id":"https:\/\/portaltela.pt\/#\/schema\/person\/c4278d4a6028830caff9ee44b42d32ed","name":"Telinha","image":{"@type":"ImageObject","inLanguage":"pt-PT","@id":"https:\/\/portaltela.pt\/s.01k8rhncp4jt1\/2025\/11\/talking-bot-125x125.png","url":"https:\/\/portaltela.pt\/s.01k8rhncp4jt1\/2025\/11\/talking-bot-125x125.png","contentUrl":"https:\/\/portaltela.pt\/s.01k8rhncp4jt1\/2025\/11\/talking-bot-125x125.png","caption":"Telinha"},"sameAs":["https:\/\/portaltela.pt\/"],"url":"https:\/\/portaltela.pt\/por\/367410592786\/"}]}},"_links":{"self":[{"href":"https:\/\/portaltela.pt\/api\/wp\/v2\/posts\/461483","targetHints":{"allow":["GET"]}}],"collection":[{"href":"https:\/\/portaltela.pt\/api\/wp\/v2\/posts"}],"about":[{"href":"https:\/\/portaltela.pt\/api\/wp\/v2\/types\/post"}],"author":[{"embeddable":true,"href":"https:\/\/portaltela.pt\/api\/wp\/v2\/users\/2"}],"replies":[{"embeddable":true,"href":"https:\/\/portaltela.pt\/api\/wp\/v2\/comments?post=461483"}],"version-history":[{"count":0,"href":"https:\/\/portaltela.pt\/api\/wp\/v2\/posts\/461483\/revisions"}],"wp:featuredmedia":[{"embeddable":true,"href":"https:\/\/portaltela.pt\/api\/wp\/v2\/media\/461489"}],"wp:attachment":[{"href":"https:\/\/portaltela.pt\/api\/wp\/v2\/media?parent=461483"}],"wp:term":[{"taxonomy":"category","embeddable":true,"href":"https:\/\/portaltela.pt\/api\/wp\/v2\/categories?post=461483"},{"taxonomy":"post_tag","embeddable":true,"href":"https:\/\/portaltela.pt\/api\/wp\/v2\/tags?post=461483"}],"curies":[{"name":"wp","href":"https:\/\/api.w.org\/{rel}","templated":true}]}}