{"id":461482,"date":"2026-04-29T16:33:02","date_gmt":"2026-04-29T19:33:02","guid":{"rendered":"https:\/\/portaltela.pt\/noticias\/2026\/04\/29\/funicular-da-graca-em-lisboa-reabre-na-quinta-feira\/"},"modified":"2026-04-29T16:33:02","modified_gmt":"2026-04-29T19:33:02","slug":"funicular-da-graca-em-lisboa-reabre-na-quinta-feira","status":"publish","type":"post","link":"https:\/\/portaltela.pt\/noticias\/economia\/2026\/04\/29\/funicular-da-graca-em-lisboa-reabre-na-quinta-feira\/","title":{"rendered":"Funicular da Gra\u00e7a, em Lisboa, reabre na quinta-feira"},"content":{"rendered":"<p>O Funicular da Gra\u00e7a, em Lisboa, vai voltar a funcionar na quinta-feira, segundo a Carris. A circula\u00e7\u00e3o da linha deve ser retomada pela empresa respons\u00e1vel pelo servi\u00e7o de transporte.<\/p>\n<p>A Carris \u00e9 a entidade envolvida na opera\u00e7\u00e3o do funicular, que liga o Castelo de S. Jorge \u00e0 Rua da Gra\u00e7a. O reatesto da circula\u00e7\u00e3o foi anunciado pela operadora.<\/p>\n<p>Quando: a circula\u00e7\u00e3o est\u00e1 marcada para quinta-feira. Onde: Lisboa, na linha do Funicular da Gra\u00e7a, elo entre o miradouro da Gra\u00e7a e o centro hist\u00f3rico.<\/p>\n<p>Porqu\u00ea: a Carris ainda n\u00e3o divulgou detalhes sobre as raz\u00f5es da interrup\u00e7\u00e3o anterior nem sobre o motivo da retoma. A empresa apenas confirmou a reabertura para quinta-feira.<\/p>\n<p>A not\u00edcia n\u00e3o inclui informa\u00e7\u00f5es adicionais sobre hor\u00e1rios espec\u00edficos ou eventuais altera\u00e7\u00f5es. Aguardam-se comunicados oficiais da Carris para mais dados.<\/p>\n","protected":false},"excerpt":{"rendered":"<ul>\n<li>O Funicular da Gra\u00e7a, em Lisboa, volta a circular na quinta-feira.<\/li>\n<li>A informa\u00e7\u00e3o \u00e9 avan\u00e7ada pela Carris.<\/li>\n<li>O conte\u00fado completo da not\u00edcia est\u00e1 dispon\u00edvel apenas para subscritores.<\/li>\n<li>A mat\u00e9ria n\u00e3o fornece mais detalhes adicionais neste resumo.<\/li>\n<\/ul>\n","protected":false},"author":2,"featured_media":461488,"comment_status":"closed","ping_status":"closed","sticky":false,"template":"","format":"standard","meta":{"footnotes":""},"categories":[2,1],"tags":[6324,5795,981,192,4535],"class_list":["post-461482","post","type-post","status-publish","format-standard","has-post-thumbnail","hentry","category-economia","category-noticias","tag-centro-historico","tag-linha","tag-lisboa","tag-transporte","tag-transporte-publico"],"yoast_head":"<!-- This site is optimized with the Yoast SEO plugin v27.2 - https:\/\/yoast.com\/product\/yoast-seo-wordpress\/ -->\n<title>Funicular da Gra\u00e7a, em Lisboa, reabre na quinta-feira - Portal Tela Portugal<\/title>\n<meta name=\"robots\" content=\"index, follow, max-snippet:-1, max-image-preview:large, max-video-preview:-1\" \/>\n<meta property=\"og:locale\" content=\"pt_PT\" \/>\n<meta property=\"og:type\" content=\"article\" \/>\n<meta property=\"og:title\" content=\"Funicular da Gra\u00e7a, em Lisboa, reabre na quinta-feira - Portal Tela Portugal\" \/>\n<meta property=\"og:description\" content=\"O Funicular da Gra\u00e7a, em Lisboa, volta a circular na quinta-feira. A informa\u00e7\u00e3o \u00e9 avan\u00e7ada pela Carris. O conte\u00fado completo da not\u00edcia est\u00e1 dispon\u00edvel apenas para subscritores. A mat\u00e9ria n\u00e3o fornece mais detalhes adicionais neste resumo.\" \/>\n<meta property=\"og:url\" content=\"https:\/\/portaltela.pt\/noticias\/2026\/04\/29\/funicular-da-graca-em-lisboa-reabre-na-quinta-feira\/\" \/>\n<meta property=\"og:site_name\" content=\"Portal Tela Portugal\" \/>\n<meta property=\"article:published_time\" content=\"2026-04-29T19:33:02+00:00\" \/>\n<meta name=\"author\" content=\"Telinha\" \/>\n<meta name=\"twitter:card\" content=\"summary_large_image\" \/>\n<meta name=\"twitter:label1\" content=\"Escrito por\" \/>\n\t<meta name=\"twitter:data1\" content=\"Telinha\" \/>\n\t<meta name=\"twitter:label2\" content=\"Tempo estimado de leitura\" \/>\n\t<meta name=\"twitter:data2\" content=\"1 minuto\" \/>\n<script type=\"application\/ld+json\" class=\"yoast-schema-graph\">{\"@context\":\"https:\/\/schema.org\",\"@graph\":[{\"@type\":\"Article\",\"@id\":\"https:\/\/portaltela.pt\/noticias\/2026\/04\/29\/funicular-da-graca-em-lisboa-reabre-na-quinta-feira\/#article\",\"isPartOf\":{\"@id\":\"https:\/\/portaltela.pt\/noticias\/2026\/04\/29\/funicular-da-graca-em-lisboa-reabre-na-quinta-feira\/\"},\"author\":{\"name\":\"Telinha\",\"@id\":\"https:\/\/portaltela.pt\/#\/schema\/person\/c4278d4a6028830caff9ee44b42d32ed\"},\"headline\":\"Funicular da Gra\u00e7a, em Lisboa, reabre na quinta-feira\",\"datePublished\":\"2026-04-29T19:33:02+00:00\",\"mainEntityOfPage\":{\"@id\":\"https:\/\/portaltela.pt\/noticias\/2026\/04\/29\/funicular-da-graca-em-lisboa-reabre-na-quinta-feira\/\"},\"wordCount\":157,\"image\":{\"@id\":\"https:\/\/portaltela.pt\/noticias\/2026\/04\/29\/funicular-da-graca-em-lisboa-reabre-na-quinta-feira\/#primaryimage\"},\"thumbnailUrl\":\"https:\/\/portaltela.pt\/s.01k8rhncp4jt1\/2026\/04\/CACHE_780X1200_ANALOG_WATERMARKED_42503382_2471200_12032024114748.jpg\",\"keywords\":[\"Centro Hist\u00f3rico\",\"Linha\",\"Lisboa\",\"transporte\",\"transporte p\u00fablico\"],\"articleSection\":[\"Economia\",\"Not\u00edcias\"],\"inLanguage\":\"pt-PT\"},{\"@type\":\"WebPage\",\"@id\":\"https:\/\/portaltela.pt\/noticias\/2026\/04\/29\/funicular-da-graca-em-lisboa-reabre-na-quinta-feira\/\",\"url\":\"https:\/\/portaltela.pt\/noticias\/2026\/04\/29\/funicular-da-graca-em-lisboa-reabre-na-quinta-feira\/\",\"name\":\"Funicular da Gra\u00e7a, em Lisboa, reabre na quinta-feira - Portal Tela Portugal\",\"isPartOf\":{\"@id\":\"https:\/\/portaltela.pt\/#website\"},\"primaryImageOfPage\":{\"@id\":\"https:\/\/portaltela.pt\/noticias\/2026\/04\/29\/funicular-da-graca-em-lisboa-reabre-na-quinta-feira\/#primaryimage\"},\"image\":{\"@id\":\"https:\/\/portaltela.pt\/noticias\/2026\/04\/29\/funicular-da-graca-em-lisboa-reabre-na-quinta-feira\/#primaryimage\"},\"thumbnailUrl\":\"https:\/\/portaltela.pt\/s.01k8rhncp4jt1\/2026\/04\/CACHE_780X1200_ANALOG_WATERMARKED_42503382_2471200_12032024114748.jpg\",\"datePublished\":\"2026-04-29T19:33:02+00:00\",\"author\":{\"@id\":\"https:\/\/portaltela.pt\/#\/schema\/person\/c4278d4a6028830caff9ee44b42d32ed\"},\"breadcrumb\":{\"@id\":\"https:\/\/portaltela.pt\/noticias\/2026\/04\/29\/funicular-da-graca-em-lisboa-reabre-na-quinta-feira\/#breadcrumb\"},\"inLanguage\":\"pt-PT\",\"potentialAction\":[{\"@type\":\"ReadAction\",\"target\":[\"https:\/\/portaltela.pt\/noticias\/2026\/04\/29\/funicular-da-graca-em-lisboa-reabre-na-quinta-feira\/\"]}]},{\"@type\":\"ImageObject\",\"inLanguage\":\"pt-PT\",\"@id\":\"https:\/\/portaltela.pt\/noticias\/2026\/04\/29\/funicular-da-graca-em-lisboa-reabre-na-quinta-feira\/#primaryimage\",\"url\":\"https:\/\/portaltela.pt\/s.01k8rhncp4jt1\/2026\/04\/CACHE_780X1200_ANALOG_WATERMARKED_42503382_2471200_12032024114748.jpg\",\"contentUrl\":\"https:\/\/portaltela.pt\/s.01k8rhncp4jt1\/2026\/04\/CACHE_780X1200_ANALOG_WATERMARKED_42503382_2471200_12032024114748.jpg\",\"width\":796,\"height\":448,\"caption\":\"Funicular da Gra\u00e7a, em Lisboa, volta a circular na quinta-feira - Carris\"},{\"@type\":\"BreadcrumbList\",\"@id\":\"https:\/\/portaltela.pt\/noticias\/2026\/04\/29\/funicular-da-graca-em-lisboa-reabre-na-quinta-feira\/#breadcrumb\",\"itemListElement\":[{\"@type\":\"ListItem\",\"position\":1,\"name\":\"In\u00edcio\",\"item\":\"https:\/\/portaltela.pt\/\"},{\"@type\":\"ListItem\",\"position\":2,\"name\":\"Funicular da Gra\u00e7a, em Lisboa, reabre na quinta-feira\"}]},{\"@type\":\"WebSite\",\"@id\":\"https:\/\/portaltela.pt\/#website\",\"url\":\"https:\/\/portaltela.pt\/\",\"name\":\"Portal Tela Portugal\",\"description\":\"\",\"potentialAction\":[{\"@type\":\"SearchAction\",\"target\":{\"@type\":\"EntryPoint\",\"urlTemplate\":\"https:\/\/portaltela.pt\/?s={search_term_string}\"},\"query-input\":{\"@type\":\"PropertyValueSpecification\",\"valueRequired\":true,\"valueName\":\"search_term_string\"}}],\"inLanguage\":\"pt-PT\"},{\"@type\":\"Person\",\"@id\":\"https:\/\/portaltela.pt\/#\/schema\/person\/c4278d4a6028830caff9ee44b42d32ed\",\"name\":\"Telinha\",\"image\":{\"@type\":\"ImageObject\",\"inLanguage\":\"pt-PT\",\"@id\":\"https:\/\/portaltela.pt\/s.01k8rhncp4jt1\/2025\/11\/talking-bot-125x125.png\",\"url\":\"https:\/\/portaltela.pt\/s.01k8rhncp4jt1\/2025\/11\/talking-bot-125x125.png\",\"contentUrl\":\"https:\/\/portaltela.pt\/s.01k8rhncp4jt1\/2025\/11\/talking-bot-125x125.png\",\"caption\":\"Telinha\"},\"sameAs\":[\"https:\/\/portaltela.pt\/\"],\"url\":\"https:\/\/portaltela.pt\/por\/367410592786\/\"}]}<\/script>\n<!-- \/ Yoast SEO plugin. -->","yoast_head_json":{"title":"Funicular da Gra\u00e7a, em Lisboa, reabre na quinta-feira - Portal Tela Portugal","robots":{"index":"index","follow":"follow","max-snippet":"max-snippet:-1","max-image-preview":"max-image-preview:large","max-video-preview":"max-video-preview:-1"},"og_locale":"pt_PT","og_type":"article","og_title":"Funicular da Gra\u00e7a, em Lisboa, reabre na quinta-feira - Portal Tela Portugal","og_description":"O Funicular da Gra\u00e7a, em Lisboa, volta a circular na quinta-feira. A informa\u00e7\u00e3o \u00e9 avan\u00e7ada pela Carris. O conte\u00fado completo da not\u00edcia est\u00e1 dispon\u00edvel apenas para subscritores. A mat\u00e9ria n\u00e3o fornece mais detalhes adicionais neste resumo.","og_url":"https:\/\/portaltela.pt\/noticias\/2026\/04\/29\/funicular-da-graca-em-lisboa-reabre-na-quinta-feira\/","og_site_name":"Portal Tela Portugal","article_published_time":"2026-04-29T19:33:02+00:00","author":"Telinha","twitter_card":"summary_large_image","twitter_misc":{"Escrito por":"Telinha","Tempo estimado de leitura":"1 minuto"},"schema":{"@context":"https:\/\/schema.org","@graph":[{"@type":"Article","@id":"https:\/\/portaltela.pt\/noticias\/2026\/04\/29\/funicular-da-graca-em-lisboa-reabre-na-quinta-feira\/#article","isPartOf":{"@id":"https:\/\/portaltela.pt\/noticias\/2026\/04\/29\/funicular-da-graca-em-lisboa-reabre-na-quinta-feira\/"},"author":{"name":"Telinha","@id":"https:\/\/portaltela.pt\/#\/schema\/person\/c4278d4a6028830caff9ee44b42d32ed"},"headline":"Funicular da Gra\u00e7a, em Lisboa, reabre na quinta-feira","datePublished":"2026-04-29T19:33:02+00:00","mainEntityOfPage":{"@id":"https:\/\/portaltela.pt\/noticias\/2026\/04\/29\/funicular-da-graca-em-lisboa-reabre-na-quinta-feira\/"},"wordCount":157,"image":{"@id":"https:\/\/portaltela.pt\/noticias\/2026\/04\/29\/funicular-da-graca-em-lisboa-reabre-na-quinta-feira\/#primaryimage"},"thumbnailUrl":"https:\/\/portaltela.pt\/s.01k8rhncp4jt1\/2026\/04\/CACHE_780X1200_ANALOG_WATERMARKED_42503382_2471200_12032024114748.jpg","keywords":["Centro Hist\u00f3rico","Linha","Lisboa","transporte","transporte p\u00fablico"],"articleSection":["Economia","Not\u00edcias"],"inLanguage":"pt-PT"},{"@type":"WebPage","@id":"https:\/\/portaltela.pt\/noticias\/2026\/04\/29\/funicular-da-graca-em-lisboa-reabre-na-quinta-feira\/","url":"https:\/\/portaltela.pt\/noticias\/2026\/04\/29\/funicular-da-graca-em-lisboa-reabre-na-quinta-feira\/","name":"Funicular da Gra\u00e7a, em Lisboa, reabre na quinta-feira - Portal Tela Portugal","isPartOf":{"@id":"https:\/\/portaltela.pt\/#website"},"primaryImageOfPage":{"@id":"https:\/\/portaltela.pt\/noticias\/2026\/04\/29\/funicular-da-graca-em-lisboa-reabre-na-quinta-feira\/#primaryimage"},"image":{"@id":"https:\/\/portaltela.pt\/noticias\/2026\/04\/29\/funicular-da-graca-em-lisboa-reabre-na-quinta-feira\/#primaryimage"},"thumbnailUrl":"https:\/\/portaltela.pt\/s.01k8rhncp4jt1\/2026\/04\/CACHE_780X1200_ANALOG_WATERMARKED_42503382_2471200_12032024114748.jpg","datePublished":"2026-04-29T19:33:02+00:00","author":{"@id":"https:\/\/portaltela.pt\/#\/schema\/person\/c4278d4a6028830caff9ee44b42d32ed"},"breadcrumb":{"@id":"https:\/\/portaltela.pt\/noticias\/2026\/04\/29\/funicular-da-graca-em-lisboa-reabre-na-quinta-feira\/#breadcrumb"},"inLanguage":"pt-PT","potentialAction":[{"@type":"ReadAction","target":["https:\/\/portaltela.pt\/noticias\/2026\/04\/29\/funicular-da-graca-em-lisboa-reabre-na-quinta-feira\/"]}]},{"@type":"ImageObject","inLanguage":"pt-PT","@id":"https:\/\/portaltela.pt\/noticias\/2026\/04\/29\/funicular-da-graca-em-lisboa-reabre-na-quinta-feira\/#primaryimage","url":"https:\/\/portaltela.pt\/s.01k8rhncp4jt1\/2026\/04\/CACHE_780X1200_ANALOG_WATERMARKED_42503382_2471200_12032024114748.jpg","contentUrl":"https:\/\/portaltela.pt\/s.01k8rhncp4jt1\/2026\/04\/CACHE_780X1200_ANALOG_WATERMARKED_42503382_2471200_12032024114748.jpg","width":796,"height":448,"caption":"Funicular da Gra\u00e7a, em Lisboa, volta a circular na quinta-feira - Carris"},{"@type":"BreadcrumbList","@id":"https:\/\/portaltela.pt\/noticias\/2026\/04\/29\/funicular-da-graca-em-lisboa-reabre-na-quinta-feira\/#breadcrumb","itemListElement":[{"@type":"ListItem","position":1,"name":"In\u00edcio","item":"https:\/\/portaltela.pt\/"},{"@type":"ListItem","position":2,"name":"Funicular da Gra\u00e7a, em Lisboa, reabre na quinta-feira"}]},{"@type":"WebSite","@id":"https:\/\/portaltela.pt\/#website","url":"https:\/\/portaltela.pt\/","name":"Portal Tela Portugal","description":"","potentialAction":[{"@type":"SearchAction","target":{"@type":"EntryPoint","urlTemplate":"https:\/\/portaltela.pt\/?s={search_term_string}"},"query-input":{"@type":"PropertyValueSpecification","valueRequired":true,"valueName":"search_term_string"}}],"inLanguage":"pt-PT"},{"@type":"Person","@id":"https:\/\/portaltela.pt\/#\/schema\/person\/c4278d4a6028830caff9ee44b42d32ed","name":"Telinha","image":{"@type":"ImageObject","inLanguage":"pt-PT","@id":"https:\/\/portaltela.pt\/s.01k8rhncp4jt1\/2025\/11\/talking-bot-125x125.png","url":"https:\/\/portaltela.pt\/s.01k8rhncp4jt1\/2025\/11\/talking-bot-125x125.png","contentUrl":"https:\/\/portaltela.pt\/s.01k8rhncp4jt1\/2025\/11\/talking-bot-125x125.png","caption":"Telinha"},"sameAs":["https:\/\/portaltela.pt\/"],"url":"https:\/\/portaltela.pt\/por\/367410592786\/"}]}},"_links":{"self":[{"href":"https:\/\/portaltela.pt\/api\/wp\/v2\/posts\/461482","targetHints":{"allow":["GET"]}}],"collection":[{"href":"https:\/\/portaltela.pt\/api\/wp\/v2\/posts"}],"about":[{"href":"https:\/\/portaltela.pt\/api\/wp\/v2\/types\/post"}],"author":[{"embeddable":true,"href":"https:\/\/portaltela.pt\/api\/wp\/v2\/users\/2"}],"replies":[{"embeddable":true,"href":"https:\/\/portaltela.pt\/api\/wp\/v2\/comments?post=461482"}],"version-history":[{"count":0,"href":"https:\/\/portaltela.pt\/api\/wp\/v2\/posts\/461482\/revisions"}],"wp:featuredmedia":[{"embeddable":true,"href":"https:\/\/portaltela.pt\/api\/wp\/v2\/media\/461488"}],"wp:attachment":[{"href":"https:\/\/portaltela.pt\/api\/wp\/v2\/media?parent=461482"}],"wp:term":[{"taxonomy":"category","embeddable":true,"href":"https:\/\/portaltela.pt\/api\/wp\/v2\/categories?post=461482"},{"taxonomy":"post_tag","embeddable":true,"href":"https:\/\/portaltela.pt\/api\/wp\/v2\/tags?post=461482"}],"curies":[{"name":"wp","href":"https:\/\/api.w.org\/{rel}","templated":true}]}}