{"id":461481,"date":"2026-04-29T16:33:00","date_gmt":"2026-04-29T19:33:00","guid":{"rendered":"https:\/\/portaltela.pt\/noticias\/2026\/04\/29\/de-detencao-em-budapeste-a-absolvicao-em-lisboa-rui-pinto\/"},"modified":"2026-04-29T16:33:00","modified_gmt":"2026-04-29T19:33:00","slug":"de-detencao-em-budapeste-a-absolvicao-em-lisboa-rui-pinto","status":"publish","type":"post","link":"https:\/\/portaltela.pt\/noticias\/2026\/04\/29\/de-detencao-em-budapeste-a-absolvicao-em-lisboa-rui-pinto\/","title":{"rendered":"De deten\u00e7\u00e3o em Budapeste \u00e0 absolvi\u00e7\u00e3o em Lisboa: Rui Pinto"},"content":{"rendered":"<p>Rui Pinto foi absolvido num processo em que era acusado de 241 crimes inform\u00e1ticos, o segundo diante dos tribunais. O caso envolve o autor do Football Leaks, figura ligada \u00e0 divulga\u00e7\u00e3o de informa\u00e7\u00f5es sobre clubes de futebol, e decorreu ap\u00f3s a deten\u00e7\u00e3o em Budapeste, em 2019.<\/p>\n<p>A decis\u00e3o foi proferida em Lisboa, onde o coletivo de ju\u00edzes entendeu que j\u00e1 houve julgamento anterior pelas mesmas infra\u00e7\u00f5es. A defesa argumentou viol\u00eancia processual e viola\u00e7\u00e3o dos direitos de defesa pelo Minist\u00e9rio P\u00fablico.<\/p>\n<p>O processo travou-se ao longo de v\u00e1rios anos, com Pinto a receber prote\u00e7\u00e3o de elementos da Pol\u00edcia Judici\u00e1ria (PJ). O arguido foi testemunha protegida, tendo estado sob vigil\u00e2ncia de for\u00e7as de seguran\u00e7a durante o julgamento.<\/p>\n<p>Inicialmente, Pinto foi detido em Budapeste e ficou em pris\u00e3o domicili\u00e1ria at\u00e9 ser extraditado para Portugal. No pa\u00eds, esteve em pris\u00e3o preventiva entre 2019 e 2020, at\u00e9 assinar um acordo com a PJ que permitiu a sua liberta\u00e7\u00e3o antecipada.<\/p>\n<p>O conte\u00fado envolve situa\u00e7\u00f5es de acesso ileg\u00edtimo a informa\u00e7\u00f5es de clubes e outras institui\u00e7\u00f5es, incluindo o Benfica e a Liga Portugal, bem como divulga\u00e7\u00f5es associadas ao caso Football Leaks. O objetivo do processo foi determinar a legalidade desses acessos e das publica\u00e7\u00f5es subsequentes.<\/p>\n<p>O jornalismo de investiga\u00e7\u00e3o ligado a Rui Pinto ganhou notoriedade global com o Football Leaks e, em 2020, com o caso Luanda Leaks, que envolveu Isabel dos Santos. Pinto participou, segundo as investiga\u00e7\u00f5es, na divulga\u00e7\u00e3o de documentos e informa\u00e7\u00f5es confidenciais.<\/p>\n<p>O paradeiro atual de Pinto n\u00e3o \u00e9 p\u00fablico: ele permanece como testemunha protegida pela PJ. No julgamento, contou com apoio policial, incluindo protec\u00e7\u00e3o f\u00edsica, quando necess\u00e1rio.<\/p>\n<p>A defesa sustenta que a absolvi\u00e7\u00e3o n\u00e3o encerra eventuais investiga\u00e7\u00f5es futuras. O Minist\u00e9rio P\u00fablico pode recorrer da decis\u00e3o, mantendo assim a possibilidade de novos processos relacionados com acessos a dados de outras entidades.<\/p>\n<p>O epis\u00f3dio mant\u00e9m Pinto sob o escrut\u00ednio p\u00fablico, dada a notoriedade internacional das acusa\u00e7\u00f5es e das investiga\u00e7\u00f5es associadas. O futuro jur\u00eddico do caso ainda depende de a\u00e7\u00f5es das autoridades competentes.<\/p>\n","protected":false},"excerpt":{"rendered":"<ul>\n<li>Rui Pinto foi absolvido num processo em que era acusado de 241 crimes inform\u00e1ticos, abrangendo acesso ileg\u00edtimo a informa\u00e7\u00f5es do Benfica e divulga\u00e7\u00e3o de emails.<\/li>\n<li>O caso faz parte de uma s\u00e9rie de lit\u00edgios desde 2019, quando foi detido em Budapeste, passando pela deten\u00e7\u00e3o preventiva em Portugal e por acordos de coopera\u00e7\u00e3o com a Pol\u00edcia Judici\u00e1ria.<\/li>\n<li>Os ju\u00edzes consideraram que Pinto j\u00e1 tinha sido julgado pela mesma tipologia de crimes anteriormente e foi v\u00edtima de \u201cviol\u00eancia processual\u201d, alegando viola\u00e7\u00e3o dos direitos de defesa pelo Minist\u00e9rio P\u00fablico.<\/li>\n<li>Em 2023, Pinto foi condenado, em regime de pena suspensa de quatro anos, por tentativa de extors\u00e3o, viola\u00e7\u00e3o de correspond\u00eancia agravada e acesso ileg\u00edtimo, no \u00e2mbito do processo Football Leaks.<\/li>\n<li>O futuro inclui a possibilidade de recurso do Minist\u00e9rio P\u00fablico e a exist\u00eancia de uma terceira investiga\u00e7\u00e3o em curso contra Pinto, que continua como testemunha protegida pela PJ.<\/li>\n<\/ul>\n","protected":false},"author":2,"featured_media":461486,"comment_status":"closed","ping_status":"closed","sticky":false,"template":"","format":"standard","meta":{"footnotes":""},"categories":[6815,1],"tags":[263,1946,32,223,215,457],"class_list":["post-461481","post","type-post","status-publish","format-standard","has-post-thumbnail","hentry","category-justica","category-noticias","tag-acesso-ilegitimo","tag-benfica","tag-futebol","tag-informatica","tag-investigacao","tag-liga-portugal"],"yoast_head":"<!-- This site is optimized with the Yoast SEO plugin v27.2 - https:\/\/yoast.com\/product\/yoast-seo-wordpress\/ -->\n<title>De deten\u00e7\u00e3o em Budapeste \u00e0 absolvi\u00e7\u00e3o em Lisboa: Rui Pinto - Portal Tela Portugal<\/title>\n<meta name=\"robots\" content=\"index, follow, max-snippet:-1, max-image-preview:large, max-video-preview:-1\" \/>\n<meta property=\"og:locale\" content=\"pt_PT\" \/>\n<meta property=\"og:type\" content=\"article\" \/>\n<meta property=\"og:title\" content=\"De deten\u00e7\u00e3o em Budapeste \u00e0 absolvi\u00e7\u00e3o em Lisboa: Rui Pinto - Portal Tela Portugal\" \/>\n<meta property=\"og:description\" content=\"Rui Pinto foi absolvido num processo em que era acusado de 241 crimes inform\u00e1ticos, abrangendo acesso ileg\u00edtimo a informa\u00e7\u00f5es do Benfica e divulga\u00e7\u00e3o de emails. O caso faz parte de uma s\u00e9rie de lit\u00edgios desde 2019, quando foi detido em Budapeste, passando pela deten\u00e7\u00e3o preventiva em Portugal e por acordos de coopera\u00e7\u00e3o com a Pol\u00edcia Judici\u00e1ria. Os ju\u00edzes consideraram que Pinto j\u00e1 tinha sido julgado pela mesma tipologia de crimes anteriormente e foi v\u00edtima de \u201cviol\u00eancia processual\u201d, alegando viola\u00e7\u00e3o dos direitos de defesa pelo Minist\u00e9rio P\u00fablico. Em 2023, Pinto foi condenado, em regime de pena suspensa de quatro anos, por tentativa de extors\u00e3o, viola\u00e7\u00e3o de correspond\u00eancia agravada e acesso ileg\u00edtimo, no \u00e2mbito do processo Football Leaks. O futuro inclui a possibilidade de recurso do Minist\u00e9rio P\u00fablico e a exist\u00eancia de uma terceira investiga\u00e7\u00e3o em curso contra Pinto, que continua como testemunha protegida pela PJ.\" \/>\n<meta property=\"og:url\" content=\"https:\/\/portaltela.pt\/noticias\/2026\/04\/29\/de-detencao-em-budapeste-a-absolvicao-em-lisboa-rui-pinto\/\" \/>\n<meta property=\"og:site_name\" content=\"Portal Tela Portugal\" \/>\n<meta property=\"article:published_time\" content=\"2026-04-29T19:33:00+00:00\" \/>\n<meta name=\"author\" content=\"Telinha\" \/>\n<meta name=\"twitter:card\" content=\"summary_large_image\" \/>\n<meta name=\"twitter:label1\" content=\"Escrito por\" \/>\n\t<meta name=\"twitter:data1\" content=\"Telinha\" \/>\n\t<meta name=\"twitter:label2\" content=\"Tempo estimado de leitura\" \/>\n\t<meta name=\"twitter:data2\" content=\"2 minutos\" \/>\n<script type=\"application\/ld+json\" class=\"yoast-schema-graph\">{\"@context\":\"https:\/\/schema.org\",\"@graph\":[{\"@type\":\"Article\",\"@id\":\"https:\/\/portaltela.pt\/noticias\/2026\/04\/29\/de-detencao-em-budapeste-a-absolvicao-em-lisboa-rui-pinto\/#article\",\"isPartOf\":{\"@id\":\"https:\/\/portaltela.pt\/noticias\/2026\/04\/29\/de-detencao-em-budapeste-a-absolvicao-em-lisboa-rui-pinto\/\"},\"author\":{\"name\":\"Telinha\",\"@id\":\"https:\/\/portaltela.pt\/#\/schema\/person\/c4278d4a6028830caff9ee44b42d32ed\"},\"headline\":\"De deten\u00e7\u00e3o em Budapeste \u00e0 absolvi\u00e7\u00e3o em Lisboa: Rui Pinto\",\"datePublished\":\"2026-04-29T19:33:00+00:00\",\"mainEntityOfPage\":{\"@id\":\"https:\/\/portaltela.pt\/noticias\/2026\/04\/29\/de-detencao-em-budapeste-a-absolvicao-em-lisboa-rui-pinto\/\"},\"wordCount\":384,\"image\":{\"@id\":\"https:\/\/portaltela.pt\/noticias\/2026\/04\/29\/de-detencao-em-budapeste-a-absolvicao-em-lisboa-rui-pinto\/#primaryimage\"},\"thumbnailUrl\":\"https:\/\/portaltela.pt\/s.01k8rhncp4jt1\/2026\/04\/2085036.jpg\",\"keywords\":[\"acesso ileg\u00edtimo\",\"Benfica\",\"futebol\",\"inform\u00e1tica\",\"investiga\u00e7\u00e3o\",\"Liga Portugal\"],\"articleSection\":[\"Justi\u00e7a\",\"Not\u00edcias\"],\"inLanguage\":\"pt-PT\"},{\"@type\":\"WebPage\",\"@id\":\"https:\/\/portaltela.pt\/noticias\/2026\/04\/29\/de-detencao-em-budapeste-a-absolvicao-em-lisboa-rui-pinto\/\",\"url\":\"https:\/\/portaltela.pt\/noticias\/2026\/04\/29\/de-detencao-em-budapeste-a-absolvicao-em-lisboa-rui-pinto\/\",\"name\":\"De deten\u00e7\u00e3o em Budapeste \u00e0 absolvi\u00e7\u00e3o em Lisboa: Rui Pinto - Portal Tela Portugal\",\"isPartOf\":{\"@id\":\"https:\/\/portaltela.pt\/#website\"},\"primaryImageOfPage\":{\"@id\":\"https:\/\/portaltela.pt\/noticias\/2026\/04\/29\/de-detencao-em-budapeste-a-absolvicao-em-lisboa-rui-pinto\/#primaryimage\"},\"image\":{\"@id\":\"https:\/\/portaltela.pt\/noticias\/2026\/04\/29\/de-detencao-em-budapeste-a-absolvicao-em-lisboa-rui-pinto\/#primaryimage\"},\"thumbnailUrl\":\"https:\/\/portaltela.pt\/s.01k8rhncp4jt1\/2026\/04\/2085036.jpg\",\"datePublished\":\"2026-04-29T19:33:00+00:00\",\"author\":{\"@id\":\"https:\/\/portaltela.pt\/#\/schema\/person\/c4278d4a6028830caff9ee44b42d32ed\"},\"breadcrumb\":{\"@id\":\"https:\/\/portaltela.pt\/noticias\/2026\/04\/29\/de-detencao-em-budapeste-a-absolvicao-em-lisboa-rui-pinto\/#breadcrumb\"},\"inLanguage\":\"pt-PT\",\"potentialAction\":[{\"@type\":\"ReadAction\",\"target\":[\"https:\/\/portaltela.pt\/noticias\/2026\/04\/29\/de-detencao-em-budapeste-a-absolvicao-em-lisboa-rui-pinto\/\"]}]},{\"@type\":\"ImageObject\",\"inLanguage\":\"pt-PT\",\"@id\":\"https:\/\/portaltela.pt\/noticias\/2026\/04\/29\/de-detencao-em-budapeste-a-absolvicao-em-lisboa-rui-pinto\/#primaryimage\",\"url\":\"https:\/\/portaltela.pt\/s.01k8rhncp4jt1\/2026\/04\/2085036.jpg\",\"contentUrl\":\"https:\/\/portaltela.pt\/s.01k8rhncp4jt1\/2026\/04\/2085036.jpg\",\"width\":796,\"height\":448,\"caption\":\"Rui Pinto est\u00e1 envolvido em v\u00e1rias den\u00fancias\"},{\"@type\":\"BreadcrumbList\",\"@id\":\"https:\/\/portaltela.pt\/noticias\/2026\/04\/29\/de-detencao-em-budapeste-a-absolvicao-em-lisboa-rui-pinto\/#breadcrumb\",\"itemListElement\":[{\"@type\":\"ListItem\",\"position\":1,\"name\":\"In\u00edcio\",\"item\":\"https:\/\/portaltela.pt\/\"},{\"@type\":\"ListItem\",\"position\":2,\"name\":\"De deten\u00e7\u00e3o em Budapeste \u00e0 absolvi\u00e7\u00e3o em Lisboa: Rui Pinto\"}]},{\"@type\":\"WebSite\",\"@id\":\"https:\/\/portaltela.pt\/#website\",\"url\":\"https:\/\/portaltela.pt\/\",\"name\":\"Portal Tela Portugal\",\"description\":\"\",\"potentialAction\":[{\"@type\":\"SearchAction\",\"target\":{\"@type\":\"EntryPoint\",\"urlTemplate\":\"https:\/\/portaltela.pt\/?s={search_term_string}\"},\"query-input\":{\"@type\":\"PropertyValueSpecification\",\"valueRequired\":true,\"valueName\":\"search_term_string\"}}],\"inLanguage\":\"pt-PT\"},{\"@type\":\"Person\",\"@id\":\"https:\/\/portaltela.pt\/#\/schema\/person\/c4278d4a6028830caff9ee44b42d32ed\",\"name\":\"Telinha\",\"image\":{\"@type\":\"ImageObject\",\"inLanguage\":\"pt-PT\",\"@id\":\"https:\/\/portaltela.pt\/s.01k8rhncp4jt1\/2025\/11\/talking-bot-125x125.png\",\"url\":\"https:\/\/portaltela.pt\/s.01k8rhncp4jt1\/2025\/11\/talking-bot-125x125.png\",\"contentUrl\":\"https:\/\/portaltela.pt\/s.01k8rhncp4jt1\/2025\/11\/talking-bot-125x125.png\",\"caption\":\"Telinha\"},\"sameAs\":[\"https:\/\/portaltela.pt\/\"],\"url\":\"https:\/\/portaltela.pt\/por\/367410592786\/\"}]}<\/script>\n<!-- \/ Yoast SEO plugin. -->","yoast_head_json":{"title":"De deten\u00e7\u00e3o em Budapeste \u00e0 absolvi\u00e7\u00e3o em Lisboa: Rui Pinto - Portal Tela Portugal","robots":{"index":"index","follow":"follow","max-snippet":"max-snippet:-1","max-image-preview":"max-image-preview:large","max-video-preview":"max-video-preview:-1"},"og_locale":"pt_PT","og_type":"article","og_title":"De deten\u00e7\u00e3o em Budapeste \u00e0 absolvi\u00e7\u00e3o em Lisboa: Rui Pinto - Portal Tela Portugal","og_description":"Rui Pinto foi absolvido num processo em que era acusado de 241 crimes inform\u00e1ticos, abrangendo acesso ileg\u00edtimo a informa\u00e7\u00f5es do Benfica e divulga\u00e7\u00e3o de emails. O caso faz parte de uma s\u00e9rie de lit\u00edgios desde 2019, quando foi detido em Budapeste, passando pela deten\u00e7\u00e3o preventiva em Portugal e por acordos de coopera\u00e7\u00e3o com a Pol\u00edcia Judici\u00e1ria. Os ju\u00edzes consideraram que Pinto j\u00e1 tinha sido julgado pela mesma tipologia de crimes anteriormente e foi v\u00edtima de \u201cviol\u00eancia processual\u201d, alegando viola\u00e7\u00e3o dos direitos de defesa pelo Minist\u00e9rio P\u00fablico. Em 2023, Pinto foi condenado, em regime de pena suspensa de quatro anos, por tentativa de extors\u00e3o, viola\u00e7\u00e3o de correspond\u00eancia agravada e acesso ileg\u00edtimo, no \u00e2mbito do processo Football Leaks. O futuro inclui a possibilidade de recurso do Minist\u00e9rio P\u00fablico e a exist\u00eancia de uma terceira investiga\u00e7\u00e3o em curso contra Pinto, que continua como testemunha protegida pela PJ.","og_url":"https:\/\/portaltela.pt\/noticias\/2026\/04\/29\/de-detencao-em-budapeste-a-absolvicao-em-lisboa-rui-pinto\/","og_site_name":"Portal Tela Portugal","article_published_time":"2026-04-29T19:33:00+00:00","author":"Telinha","twitter_card":"summary_large_image","twitter_misc":{"Escrito por":"Telinha","Tempo estimado de leitura":"2 minutos"},"schema":{"@context":"https:\/\/schema.org","@graph":[{"@type":"Article","@id":"https:\/\/portaltela.pt\/noticias\/2026\/04\/29\/de-detencao-em-budapeste-a-absolvicao-em-lisboa-rui-pinto\/#article","isPartOf":{"@id":"https:\/\/portaltela.pt\/noticias\/2026\/04\/29\/de-detencao-em-budapeste-a-absolvicao-em-lisboa-rui-pinto\/"},"author":{"name":"Telinha","@id":"https:\/\/portaltela.pt\/#\/schema\/person\/c4278d4a6028830caff9ee44b42d32ed"},"headline":"De deten\u00e7\u00e3o em Budapeste \u00e0 absolvi\u00e7\u00e3o em Lisboa: Rui Pinto","datePublished":"2026-04-29T19:33:00+00:00","mainEntityOfPage":{"@id":"https:\/\/portaltela.pt\/noticias\/2026\/04\/29\/de-detencao-em-budapeste-a-absolvicao-em-lisboa-rui-pinto\/"},"wordCount":384,"image":{"@id":"https:\/\/portaltela.pt\/noticias\/2026\/04\/29\/de-detencao-em-budapeste-a-absolvicao-em-lisboa-rui-pinto\/#primaryimage"},"thumbnailUrl":"https:\/\/portaltela.pt\/s.01k8rhncp4jt1\/2026\/04\/2085036.jpg","keywords":["acesso ileg\u00edtimo","Benfica","futebol","inform\u00e1tica","investiga\u00e7\u00e3o","Liga Portugal"],"articleSection":["Justi\u00e7a","Not\u00edcias"],"inLanguage":"pt-PT"},{"@type":"WebPage","@id":"https:\/\/portaltela.pt\/noticias\/2026\/04\/29\/de-detencao-em-budapeste-a-absolvicao-em-lisboa-rui-pinto\/","url":"https:\/\/portaltela.pt\/noticias\/2026\/04\/29\/de-detencao-em-budapeste-a-absolvicao-em-lisboa-rui-pinto\/","name":"De deten\u00e7\u00e3o em Budapeste \u00e0 absolvi\u00e7\u00e3o em Lisboa: Rui Pinto - Portal Tela Portugal","isPartOf":{"@id":"https:\/\/portaltela.pt\/#website"},"primaryImageOfPage":{"@id":"https:\/\/portaltela.pt\/noticias\/2026\/04\/29\/de-detencao-em-budapeste-a-absolvicao-em-lisboa-rui-pinto\/#primaryimage"},"image":{"@id":"https:\/\/portaltela.pt\/noticias\/2026\/04\/29\/de-detencao-em-budapeste-a-absolvicao-em-lisboa-rui-pinto\/#primaryimage"},"thumbnailUrl":"https:\/\/portaltela.pt\/s.01k8rhncp4jt1\/2026\/04\/2085036.jpg","datePublished":"2026-04-29T19:33:00+00:00","author":{"@id":"https:\/\/portaltela.pt\/#\/schema\/person\/c4278d4a6028830caff9ee44b42d32ed"},"breadcrumb":{"@id":"https:\/\/portaltela.pt\/noticias\/2026\/04\/29\/de-detencao-em-budapeste-a-absolvicao-em-lisboa-rui-pinto\/#breadcrumb"},"inLanguage":"pt-PT","potentialAction":[{"@type":"ReadAction","target":["https:\/\/portaltela.pt\/noticias\/2026\/04\/29\/de-detencao-em-budapeste-a-absolvicao-em-lisboa-rui-pinto\/"]}]},{"@type":"ImageObject","inLanguage":"pt-PT","@id":"https:\/\/portaltela.pt\/noticias\/2026\/04\/29\/de-detencao-em-budapeste-a-absolvicao-em-lisboa-rui-pinto\/#primaryimage","url":"https:\/\/portaltela.pt\/s.01k8rhncp4jt1\/2026\/04\/2085036.jpg","contentUrl":"https:\/\/portaltela.pt\/s.01k8rhncp4jt1\/2026\/04\/2085036.jpg","width":796,"height":448,"caption":"Rui Pinto est\u00e1 envolvido em v\u00e1rias den\u00fancias"},{"@type":"BreadcrumbList","@id":"https:\/\/portaltela.pt\/noticias\/2026\/04\/29\/de-detencao-em-budapeste-a-absolvicao-em-lisboa-rui-pinto\/#breadcrumb","itemListElement":[{"@type":"ListItem","position":1,"name":"In\u00edcio","item":"https:\/\/portaltela.pt\/"},{"@type":"ListItem","position":2,"name":"De deten\u00e7\u00e3o em Budapeste \u00e0 absolvi\u00e7\u00e3o em Lisboa: Rui Pinto"}]},{"@type":"WebSite","@id":"https:\/\/portaltela.pt\/#website","url":"https:\/\/portaltela.pt\/","name":"Portal Tela Portugal","description":"","potentialAction":[{"@type":"SearchAction","target":{"@type":"EntryPoint","urlTemplate":"https:\/\/portaltela.pt\/?s={search_term_string}"},"query-input":{"@type":"PropertyValueSpecification","valueRequired":true,"valueName":"search_term_string"}}],"inLanguage":"pt-PT"},{"@type":"Person","@id":"https:\/\/portaltela.pt\/#\/schema\/person\/c4278d4a6028830caff9ee44b42d32ed","name":"Telinha","image":{"@type":"ImageObject","inLanguage":"pt-PT","@id":"https:\/\/portaltela.pt\/s.01k8rhncp4jt1\/2025\/11\/talking-bot-125x125.png","url":"https:\/\/portaltela.pt\/s.01k8rhncp4jt1\/2025\/11\/talking-bot-125x125.png","contentUrl":"https:\/\/portaltela.pt\/s.01k8rhncp4jt1\/2025\/11\/talking-bot-125x125.png","caption":"Telinha"},"sameAs":["https:\/\/portaltela.pt\/"],"url":"https:\/\/portaltela.pt\/por\/367410592786\/"}]}},"_links":{"self":[{"href":"https:\/\/portaltela.pt\/api\/wp\/v2\/posts\/461481","targetHints":{"allow":["GET"]}}],"collection":[{"href":"https:\/\/portaltela.pt\/api\/wp\/v2\/posts"}],"about":[{"href":"https:\/\/portaltela.pt\/api\/wp\/v2\/types\/post"}],"author":[{"embeddable":true,"href":"https:\/\/portaltela.pt\/api\/wp\/v2\/users\/2"}],"replies":[{"embeddable":true,"href":"https:\/\/portaltela.pt\/api\/wp\/v2\/comments?post=461481"}],"version-history":[{"count":0,"href":"https:\/\/portaltela.pt\/api\/wp\/v2\/posts\/461481\/revisions"}],"wp:featuredmedia":[{"embeddable":true,"href":"https:\/\/portaltela.pt\/api\/wp\/v2\/media\/461486"}],"wp:attachment":[{"href":"https:\/\/portaltela.pt\/api\/wp\/v2\/media?parent=461481"}],"wp:term":[{"taxonomy":"category","embeddable":true,"href":"https:\/\/portaltela.pt\/api\/wp\/v2\/categories?post=461481"},{"taxonomy":"post_tag","embeddable":true,"href":"https:\/\/portaltela.pt\/api\/wp\/v2\/tags?post=461481"}],"curies":[{"name":"wp","href":"https:\/\/api.w.org\/{rel}","templated":true}]}}