{"id":461468,"date":"2026-04-29T16:18:31","date_gmt":"2026-04-29T19:18:31","guid":{"rendered":"https:\/\/portaltela.pt\/noticias\/2026\/04\/29\/na-ultima-decisao-como-presidente-powell-nao-atende-as-vontades-de-trump\/"},"modified":"2026-04-29T16:18:31","modified_gmt":"2026-04-29T19:18:31","slug":"na-ultima-decisao-como-presidente-powell-nao-atende-as-vontades-de-trump","status":"publish","type":"post","link":"https:\/\/portaltela.pt\/noticias\/economia\/2026\/04\/29\/na-ultima-decisao-como-presidente-powell-nao-atende-as-vontades-de-trump\/","title":{"rendered":"Na \u00faltima decis\u00e3o como presidente, Powell n\u00e3o atende \u00e0s vontades de Trump"},"content":{"rendered":"<p>Na decis\u00e3o desta quarta-feira, a Reserva Federal dos EUA manteve as taxas de juro no intervalo entre 3,5% e 3,75%, recusando baixar o custo do dinheiro. A vota\u00e7\u00e3o foi a mais dividida desde 1992, com oito votos a favor e quatro contra. O Comit\u00e9 de Pol\u00edtica Monet\u00e1ria, sob a lideran\u00e7a de Jerome Powell, n\u00e3o cedeu \u00e0s insistentes press\u00f5es de Donald Trump para cortes r\u00e1pidos.<\/p>\n<p>A decis\u00e3o surge numa fase em que a Fed reconhece infla\u00e7\u00e3o elevada, em parte devido \u00e0 subida de pre\u00e7os globais da energia. Apesar disso, o documento divulgado pelo banco central n\u00e3o exclui novos ajustes nas taxas no futuro, sinalizando possibilidades de mudan\u00e7as adicionais.<\/p>\n<p>Powell encerra, com esta reuni\u00e3o, o seu \u00faltimo mandato como presidente da Fed. A confer\u00eancia de imprensa confirmou que, ap\u00f3s deixar a lideran\u00e7a, Powell pretende manter-se como governador do banco central.<\/p>\n<h3>Warsh a caminho<\/h3>\n<p>Poucas horas antes do fim da reuni\u00e3o, o Senado aprovou, por 13 votos a favor e 11 contra, a nomea\u00e7\u00e3o de Kevin Warsh para liderar a Fed, posi\u00e7\u00e3o defendida por Trump. O pr\u00f3ximo passo \u00e9 um voto no conjunto dos senadores, com perspetiva de confirma\u00e7\u00e3o favor\u00e1vel pela maioria republicana.<\/p>\n<p>O presidente em fun\u00e7\u00f5es, Donald Trump, tem criticado publicamente a forma como a Fed tem conduzido a pol\u00edtica monet\u00e1ria, defendendo cortes mais agressivos mesmo perante a infla\u00e7\u00e3o. A nomea\u00e7\u00e3o de Warsh n\u00e3o garante, contudo, que as decis\u00f5es passem a ser instantaneamente mais alinhadas com esse objetivo.<\/p>\n<p>Em substitui\u00e7\u00e3o de Powell, Warsh poder\u00e1 assumir a lideran\u00e7a da institui\u00e7\u00e3o, mas as decis\u00f5es continuam a depender do consenso entre os membros nomeados por Trump e os restantes governadores. A mudan\u00e7a pode acelerar ou atrasar o ritmo de eventuais cortes, conforme o alinhamento entre os membros.<\/p>\n<h3>Perspetivas<\/h3>\n<p>A Fed indicou a possibilidade de ajustes adicionais \u00e0s taxas, o que mant\u00e9m expectativas abertas sobre o caminho da pol\u00edtica monet\u00e1ria norte-americana. O timing de eventuais cortes depende da evolu\u00e7\u00e3o da infla\u00e7\u00e3o e de condi\u00e7\u00f5es macroecon\u00f3micas, num cen\u00e1rio de elevada diverg\u00eancia entre os membros.<\/p>\n","protected":false},"excerpt":{"rendered":"<ul>\n<li>A Reserva Federal manteve as taxas de juros no intervalo de 3,5% a 3,75% ap\u00f3s uma vota\u00e7\u00e3o de oito votos a favor e quatro contra.<\/li>\n<li>Foi a reuni\u00e3o mais dividida desde 1992, com diverg\u00eancias sobre o caminho da pol\u00edtica monet\u00e1ria sob a lideran\u00e7a de Jerome Powell.<\/li>\n<li>Um voto contra veio de Stephen Miran, defendendo um corte de 0,25 ponto percentual; outros tr\u00eas contr\u00e1rios argumentaram que a infla\u00e7\u00e3o n\u00e3o sinalizava cortes imminentes.<\/li>\n<li>O comunicado passou a afirmar que a infla\u00e7\u00e3o est\u00e1 elevada, parcialmente devido ao aumento dos pre\u00e7os globais de energia, alterando a descri\u00e7\u00e3o anterior.<\/li>\n<li>Mant\u00e9m-se a indica\u00e7\u00e3o de a Fed avaliar &#8220;ajustes adicionais&#8221; \u00e0s taxas no futuro, sinalizando continuidade de decis\u00f5es coletivas mesmo com mudan\u00e7as de lideran\u00e7a.<\/li>\n<li>Powell dever\u00e1 deixar a presid\u00eancia no futuro pr\u00f3ximo, com Kevin Warsh indicado para substitu\u00ed-lo, e a confirma\u00e7\u00e3o depende do Senado; Powell afirmou que permanecer\u00e1 como governador ap\u00f3s o mandato.<\/li>\n<\/ul>\n","protected":false},"author":2,"featured_media":461476,"comment_status":"closed","ping_status":"closed","sticky":false,"template":"","format":"standard","meta":{"footnotes":""},"categories":[2,6850],"tags":[8084,7986,8307,7913,8059,8516],"class_list":["post-461468","post","type-post","status-publish","format-standard","has-post-thumbnail","hentry","category-economia","category-financas","tag-_economia-internacional","tag-_estados-unidos","tag-_inflacao","tag-_politica","tag-_politica-interna","tag-_taxas"],"yoast_head":"<!-- This site is optimized with the Yoast SEO plugin v27.2 - https:\/\/yoast.com\/product\/yoast-seo-wordpress\/ -->\n<title>Na \u00faltima decis\u00e3o como presidente, Powell n\u00e3o atende \u00e0s vontades de Trump - Portal Tela Portugal<\/title>\n<meta name=\"robots\" content=\"index, follow, max-snippet:-1, max-image-preview:large, max-video-preview:-1\" \/>\n<meta property=\"og:locale\" content=\"pt_PT\" \/>\n<meta property=\"og:type\" content=\"article\" \/>\n<meta property=\"og:title\" content=\"Na \u00faltima decis\u00e3o como presidente, Powell n\u00e3o atende \u00e0s vontades de Trump - Portal Tela Portugal\" \/>\n<meta property=\"og:description\" content=\"A Reserva Federal manteve as taxas de juros no intervalo de 3,5% a 3,75% ap\u00f3s uma vota\u00e7\u00e3o de oito votos a favor e quatro contra. Foi a reuni\u00e3o mais dividida desde 1992, com diverg\u00eancias sobre o caminho da pol\u00edtica monet\u00e1ria sob a lideran\u00e7a de Jerome Powell. Um voto contra veio de Stephen Miran, defendendo um corte de 0,25 ponto percentual; outros tr\u00eas contr\u00e1rios argumentaram que a infla\u00e7\u00e3o n\u00e3o sinalizava cortes imminentes. O comunicado passou a afirmar que a infla\u00e7\u00e3o est\u00e1 elevada, parcialmente devido ao aumento dos pre\u00e7os globais de energia, alterando a descri\u00e7\u00e3o anterior. Mant\u00e9m-se a indica\u00e7\u00e3o de a Fed avaliar &quot;ajustes adicionais&quot; \u00e0s taxas no futuro, sinalizando continuidade de decis\u00f5es coletivas mesmo com mudan\u00e7as de lideran\u00e7a. Powell dever\u00e1 deixar a presid\u00eancia no futuro pr\u00f3ximo, com Kevin Warsh indicado para substitu\u00ed-lo, e a confirma\u00e7\u00e3o depende do Senado; Powell afirmou que permanecer\u00e1 como governador ap\u00f3s o mandato.\" \/>\n<meta property=\"og:url\" content=\"https:\/\/portaltela.pt\/noticias\/2026\/04\/29\/na-ultima-decisao-como-presidente-powell-nao-atende-as-vontades-de-trump\/\" \/>\n<meta property=\"og:site_name\" content=\"Portal Tela Portugal\" \/>\n<meta property=\"article:published_time\" content=\"2026-04-29T19:18:31+00:00\" \/>\n<meta name=\"author\" content=\"Telinha\" \/>\n<meta name=\"twitter:card\" content=\"summary_large_image\" \/>\n<meta name=\"twitter:label1\" content=\"Escrito por\" \/>\n\t<meta name=\"twitter:data1\" content=\"Telinha\" \/>\n\t<meta name=\"twitter:label2\" content=\"Tempo estimado de leitura\" \/>\n\t<meta name=\"twitter:data2\" content=\"2 minutos\" \/>\n<script type=\"application\/ld+json\" class=\"yoast-schema-graph\">{\"@context\":\"https:\/\/schema.org\",\"@graph\":[{\"@type\":\"Article\",\"@id\":\"https:\/\/portaltela.pt\/noticias\/2026\/04\/29\/na-ultima-decisao-como-presidente-powell-nao-atende-as-vontades-de-trump\/#article\",\"isPartOf\":{\"@id\":\"https:\/\/portaltela.pt\/noticias\/2026\/04\/29\/na-ultima-decisao-como-presidente-powell-nao-atende-as-vontades-de-trump\/\"},\"author\":{\"name\":\"Telinha\",\"@id\":\"https:\/\/portaltela.pt\/#\/schema\/person\/c4278d4a6028830caff9ee44b42d32ed\"},\"headline\":\"Na \u00faltima decis\u00e3o como presidente, Powell n\u00e3o atende \u00e0s vontades de Trump\",\"datePublished\":\"2026-04-29T19:18:31+00:00\",\"mainEntityOfPage\":{\"@id\":\"https:\/\/portaltela.pt\/noticias\/2026\/04\/29\/na-ultima-decisao-como-presidente-powell-nao-atende-as-vontades-de-trump\/\"},\"wordCount\":378,\"image\":{\"@id\":\"https:\/\/portaltela.pt\/noticias\/2026\/04\/29\/na-ultima-decisao-como-presidente-powell-nao-atende-as-vontades-de-trump\/#primaryimage\"},\"thumbnailUrl\":\"https:\/\/portaltela.pt\/s.01k8rhncp4jt1\/2026\/04\/2085079.jpg\",\"keywords\":[\"_economia internacional\",\"_Estados Unidos\",\"_infla\u00e7\u00e3o\",\"_pol\u00edtica\",\"_pol\u00edtica interna\",\"_taxas\"],\"articleSection\":[\"Economia\",\"Finan\u00e7as\"],\"inLanguage\":\"pt-PT\"},{\"@type\":\"WebPage\",\"@id\":\"https:\/\/portaltela.pt\/noticias\/2026\/04\/29\/na-ultima-decisao-como-presidente-powell-nao-atende-as-vontades-de-trump\/\",\"url\":\"https:\/\/portaltela.pt\/noticias\/2026\/04\/29\/na-ultima-decisao-como-presidente-powell-nao-atende-as-vontades-de-trump\/\",\"name\":\"Na \u00faltima decis\u00e3o como presidente, Powell n\u00e3o atende \u00e0s vontades de Trump - Portal Tela Portugal\",\"isPartOf\":{\"@id\":\"https:\/\/portaltela.pt\/#website\"},\"primaryImageOfPage\":{\"@id\":\"https:\/\/portaltela.pt\/noticias\/2026\/04\/29\/na-ultima-decisao-como-presidente-powell-nao-atende-as-vontades-de-trump\/#primaryimage\"},\"image\":{\"@id\":\"https:\/\/portaltela.pt\/noticias\/2026\/04\/29\/na-ultima-decisao-como-presidente-powell-nao-atende-as-vontades-de-trump\/#primaryimage\"},\"thumbnailUrl\":\"https:\/\/portaltela.pt\/s.01k8rhncp4jt1\/2026\/04\/2085079.jpg\",\"datePublished\":\"2026-04-29T19:18:31+00:00\",\"author\":{\"@id\":\"https:\/\/portaltela.pt\/#\/schema\/person\/c4278d4a6028830caff9ee44b42d32ed\"},\"breadcrumb\":{\"@id\":\"https:\/\/portaltela.pt\/noticias\/2026\/04\/29\/na-ultima-decisao-como-presidente-powell-nao-atende-as-vontades-de-trump\/#breadcrumb\"},\"inLanguage\":\"pt-PT\",\"potentialAction\":[{\"@type\":\"ReadAction\",\"target\":[\"https:\/\/portaltela.pt\/noticias\/2026\/04\/29\/na-ultima-decisao-como-presidente-powell-nao-atende-as-vontades-de-trump\/\"]}]},{\"@type\":\"ImageObject\",\"inLanguage\":\"pt-PT\",\"@id\":\"https:\/\/portaltela.pt\/noticias\/2026\/04\/29\/na-ultima-decisao-como-presidente-powell-nao-atende-as-vontades-de-trump\/#primaryimage\",\"url\":\"https:\/\/portaltela.pt\/s.01k8rhncp4jt1\/2026\/04\/2085079.jpg\",\"contentUrl\":\"https:\/\/portaltela.pt\/s.01k8rhncp4jt1\/2026\/04\/2085079.jpg\",\"width\":796,\"height\":448,\"caption\":\"Jerome Powell, no final da sua \u00faltima reuni\u00e3o de decis\u00e3o das taxas de juro como presidente da Reserva Federal\"},{\"@type\":\"BreadcrumbList\",\"@id\":\"https:\/\/portaltela.pt\/noticias\/2026\/04\/29\/na-ultima-decisao-como-presidente-powell-nao-atende-as-vontades-de-trump\/#breadcrumb\",\"itemListElement\":[{\"@type\":\"ListItem\",\"position\":1,\"name\":\"In\u00edcio\",\"item\":\"https:\/\/portaltela.pt\/\"},{\"@type\":\"ListItem\",\"position\":2,\"name\":\"Na \u00faltima decis\u00e3o como presidente, Powell n\u00e3o atende \u00e0s vontades de Trump\"}]},{\"@type\":\"WebSite\",\"@id\":\"https:\/\/portaltela.pt\/#website\",\"url\":\"https:\/\/portaltela.pt\/\",\"name\":\"Portal Tela Portugal\",\"description\":\"\",\"potentialAction\":[{\"@type\":\"SearchAction\",\"target\":{\"@type\":\"EntryPoint\",\"urlTemplate\":\"https:\/\/portaltela.pt\/?s={search_term_string}\"},\"query-input\":{\"@type\":\"PropertyValueSpecification\",\"valueRequired\":true,\"valueName\":\"search_term_string\"}}],\"inLanguage\":\"pt-PT\"},{\"@type\":\"Person\",\"@id\":\"https:\/\/portaltela.pt\/#\/schema\/person\/c4278d4a6028830caff9ee44b42d32ed\",\"name\":\"Telinha\",\"image\":{\"@type\":\"ImageObject\",\"inLanguage\":\"pt-PT\",\"@id\":\"https:\/\/portaltela.pt\/s.01k8rhncp4jt1\/2025\/11\/talking-bot-125x125.png\",\"url\":\"https:\/\/portaltela.pt\/s.01k8rhncp4jt1\/2025\/11\/talking-bot-125x125.png\",\"contentUrl\":\"https:\/\/portaltela.pt\/s.01k8rhncp4jt1\/2025\/11\/talking-bot-125x125.png\",\"caption\":\"Telinha\"},\"sameAs\":[\"https:\/\/portaltela.pt\/\"],\"url\":\"https:\/\/portaltela.pt\/por\/367410592786\/\"}]}<\/script>\n<!-- \/ Yoast SEO plugin. -->","yoast_head_json":{"title":"Na \u00faltima decis\u00e3o como presidente, Powell n\u00e3o atende \u00e0s vontades de Trump - Portal Tela Portugal","robots":{"index":"index","follow":"follow","max-snippet":"max-snippet:-1","max-image-preview":"max-image-preview:large","max-video-preview":"max-video-preview:-1"},"og_locale":"pt_PT","og_type":"article","og_title":"Na \u00faltima decis\u00e3o como presidente, Powell n\u00e3o atende \u00e0s vontades de Trump - Portal Tela Portugal","og_description":"A Reserva Federal manteve as taxas de juros no intervalo de 3,5% a 3,75% ap\u00f3s uma vota\u00e7\u00e3o de oito votos a favor e quatro contra. Foi a reuni\u00e3o mais dividida desde 1992, com diverg\u00eancias sobre o caminho da pol\u00edtica monet\u00e1ria sob a lideran\u00e7a de Jerome Powell. Um voto contra veio de Stephen Miran, defendendo um corte de 0,25 ponto percentual; outros tr\u00eas contr\u00e1rios argumentaram que a infla\u00e7\u00e3o n\u00e3o sinalizava cortes imminentes. O comunicado passou a afirmar que a infla\u00e7\u00e3o est\u00e1 elevada, parcialmente devido ao aumento dos pre\u00e7os globais de energia, alterando a descri\u00e7\u00e3o anterior. Mant\u00e9m-se a indica\u00e7\u00e3o de a Fed avaliar \"ajustes adicionais\" \u00e0s taxas no futuro, sinalizando continuidade de decis\u00f5es coletivas mesmo com mudan\u00e7as de lideran\u00e7a. Powell dever\u00e1 deixar a presid\u00eancia no futuro pr\u00f3ximo, com Kevin Warsh indicado para substitu\u00ed-lo, e a confirma\u00e7\u00e3o depende do Senado; Powell afirmou que permanecer\u00e1 como governador ap\u00f3s o mandato.","og_url":"https:\/\/portaltela.pt\/noticias\/2026\/04\/29\/na-ultima-decisao-como-presidente-powell-nao-atende-as-vontades-de-trump\/","og_site_name":"Portal Tela Portugal","article_published_time":"2026-04-29T19:18:31+00:00","author":"Telinha","twitter_card":"summary_large_image","twitter_misc":{"Escrito por":"Telinha","Tempo estimado de leitura":"2 minutos"},"schema":{"@context":"https:\/\/schema.org","@graph":[{"@type":"Article","@id":"https:\/\/portaltela.pt\/noticias\/2026\/04\/29\/na-ultima-decisao-como-presidente-powell-nao-atende-as-vontades-de-trump\/#article","isPartOf":{"@id":"https:\/\/portaltela.pt\/noticias\/2026\/04\/29\/na-ultima-decisao-como-presidente-powell-nao-atende-as-vontades-de-trump\/"},"author":{"name":"Telinha","@id":"https:\/\/portaltela.pt\/#\/schema\/person\/c4278d4a6028830caff9ee44b42d32ed"},"headline":"Na \u00faltima decis\u00e3o como presidente, Powell n\u00e3o atende \u00e0s vontades de Trump","datePublished":"2026-04-29T19:18:31+00:00","mainEntityOfPage":{"@id":"https:\/\/portaltela.pt\/noticias\/2026\/04\/29\/na-ultima-decisao-como-presidente-powell-nao-atende-as-vontades-de-trump\/"},"wordCount":378,"image":{"@id":"https:\/\/portaltela.pt\/noticias\/2026\/04\/29\/na-ultima-decisao-como-presidente-powell-nao-atende-as-vontades-de-trump\/#primaryimage"},"thumbnailUrl":"https:\/\/portaltela.pt\/s.01k8rhncp4jt1\/2026\/04\/2085079.jpg","keywords":["_economia internacional","_Estados Unidos","_infla\u00e7\u00e3o","_pol\u00edtica","_pol\u00edtica interna","_taxas"],"articleSection":["Economia","Finan\u00e7as"],"inLanguage":"pt-PT"},{"@type":"WebPage","@id":"https:\/\/portaltela.pt\/noticias\/2026\/04\/29\/na-ultima-decisao-como-presidente-powell-nao-atende-as-vontades-de-trump\/","url":"https:\/\/portaltela.pt\/noticias\/2026\/04\/29\/na-ultima-decisao-como-presidente-powell-nao-atende-as-vontades-de-trump\/","name":"Na \u00faltima decis\u00e3o como presidente, Powell n\u00e3o atende \u00e0s vontades de Trump - Portal Tela Portugal","isPartOf":{"@id":"https:\/\/portaltela.pt\/#website"},"primaryImageOfPage":{"@id":"https:\/\/portaltela.pt\/noticias\/2026\/04\/29\/na-ultima-decisao-como-presidente-powell-nao-atende-as-vontades-de-trump\/#primaryimage"},"image":{"@id":"https:\/\/portaltela.pt\/noticias\/2026\/04\/29\/na-ultima-decisao-como-presidente-powell-nao-atende-as-vontades-de-trump\/#primaryimage"},"thumbnailUrl":"https:\/\/portaltela.pt\/s.01k8rhncp4jt1\/2026\/04\/2085079.jpg","datePublished":"2026-04-29T19:18:31+00:00","author":{"@id":"https:\/\/portaltela.pt\/#\/schema\/person\/c4278d4a6028830caff9ee44b42d32ed"},"breadcrumb":{"@id":"https:\/\/portaltela.pt\/noticias\/2026\/04\/29\/na-ultima-decisao-como-presidente-powell-nao-atende-as-vontades-de-trump\/#breadcrumb"},"inLanguage":"pt-PT","potentialAction":[{"@type":"ReadAction","target":["https:\/\/portaltela.pt\/noticias\/2026\/04\/29\/na-ultima-decisao-como-presidente-powell-nao-atende-as-vontades-de-trump\/"]}]},{"@type":"ImageObject","inLanguage":"pt-PT","@id":"https:\/\/portaltela.pt\/noticias\/2026\/04\/29\/na-ultima-decisao-como-presidente-powell-nao-atende-as-vontades-de-trump\/#primaryimage","url":"https:\/\/portaltela.pt\/s.01k8rhncp4jt1\/2026\/04\/2085079.jpg","contentUrl":"https:\/\/portaltela.pt\/s.01k8rhncp4jt1\/2026\/04\/2085079.jpg","width":796,"height":448,"caption":"Jerome Powell, no final da sua \u00faltima reuni\u00e3o de decis\u00e3o das taxas de juro como presidente da Reserva Federal"},{"@type":"BreadcrumbList","@id":"https:\/\/portaltela.pt\/noticias\/2026\/04\/29\/na-ultima-decisao-como-presidente-powell-nao-atende-as-vontades-de-trump\/#breadcrumb","itemListElement":[{"@type":"ListItem","position":1,"name":"In\u00edcio","item":"https:\/\/portaltela.pt\/"},{"@type":"ListItem","position":2,"name":"Na \u00faltima decis\u00e3o como presidente, Powell n\u00e3o atende \u00e0s vontades de Trump"}]},{"@type":"WebSite","@id":"https:\/\/portaltela.pt\/#website","url":"https:\/\/portaltela.pt\/","name":"Portal Tela Portugal","description":"","potentialAction":[{"@type":"SearchAction","target":{"@type":"EntryPoint","urlTemplate":"https:\/\/portaltela.pt\/?s={search_term_string}"},"query-input":{"@type":"PropertyValueSpecification","valueRequired":true,"valueName":"search_term_string"}}],"inLanguage":"pt-PT"},{"@type":"Person","@id":"https:\/\/portaltela.pt\/#\/schema\/person\/c4278d4a6028830caff9ee44b42d32ed","name":"Telinha","image":{"@type":"ImageObject","inLanguage":"pt-PT","@id":"https:\/\/portaltela.pt\/s.01k8rhncp4jt1\/2025\/11\/talking-bot-125x125.png","url":"https:\/\/portaltela.pt\/s.01k8rhncp4jt1\/2025\/11\/talking-bot-125x125.png","contentUrl":"https:\/\/portaltela.pt\/s.01k8rhncp4jt1\/2025\/11\/talking-bot-125x125.png","caption":"Telinha"},"sameAs":["https:\/\/portaltela.pt\/"],"url":"https:\/\/portaltela.pt\/por\/367410592786\/"}]}},"_links":{"self":[{"href":"https:\/\/portaltela.pt\/api\/wp\/v2\/posts\/461468","targetHints":{"allow":["GET"]}}],"collection":[{"href":"https:\/\/portaltela.pt\/api\/wp\/v2\/posts"}],"about":[{"href":"https:\/\/portaltela.pt\/api\/wp\/v2\/types\/post"}],"author":[{"embeddable":true,"href":"https:\/\/portaltela.pt\/api\/wp\/v2\/users\/2"}],"replies":[{"embeddable":true,"href":"https:\/\/portaltela.pt\/api\/wp\/v2\/comments?post=461468"}],"version-history":[{"count":0,"href":"https:\/\/portaltela.pt\/api\/wp\/v2\/posts\/461468\/revisions"}],"wp:featuredmedia":[{"embeddable":true,"href":"https:\/\/portaltela.pt\/api\/wp\/v2\/media\/461476"}],"wp:attachment":[{"href":"https:\/\/portaltela.pt\/api\/wp\/v2\/media?parent=461468"}],"wp:term":[{"taxonomy":"category","embeddable":true,"href":"https:\/\/portaltela.pt\/api\/wp\/v2\/categories?post=461468"},{"taxonomy":"post_tag","embeddable":true,"href":"https:\/\/portaltela.pt\/api\/wp\/v2\/tags?post=461468"}],"curies":[{"name":"wp","href":"https:\/\/api.w.org\/{rel}","templated":true}]}}