{"id":461466,"date":"2026-04-29T16:18:29","date_gmt":"2026-04-29T19:18:29","guid":{"rendered":"https:\/\/portaltela.pt\/noticias\/2026\/04\/29\/luisa-salgueiro-vai-a-tribunal-em-maio-por-hotel-na-praia-da-memoria\/"},"modified":"2026-04-29T16:18:29","modified_gmt":"2026-04-29T19:18:29","slug":"luisa-salgueiro-vai-a-tribunal-em-maio-por-hotel-na-praia-da-memoria","status":"publish","type":"post","link":"https:\/\/portaltela.pt\/noticias\/2026\/04\/29\/luisa-salgueiro-vai-a-tribunal-em-maio-por-hotel-na-praia-da-memoria\/","title":{"rendered":"Lu\u00edsa Salgueiro vai a tribunal em maio por hotel na Praia da Mem\u00f3ria"},"content":{"rendered":"<p>A presidente da C\u00e2mara de Matosinhos confirmou hoje que ir\u00e1 depor em tribunal no dia 11 de maio sobre o processo envolvendo o hotel na Praia da Mem\u00f3ria. O promotor exige uma indemniza\u00e7\u00e3o de 19 milh\u00f5es de euros.<\/p>\n<p>Lu\u00edsa Salgueiro revelou, ap\u00f3s a reuni\u00e3o do executivo, que os r\u00e9us s\u00e3o a C\u00e2mara Municipal de Matosinhos, o Minist\u00e9rio do Ambiente e o ex-ministro Jo\u00e3o Pedro Matos Fernandes, entre outros, e que a demanda resulta de ter havido impedimento de constru\u00e7\u00e3o.<\/p>\n<p>A den\u00fancia foi apresentada pela associa\u00e7\u00e3o ambiental ADERE em outubro de 2019, que colocou em causa v\u00edcios administrativos que poderiam ter repercuss\u00f5es civis ou penais.<\/p>\n<h3>Dossi\u00ea e decis\u00f5es administrativas<\/h3>\n<p>A CCDR-N informou, em outubro de 2019, ter dado parecer favor\u00e1vel ao hotel ao excluir o local da Reserva Ecol\u00f3gica Nacional (REN), o que colocou a \u00e1rea fora da zona de prote\u00e7\u00e3o costeira, embora mantivesse a \u00e1rea classificada na REN.<\/p>\n<p>Em mar\u00e7o de 2020, o Minist\u00e9rio do Ambiente homologou um relat\u00f3rio de averigua\u00e7\u00e3o que suspendeu a constru\u00e7\u00e3o e exigiu a reposi\u00e7\u00e3o das condi\u00e7\u00f5es originais do terreno. O minist\u00e9rio sustentou que o terreno est\u00e1 inclu\u00eddo na REN e que a exclus\u00e3o exigiria um Plano de Urbaniza\u00e7\u00e3o, n\u00e3o implementado.<\/p>\n<p>No in\u00edcio, a autarquia defendia a validade do licenciamento, anunciando que a obra podia prosseguir, mas, dias depois, decidiu anular o licenciamento e embargar a constru\u00e7\u00e3o.<\/p>\n<h3>Andamento processual<\/h3>\n<p>O Minist\u00e9rio do Ambiente e a A\u00e7\u00e3o Clim\u00e1tica informou que o licenciamento foi considerado nulo e que a obra deveria ficar parada, com reposi\u00e7\u00e3o das condi\u00e7\u00f5es iniciais. Em abril de 2020, o Minist\u00e9rio da Economia retirou o t\u00edtulo de utilidade tur\u00edstica ao hotel.<\/p>\n<p>Em setembro de 2022, o Minist\u00e9rio P\u00fablico arquivou o inqu\u00e9rito que investigava o processo de licenciamento. A audi\u00eancia em maio fica marcada no \u00e2mbito da investiga\u00e7\u00e3o em curso, com o objetivo de esclarecer os factos e responsabilidades.<\/p>\n","protected":false},"excerpt":{"rendered":"<ul>\n<li>Lu\u00edsa Salgueiro confirmou depor em tribunal no dia 11 de maio sobre o hotel na Praia da Mem\u00f3ria, com o promotor a exigir indemniza\u00e7\u00e3o de 19 milh\u00f5es de euros pelos alegados impedimentos \u00e0 constru\u00e7\u00e3o.<\/li>\n<li>Os r\u00e9us apontados s\u00e3o a presidente da c\u00e2mara, a C\u00e2mara Municipal de Matosinhos, o Minist\u00e9rio do Ambiente e o ex-ministro Jo\u00e3o Pedro Matos Fernandes; a den\u00fancia foi feita pela associa\u00e7\u00e3o ADERE em outubro de 2019.<\/li>\n<li>A CCDR-N aprovou, a 31 de outubro de 2019, o hotel, explicando que o local saiu da Reserva Ecol\u00f3gica Nacional, embora a \u00e1rea permane\u00e7a integrada nas zonas costeiras da REN; posteriormente houve altera\u00e7\u00f5es e controv\u00e9rsias.<\/li>\n<li>Em mar\u00e7o de 2020 o Minist\u00e9rio do Ambiente homologou um relat\u00f3rio que suspendeu a constru\u00e7\u00e3o e ordenou a reposi\u00e7\u00e3o das condi\u00e7\u00f5es originais do terreno, concluindo que o licenciamento era nulo e a obra devia parar.<\/li>\n<li>Em abril de 2020 o Minist\u00e9rio da Economia retirou o t\u00edtulo de utilidade tur\u00edstica ao hotel; em setembro de 2022 o Minist\u00e9rio P\u00fablico arquivou o inqu\u00e9rito que investigava o licenciamento.<\/li>\n<\/ul>\n","protected":false},"author":2,"featured_media":461477,"comment_status":"closed","ping_status":"closed","sticky":false,"template":"","format":"standard","meta":{"footnotes":""},"categories":[6815,1],"tags":[8238,7960,8477,8440,8352,9954],"class_list":["post-461466","post","type-post","status-publish","format-standard","has-post-thumbnail","hentry","category-justica","category-noticias","tag-_ambiente","tag-_investigacao-criminal","tag-_licenciamentos","tag-_matosinhos","tag-_ministerio-publico","tag-_reserva-ecologica-nacional"],"yoast_head":"<!-- This site is optimized with the Yoast SEO plugin v27.2 - https:\/\/yoast.com\/product\/yoast-seo-wordpress\/ -->\n<title>Lu\u00edsa Salgueiro vai a tribunal em maio por hotel na Praia da Mem\u00f3ria - Portal Tela Portugal<\/title>\n<meta name=\"robots\" content=\"index, follow, max-snippet:-1, max-image-preview:large, max-video-preview:-1\" \/>\n<meta property=\"og:locale\" content=\"pt_PT\" \/>\n<meta property=\"og:type\" content=\"article\" \/>\n<meta property=\"og:title\" content=\"Lu\u00edsa Salgueiro vai a tribunal em maio por hotel na Praia da Mem\u00f3ria - Portal Tela Portugal\" \/>\n<meta property=\"og:description\" content=\"Lu\u00edsa Salgueiro confirmou depor em tribunal no dia 11 de maio sobre o hotel na Praia da Mem\u00f3ria, com o promotor a exigir indemniza\u00e7\u00e3o de 19 milh\u00f5es de euros pelos alegados impedimentos \u00e0 constru\u00e7\u00e3o. Os r\u00e9us apontados s\u00e3o a presidente da c\u00e2mara, a C\u00e2mara Municipal de Matosinhos, o Minist\u00e9rio do Ambiente e o ex-ministro Jo\u00e3o Pedro Matos Fernandes; a den\u00fancia foi feita pela associa\u00e7\u00e3o ADERE em outubro de 2019. A CCDR-N aprovou, a 31 de outubro de 2019, o hotel, explicando que o local saiu da Reserva Ecol\u00f3gica Nacional, embora a \u00e1rea permane\u00e7a integrada nas zonas costeiras da REN; posteriormente houve altera\u00e7\u00f5es e controv\u00e9rsias. Em mar\u00e7o de 2020 o Minist\u00e9rio do Ambiente homologou um relat\u00f3rio que suspendeu a constru\u00e7\u00e3o e ordenou a reposi\u00e7\u00e3o das condi\u00e7\u00f5es originais do terreno, concluindo que o licenciamento era nulo e a obra devia parar. Em abril de 2020 o Minist\u00e9rio da Economia retirou o t\u00edtulo de utilidade tur\u00edstica ao hotel; em setembro de 2022 o Minist\u00e9rio P\u00fablico arquivou o inqu\u00e9rito que investigava o licenciamento.\" \/>\n<meta property=\"og:url\" content=\"https:\/\/portaltela.pt\/noticias\/2026\/04\/29\/luisa-salgueiro-vai-a-tribunal-em-maio-por-hotel-na-praia-da-memoria\/\" \/>\n<meta property=\"og:site_name\" content=\"Portal Tela Portugal\" \/>\n<meta property=\"article:published_time\" content=\"2026-04-29T19:18:29+00:00\" \/>\n<meta name=\"author\" content=\"Telinha\" \/>\n<meta name=\"twitter:card\" content=\"summary_large_image\" \/>\n<meta name=\"twitter:label1\" content=\"Escrito por\" \/>\n\t<meta name=\"twitter:data1\" content=\"Telinha\" \/>\n\t<meta name=\"twitter:label2\" content=\"Tempo estimado de leitura\" \/>\n\t<meta name=\"twitter:data2\" content=\"2 minutos\" \/>\n<script type=\"application\/ld+json\" class=\"yoast-schema-graph\">{\"@context\":\"https:\/\/schema.org\",\"@graph\":[{\"@type\":\"Article\",\"@id\":\"https:\/\/portaltela.pt\/noticias\/2026\/04\/29\/luisa-salgueiro-vai-a-tribunal-em-maio-por-hotel-na-praia-da-memoria\/#article\",\"isPartOf\":{\"@id\":\"https:\/\/portaltela.pt\/noticias\/2026\/04\/29\/luisa-salgueiro-vai-a-tribunal-em-maio-por-hotel-na-praia-da-memoria\/\"},\"author\":{\"name\":\"Telinha\",\"@id\":\"https:\/\/portaltela.pt\/#\/schema\/person\/c4278d4a6028830caff9ee44b42d32ed\"},\"headline\":\"Lu\u00edsa Salgueiro vai a tribunal em maio por hotel na Praia da Mem\u00f3ria\",\"datePublished\":\"2026-04-29T19:18:29+00:00\",\"mainEntityOfPage\":{\"@id\":\"https:\/\/portaltela.pt\/noticias\/2026\/04\/29\/luisa-salgueiro-vai-a-tribunal-em-maio-por-hotel-na-praia-da-memoria\/\"},\"wordCount\":359,\"image\":{\"@id\":\"https:\/\/portaltela.pt\/noticias\/2026\/04\/29\/luisa-salgueiro-vai-a-tribunal-em-maio-por-hotel-na-praia-da-memoria\/#primaryimage\"},\"thumbnailUrl\":\"https:\/\/portaltela.pt\/s.01k8rhncp4jt1\/2026\/04\/img_1500x1000uu2023-11-24-19-19-38-1500237-1.jpg\",\"keywords\":[\"_ambiente\",\"_investiga\u00e7\u00e3o criminal\",\"_licenciamentos\",\"_Matosinhos\",\"_Minist\u00e9rio P\u00fablico\",\"_Reserva Ecol\u00f3gica Nacional\"],\"articleSection\":[\"Justi\u00e7a\",\"Not\u00edcias\"],\"inLanguage\":\"pt-PT\"},{\"@type\":\"WebPage\",\"@id\":\"https:\/\/portaltela.pt\/noticias\/2026\/04\/29\/luisa-salgueiro-vai-a-tribunal-em-maio-por-hotel-na-praia-da-memoria\/\",\"url\":\"https:\/\/portaltela.pt\/noticias\/2026\/04\/29\/luisa-salgueiro-vai-a-tribunal-em-maio-por-hotel-na-praia-da-memoria\/\",\"name\":\"Lu\u00edsa Salgueiro vai a tribunal em maio por hotel na Praia da Mem\u00f3ria - Portal Tela Portugal\",\"isPartOf\":{\"@id\":\"https:\/\/portaltela.pt\/#website\"},\"primaryImageOfPage\":{\"@id\":\"https:\/\/portaltela.pt\/noticias\/2026\/04\/29\/luisa-salgueiro-vai-a-tribunal-em-maio-por-hotel-na-praia-da-memoria\/#primaryimage\"},\"image\":{\"@id\":\"https:\/\/portaltela.pt\/noticias\/2026\/04\/29\/luisa-salgueiro-vai-a-tribunal-em-maio-por-hotel-na-praia-da-memoria\/#primaryimage\"},\"thumbnailUrl\":\"https:\/\/portaltela.pt\/s.01k8rhncp4jt1\/2026\/04\/img_1500x1000uu2023-11-24-19-19-38-1500237-1.jpg\",\"datePublished\":\"2026-04-29T19:18:29+00:00\",\"author\":{\"@id\":\"https:\/\/portaltela.pt\/#\/schema\/person\/c4278d4a6028830caff9ee44b42d32ed\"},\"breadcrumb\":{\"@id\":\"https:\/\/portaltela.pt\/noticias\/2026\/04\/29\/luisa-salgueiro-vai-a-tribunal-em-maio-por-hotel-na-praia-da-memoria\/#breadcrumb\"},\"inLanguage\":\"pt-PT\",\"potentialAction\":[{\"@type\":\"ReadAction\",\"target\":[\"https:\/\/portaltela.pt\/noticias\/2026\/04\/29\/luisa-salgueiro-vai-a-tribunal-em-maio-por-hotel-na-praia-da-memoria\/\"]}]},{\"@type\":\"ImageObject\",\"inLanguage\":\"pt-PT\",\"@id\":\"https:\/\/portaltela.pt\/noticias\/2026\/04\/29\/luisa-salgueiro-vai-a-tribunal-em-maio-por-hotel-na-praia-da-memoria\/#primaryimage\",\"url\":\"https:\/\/portaltela.pt\/s.01k8rhncp4jt1\/2026\/04\/img_1500x1000uu2023-11-24-19-19-38-1500237-1.jpg\",\"contentUrl\":\"https:\/\/portaltela.pt\/s.01k8rhncp4jt1\/2026\/04\/img_1500x1000uu2023-11-24-19-19-38-1500237-1.jpg\",\"width\":796,\"height\":448,\"caption\":\"Lu\u00edsa Salgueiro\"},{\"@type\":\"BreadcrumbList\",\"@id\":\"https:\/\/portaltela.pt\/noticias\/2026\/04\/29\/luisa-salgueiro-vai-a-tribunal-em-maio-por-hotel-na-praia-da-memoria\/#breadcrumb\",\"itemListElement\":[{\"@type\":\"ListItem\",\"position\":1,\"name\":\"In\u00edcio\",\"item\":\"https:\/\/portaltela.pt\/\"},{\"@type\":\"ListItem\",\"position\":2,\"name\":\"Lu\u00edsa Salgueiro vai a tribunal em maio por hotel na Praia da Mem\u00f3ria\"}]},{\"@type\":\"WebSite\",\"@id\":\"https:\/\/portaltela.pt\/#website\",\"url\":\"https:\/\/portaltela.pt\/\",\"name\":\"Portal Tela Portugal\",\"description\":\"\",\"potentialAction\":[{\"@type\":\"SearchAction\",\"target\":{\"@type\":\"EntryPoint\",\"urlTemplate\":\"https:\/\/portaltela.pt\/?s={search_term_string}\"},\"query-input\":{\"@type\":\"PropertyValueSpecification\",\"valueRequired\":true,\"valueName\":\"search_term_string\"}}],\"inLanguage\":\"pt-PT\"},{\"@type\":\"Person\",\"@id\":\"https:\/\/portaltela.pt\/#\/schema\/person\/c4278d4a6028830caff9ee44b42d32ed\",\"name\":\"Telinha\",\"image\":{\"@type\":\"ImageObject\",\"inLanguage\":\"pt-PT\",\"@id\":\"https:\/\/portaltela.pt\/s.01k8rhncp4jt1\/2025\/11\/talking-bot-125x125.png\",\"url\":\"https:\/\/portaltela.pt\/s.01k8rhncp4jt1\/2025\/11\/talking-bot-125x125.png\",\"contentUrl\":\"https:\/\/portaltela.pt\/s.01k8rhncp4jt1\/2025\/11\/talking-bot-125x125.png\",\"caption\":\"Telinha\"},\"sameAs\":[\"https:\/\/portaltela.pt\/\"],\"url\":\"https:\/\/portaltela.pt\/por\/367410592786\/\"}]}<\/script>\n<!-- \/ Yoast SEO plugin. -->","yoast_head_json":{"title":"Lu\u00edsa Salgueiro vai a tribunal em maio por hotel na Praia da Mem\u00f3ria - Portal Tela Portugal","robots":{"index":"index","follow":"follow","max-snippet":"max-snippet:-1","max-image-preview":"max-image-preview:large","max-video-preview":"max-video-preview:-1"},"og_locale":"pt_PT","og_type":"article","og_title":"Lu\u00edsa Salgueiro vai a tribunal em maio por hotel na Praia da Mem\u00f3ria - Portal Tela Portugal","og_description":"Lu\u00edsa Salgueiro confirmou depor em tribunal no dia 11 de maio sobre o hotel na Praia da Mem\u00f3ria, com o promotor a exigir indemniza\u00e7\u00e3o de 19 milh\u00f5es de euros pelos alegados impedimentos \u00e0 constru\u00e7\u00e3o. Os r\u00e9us apontados s\u00e3o a presidente da c\u00e2mara, a C\u00e2mara Municipal de Matosinhos, o Minist\u00e9rio do Ambiente e o ex-ministro Jo\u00e3o Pedro Matos Fernandes; a den\u00fancia foi feita pela associa\u00e7\u00e3o ADERE em outubro de 2019. A CCDR-N aprovou, a 31 de outubro de 2019, o hotel, explicando que o local saiu da Reserva Ecol\u00f3gica Nacional, embora a \u00e1rea permane\u00e7a integrada nas zonas costeiras da REN; posteriormente houve altera\u00e7\u00f5es e controv\u00e9rsias. Em mar\u00e7o de 2020 o Minist\u00e9rio do Ambiente homologou um relat\u00f3rio que suspendeu a constru\u00e7\u00e3o e ordenou a reposi\u00e7\u00e3o das condi\u00e7\u00f5es originais do terreno, concluindo que o licenciamento era nulo e a obra devia parar. Em abril de 2020 o Minist\u00e9rio da Economia retirou o t\u00edtulo de utilidade tur\u00edstica ao hotel; em setembro de 2022 o Minist\u00e9rio P\u00fablico arquivou o inqu\u00e9rito que investigava o licenciamento.","og_url":"https:\/\/portaltela.pt\/noticias\/2026\/04\/29\/luisa-salgueiro-vai-a-tribunal-em-maio-por-hotel-na-praia-da-memoria\/","og_site_name":"Portal Tela Portugal","article_published_time":"2026-04-29T19:18:29+00:00","author":"Telinha","twitter_card":"summary_large_image","twitter_misc":{"Escrito por":"Telinha","Tempo estimado de leitura":"2 minutos"},"schema":{"@context":"https:\/\/schema.org","@graph":[{"@type":"Article","@id":"https:\/\/portaltela.pt\/noticias\/2026\/04\/29\/luisa-salgueiro-vai-a-tribunal-em-maio-por-hotel-na-praia-da-memoria\/#article","isPartOf":{"@id":"https:\/\/portaltela.pt\/noticias\/2026\/04\/29\/luisa-salgueiro-vai-a-tribunal-em-maio-por-hotel-na-praia-da-memoria\/"},"author":{"name":"Telinha","@id":"https:\/\/portaltela.pt\/#\/schema\/person\/c4278d4a6028830caff9ee44b42d32ed"},"headline":"Lu\u00edsa Salgueiro vai a tribunal em maio por hotel na Praia da Mem\u00f3ria","datePublished":"2026-04-29T19:18:29+00:00","mainEntityOfPage":{"@id":"https:\/\/portaltela.pt\/noticias\/2026\/04\/29\/luisa-salgueiro-vai-a-tribunal-em-maio-por-hotel-na-praia-da-memoria\/"},"wordCount":359,"image":{"@id":"https:\/\/portaltela.pt\/noticias\/2026\/04\/29\/luisa-salgueiro-vai-a-tribunal-em-maio-por-hotel-na-praia-da-memoria\/#primaryimage"},"thumbnailUrl":"https:\/\/portaltela.pt\/s.01k8rhncp4jt1\/2026\/04\/img_1500x1000uu2023-11-24-19-19-38-1500237-1.jpg","keywords":["_ambiente","_investiga\u00e7\u00e3o criminal","_licenciamentos","_Matosinhos","_Minist\u00e9rio P\u00fablico","_Reserva Ecol\u00f3gica Nacional"],"articleSection":["Justi\u00e7a","Not\u00edcias"],"inLanguage":"pt-PT"},{"@type":"WebPage","@id":"https:\/\/portaltela.pt\/noticias\/2026\/04\/29\/luisa-salgueiro-vai-a-tribunal-em-maio-por-hotel-na-praia-da-memoria\/","url":"https:\/\/portaltela.pt\/noticias\/2026\/04\/29\/luisa-salgueiro-vai-a-tribunal-em-maio-por-hotel-na-praia-da-memoria\/","name":"Lu\u00edsa Salgueiro vai a tribunal em maio por hotel na Praia da Mem\u00f3ria - Portal Tela Portugal","isPartOf":{"@id":"https:\/\/portaltela.pt\/#website"},"primaryImageOfPage":{"@id":"https:\/\/portaltela.pt\/noticias\/2026\/04\/29\/luisa-salgueiro-vai-a-tribunal-em-maio-por-hotel-na-praia-da-memoria\/#primaryimage"},"image":{"@id":"https:\/\/portaltela.pt\/noticias\/2026\/04\/29\/luisa-salgueiro-vai-a-tribunal-em-maio-por-hotel-na-praia-da-memoria\/#primaryimage"},"thumbnailUrl":"https:\/\/portaltela.pt\/s.01k8rhncp4jt1\/2026\/04\/img_1500x1000uu2023-11-24-19-19-38-1500237-1.jpg","datePublished":"2026-04-29T19:18:29+00:00","author":{"@id":"https:\/\/portaltela.pt\/#\/schema\/person\/c4278d4a6028830caff9ee44b42d32ed"},"breadcrumb":{"@id":"https:\/\/portaltela.pt\/noticias\/2026\/04\/29\/luisa-salgueiro-vai-a-tribunal-em-maio-por-hotel-na-praia-da-memoria\/#breadcrumb"},"inLanguage":"pt-PT","potentialAction":[{"@type":"ReadAction","target":["https:\/\/portaltela.pt\/noticias\/2026\/04\/29\/luisa-salgueiro-vai-a-tribunal-em-maio-por-hotel-na-praia-da-memoria\/"]}]},{"@type":"ImageObject","inLanguage":"pt-PT","@id":"https:\/\/portaltela.pt\/noticias\/2026\/04\/29\/luisa-salgueiro-vai-a-tribunal-em-maio-por-hotel-na-praia-da-memoria\/#primaryimage","url":"https:\/\/portaltela.pt\/s.01k8rhncp4jt1\/2026\/04\/img_1500x1000uu2023-11-24-19-19-38-1500237-1.jpg","contentUrl":"https:\/\/portaltela.pt\/s.01k8rhncp4jt1\/2026\/04\/img_1500x1000uu2023-11-24-19-19-38-1500237-1.jpg","width":796,"height":448,"caption":"Lu\u00edsa Salgueiro"},{"@type":"BreadcrumbList","@id":"https:\/\/portaltela.pt\/noticias\/2026\/04\/29\/luisa-salgueiro-vai-a-tribunal-em-maio-por-hotel-na-praia-da-memoria\/#breadcrumb","itemListElement":[{"@type":"ListItem","position":1,"name":"In\u00edcio","item":"https:\/\/portaltela.pt\/"},{"@type":"ListItem","position":2,"name":"Lu\u00edsa Salgueiro vai a tribunal em maio por hotel na Praia da Mem\u00f3ria"}]},{"@type":"WebSite","@id":"https:\/\/portaltela.pt\/#website","url":"https:\/\/portaltela.pt\/","name":"Portal Tela Portugal","description":"","potentialAction":[{"@type":"SearchAction","target":{"@type":"EntryPoint","urlTemplate":"https:\/\/portaltela.pt\/?s={search_term_string}"},"query-input":{"@type":"PropertyValueSpecification","valueRequired":true,"valueName":"search_term_string"}}],"inLanguage":"pt-PT"},{"@type":"Person","@id":"https:\/\/portaltela.pt\/#\/schema\/person\/c4278d4a6028830caff9ee44b42d32ed","name":"Telinha","image":{"@type":"ImageObject","inLanguage":"pt-PT","@id":"https:\/\/portaltela.pt\/s.01k8rhncp4jt1\/2025\/11\/talking-bot-125x125.png","url":"https:\/\/portaltela.pt\/s.01k8rhncp4jt1\/2025\/11\/talking-bot-125x125.png","contentUrl":"https:\/\/portaltela.pt\/s.01k8rhncp4jt1\/2025\/11\/talking-bot-125x125.png","caption":"Telinha"},"sameAs":["https:\/\/portaltela.pt\/"],"url":"https:\/\/portaltela.pt\/por\/367410592786\/"}]}},"_links":{"self":[{"href":"https:\/\/portaltela.pt\/api\/wp\/v2\/posts\/461466","targetHints":{"allow":["GET"]}}],"collection":[{"href":"https:\/\/portaltela.pt\/api\/wp\/v2\/posts"}],"about":[{"href":"https:\/\/portaltela.pt\/api\/wp\/v2\/types\/post"}],"author":[{"embeddable":true,"href":"https:\/\/portaltela.pt\/api\/wp\/v2\/users\/2"}],"replies":[{"embeddable":true,"href":"https:\/\/portaltela.pt\/api\/wp\/v2\/comments?post=461466"}],"version-history":[{"count":0,"href":"https:\/\/portaltela.pt\/api\/wp\/v2\/posts\/461466\/revisions"}],"wp:featuredmedia":[{"embeddable":true,"href":"https:\/\/portaltela.pt\/api\/wp\/v2\/media\/461477"}],"wp:attachment":[{"href":"https:\/\/portaltela.pt\/api\/wp\/v2\/media?parent=461466"}],"wp:term":[{"taxonomy":"category","embeddable":true,"href":"https:\/\/portaltela.pt\/api\/wp\/v2\/categories?post=461466"},{"taxonomy":"post_tag","embeddable":true,"href":"https:\/\/portaltela.pt\/api\/wp\/v2\/tags?post=461466"}],"curies":[{"name":"wp","href":"https:\/\/api.w.org\/{rel}","templated":true}]}}