{"id":461465,"date":"2026-04-29T16:18:29","date_gmt":"2026-04-29T19:18:29","guid":{"rendered":"https:\/\/portaltela.pt\/noticias\/2026\/04\/29\/ministro-garante-que-investimentos-na-defesa-envolverao-apenas-empresas-nacionais\/"},"modified":"2026-04-29T16:18:29","modified_gmt":"2026-04-29T19:18:29","slug":"ministro-garante-que-investimentos-na-defesa-envolverao-apenas-empresas-nacionais","status":"publish","type":"post","link":"https:\/\/portaltela.pt\/noticias\/politica\/2026\/04\/29\/ministro-garante-que-investimentos-na-defesa-envolverao-apenas-empresas-nacionais\/","title":{"rendered":"Ministro garante que investimentos na Defesa envolver\u00e3o apenas empresas nacionais"},"content":{"rendered":"<p>O Governo mant\u00e9m a aposta em investir no setor da Defesa atrav\u00e9s de empresas nacionais, assegurando que o conte\u00fado de aquisi\u00e7\u00e3o seja predominantly nacional. O ministro da Defesa Nacional afirmou que os investimentos ir\u00e3o privilegiar as empresas portuguesas, assegurando que o que for necess\u00e1rio seja executado com participa\u00e7\u00e3o nacional.<\/p>\n<p>Nesta tarde, o ministro Nuno Melo discursou na abertura do 6.\u00ba F\u00f3rum Econ\u00f3mico de Vila Nova de Famalic\u00e3o, dedicado \u00e0 Defesa e Inova\u00e7\u00e3o. Reiterou a prioridade de envolver empresas portuguesas nos projetos previstos para o setor.<\/p>\n<p>O ministro destacou ainda a participa\u00e7\u00e3o de Portugal no Instrumento de A\u00e7\u00e3o para a Seguran\u00e7a da Europa (SAFE), referindo que o pa\u00eds foi um dos primeiros a apresentar candidaturas. O valor global aprovado para terra, mar, ar, espa\u00e7o e ciberespa\u00e7o supera 5,8 mil milh\u00f5es de euros, segundo a apresenta\u00e7\u00e3o do governo.<\/p>\n<h3>O que muda para as empresas nacionais<\/h3>\n<p>Nuno Melo adianta que as assinaturas dos contratos SAFE devem ocorrer em breve, e que o atraso no Conceito Estrat\u00e9gico de Defesa n\u00e3o dever\u00e1 atrasar os investimentos. A proje\u00e7\u00e3o \u00e9 de que as primeiras fases de implementa\u00e7\u00e3o comecem a gerar contratos j\u00e1 neste mandato.<\/p>\n<h3>Contexto e objetivos<\/h3>\n<p>O governante sublinhou que as oportunidades do SAFE ajudam a refor\u00e7ar capacidades nacionais em v\u00e1rias \u00e1reas de defesa. A aposta continua a criar uma cadeia de fornecimento local para assegurar a autonomia tecnol\u00f3gica e industrial de Portugal.<\/p>\n","protected":false},"excerpt":{"rendered":"<ul>\n<li>O ministro da Defesa Nacional afirmou que o Governo quer que os investimentos no setor sejam feitos sobretudo por empresas nacionais, envolvendo-as mesmo quando poss\u00edvel.<\/li>\n<li>Nuno Melo avisou que brevemente devem ser assinados os contratos do Instrumento de A\u00e7\u00e3o para a Seguran\u00e7a da Europa (SAFE).<\/li>\n<li>Garantiu que atrasos no Conceito Estrat\u00e9gico de Defesa n\u00e3o prejudicar\u00e3o os investimentos em curso.<\/li>\n<li>Na abertura do 6.\u00ba F\u00f3rum Econ\u00f3mico de Vila Nova de Famalic\u00e3o, Portugal destacou-se como um dos primeiros a candidatar-se ao SAFE, com projetos aprovados em terra, mar, ar, espa\u00e7o e ciberespa\u00e7o, totalizando mais de 5,8 mil milh\u00f5es de euros.<\/li>\n<li>O ministro refor\u00e7ou que Portugal est\u00e1 a aproveitar as oportunidades do SAFE, afirmando estar \u00e0 frente de muitos outros pa\u00edses.<\/li>\n<\/ul>\n","protected":false},"author":2,"featured_media":461474,"comment_status":"closed","ping_status":"closed","sticky":false,"template":"","format":"standard","meta":{"footnotes":""},"categories":[6814,5],"tags":[7991,8841,8353,8016,8114,8472],"class_list":["post-461465","post","type-post","status-publish","format-standard","has-post-thumbnail","hentry","category-geopolitica","category-politica","tag-_cooperacao-internacional","tag-_defesa","tag-_defesa-nacional","tag-_empresas","tag-_investimento","tag-_seguranca-nacional"],"yoast_head":"<!-- This site is optimized with the Yoast SEO plugin v27.2 - https:\/\/yoast.com\/product\/yoast-seo-wordpress\/ -->\n<title>Ministro garante que investimentos na Defesa envolver\u00e3o apenas empresas nacionais - Portal Tela Portugal<\/title>\n<meta name=\"robots\" content=\"index, follow, max-snippet:-1, max-image-preview:large, max-video-preview:-1\" \/>\n<meta property=\"og:locale\" content=\"pt_PT\" \/>\n<meta property=\"og:type\" content=\"article\" \/>\n<meta property=\"og:title\" content=\"Ministro garante que investimentos na Defesa envolver\u00e3o apenas empresas nacionais - Portal Tela Portugal\" \/>\n<meta property=\"og:description\" content=\"O ministro da Defesa Nacional afirmou que o Governo quer que os investimentos no setor sejam feitos sobretudo por empresas nacionais, envolvendo-as mesmo quando poss\u00edvel. Nuno Melo avisou que brevemente devem ser assinados os contratos do Instrumento de A\u00e7\u00e3o para a Seguran\u00e7a da Europa (SAFE). Garantiu que atrasos no Conceito Estrat\u00e9gico de Defesa n\u00e3o prejudicar\u00e3o os investimentos em curso. Na abertura do 6.\u00ba F\u00f3rum Econ\u00f3mico de Vila Nova de Famalic\u00e3o, Portugal destacou-se como um dos primeiros a candidatar-se ao SAFE, com projetos aprovados em terra, mar, ar, espa\u00e7o e ciberespa\u00e7o, totalizando mais de 5,8 mil milh\u00f5es de euros. O ministro refor\u00e7ou que Portugal est\u00e1 a aproveitar as oportunidades do SAFE, afirmando estar \u00e0 frente de muitos outros pa\u00edses.\" \/>\n<meta property=\"og:url\" content=\"https:\/\/portaltela.pt\/noticias\/2026\/04\/29\/ministro-garante-que-investimentos-na-defesa-envolverao-apenas-empresas-nacionais\/\" \/>\n<meta property=\"og:site_name\" content=\"Portal Tela Portugal\" \/>\n<meta property=\"article:published_time\" content=\"2026-04-29T19:18:29+00:00\" \/>\n<meta name=\"author\" content=\"Telinha\" \/>\n<meta name=\"twitter:card\" content=\"summary_large_image\" \/>\n<meta name=\"twitter:label1\" content=\"Escrito por\" \/>\n\t<meta name=\"twitter:data1\" content=\"Telinha\" \/>\n\t<meta name=\"twitter:label2\" content=\"Tempo estimado de leitura\" \/>\n\t<meta name=\"twitter:data2\" content=\"1 minuto\" \/>\n<script type=\"application\/ld+json\" class=\"yoast-schema-graph\">{\"@context\":\"https:\/\/schema.org\",\"@graph\":[{\"@type\":\"Article\",\"@id\":\"https:\/\/portaltela.pt\/noticias\/2026\/04\/29\/ministro-garante-que-investimentos-na-defesa-envolverao-apenas-empresas-nacionais\/#article\",\"isPartOf\":{\"@id\":\"https:\/\/portaltela.pt\/noticias\/2026\/04\/29\/ministro-garante-que-investimentos-na-defesa-envolverao-apenas-empresas-nacionais\/\"},\"author\":{\"name\":\"Telinha\",\"@id\":\"https:\/\/portaltela.pt\/#\/schema\/person\/c4278d4a6028830caff9ee44b42d32ed\"},\"headline\":\"Ministro garante que investimentos na Defesa envolver\u00e3o apenas empresas nacionais\",\"datePublished\":\"2026-04-29T19:18:29+00:00\",\"mainEntityOfPage\":{\"@id\":\"https:\/\/portaltela.pt\/noticias\/2026\/04\/29\/ministro-garante-que-investimentos-na-defesa-envolverao-apenas-empresas-nacionais\/\"},\"wordCount\":260,\"image\":{\"@id\":\"https:\/\/portaltela.pt\/noticias\/2026\/04\/29\/ministro-garante-que-investimentos-na-defesa-envolverao-apenas-empresas-nacionais\/#primaryimage\"},\"thumbnailUrl\":\"https:\/\/portaltela.pt\/s.01k8rhncp4jt1\/2026\/04\/2085046.jpg\",\"keywords\":[\"_coopera\u00e7\u00e3o internacional\",\"_defesa\",\"_defesa nacional\",\"_empresas\",\"_investimento\",\"_seguran\u00e7a nacional\"],\"articleSection\":[\"Geopol\u00edtica\",\"Pol\u00edtica\"],\"inLanguage\":\"pt-PT\"},{\"@type\":\"WebPage\",\"@id\":\"https:\/\/portaltela.pt\/noticias\/2026\/04\/29\/ministro-garante-que-investimentos-na-defesa-envolverao-apenas-empresas-nacionais\/\",\"url\":\"https:\/\/portaltela.pt\/noticias\/2026\/04\/29\/ministro-garante-que-investimentos-na-defesa-envolverao-apenas-empresas-nacionais\/\",\"name\":\"Ministro garante que investimentos na Defesa envolver\u00e3o apenas empresas nacionais - Portal Tela Portugal\",\"isPartOf\":{\"@id\":\"https:\/\/portaltela.pt\/#website\"},\"primaryImageOfPage\":{\"@id\":\"https:\/\/portaltela.pt\/noticias\/2026\/04\/29\/ministro-garante-que-investimentos-na-defesa-envolverao-apenas-empresas-nacionais\/#primaryimage\"},\"image\":{\"@id\":\"https:\/\/portaltela.pt\/noticias\/2026\/04\/29\/ministro-garante-que-investimentos-na-defesa-envolverao-apenas-empresas-nacionais\/#primaryimage\"},\"thumbnailUrl\":\"https:\/\/portaltela.pt\/s.01k8rhncp4jt1\/2026\/04\/2085046.jpg\",\"datePublished\":\"2026-04-29T19:18:29+00:00\",\"author\":{\"@id\":\"https:\/\/portaltela.pt\/#\/schema\/person\/c4278d4a6028830caff9ee44b42d32ed\"},\"breadcrumb\":{\"@id\":\"https:\/\/portaltela.pt\/noticias\/2026\/04\/29\/ministro-garante-que-investimentos-na-defesa-envolverao-apenas-empresas-nacionais\/#breadcrumb\"},\"inLanguage\":\"pt-PT\",\"potentialAction\":[{\"@type\":\"ReadAction\",\"target\":[\"https:\/\/portaltela.pt\/noticias\/2026\/04\/29\/ministro-garante-que-investimentos-na-defesa-envolverao-apenas-empresas-nacionais\/\"]}]},{\"@type\":\"ImageObject\",\"inLanguage\":\"pt-PT\",\"@id\":\"https:\/\/portaltela.pt\/noticias\/2026\/04\/29\/ministro-garante-que-investimentos-na-defesa-envolverao-apenas-empresas-nacionais\/#primaryimage\",\"url\":\"https:\/\/portaltela.pt\/s.01k8rhncp4jt1\/2026\/04\/2085046.jpg\",\"contentUrl\":\"https:\/\/portaltela.pt\/s.01k8rhncp4jt1\/2026\/04\/2085046.jpg\",\"width\":796,\"height\":448,\"caption\":\"Nuno Melo salientou papel dos Estaleiros de Viana do Catelo e das OGMA (privatizadas por Portas) na nova estrat\u00e9gia da Defesa\"},{\"@type\":\"BreadcrumbList\",\"@id\":\"https:\/\/portaltela.pt\/noticias\/2026\/04\/29\/ministro-garante-que-investimentos-na-defesa-envolverao-apenas-empresas-nacionais\/#breadcrumb\",\"itemListElement\":[{\"@type\":\"ListItem\",\"position\":1,\"name\":\"In\u00edcio\",\"item\":\"https:\/\/portaltela.pt\/\"},{\"@type\":\"ListItem\",\"position\":2,\"name\":\"Ministro garante que investimentos na Defesa envolver\u00e3o apenas empresas nacionais\"}]},{\"@type\":\"WebSite\",\"@id\":\"https:\/\/portaltela.pt\/#website\",\"url\":\"https:\/\/portaltela.pt\/\",\"name\":\"Portal Tela Portugal\",\"description\":\"\",\"potentialAction\":[{\"@type\":\"SearchAction\",\"target\":{\"@type\":\"EntryPoint\",\"urlTemplate\":\"https:\/\/portaltela.pt\/?s={search_term_string}\"},\"query-input\":{\"@type\":\"PropertyValueSpecification\",\"valueRequired\":true,\"valueName\":\"search_term_string\"}}],\"inLanguage\":\"pt-PT\"},{\"@type\":\"Person\",\"@id\":\"https:\/\/portaltela.pt\/#\/schema\/person\/c4278d4a6028830caff9ee44b42d32ed\",\"name\":\"Telinha\",\"image\":{\"@type\":\"ImageObject\",\"inLanguage\":\"pt-PT\",\"@id\":\"https:\/\/portaltela.pt\/s.01k8rhncp4jt1\/2025\/11\/talking-bot-125x125.png\",\"url\":\"https:\/\/portaltela.pt\/s.01k8rhncp4jt1\/2025\/11\/talking-bot-125x125.png\",\"contentUrl\":\"https:\/\/portaltela.pt\/s.01k8rhncp4jt1\/2025\/11\/talking-bot-125x125.png\",\"caption\":\"Telinha\"},\"sameAs\":[\"https:\/\/portaltela.pt\/\"],\"url\":\"https:\/\/portaltela.pt\/por\/367410592786\/\"}]}<\/script>\n<!-- \/ Yoast SEO plugin. -->","yoast_head_json":{"title":"Ministro garante que investimentos na Defesa envolver\u00e3o apenas empresas nacionais - Portal Tela Portugal","robots":{"index":"index","follow":"follow","max-snippet":"max-snippet:-1","max-image-preview":"max-image-preview:large","max-video-preview":"max-video-preview:-1"},"og_locale":"pt_PT","og_type":"article","og_title":"Ministro garante que investimentos na Defesa envolver\u00e3o apenas empresas nacionais - Portal Tela Portugal","og_description":"O ministro da Defesa Nacional afirmou que o Governo quer que os investimentos no setor sejam feitos sobretudo por empresas nacionais, envolvendo-as mesmo quando poss\u00edvel. Nuno Melo avisou que brevemente devem ser assinados os contratos do Instrumento de A\u00e7\u00e3o para a Seguran\u00e7a da Europa (SAFE). Garantiu que atrasos no Conceito Estrat\u00e9gico de Defesa n\u00e3o prejudicar\u00e3o os investimentos em curso. Na abertura do 6.\u00ba F\u00f3rum Econ\u00f3mico de Vila Nova de Famalic\u00e3o, Portugal destacou-se como um dos primeiros a candidatar-se ao SAFE, com projetos aprovados em terra, mar, ar, espa\u00e7o e ciberespa\u00e7o, totalizando mais de 5,8 mil milh\u00f5es de euros. O ministro refor\u00e7ou que Portugal est\u00e1 a aproveitar as oportunidades do SAFE, afirmando estar \u00e0 frente de muitos outros pa\u00edses.","og_url":"https:\/\/portaltela.pt\/noticias\/2026\/04\/29\/ministro-garante-que-investimentos-na-defesa-envolverao-apenas-empresas-nacionais\/","og_site_name":"Portal Tela Portugal","article_published_time":"2026-04-29T19:18:29+00:00","author":"Telinha","twitter_card":"summary_large_image","twitter_misc":{"Escrito por":"Telinha","Tempo estimado de leitura":"1 minuto"},"schema":{"@context":"https:\/\/schema.org","@graph":[{"@type":"Article","@id":"https:\/\/portaltela.pt\/noticias\/2026\/04\/29\/ministro-garante-que-investimentos-na-defesa-envolverao-apenas-empresas-nacionais\/#article","isPartOf":{"@id":"https:\/\/portaltela.pt\/noticias\/2026\/04\/29\/ministro-garante-que-investimentos-na-defesa-envolverao-apenas-empresas-nacionais\/"},"author":{"name":"Telinha","@id":"https:\/\/portaltela.pt\/#\/schema\/person\/c4278d4a6028830caff9ee44b42d32ed"},"headline":"Ministro garante que investimentos na Defesa envolver\u00e3o apenas empresas nacionais","datePublished":"2026-04-29T19:18:29+00:00","mainEntityOfPage":{"@id":"https:\/\/portaltela.pt\/noticias\/2026\/04\/29\/ministro-garante-que-investimentos-na-defesa-envolverao-apenas-empresas-nacionais\/"},"wordCount":260,"image":{"@id":"https:\/\/portaltela.pt\/noticias\/2026\/04\/29\/ministro-garante-que-investimentos-na-defesa-envolverao-apenas-empresas-nacionais\/#primaryimage"},"thumbnailUrl":"https:\/\/portaltela.pt\/s.01k8rhncp4jt1\/2026\/04\/2085046.jpg","keywords":["_coopera\u00e7\u00e3o internacional","_defesa","_defesa nacional","_empresas","_investimento","_seguran\u00e7a nacional"],"articleSection":["Geopol\u00edtica","Pol\u00edtica"],"inLanguage":"pt-PT"},{"@type":"WebPage","@id":"https:\/\/portaltela.pt\/noticias\/2026\/04\/29\/ministro-garante-que-investimentos-na-defesa-envolverao-apenas-empresas-nacionais\/","url":"https:\/\/portaltela.pt\/noticias\/2026\/04\/29\/ministro-garante-que-investimentos-na-defesa-envolverao-apenas-empresas-nacionais\/","name":"Ministro garante que investimentos na Defesa envolver\u00e3o apenas empresas nacionais - Portal Tela Portugal","isPartOf":{"@id":"https:\/\/portaltela.pt\/#website"},"primaryImageOfPage":{"@id":"https:\/\/portaltela.pt\/noticias\/2026\/04\/29\/ministro-garante-que-investimentos-na-defesa-envolverao-apenas-empresas-nacionais\/#primaryimage"},"image":{"@id":"https:\/\/portaltela.pt\/noticias\/2026\/04\/29\/ministro-garante-que-investimentos-na-defesa-envolverao-apenas-empresas-nacionais\/#primaryimage"},"thumbnailUrl":"https:\/\/portaltela.pt\/s.01k8rhncp4jt1\/2026\/04\/2085046.jpg","datePublished":"2026-04-29T19:18:29+00:00","author":{"@id":"https:\/\/portaltela.pt\/#\/schema\/person\/c4278d4a6028830caff9ee44b42d32ed"},"breadcrumb":{"@id":"https:\/\/portaltela.pt\/noticias\/2026\/04\/29\/ministro-garante-que-investimentos-na-defesa-envolverao-apenas-empresas-nacionais\/#breadcrumb"},"inLanguage":"pt-PT","potentialAction":[{"@type":"ReadAction","target":["https:\/\/portaltela.pt\/noticias\/2026\/04\/29\/ministro-garante-que-investimentos-na-defesa-envolverao-apenas-empresas-nacionais\/"]}]},{"@type":"ImageObject","inLanguage":"pt-PT","@id":"https:\/\/portaltela.pt\/noticias\/2026\/04\/29\/ministro-garante-que-investimentos-na-defesa-envolverao-apenas-empresas-nacionais\/#primaryimage","url":"https:\/\/portaltela.pt\/s.01k8rhncp4jt1\/2026\/04\/2085046.jpg","contentUrl":"https:\/\/portaltela.pt\/s.01k8rhncp4jt1\/2026\/04\/2085046.jpg","width":796,"height":448,"caption":"Nuno Melo salientou papel dos Estaleiros de Viana do Catelo e das OGMA (privatizadas por Portas) na nova estrat\u00e9gia da Defesa"},{"@type":"BreadcrumbList","@id":"https:\/\/portaltela.pt\/noticias\/2026\/04\/29\/ministro-garante-que-investimentos-na-defesa-envolverao-apenas-empresas-nacionais\/#breadcrumb","itemListElement":[{"@type":"ListItem","position":1,"name":"In\u00edcio","item":"https:\/\/portaltela.pt\/"},{"@type":"ListItem","position":2,"name":"Ministro garante que investimentos na Defesa envolver\u00e3o apenas empresas nacionais"}]},{"@type":"WebSite","@id":"https:\/\/portaltela.pt\/#website","url":"https:\/\/portaltela.pt\/","name":"Portal Tela Portugal","description":"","potentialAction":[{"@type":"SearchAction","target":{"@type":"EntryPoint","urlTemplate":"https:\/\/portaltela.pt\/?s={search_term_string}"},"query-input":{"@type":"PropertyValueSpecification","valueRequired":true,"valueName":"search_term_string"}}],"inLanguage":"pt-PT"},{"@type":"Person","@id":"https:\/\/portaltela.pt\/#\/schema\/person\/c4278d4a6028830caff9ee44b42d32ed","name":"Telinha","image":{"@type":"ImageObject","inLanguage":"pt-PT","@id":"https:\/\/portaltela.pt\/s.01k8rhncp4jt1\/2025\/11\/talking-bot-125x125.png","url":"https:\/\/portaltela.pt\/s.01k8rhncp4jt1\/2025\/11\/talking-bot-125x125.png","contentUrl":"https:\/\/portaltela.pt\/s.01k8rhncp4jt1\/2025\/11\/talking-bot-125x125.png","caption":"Telinha"},"sameAs":["https:\/\/portaltela.pt\/"],"url":"https:\/\/portaltela.pt\/por\/367410592786\/"}]}},"_links":{"self":[{"href":"https:\/\/portaltela.pt\/api\/wp\/v2\/posts\/461465","targetHints":{"allow":["GET"]}}],"collection":[{"href":"https:\/\/portaltela.pt\/api\/wp\/v2\/posts"}],"about":[{"href":"https:\/\/portaltela.pt\/api\/wp\/v2\/types\/post"}],"author":[{"embeddable":true,"href":"https:\/\/portaltela.pt\/api\/wp\/v2\/users\/2"}],"replies":[{"embeddable":true,"href":"https:\/\/portaltela.pt\/api\/wp\/v2\/comments?post=461465"}],"version-history":[{"count":0,"href":"https:\/\/portaltela.pt\/api\/wp\/v2\/posts\/461465\/revisions"}],"wp:featuredmedia":[{"embeddable":true,"href":"https:\/\/portaltela.pt\/api\/wp\/v2\/media\/461474"}],"wp:attachment":[{"href":"https:\/\/portaltela.pt\/api\/wp\/v2\/media?parent=461465"}],"wp:term":[{"taxonomy":"category","embeddable":true,"href":"https:\/\/portaltela.pt\/api\/wp\/v2\/categories?post=461465"},{"taxonomy":"post_tag","embeddable":true,"href":"https:\/\/portaltela.pt\/api\/wp\/v2\/tags?post=461465"}],"curies":[{"name":"wp","href":"https:\/\/api.w.org\/{rel}","templated":true}]}}