{"id":461461,"date":"2026-04-29T16:18:21","date_gmt":"2026-04-29T19:18:21","guid":{"rendered":"https:\/\/portaltela.pt\/noticias\/2026\/04\/29\/qualidade-de-agua-na-praia-de-matosinhos-e-muito-boa-afirma-luisa-salgueiro\/"},"modified":"2026-04-29T16:18:21","modified_gmt":"2026-04-29T19:18:21","slug":"qualidade-de-agua-na-praia-de-matosinhos-e-muito-boa-afirma-luisa-salgueiro","status":"publish","type":"post","link":"https:\/\/portaltela.pt\/noticias\/2026\/04\/29\/qualidade-de-agua-na-praia-de-matosinhos-e-muito-boa-afirma-luisa-salgueiro\/","title":{"rendered":"Qualidade de \u00e1gua na praia de Matosinhos \u00e9 muito boa, afirma Lu\u00edsa Salgueiro"},"content":{"rendered":"<p>A presidente da C\u00e2mara Municipal de Matosinhos, Lu\u00edsa Salgueiro, garantiu que as an\u00e1lises \u00e0 \u00e1gua da praia t\u00eam apresentado valores de qualidade muito bons nos \u00faltimos dias, com monitoriza\u00e7\u00e3o cont\u00ednua de eventuais focos de polui\u00e7\u00e3o. A autarca frisou o compromisso em manter a praia adequada \u00e0 pr\u00e1tica balnear e ao surf.<\/p>\n<p>As an\u00e1lises s\u00e3o realizadas ao longo do ano, em tr\u00eas locais distintos, com uma periodicidade semanal. Os resultados mais recentes indicam uma melhoria significativa face aos per\u00edodos anteriores.<\/p>\n<p>Lu\u00edsa Salgueiro explicou que a autarquia est\u00e1 a executar obras na Avenida Dom Afonso Henriques para eliminar liga\u00e7\u00f5es clandestinas e melhorar o tratamento de \u00e1guas residuais, num esfor\u00e7o para evitar contamina\u00e7\u00e3o da \u00e1gua. As a\u00e7\u00f5es visam cumprir obriga\u00e7\u00f5es ambientais da cidade.<\/p>\n<p>Al\u00e9m disso, a C\u00e2mara continua a identificar focos de polui\u00e7\u00e3o e a promover o prolongamento da Ribeira da Reguinha, integrando medidas de gest\u00e3o ambiental para sustentar a qualidade da \u00e1gua e a seguran\u00e7a dos banhistas. A praia de Matosinhos \u00e9 uma das mais concorridas do pa\u00eds, com grandes fluxos no ver\u00e3o.<\/p>\n","protected":false},"excerpt":{"rendered":"<ul>\n<li>As an\u00e1lises \u00e0 \u00e1gua da praia de Matosinhos, feitas nos \u00faltimos dias, indicam qualidade de \u00e1gua muito boa, afirmou a presidente da C\u00e2mara, Lu\u00edsa Salgueiro.<\/li>\n<li>A autarquia est\u00e1 a trabalhar para manter a praia apta \u00e0 pr\u00e1tica balnear e ao surf, assegurando a\u00e7\u00f5es para evitar polui\u00e7\u00e3o.<\/li>\n<li>Em 25 de janeiro, a Ag\u00eancia Portuguesa do Ambiente alertou para o risco de a praia deixar de ser considerada zona balnear, devido aos elevados n\u00edveis de polui\u00e7\u00e3o, com cerca de 14 mil utentes di\u00e1rios no ver\u00e3o e 18 interditas na \u00faltima \u00e9poca balnear.<\/li>\n<li>O munic\u00edpio est\u00e1 a realizar obras na Avenida Dom Afonso Henriques para eliminar liga\u00e7\u00f5es clandestinas, tratar \u00e1guas residuais e prolongar a Ribeira da Reguinha, entre outras medidas para reduzir focos de polui\u00e7\u00e3o.<\/li>\n<li>As an\u00e1lises s\u00e3o efetuadas durante o ano em tr\u00eas locais diferentes, uma vez por semana, e os resultados mais recentes s\u00e3o descritos como os melhores dos \u00faltimos tempos.<\/li>\n<\/ul>\n","protected":false},"author":2,"featured_media":461473,"comment_status":"closed","ping_status":"closed","sticky":false,"template":"","format":"standard","meta":{"footnotes":""},"categories":[6725,1],"tags":[8922,7923,8238,8994,8440,8014],"class_list":["post-461461","post","type-post","status-publish","format-standard","has-post-thumbnail","hentry","category-meio-ambiente","category-noticias","tag-_abastecimento-de-agua","tag-_agua","tag-_ambiente","tag-_gestao-de-recursos-hidricos","tag-_matosinhos","tag-_poluicao-ambiental"],"yoast_head":"<!-- This site is optimized with the Yoast SEO plugin v27.2 - https:\/\/yoast.com\/product\/yoast-seo-wordpress\/ -->\n<title>Qualidade de \u00e1gua na praia de Matosinhos \u00e9 muito boa, afirma Lu\u00edsa Salgueiro - Portal Tela Portugal<\/title>\n<meta name=\"robots\" content=\"index, follow, max-snippet:-1, max-image-preview:large, max-video-preview:-1\" \/>\n<meta property=\"og:locale\" content=\"pt_PT\" \/>\n<meta property=\"og:type\" content=\"article\" \/>\n<meta property=\"og:title\" content=\"Qualidade de \u00e1gua na praia de Matosinhos \u00e9 muito boa, afirma Lu\u00edsa Salgueiro - Portal Tela Portugal\" \/>\n<meta property=\"og:description\" content=\"As an\u00e1lises \u00e0 \u00e1gua da praia de Matosinhos, feitas nos \u00faltimos dias, indicam qualidade de \u00e1gua muito boa, afirmou a presidente da C\u00e2mara, Lu\u00edsa Salgueiro. A autarquia est\u00e1 a trabalhar para manter a praia apta \u00e0 pr\u00e1tica balnear e ao surf, assegurando a\u00e7\u00f5es para evitar polui\u00e7\u00e3o. Em 25 de janeiro, a Ag\u00eancia Portuguesa do Ambiente alertou para o risco de a praia deixar de ser considerada zona balnear, devido aos elevados n\u00edveis de polui\u00e7\u00e3o, com cerca de 14 mil utentes di\u00e1rios no ver\u00e3o e 18 interditas na \u00faltima \u00e9poca balnear. O munic\u00edpio est\u00e1 a realizar obras na Avenida Dom Afonso Henriques para eliminar liga\u00e7\u00f5es clandestinas, tratar \u00e1guas residuais e prolongar a Ribeira da Reguinha, entre outras medidas para reduzir focos de polui\u00e7\u00e3o. As an\u00e1lises s\u00e3o efetuadas durante o ano em tr\u00eas locais diferentes, uma vez por semana, e os resultados mais recentes s\u00e3o descritos como os melhores dos \u00faltimos tempos.\" \/>\n<meta property=\"og:url\" content=\"https:\/\/portaltela.pt\/noticias\/2026\/04\/29\/qualidade-de-agua-na-praia-de-matosinhos-e-muito-boa-afirma-luisa-salgueiro\/\" \/>\n<meta property=\"og:site_name\" content=\"Portal Tela Portugal\" \/>\n<meta property=\"article:published_time\" content=\"2026-04-29T19:18:21+00:00\" \/>\n<meta name=\"author\" content=\"Telinha\" \/>\n<meta name=\"twitter:card\" content=\"summary_large_image\" \/>\n<meta name=\"twitter:label1\" content=\"Escrito por\" \/>\n\t<meta name=\"twitter:data1\" content=\"Telinha\" \/>\n\t<meta name=\"twitter:label2\" content=\"Tempo estimado de leitura\" \/>\n\t<meta name=\"twitter:data2\" content=\"1 minuto\" \/>\n<script type=\"application\/ld+json\" class=\"yoast-schema-graph\">{\"@context\":\"https:\/\/schema.org\",\"@graph\":[{\"@type\":\"Article\",\"@id\":\"https:\/\/portaltela.pt\/noticias\/2026\/04\/29\/qualidade-de-agua-na-praia-de-matosinhos-e-muito-boa-afirma-luisa-salgueiro\/#article\",\"isPartOf\":{\"@id\":\"https:\/\/portaltela.pt\/noticias\/2026\/04\/29\/qualidade-de-agua-na-praia-de-matosinhos-e-muito-boa-afirma-luisa-salgueiro\/\"},\"author\":{\"name\":\"Telinha\",\"@id\":\"https:\/\/portaltela.pt\/#\/schema\/person\/c4278d4a6028830caff9ee44b42d32ed\"},\"headline\":\"Qualidade de \u00e1gua na praia de Matosinhos \u00e9 muito boa, afirma Lu\u00edsa Salgueiro\",\"datePublished\":\"2026-04-29T19:18:21+00:00\",\"mainEntityOfPage\":{\"@id\":\"https:\/\/portaltela.pt\/noticias\/2026\/04\/29\/qualidade-de-agua-na-praia-de-matosinhos-e-muito-boa-afirma-luisa-salgueiro\/\"},\"wordCount\":206,\"image\":{\"@id\":\"https:\/\/portaltela.pt\/noticias\/2026\/04\/29\/qualidade-de-agua-na-praia-de-matosinhos-e-muito-boa-afirma-luisa-salgueiro\/#primaryimage\"},\"thumbnailUrl\":\"https:\/\/portaltela.pt\/s.01k8rhncp4jt1\/2026\/04\/image-1675.jpg\",\"keywords\":[\"_abastecimento de \u00e1gua\",\"_\u00e1gua\",\"_ambiente\",\"_gest\u00e3o de recursos h\u00eddricos\",\"_Matosinhos\",\"_polui\u00e7\u00e3o ambiental\"],\"articleSection\":[\"Meio Ambiente\",\"Not\u00edcias\"],\"inLanguage\":\"pt-PT\"},{\"@type\":\"WebPage\",\"@id\":\"https:\/\/portaltela.pt\/noticias\/2026\/04\/29\/qualidade-de-agua-na-praia-de-matosinhos-e-muito-boa-afirma-luisa-salgueiro\/\",\"url\":\"https:\/\/portaltela.pt\/noticias\/2026\/04\/29\/qualidade-de-agua-na-praia-de-matosinhos-e-muito-boa-afirma-luisa-salgueiro\/\",\"name\":\"Qualidade de \u00e1gua na praia de Matosinhos \u00e9 muito boa, afirma Lu\u00edsa Salgueiro - Portal Tela Portugal\",\"isPartOf\":{\"@id\":\"https:\/\/portaltela.pt\/#website\"},\"primaryImageOfPage\":{\"@id\":\"https:\/\/portaltela.pt\/noticias\/2026\/04\/29\/qualidade-de-agua-na-praia-de-matosinhos-e-muito-boa-afirma-luisa-salgueiro\/#primaryimage\"},\"image\":{\"@id\":\"https:\/\/portaltela.pt\/noticias\/2026\/04\/29\/qualidade-de-agua-na-praia-de-matosinhos-e-muito-boa-afirma-luisa-salgueiro\/#primaryimage\"},\"thumbnailUrl\":\"https:\/\/portaltela.pt\/s.01k8rhncp4jt1\/2026\/04\/image-1675.jpg\",\"datePublished\":\"2026-04-29T19:18:21+00:00\",\"author\":{\"@id\":\"https:\/\/portaltela.pt\/#\/schema\/person\/c4278d4a6028830caff9ee44b42d32ed\"},\"breadcrumb\":{\"@id\":\"https:\/\/portaltela.pt\/noticias\/2026\/04\/29\/qualidade-de-agua-na-praia-de-matosinhos-e-muito-boa-afirma-luisa-salgueiro\/#breadcrumb\"},\"inLanguage\":\"pt-PT\",\"potentialAction\":[{\"@type\":\"ReadAction\",\"target\":[\"https:\/\/portaltela.pt\/noticias\/2026\/04\/29\/qualidade-de-agua-na-praia-de-matosinhos-e-muito-boa-afirma-luisa-salgueiro\/\"]}]},{\"@type\":\"ImageObject\",\"inLanguage\":\"pt-PT\",\"@id\":\"https:\/\/portaltela.pt\/noticias\/2026\/04\/29\/qualidade-de-agua-na-praia-de-matosinhos-e-muito-boa-afirma-luisa-salgueiro\/#primaryimage\",\"url\":\"https:\/\/portaltela.pt\/s.01k8rhncp4jt1\/2026\/04\/image-1675.jpg\",\"contentUrl\":\"https:\/\/portaltela.pt\/s.01k8rhncp4jt1\/2026\/04\/image-1675.jpg\",\"width\":796,\"height\":448,\"caption\":\"A presidente da C\u00e2mara Municipal de Matosinhos, Lu\u00edsa Salgueiro\"},{\"@type\":\"BreadcrumbList\",\"@id\":\"https:\/\/portaltela.pt\/noticias\/2026\/04\/29\/qualidade-de-agua-na-praia-de-matosinhos-e-muito-boa-afirma-luisa-salgueiro\/#breadcrumb\",\"itemListElement\":[{\"@type\":\"ListItem\",\"position\":1,\"name\":\"In\u00edcio\",\"item\":\"https:\/\/portaltela.pt\/\"},{\"@type\":\"ListItem\",\"position\":2,\"name\":\"Qualidade de \u00e1gua na praia de Matosinhos \u00e9 muito boa, afirma Lu\u00edsa Salgueiro\"}]},{\"@type\":\"WebSite\",\"@id\":\"https:\/\/portaltela.pt\/#website\",\"url\":\"https:\/\/portaltela.pt\/\",\"name\":\"Portal Tela Portugal\",\"description\":\"\",\"potentialAction\":[{\"@type\":\"SearchAction\",\"target\":{\"@type\":\"EntryPoint\",\"urlTemplate\":\"https:\/\/portaltela.pt\/?s={search_term_string}\"},\"query-input\":{\"@type\":\"PropertyValueSpecification\",\"valueRequired\":true,\"valueName\":\"search_term_string\"}}],\"inLanguage\":\"pt-PT\"},{\"@type\":\"Person\",\"@id\":\"https:\/\/portaltela.pt\/#\/schema\/person\/c4278d4a6028830caff9ee44b42d32ed\",\"name\":\"Telinha\",\"image\":{\"@type\":\"ImageObject\",\"inLanguage\":\"pt-PT\",\"@id\":\"https:\/\/portaltela.pt\/s.01k8rhncp4jt1\/2025\/11\/talking-bot-125x125.png\",\"url\":\"https:\/\/portaltela.pt\/s.01k8rhncp4jt1\/2025\/11\/talking-bot-125x125.png\",\"contentUrl\":\"https:\/\/portaltela.pt\/s.01k8rhncp4jt1\/2025\/11\/talking-bot-125x125.png\",\"caption\":\"Telinha\"},\"sameAs\":[\"https:\/\/portaltela.pt\/\"],\"url\":\"https:\/\/portaltela.pt\/por\/367410592786\/\"}]}<\/script>\n<!-- \/ Yoast SEO plugin. -->","yoast_head_json":{"title":"Qualidade de \u00e1gua na praia de Matosinhos \u00e9 muito boa, afirma Lu\u00edsa Salgueiro - Portal Tela Portugal","robots":{"index":"index","follow":"follow","max-snippet":"max-snippet:-1","max-image-preview":"max-image-preview:large","max-video-preview":"max-video-preview:-1"},"og_locale":"pt_PT","og_type":"article","og_title":"Qualidade de \u00e1gua na praia de Matosinhos \u00e9 muito boa, afirma Lu\u00edsa Salgueiro - Portal Tela Portugal","og_description":"As an\u00e1lises \u00e0 \u00e1gua da praia de Matosinhos, feitas nos \u00faltimos dias, indicam qualidade de \u00e1gua muito boa, afirmou a presidente da C\u00e2mara, Lu\u00edsa Salgueiro. A autarquia est\u00e1 a trabalhar para manter a praia apta \u00e0 pr\u00e1tica balnear e ao surf, assegurando a\u00e7\u00f5es para evitar polui\u00e7\u00e3o. Em 25 de janeiro, a Ag\u00eancia Portuguesa do Ambiente alertou para o risco de a praia deixar de ser considerada zona balnear, devido aos elevados n\u00edveis de polui\u00e7\u00e3o, com cerca de 14 mil utentes di\u00e1rios no ver\u00e3o e 18 interditas na \u00faltima \u00e9poca balnear. O munic\u00edpio est\u00e1 a realizar obras na Avenida Dom Afonso Henriques para eliminar liga\u00e7\u00f5es clandestinas, tratar \u00e1guas residuais e prolongar a Ribeira da Reguinha, entre outras medidas para reduzir focos de polui\u00e7\u00e3o. As an\u00e1lises s\u00e3o efetuadas durante o ano em tr\u00eas locais diferentes, uma vez por semana, e os resultados mais recentes s\u00e3o descritos como os melhores dos \u00faltimos tempos.","og_url":"https:\/\/portaltela.pt\/noticias\/2026\/04\/29\/qualidade-de-agua-na-praia-de-matosinhos-e-muito-boa-afirma-luisa-salgueiro\/","og_site_name":"Portal Tela Portugal","article_published_time":"2026-04-29T19:18:21+00:00","author":"Telinha","twitter_card":"summary_large_image","twitter_misc":{"Escrito por":"Telinha","Tempo estimado de leitura":"1 minuto"},"schema":{"@context":"https:\/\/schema.org","@graph":[{"@type":"Article","@id":"https:\/\/portaltela.pt\/noticias\/2026\/04\/29\/qualidade-de-agua-na-praia-de-matosinhos-e-muito-boa-afirma-luisa-salgueiro\/#article","isPartOf":{"@id":"https:\/\/portaltela.pt\/noticias\/2026\/04\/29\/qualidade-de-agua-na-praia-de-matosinhos-e-muito-boa-afirma-luisa-salgueiro\/"},"author":{"name":"Telinha","@id":"https:\/\/portaltela.pt\/#\/schema\/person\/c4278d4a6028830caff9ee44b42d32ed"},"headline":"Qualidade de \u00e1gua na praia de Matosinhos \u00e9 muito boa, afirma Lu\u00edsa Salgueiro","datePublished":"2026-04-29T19:18:21+00:00","mainEntityOfPage":{"@id":"https:\/\/portaltela.pt\/noticias\/2026\/04\/29\/qualidade-de-agua-na-praia-de-matosinhos-e-muito-boa-afirma-luisa-salgueiro\/"},"wordCount":206,"image":{"@id":"https:\/\/portaltela.pt\/noticias\/2026\/04\/29\/qualidade-de-agua-na-praia-de-matosinhos-e-muito-boa-afirma-luisa-salgueiro\/#primaryimage"},"thumbnailUrl":"https:\/\/portaltela.pt\/s.01k8rhncp4jt1\/2026\/04\/image-1675.jpg","keywords":["_abastecimento de \u00e1gua","_\u00e1gua","_ambiente","_gest\u00e3o de recursos h\u00eddricos","_Matosinhos","_polui\u00e7\u00e3o ambiental"],"articleSection":["Meio Ambiente","Not\u00edcias"],"inLanguage":"pt-PT"},{"@type":"WebPage","@id":"https:\/\/portaltela.pt\/noticias\/2026\/04\/29\/qualidade-de-agua-na-praia-de-matosinhos-e-muito-boa-afirma-luisa-salgueiro\/","url":"https:\/\/portaltela.pt\/noticias\/2026\/04\/29\/qualidade-de-agua-na-praia-de-matosinhos-e-muito-boa-afirma-luisa-salgueiro\/","name":"Qualidade de \u00e1gua na praia de Matosinhos \u00e9 muito boa, afirma Lu\u00edsa Salgueiro - Portal Tela Portugal","isPartOf":{"@id":"https:\/\/portaltela.pt\/#website"},"primaryImageOfPage":{"@id":"https:\/\/portaltela.pt\/noticias\/2026\/04\/29\/qualidade-de-agua-na-praia-de-matosinhos-e-muito-boa-afirma-luisa-salgueiro\/#primaryimage"},"image":{"@id":"https:\/\/portaltela.pt\/noticias\/2026\/04\/29\/qualidade-de-agua-na-praia-de-matosinhos-e-muito-boa-afirma-luisa-salgueiro\/#primaryimage"},"thumbnailUrl":"https:\/\/portaltela.pt\/s.01k8rhncp4jt1\/2026\/04\/image-1675.jpg","datePublished":"2026-04-29T19:18:21+00:00","author":{"@id":"https:\/\/portaltela.pt\/#\/schema\/person\/c4278d4a6028830caff9ee44b42d32ed"},"breadcrumb":{"@id":"https:\/\/portaltela.pt\/noticias\/2026\/04\/29\/qualidade-de-agua-na-praia-de-matosinhos-e-muito-boa-afirma-luisa-salgueiro\/#breadcrumb"},"inLanguage":"pt-PT","potentialAction":[{"@type":"ReadAction","target":["https:\/\/portaltela.pt\/noticias\/2026\/04\/29\/qualidade-de-agua-na-praia-de-matosinhos-e-muito-boa-afirma-luisa-salgueiro\/"]}]},{"@type":"ImageObject","inLanguage":"pt-PT","@id":"https:\/\/portaltela.pt\/noticias\/2026\/04\/29\/qualidade-de-agua-na-praia-de-matosinhos-e-muito-boa-afirma-luisa-salgueiro\/#primaryimage","url":"https:\/\/portaltela.pt\/s.01k8rhncp4jt1\/2026\/04\/image-1675.jpg","contentUrl":"https:\/\/portaltela.pt\/s.01k8rhncp4jt1\/2026\/04\/image-1675.jpg","width":796,"height":448,"caption":"A presidente da C\u00e2mara Municipal de Matosinhos, Lu\u00edsa Salgueiro"},{"@type":"BreadcrumbList","@id":"https:\/\/portaltela.pt\/noticias\/2026\/04\/29\/qualidade-de-agua-na-praia-de-matosinhos-e-muito-boa-afirma-luisa-salgueiro\/#breadcrumb","itemListElement":[{"@type":"ListItem","position":1,"name":"In\u00edcio","item":"https:\/\/portaltela.pt\/"},{"@type":"ListItem","position":2,"name":"Qualidade de \u00e1gua na praia de Matosinhos \u00e9 muito boa, afirma Lu\u00edsa Salgueiro"}]},{"@type":"WebSite","@id":"https:\/\/portaltela.pt\/#website","url":"https:\/\/portaltela.pt\/","name":"Portal Tela Portugal","description":"","potentialAction":[{"@type":"SearchAction","target":{"@type":"EntryPoint","urlTemplate":"https:\/\/portaltela.pt\/?s={search_term_string}"},"query-input":{"@type":"PropertyValueSpecification","valueRequired":true,"valueName":"search_term_string"}}],"inLanguage":"pt-PT"},{"@type":"Person","@id":"https:\/\/portaltela.pt\/#\/schema\/person\/c4278d4a6028830caff9ee44b42d32ed","name":"Telinha","image":{"@type":"ImageObject","inLanguage":"pt-PT","@id":"https:\/\/portaltela.pt\/s.01k8rhncp4jt1\/2025\/11\/talking-bot-125x125.png","url":"https:\/\/portaltela.pt\/s.01k8rhncp4jt1\/2025\/11\/talking-bot-125x125.png","contentUrl":"https:\/\/portaltela.pt\/s.01k8rhncp4jt1\/2025\/11\/talking-bot-125x125.png","caption":"Telinha"},"sameAs":["https:\/\/portaltela.pt\/"],"url":"https:\/\/portaltela.pt\/por\/367410592786\/"}]}},"_links":{"self":[{"href":"https:\/\/portaltela.pt\/api\/wp\/v2\/posts\/461461","targetHints":{"allow":["GET"]}}],"collection":[{"href":"https:\/\/portaltela.pt\/api\/wp\/v2\/posts"}],"about":[{"href":"https:\/\/portaltela.pt\/api\/wp\/v2\/types\/post"}],"author":[{"embeddable":true,"href":"https:\/\/portaltela.pt\/api\/wp\/v2\/users\/2"}],"replies":[{"embeddable":true,"href":"https:\/\/portaltela.pt\/api\/wp\/v2\/comments?post=461461"}],"version-history":[{"count":0,"href":"https:\/\/portaltela.pt\/api\/wp\/v2\/posts\/461461\/revisions"}],"wp:featuredmedia":[{"embeddable":true,"href":"https:\/\/portaltela.pt\/api\/wp\/v2\/media\/461473"}],"wp:attachment":[{"href":"https:\/\/portaltela.pt\/api\/wp\/v2\/media?parent=461461"}],"wp:term":[{"taxonomy":"category","embeddable":true,"href":"https:\/\/portaltela.pt\/api\/wp\/v2\/categories?post=461461"},{"taxonomy":"post_tag","embeddable":true,"href":"https:\/\/portaltela.pt\/api\/wp\/v2\/tags?post=461461"}],"curies":[{"name":"wp","href":"https:\/\/api.w.org\/{rel}","templated":true}]}}