{"id":461459,"date":"2026-04-29T16:18:15","date_gmt":"2026-04-29T19:18:15","guid":{"rendered":"https:\/\/portaltela.pt\/noticias\/2026\/04\/29\/italia-envia-inspetores-ao-pavilhao-russo-na-bienal-de-veneza\/"},"modified":"2026-04-29T16:18:15","modified_gmt":"2026-04-29T19:18:15","slug":"italia-envia-inspetores-ao-pavilhao-russo-na-bienal-de-veneza","status":"publish","type":"post","link":"https:\/\/portaltela.pt\/noticias\/2026\/04\/29\/italia-envia-inspetores-ao-pavilhao-russo-na-bienal-de-veneza\/","title":{"rendered":"It\u00e1lia envia inspetores ao pavilh\u00e3o russo na Bienal de Veneza"},"content":{"rendered":"<p>O Minist\u00e9rio da Cultura de It\u00e1lia enviou inspetores \u00e0 Bienal de Veneza, na quarta-feira, para recolher informa\u00e7\u00f5es sobre a reabertura do Pavilh\u00e3o Russo na 61.\u00aa Exposi\u00e7\u00e3o Internacional de Arte, que come\u00e7a a 9 de maio. Os t\u00e9cnicos dirigem\u2011se \u00e0 Ca&#8217; Giustinian, sede da Bienal, para avaliar a gest\u00e3o da edi\u00e7\u00e3o de 2026 e as autoriza\u00e7\u00f5es concedidas \u00e0 Federa\u00e7\u00e3o Russa para organizar o pavilh\u00e3o nos Giardini.<\/p>\n<p>A a\u00e7\u00e3o surge num contexto de tens\u00f5es nacionais e internacionais sobre a participa\u00e7\u00e3o russa no evento. O objetivo \u00e9 apurar procedimentos relativos \u00e0s regras vigentes, aos vistos e \u00e0 conformidade com san\u00e7\u00f5es aplic\u00e1veis. O processo decorre num momento de controv\u00e9rsia pol\u00edtica na It\u00e1lia e na UE sobre a presen\u00e7a de Moscovo.<\/p>\n<p>A Bienal de Veneza reiterou que n\u00e3o houve contorno de san\u00e7\u00f5es europeias e que todas as decis\u00f5es respeitaram leis nacionais e internacionais. O organismo afirmou que, tal como com outros pa\u00edses, foram avaliadas a viabilidade dos projetos e a conformidade com as normas em vigor.<\/p>\n<p>No \u00e2mbito da controv\u00e9rsia, o j\u00fari internacional da Exposi\u00e7\u00e3o j\u00e1 havia anunciado que n\u00e3o premiaria pa\u00edses cujos l\u00edderes estejam associados a Crimes contra a humanidade, o que exclui a R\u00fassia. A Comiss\u00e3o Europeia tamb\u00e9m indicou inten\u00e7\u00e3o de cortar financiamento \u00e0 Bienal, solicitando justifica\u00e7\u00f5es para a participa\u00e7\u00e3o russa.<\/p>\n<p>A participa\u00e7\u00e3o russa gerou divis\u00f5es dentro da maioria italiana, levando o ministro da Cultura, Alessandro Giuli, a n\u00e3o marcar presen\u00e7a na inaugura\u00e7\u00e3o da 61.\u00aa Exposi\u00e7\u00e3o como forma de protesto. A Bienal destacou que o processo de avalia\u00e7\u00e3o teve em conta todas as regras aplic\u00e1veis e os di\u00e1logos com Moscovo.<\/p>\n<p>Para al\u00e9m das quest\u00f5es art\u00edsticas, deputados e respons\u00e1veis locais enfatizam que a Bienal deve manter um papel de espa\u00e7o de paz e de democracia cultural, evitando o uso do evento como palco de disputas pol\u00edticas. A presen\u00e7a russa envolve uma hist\u00f3ria de mais de um s\u00e9culo nos Jardins da Bienal.<\/p>\n","protected":false},"excerpt":{"rendered":"<ul>\n<li>O Minist\u00e9rio da Cultura de It\u00e1lia enviou inspetores \u00e0 Funda\u00e7\u00e3o da Bienal de Veneza para recolher informa\u00e7\u00f5es sobre a reabertura do Pavilh\u00e3o Russo na 61.\u00aa Exposi\u00e7\u00e3o Internacional de Arte, que come\u00e7a a 9 de maio.<\/li>\n<li>Os inspectores seguem para Ca\u2019 Giustinian, sede da Bienal, para analisar a gest\u00e3o da edi\u00e7\u00e3o de 2026 e as autoriza\u00e7\u00f5es concedidas \u00e0 Federa\u00e7\u00e3o Russa para o pavilh\u00e3o nos Giardini.<\/li>\n<li>O comiss\u00e1rio europeu para a Cultura, Glenn Micallef, afirmou apoio \u00e0 posi\u00e7\u00e3o de n\u00e3o participa\u00e7\u00e3o de Moscovo, sublinhando que a decis\u00e3o \u00e9 incompat\u00edvel com a posi\u00e7\u00e3o da Uni\u00e3o Europeia.<\/li>\n<li>A Bienal afirmou que n\u00e3o contornou san\u00e7\u00f5es europeias e que as san\u00e7\u00f5es foram rigorosamente aplicadas, referindo que houve negocia\u00e7\u00f5es com a R\u00fassia sobre procedimentos, incluindo vistos.<\/li>\n<li>O tema gerou controv\u00e9rsia, com cortes de subven\u00e7\u00f5es da UE \u00e0 Bienal e a decis\u00e3o do ministro da Cultura italiano de n\u00e3o participar na inaugura\u00e7\u00e3o, defendendo que a Bienal n\u00e3o \u00e9 palco de confrontos pol\u00edticos.<\/li>\n<\/ul>\n","protected":false},"author":2,"featured_media":461469,"comment_status":"closed","ping_status":"closed","sticky":false,"template":"","format":"standard","meta":{"footnotes":""},"categories":[7375,1],"tags":[70,145,1857,3110,2677],"class_list":["post-461459","post","type-post","status-publish","format-standard","has-post-thumbnail","hentry","category-cultura","category-noticias","tag-arte","tag-cultura","tag-italia","tag-russia","tag-veneza"],"yoast_head":"<!-- This site is optimized with the Yoast SEO plugin v27.2 - https:\/\/yoast.com\/product\/yoast-seo-wordpress\/ -->\n<title>It\u00e1lia envia inspetores ao pavilh\u00e3o russo na Bienal de Veneza - Portal Tela Portugal<\/title>\n<meta name=\"robots\" content=\"index, follow, max-snippet:-1, max-image-preview:large, max-video-preview:-1\" \/>\n<meta property=\"og:locale\" content=\"pt_PT\" \/>\n<meta property=\"og:type\" content=\"article\" \/>\n<meta property=\"og:title\" content=\"It\u00e1lia envia inspetores ao pavilh\u00e3o russo na Bienal de Veneza - Portal Tela Portugal\" \/>\n<meta property=\"og:description\" content=\"O Minist\u00e9rio da Cultura de It\u00e1lia enviou inspetores \u00e0 Funda\u00e7\u00e3o da Bienal de Veneza para recolher informa\u00e7\u00f5es sobre a reabertura do Pavilh\u00e3o Russo na 61.\u00aa Exposi\u00e7\u00e3o Internacional de Arte, que come\u00e7a a 9 de maio. Os inspectores seguem para Ca\u2019 Giustinian, sede da Bienal, para analisar a gest\u00e3o da edi\u00e7\u00e3o de 2026 e as autoriza\u00e7\u00f5es concedidas \u00e0 Federa\u00e7\u00e3o Russa para o pavilh\u00e3o nos Giardini. O comiss\u00e1rio europeu para a Cultura, Glenn Micallef, afirmou apoio \u00e0 posi\u00e7\u00e3o de n\u00e3o participa\u00e7\u00e3o de Moscovo, sublinhando que a decis\u00e3o \u00e9 incompat\u00edvel com a posi\u00e7\u00e3o da Uni\u00e3o Europeia. A Bienal afirmou que n\u00e3o contornou san\u00e7\u00f5es europeias e que as san\u00e7\u00f5es foram rigorosamente aplicadas, referindo que houve negocia\u00e7\u00f5es com a R\u00fassia sobre procedimentos, incluindo vistos. O tema gerou controv\u00e9rsia, com cortes de subven\u00e7\u00f5es da UE \u00e0 Bienal e a decis\u00e3o do ministro da Cultura italiano de n\u00e3o participar na inaugura\u00e7\u00e3o, defendendo que a Bienal n\u00e3o \u00e9 palco de confrontos pol\u00edticos.\" \/>\n<meta property=\"og:url\" content=\"https:\/\/portaltela.pt\/noticias\/2026\/04\/29\/italia-envia-inspetores-ao-pavilhao-russo-na-bienal-de-veneza\/\" \/>\n<meta property=\"og:site_name\" content=\"Portal Tela Portugal\" \/>\n<meta property=\"article:published_time\" content=\"2026-04-29T19:18:15+00:00\" \/>\n<meta name=\"author\" content=\"Telinha\" \/>\n<meta name=\"twitter:card\" content=\"summary_large_image\" \/>\n<meta name=\"twitter:label1\" content=\"Escrito por\" \/>\n\t<meta name=\"twitter:data1\" content=\"Telinha\" \/>\n\t<meta name=\"twitter:label2\" content=\"Tempo estimado de leitura\" \/>\n\t<meta name=\"twitter:data2\" content=\"2 minutos\" \/>\n<script type=\"application\/ld+json\" class=\"yoast-schema-graph\">{\"@context\":\"https:\/\/schema.org\",\"@graph\":[{\"@type\":\"Article\",\"@id\":\"https:\/\/portaltela.pt\/noticias\/2026\/04\/29\/italia-envia-inspetores-ao-pavilhao-russo-na-bienal-de-veneza\/#article\",\"isPartOf\":{\"@id\":\"https:\/\/portaltela.pt\/noticias\/2026\/04\/29\/italia-envia-inspetores-ao-pavilhao-russo-na-bienal-de-veneza\/\"},\"author\":{\"name\":\"Telinha\",\"@id\":\"https:\/\/portaltela.pt\/#\/schema\/person\/c4278d4a6028830caff9ee44b42d32ed\"},\"headline\":\"It\u00e1lia envia inspetores ao pavilh\u00e3o russo na Bienal de Veneza\",\"datePublished\":\"2026-04-29T19:18:15+00:00\",\"mainEntityOfPage\":{\"@id\":\"https:\/\/portaltela.pt\/noticias\/2026\/04\/29\/italia-envia-inspetores-ao-pavilhao-russo-na-bienal-de-veneza\/\"},\"wordCount\":365,\"image\":{\"@id\":\"https:\/\/portaltela.pt\/noticias\/2026\/04\/29\/italia-envia-inspetores-ao-pavilhao-russo-na-bienal-de-veneza\/#primaryimage\"},\"thumbnailUrl\":\"https:\/\/portaltela.pt\/s.01k8rhncp4jt1\/2026\/04\/1536x864_cmsv2_34a69040-0487-53e8-abad-92e06a44e088-9740970.jpg\",\"keywords\":[\"arte\",\"cultura\",\"It\u00e1lia\",\"R\u00fassia\",\"Veneza\"],\"articleSection\":[\"Cultura\",\"Not\u00edcias\"],\"inLanguage\":\"pt-PT\"},{\"@type\":\"WebPage\",\"@id\":\"https:\/\/portaltela.pt\/noticias\/2026\/04\/29\/italia-envia-inspetores-ao-pavilhao-russo-na-bienal-de-veneza\/\",\"url\":\"https:\/\/portaltela.pt\/noticias\/2026\/04\/29\/italia-envia-inspetores-ao-pavilhao-russo-na-bienal-de-veneza\/\",\"name\":\"It\u00e1lia envia inspetores ao pavilh\u00e3o russo na Bienal de Veneza - Portal Tela Portugal\",\"isPartOf\":{\"@id\":\"https:\/\/portaltela.pt\/#website\"},\"primaryImageOfPage\":{\"@id\":\"https:\/\/portaltela.pt\/noticias\/2026\/04\/29\/italia-envia-inspetores-ao-pavilhao-russo-na-bienal-de-veneza\/#primaryimage\"},\"image\":{\"@id\":\"https:\/\/portaltela.pt\/noticias\/2026\/04\/29\/italia-envia-inspetores-ao-pavilhao-russo-na-bienal-de-veneza\/#primaryimage\"},\"thumbnailUrl\":\"https:\/\/portaltela.pt\/s.01k8rhncp4jt1\/2026\/04\/1536x864_cmsv2_34a69040-0487-53e8-abad-92e06a44e088-9740970.jpg\",\"datePublished\":\"2026-04-29T19:18:15+00:00\",\"author\":{\"@id\":\"https:\/\/portaltela.pt\/#\/schema\/person\/c4278d4a6028830caff9ee44b42d32ed\"},\"breadcrumb\":{\"@id\":\"https:\/\/portaltela.pt\/noticias\/2026\/04\/29\/italia-envia-inspetores-ao-pavilhao-russo-na-bienal-de-veneza\/#breadcrumb\"},\"inLanguage\":\"pt-PT\",\"potentialAction\":[{\"@type\":\"ReadAction\",\"target\":[\"https:\/\/portaltela.pt\/noticias\/2026\/04\/29\/italia-envia-inspetores-ao-pavilhao-russo-na-bienal-de-veneza\/\"]}]},{\"@type\":\"ImageObject\",\"inLanguage\":\"pt-PT\",\"@id\":\"https:\/\/portaltela.pt\/noticias\/2026\/04\/29\/italia-envia-inspetores-ao-pavilhao-russo-na-bienal-de-veneza\/#primaryimage\",\"url\":\"https:\/\/portaltela.pt\/s.01k8rhncp4jt1\/2026\/04\/1536x864_cmsv2_34a69040-0487-53e8-abad-92e06a44e088-9740970.jpg\",\"contentUrl\":\"https:\/\/portaltela.pt\/s.01k8rhncp4jt1\/2026\/04\/1536x864_cmsv2_34a69040-0487-53e8-abad-92e06a44e088-9740970.jpg\",\"width\":796,\"height\":448,\"caption\":\"O Minist\u00e9rio da Cultura envia inspectores \u00e0 Bienal de Veneza\"},{\"@type\":\"BreadcrumbList\",\"@id\":\"https:\/\/portaltela.pt\/noticias\/2026\/04\/29\/italia-envia-inspetores-ao-pavilhao-russo-na-bienal-de-veneza\/#breadcrumb\",\"itemListElement\":[{\"@type\":\"ListItem\",\"position\":1,\"name\":\"In\u00edcio\",\"item\":\"https:\/\/portaltela.pt\/\"},{\"@type\":\"ListItem\",\"position\":2,\"name\":\"It\u00e1lia envia inspetores ao pavilh\u00e3o russo na Bienal de Veneza\"}]},{\"@type\":\"WebSite\",\"@id\":\"https:\/\/portaltela.pt\/#website\",\"url\":\"https:\/\/portaltela.pt\/\",\"name\":\"Portal Tela Portugal\",\"description\":\"\",\"potentialAction\":[{\"@type\":\"SearchAction\",\"target\":{\"@type\":\"EntryPoint\",\"urlTemplate\":\"https:\/\/portaltela.pt\/?s={search_term_string}\"},\"query-input\":{\"@type\":\"PropertyValueSpecification\",\"valueRequired\":true,\"valueName\":\"search_term_string\"}}],\"inLanguage\":\"pt-PT\"},{\"@type\":\"Person\",\"@id\":\"https:\/\/portaltela.pt\/#\/schema\/person\/c4278d4a6028830caff9ee44b42d32ed\",\"name\":\"Telinha\",\"image\":{\"@type\":\"ImageObject\",\"inLanguage\":\"pt-PT\",\"@id\":\"https:\/\/portaltela.pt\/s.01k8rhncp4jt1\/2025\/11\/talking-bot-125x125.png\",\"url\":\"https:\/\/portaltela.pt\/s.01k8rhncp4jt1\/2025\/11\/talking-bot-125x125.png\",\"contentUrl\":\"https:\/\/portaltela.pt\/s.01k8rhncp4jt1\/2025\/11\/talking-bot-125x125.png\",\"caption\":\"Telinha\"},\"sameAs\":[\"https:\/\/portaltela.pt\/\"],\"url\":\"https:\/\/portaltela.pt\/por\/367410592786\/\"}]}<\/script>\n<!-- \/ Yoast SEO plugin. -->","yoast_head_json":{"title":"It\u00e1lia envia inspetores ao pavilh\u00e3o russo na Bienal de Veneza - Portal Tela Portugal","robots":{"index":"index","follow":"follow","max-snippet":"max-snippet:-1","max-image-preview":"max-image-preview:large","max-video-preview":"max-video-preview:-1"},"og_locale":"pt_PT","og_type":"article","og_title":"It\u00e1lia envia inspetores ao pavilh\u00e3o russo na Bienal de Veneza - Portal Tela Portugal","og_description":"O Minist\u00e9rio da Cultura de It\u00e1lia enviou inspetores \u00e0 Funda\u00e7\u00e3o da Bienal de Veneza para recolher informa\u00e7\u00f5es sobre a reabertura do Pavilh\u00e3o Russo na 61.\u00aa Exposi\u00e7\u00e3o Internacional de Arte, que come\u00e7a a 9 de maio. Os inspectores seguem para Ca\u2019 Giustinian, sede da Bienal, para analisar a gest\u00e3o da edi\u00e7\u00e3o de 2026 e as autoriza\u00e7\u00f5es concedidas \u00e0 Federa\u00e7\u00e3o Russa para o pavilh\u00e3o nos Giardini. O comiss\u00e1rio europeu para a Cultura, Glenn Micallef, afirmou apoio \u00e0 posi\u00e7\u00e3o de n\u00e3o participa\u00e7\u00e3o de Moscovo, sublinhando que a decis\u00e3o \u00e9 incompat\u00edvel com a posi\u00e7\u00e3o da Uni\u00e3o Europeia. A Bienal afirmou que n\u00e3o contornou san\u00e7\u00f5es europeias e que as san\u00e7\u00f5es foram rigorosamente aplicadas, referindo que houve negocia\u00e7\u00f5es com a R\u00fassia sobre procedimentos, incluindo vistos. O tema gerou controv\u00e9rsia, com cortes de subven\u00e7\u00f5es da UE \u00e0 Bienal e a decis\u00e3o do ministro da Cultura italiano de n\u00e3o participar na inaugura\u00e7\u00e3o, defendendo que a Bienal n\u00e3o \u00e9 palco de confrontos pol\u00edticos.","og_url":"https:\/\/portaltela.pt\/noticias\/2026\/04\/29\/italia-envia-inspetores-ao-pavilhao-russo-na-bienal-de-veneza\/","og_site_name":"Portal Tela Portugal","article_published_time":"2026-04-29T19:18:15+00:00","author":"Telinha","twitter_card":"summary_large_image","twitter_misc":{"Escrito por":"Telinha","Tempo estimado de leitura":"2 minutos"},"schema":{"@context":"https:\/\/schema.org","@graph":[{"@type":"Article","@id":"https:\/\/portaltela.pt\/noticias\/2026\/04\/29\/italia-envia-inspetores-ao-pavilhao-russo-na-bienal-de-veneza\/#article","isPartOf":{"@id":"https:\/\/portaltela.pt\/noticias\/2026\/04\/29\/italia-envia-inspetores-ao-pavilhao-russo-na-bienal-de-veneza\/"},"author":{"name":"Telinha","@id":"https:\/\/portaltela.pt\/#\/schema\/person\/c4278d4a6028830caff9ee44b42d32ed"},"headline":"It\u00e1lia envia inspetores ao pavilh\u00e3o russo na Bienal de Veneza","datePublished":"2026-04-29T19:18:15+00:00","mainEntityOfPage":{"@id":"https:\/\/portaltela.pt\/noticias\/2026\/04\/29\/italia-envia-inspetores-ao-pavilhao-russo-na-bienal-de-veneza\/"},"wordCount":365,"image":{"@id":"https:\/\/portaltela.pt\/noticias\/2026\/04\/29\/italia-envia-inspetores-ao-pavilhao-russo-na-bienal-de-veneza\/#primaryimage"},"thumbnailUrl":"https:\/\/portaltela.pt\/s.01k8rhncp4jt1\/2026\/04\/1536x864_cmsv2_34a69040-0487-53e8-abad-92e06a44e088-9740970.jpg","keywords":["arte","cultura","It\u00e1lia","R\u00fassia","Veneza"],"articleSection":["Cultura","Not\u00edcias"],"inLanguage":"pt-PT"},{"@type":"WebPage","@id":"https:\/\/portaltela.pt\/noticias\/2026\/04\/29\/italia-envia-inspetores-ao-pavilhao-russo-na-bienal-de-veneza\/","url":"https:\/\/portaltela.pt\/noticias\/2026\/04\/29\/italia-envia-inspetores-ao-pavilhao-russo-na-bienal-de-veneza\/","name":"It\u00e1lia envia inspetores ao pavilh\u00e3o russo na Bienal de Veneza - Portal Tela Portugal","isPartOf":{"@id":"https:\/\/portaltela.pt\/#website"},"primaryImageOfPage":{"@id":"https:\/\/portaltela.pt\/noticias\/2026\/04\/29\/italia-envia-inspetores-ao-pavilhao-russo-na-bienal-de-veneza\/#primaryimage"},"image":{"@id":"https:\/\/portaltela.pt\/noticias\/2026\/04\/29\/italia-envia-inspetores-ao-pavilhao-russo-na-bienal-de-veneza\/#primaryimage"},"thumbnailUrl":"https:\/\/portaltela.pt\/s.01k8rhncp4jt1\/2026\/04\/1536x864_cmsv2_34a69040-0487-53e8-abad-92e06a44e088-9740970.jpg","datePublished":"2026-04-29T19:18:15+00:00","author":{"@id":"https:\/\/portaltela.pt\/#\/schema\/person\/c4278d4a6028830caff9ee44b42d32ed"},"breadcrumb":{"@id":"https:\/\/portaltela.pt\/noticias\/2026\/04\/29\/italia-envia-inspetores-ao-pavilhao-russo-na-bienal-de-veneza\/#breadcrumb"},"inLanguage":"pt-PT","potentialAction":[{"@type":"ReadAction","target":["https:\/\/portaltela.pt\/noticias\/2026\/04\/29\/italia-envia-inspetores-ao-pavilhao-russo-na-bienal-de-veneza\/"]}]},{"@type":"ImageObject","inLanguage":"pt-PT","@id":"https:\/\/portaltela.pt\/noticias\/2026\/04\/29\/italia-envia-inspetores-ao-pavilhao-russo-na-bienal-de-veneza\/#primaryimage","url":"https:\/\/portaltela.pt\/s.01k8rhncp4jt1\/2026\/04\/1536x864_cmsv2_34a69040-0487-53e8-abad-92e06a44e088-9740970.jpg","contentUrl":"https:\/\/portaltela.pt\/s.01k8rhncp4jt1\/2026\/04\/1536x864_cmsv2_34a69040-0487-53e8-abad-92e06a44e088-9740970.jpg","width":796,"height":448,"caption":"O Minist\u00e9rio da Cultura envia inspectores \u00e0 Bienal de Veneza"},{"@type":"BreadcrumbList","@id":"https:\/\/portaltela.pt\/noticias\/2026\/04\/29\/italia-envia-inspetores-ao-pavilhao-russo-na-bienal-de-veneza\/#breadcrumb","itemListElement":[{"@type":"ListItem","position":1,"name":"In\u00edcio","item":"https:\/\/portaltela.pt\/"},{"@type":"ListItem","position":2,"name":"It\u00e1lia envia inspetores ao pavilh\u00e3o russo na Bienal de Veneza"}]},{"@type":"WebSite","@id":"https:\/\/portaltela.pt\/#website","url":"https:\/\/portaltela.pt\/","name":"Portal Tela Portugal","description":"","potentialAction":[{"@type":"SearchAction","target":{"@type":"EntryPoint","urlTemplate":"https:\/\/portaltela.pt\/?s={search_term_string}"},"query-input":{"@type":"PropertyValueSpecification","valueRequired":true,"valueName":"search_term_string"}}],"inLanguage":"pt-PT"},{"@type":"Person","@id":"https:\/\/portaltela.pt\/#\/schema\/person\/c4278d4a6028830caff9ee44b42d32ed","name":"Telinha","image":{"@type":"ImageObject","inLanguage":"pt-PT","@id":"https:\/\/portaltela.pt\/s.01k8rhncp4jt1\/2025\/11\/talking-bot-125x125.png","url":"https:\/\/portaltela.pt\/s.01k8rhncp4jt1\/2025\/11\/talking-bot-125x125.png","contentUrl":"https:\/\/portaltela.pt\/s.01k8rhncp4jt1\/2025\/11\/talking-bot-125x125.png","caption":"Telinha"},"sameAs":["https:\/\/portaltela.pt\/"],"url":"https:\/\/portaltela.pt\/por\/367410592786\/"}]}},"_links":{"self":[{"href":"https:\/\/portaltela.pt\/api\/wp\/v2\/posts\/461459","targetHints":{"allow":["GET"]}}],"collection":[{"href":"https:\/\/portaltela.pt\/api\/wp\/v2\/posts"}],"about":[{"href":"https:\/\/portaltela.pt\/api\/wp\/v2\/types\/post"}],"author":[{"embeddable":true,"href":"https:\/\/portaltela.pt\/api\/wp\/v2\/users\/2"}],"replies":[{"embeddable":true,"href":"https:\/\/portaltela.pt\/api\/wp\/v2\/comments?post=461459"}],"version-history":[{"count":0,"href":"https:\/\/portaltela.pt\/api\/wp\/v2\/posts\/461459\/revisions"}],"wp:featuredmedia":[{"embeddable":true,"href":"https:\/\/portaltela.pt\/api\/wp\/v2\/media\/461469"}],"wp:attachment":[{"href":"https:\/\/portaltela.pt\/api\/wp\/v2\/media?parent=461459"}],"wp:term":[{"taxonomy":"category","embeddable":true,"href":"https:\/\/portaltela.pt\/api\/wp\/v2\/categories?post=461459"},{"taxonomy":"post_tag","embeddable":true,"href":"https:\/\/portaltela.pt\/api\/wp\/v2\/tags?post=461459"}],"curies":[{"name":"wp","href":"https:\/\/api.w.org\/{rel}","templated":true}]}}