{"id":461456,"date":"2026-04-29T16:18:12","date_gmt":"2026-04-29T19:18:12","guid":{"rendered":"https:\/\/portaltela.pt\/noticias\/2026\/04\/29\/opep-enfrenta-mudancas-com-a-saida-dos-emirados-arabes-unidos\/"},"modified":"2026-04-29T16:18:12","modified_gmt":"2026-04-29T19:18:12","slug":"opep-enfrenta-mudancas-com-a-saida-dos-emirados-arabes-unidos","status":"publish","type":"post","link":"https:\/\/portaltela.pt\/geopolitica\/2026\/04\/29\/opep-enfrenta-mudancas-com-a-saida-dos-emirados-arabes-unidos\/","title":{"rendered":"OPEP enfrenta mudan\u00e7as com a sa\u00edda dos Emirados \u00c1rabes Unidos"},"content":{"rendered":"<p>Emirados \u00c1rabes Unidos anunciaram a sa\u00edda da OPEP e da OPEP+, com efeitos a manter a partir de maio. A decis\u00e3o levanta d\u00favidas sobre o futuro do cartel liderado pela Ar\u00e1bia Saudita e aumenta a tens\u00e3o entre os dois vizinhos do Golfo. O an\u00fancio surge num momento em que o grupo enfrenta perdas de produ\u00e7\u00e3o.<\/p>\n<p>Antes da mudan\u00e7a, os Emirados eram o quarto maior produtor da OPEP+ e respondiam por quase 13% da produ\u00e7\u00e3o do cartel. Em fevereiro, bombeavam cerca de 3,6 milh\u00f5es de barris por dia, posi\u00e7\u00e3o estrat\u00e9gica para o equil\u00edbrio da oferta global.<\/p>\n<p>A decis\u00e3o parece alinhada com uma estrat\u00e9gia de expans\u00e3o da produ\u00e7\u00e3o emiradense, que planeia chegar a 5 milh\u00f5es de barris por dia at\u00e9 2027. Quotas da OPEP teriam limitado esse objetivo, segundo analistas, o que pesou na escolha de Abu Dhabi.<\/p>\n<p>A sa\u00edda ocorre num contexto de diverg\u00eancias entre EAU e Ar\u00e1bia Saudita em rela\u00e7\u00e3o \u00e0 pol\u00edtica externa, produ\u00e7\u00e3o de petr\u00f3leo e gest\u00e3o regional. Analistas apontam que o movimento pode intensificar disputas de influ\u00eancia no Golfo e no mercado de energia.<\/p>\n<h3>Impacto nas rela\u00e7\u00f5es entre EAU e Ar\u00e1bia Saudita<\/h3>\n<p>A medida agrava a tens\u00e3o entre os dois pa\u00edses e exp\u00f5e desacordos que j\u00e1 vinham desde o conflito no I\u00e9men. Embora o Minist\u00e9rio da Energia tenha dito que a decis\u00e3o n\u00e3o \u00e9 pol\u00edtica, especialistas consideram que a altura \u00e9 de mudan\u00e7a significativa no alinhamento regional.<\/p>\n<p>Com a sa\u00edda, a Ar\u00e1bia Saudita fica com grande parte da capacidade ociosa do cartel e assume maior responsabilidade na regula\u00e7\u00e3o de pre\u00e7os. Observadores alertam que isso aumenta a press\u00e3o sobre Riade para manter a estabilidade do mercado.<\/p>\n<h3>Rea\u00e7\u00e3o de analistas e impacto no mercado<\/h3>\n<p>Institutos e consultoras destacam que a retirada dos Emirados reduz a capacidade de amortecimento da OPEP frente a choques externos. O canal de transmiss\u00e3o para consumidores e mercados internacionais pode sofrer ajustes conforme novas pol\u00edticas de produ\u00e7\u00e3o forem definidas.<\/p>\n<p>Fontes da ind\u00fastria ressaltam que a sa\u00edda n\u00e3o encerra a OPEP como organiza\u00e7\u00e3o, mas exige renegocia\u00e7\u00e3o de acordos e novas din\u00e2micas entre os membros remanescentes. Estados produtores vizinhos ainda avaliam impactos de curto prazo e de longo alcance.<\/p>\n","protected":false},"excerpt":{"rendered":"<ul>\n<li>Os Emirados \u00c1rabes Unidos anunciaram a sa\u00edda da OPEP e da OPEP+, a partir de maio, elevando as tens\u00f5es com a Ar\u00e1bia Saudita.<\/li>\n<li>Os EAU eram o quarto maior produtor da OPEP e respondiam por quase 13% da produ\u00e7\u00e3o do cartel, bombeando cerca de 3,6 milh\u00f5es de barris por dia em fevereiro.<\/li>\n<li>A decis\u00e3o ocorreu devido a quotas limitantes impostas pela OPEP; Abu Dhabi pretende chegar a cinco milh\u00f5es de barris por dia at\u00e9 2027, ampliando a produ\u00e7\u00e3o e a independ\u00eancia geopol\u00edtica de pre\u00e7os.<\/li>\n<li>A sa\u00edda aumenta a press\u00e3o sobre a Ar\u00e1bia Saudita, que passa a deter a maior parte da capacidade ociosa e fica respons\u00e1vel pela estabilidade de pre\u00e7os no curto prazo; as rela\u00e7\u00f5es entre os dois pa\u00edses j\u00e1 est\u00e3o tensas.<\/li>\n<li>A R\u00fassia comentou que n\u00e3o v\u00ea o fim da OPEP com a sa\u00edda dos EAU; Irak e Cazaquist\u00e3o seguem sob quotas da OPEP+, mas n\u00e3o anunciaram sa\u00edda.<\/li>\n<\/ul>\n","protected":false},"author":2,"featured_media":461480,"comment_status":"closed","ping_status":"closed","sticky":false,"template":"","format":"standard","meta":{"footnotes":""},"categories":[6814],"tags":[8084,7775,8850,8261,7988,8431],"class_list":["post-461456","post","type-post","status-publish","format-standard","has-post-thumbnail","hentry","category-geopolitica","tag-_economia-internacional","tag-_energia","tag-_geopolitica","tag-_mercados-internacionais","tag-_organizacao-internacional","tag-_organizacoes-internacionais"],"yoast_head":"<!-- This site is optimized with the Yoast SEO plugin v27.2 - https:\/\/yoast.com\/product\/yoast-seo-wordpress\/ -->\n<title>OPEP enfrenta mudan\u00e7as com a sa\u00edda dos Emirados \u00c1rabes Unidos - Portal Tela Portugal<\/title>\n<meta name=\"robots\" content=\"index, follow, max-snippet:-1, max-image-preview:large, max-video-preview:-1\" \/>\n<meta property=\"og:locale\" content=\"pt_PT\" \/>\n<meta property=\"og:type\" content=\"article\" \/>\n<meta property=\"og:title\" content=\"OPEP enfrenta mudan\u00e7as com a sa\u00edda dos Emirados \u00c1rabes Unidos - Portal Tela Portugal\" \/>\n<meta property=\"og:description\" content=\"Os Emirados \u00c1rabes Unidos anunciaram a sa\u00edda da OPEP e da OPEP+, a partir de maio, elevando as tens\u00f5es com a Ar\u00e1bia Saudita. Os EAU eram o quarto maior produtor da OPEP e respondiam por quase 13% da produ\u00e7\u00e3o do cartel, bombeando cerca de 3,6 milh\u00f5es de barris por dia em fevereiro. A decis\u00e3o ocorreu devido a quotas limitantes impostas pela OPEP; Abu Dhabi pretende chegar a cinco milh\u00f5es de barris por dia at\u00e9 2027, ampliando a produ\u00e7\u00e3o e a independ\u00eancia geopol\u00edtica de pre\u00e7os. A sa\u00edda aumenta a press\u00e3o sobre a Ar\u00e1bia Saudita, que passa a deter a maior parte da capacidade ociosa e fica respons\u00e1vel pela estabilidade de pre\u00e7os no curto prazo; as rela\u00e7\u00f5es entre os dois pa\u00edses j\u00e1 est\u00e3o tensas. A R\u00fassia comentou que n\u00e3o v\u00ea o fim da OPEP com a sa\u00edda dos EAU; Irak e Cazaquist\u00e3o seguem sob quotas da OPEP+, mas n\u00e3o anunciaram sa\u00edda.\" \/>\n<meta property=\"og:url\" content=\"https:\/\/portaltela.pt\/noticias\/2026\/04\/29\/opep-enfrenta-mudancas-com-a-saida-dos-emirados-arabes-unidos\/\" \/>\n<meta property=\"og:site_name\" content=\"Portal Tela Portugal\" \/>\n<meta property=\"article:published_time\" content=\"2026-04-29T19:18:12+00:00\" \/>\n<meta name=\"author\" content=\"Telinha\" \/>\n<meta name=\"twitter:card\" content=\"summary_large_image\" \/>\n<meta name=\"twitter:label1\" content=\"Escrito por\" \/>\n\t<meta name=\"twitter:data1\" content=\"Telinha\" \/>\n\t<meta name=\"twitter:label2\" content=\"Tempo estimado de leitura\" \/>\n\t<meta name=\"twitter:data2\" content=\"2 minutos\" \/>\n<script type=\"application\/ld+json\" class=\"yoast-schema-graph\">{\"@context\":\"https:\/\/schema.org\",\"@graph\":[{\"@type\":\"Article\",\"@id\":\"https:\/\/portaltela.pt\/noticias\/2026\/04\/29\/opep-enfrenta-mudancas-com-a-saida-dos-emirados-arabes-unidos\/#article\",\"isPartOf\":{\"@id\":\"https:\/\/portaltela.pt\/noticias\/2026\/04\/29\/opep-enfrenta-mudancas-com-a-saida-dos-emirados-arabes-unidos\/\"},\"author\":{\"name\":\"Telinha\",\"@id\":\"https:\/\/portaltela.pt\/#\/schema\/person\/c4278d4a6028830caff9ee44b42d32ed\"},\"headline\":\"OPEP enfrenta mudan\u00e7as com a sa\u00edda dos Emirados \u00c1rabes Unidos\",\"datePublished\":\"2026-04-29T19:18:12+00:00\",\"mainEntityOfPage\":{\"@id\":\"https:\/\/portaltela.pt\/noticias\/2026\/04\/29\/opep-enfrenta-mudancas-com-a-saida-dos-emirados-arabes-unidos\/\"},\"wordCount\":409,\"image\":{\"@id\":\"https:\/\/portaltela.pt\/noticias\/2026\/04\/29\/opep-enfrenta-mudancas-com-a-saida-dos-emirados-arabes-unidos\/#primaryimage\"},\"thumbnailUrl\":\"https:\/\/portaltela.pt\/s.01k8rhncp4jt1\/2026\/04\/image-1676.jpg\",\"keywords\":[\"_economia internacional\",\"_energia\",\"_geopol\u00edtica\",\"_mercados internacionais\",\"_organiza\u00e7\u00e3o internacional\",\"_organiza\u00e7\u00f5es internacionais\"],\"articleSection\":[\"Geopol\u00edtica\"],\"inLanguage\":\"pt-PT\"},{\"@type\":\"WebPage\",\"@id\":\"https:\/\/portaltela.pt\/noticias\/2026\/04\/29\/opep-enfrenta-mudancas-com-a-saida-dos-emirados-arabes-unidos\/\",\"url\":\"https:\/\/portaltela.pt\/noticias\/2026\/04\/29\/opep-enfrenta-mudancas-com-a-saida-dos-emirados-arabes-unidos\/\",\"name\":\"OPEP enfrenta mudan\u00e7as com a sa\u00edda dos Emirados \u00c1rabes Unidos - Portal Tela Portugal\",\"isPartOf\":{\"@id\":\"https:\/\/portaltela.pt\/#website\"},\"primaryImageOfPage\":{\"@id\":\"https:\/\/portaltela.pt\/noticias\/2026\/04\/29\/opep-enfrenta-mudancas-com-a-saida-dos-emirados-arabes-unidos\/#primaryimage\"},\"image\":{\"@id\":\"https:\/\/portaltela.pt\/noticias\/2026\/04\/29\/opep-enfrenta-mudancas-com-a-saida-dos-emirados-arabes-unidos\/#primaryimage\"},\"thumbnailUrl\":\"https:\/\/portaltela.pt\/s.01k8rhncp4jt1\/2026\/04\/image-1676.jpg\",\"datePublished\":\"2026-04-29T19:18:12+00:00\",\"author\":{\"@id\":\"https:\/\/portaltela.pt\/#\/schema\/person\/c4278d4a6028830caff9ee44b42d32ed\"},\"breadcrumb\":{\"@id\":\"https:\/\/portaltela.pt\/noticias\/2026\/04\/29\/opep-enfrenta-mudancas-com-a-saida-dos-emirados-arabes-unidos\/#breadcrumb\"},\"inLanguage\":\"pt-PT\",\"potentialAction\":[{\"@type\":\"ReadAction\",\"target\":[\"https:\/\/portaltela.pt\/noticias\/2026\/04\/29\/opep-enfrenta-mudancas-com-a-saida-dos-emirados-arabes-unidos\/\"]}]},{\"@type\":\"ImageObject\",\"inLanguage\":\"pt-PT\",\"@id\":\"https:\/\/portaltela.pt\/noticias\/2026\/04\/29\/opep-enfrenta-mudancas-com-a-saida-dos-emirados-arabes-unidos\/#primaryimage\",\"url\":\"https:\/\/portaltela.pt\/s.01k8rhncp4jt1\/2026\/04\/image-1676.jpg\",\"contentUrl\":\"https:\/\/portaltela.pt\/s.01k8rhncp4jt1\/2026\/04\/image-1676.jpg\",\"width\":796,\"height\":448,\"caption\":\"Emirados \u00c1rabes Unidos anunciaram sa\u00edda de cartel de produtores de petr\u00f3leo\"},{\"@type\":\"BreadcrumbList\",\"@id\":\"https:\/\/portaltela.pt\/noticias\/2026\/04\/29\/opep-enfrenta-mudancas-com-a-saida-dos-emirados-arabes-unidos\/#breadcrumb\",\"itemListElement\":[{\"@type\":\"ListItem\",\"position\":1,\"name\":\"In\u00edcio\",\"item\":\"https:\/\/portaltela.pt\/\"},{\"@type\":\"ListItem\",\"position\":2,\"name\":\"OPEP enfrenta mudan\u00e7as com a sa\u00edda dos Emirados \u00c1rabes Unidos\"}]},{\"@type\":\"WebSite\",\"@id\":\"https:\/\/portaltela.pt\/#website\",\"url\":\"https:\/\/portaltela.pt\/\",\"name\":\"Portal Tela Portugal\",\"description\":\"\",\"potentialAction\":[{\"@type\":\"SearchAction\",\"target\":{\"@type\":\"EntryPoint\",\"urlTemplate\":\"https:\/\/portaltela.pt\/?s={search_term_string}\"},\"query-input\":{\"@type\":\"PropertyValueSpecification\",\"valueRequired\":true,\"valueName\":\"search_term_string\"}}],\"inLanguage\":\"pt-PT\"},{\"@type\":\"Person\",\"@id\":\"https:\/\/portaltela.pt\/#\/schema\/person\/c4278d4a6028830caff9ee44b42d32ed\",\"name\":\"Telinha\",\"image\":{\"@type\":\"ImageObject\",\"inLanguage\":\"pt-PT\",\"@id\":\"https:\/\/portaltela.pt\/s.01k8rhncp4jt1\/2025\/11\/talking-bot-125x125.png\",\"url\":\"https:\/\/portaltela.pt\/s.01k8rhncp4jt1\/2025\/11\/talking-bot-125x125.png\",\"contentUrl\":\"https:\/\/portaltela.pt\/s.01k8rhncp4jt1\/2025\/11\/talking-bot-125x125.png\",\"caption\":\"Telinha\"},\"sameAs\":[\"https:\/\/portaltela.pt\/\"],\"url\":\"https:\/\/portaltela.pt\/por\/367410592786\/\"}]}<\/script>\n<!-- \/ Yoast SEO plugin. -->","yoast_head_json":{"title":"OPEP enfrenta mudan\u00e7as com a sa\u00edda dos Emirados \u00c1rabes Unidos - Portal Tela Portugal","robots":{"index":"index","follow":"follow","max-snippet":"max-snippet:-1","max-image-preview":"max-image-preview:large","max-video-preview":"max-video-preview:-1"},"og_locale":"pt_PT","og_type":"article","og_title":"OPEP enfrenta mudan\u00e7as com a sa\u00edda dos Emirados \u00c1rabes Unidos - Portal Tela Portugal","og_description":"Os Emirados \u00c1rabes Unidos anunciaram a sa\u00edda da OPEP e da OPEP+, a partir de maio, elevando as tens\u00f5es com a Ar\u00e1bia Saudita. Os EAU eram o quarto maior produtor da OPEP e respondiam por quase 13% da produ\u00e7\u00e3o do cartel, bombeando cerca de 3,6 milh\u00f5es de barris por dia em fevereiro. A decis\u00e3o ocorreu devido a quotas limitantes impostas pela OPEP; Abu Dhabi pretende chegar a cinco milh\u00f5es de barris por dia at\u00e9 2027, ampliando a produ\u00e7\u00e3o e a independ\u00eancia geopol\u00edtica de pre\u00e7os. A sa\u00edda aumenta a press\u00e3o sobre a Ar\u00e1bia Saudita, que passa a deter a maior parte da capacidade ociosa e fica respons\u00e1vel pela estabilidade de pre\u00e7os no curto prazo; as rela\u00e7\u00f5es entre os dois pa\u00edses j\u00e1 est\u00e3o tensas. A R\u00fassia comentou que n\u00e3o v\u00ea o fim da OPEP com a sa\u00edda dos EAU; Irak e Cazaquist\u00e3o seguem sob quotas da OPEP+, mas n\u00e3o anunciaram sa\u00edda.","og_url":"https:\/\/portaltela.pt\/noticias\/2026\/04\/29\/opep-enfrenta-mudancas-com-a-saida-dos-emirados-arabes-unidos\/","og_site_name":"Portal Tela Portugal","article_published_time":"2026-04-29T19:18:12+00:00","author":"Telinha","twitter_card":"summary_large_image","twitter_misc":{"Escrito por":"Telinha","Tempo estimado de leitura":"2 minutos"},"schema":{"@context":"https:\/\/schema.org","@graph":[{"@type":"Article","@id":"https:\/\/portaltela.pt\/noticias\/2026\/04\/29\/opep-enfrenta-mudancas-com-a-saida-dos-emirados-arabes-unidos\/#article","isPartOf":{"@id":"https:\/\/portaltela.pt\/noticias\/2026\/04\/29\/opep-enfrenta-mudancas-com-a-saida-dos-emirados-arabes-unidos\/"},"author":{"name":"Telinha","@id":"https:\/\/portaltela.pt\/#\/schema\/person\/c4278d4a6028830caff9ee44b42d32ed"},"headline":"OPEP enfrenta mudan\u00e7as com a sa\u00edda dos Emirados \u00c1rabes Unidos","datePublished":"2026-04-29T19:18:12+00:00","mainEntityOfPage":{"@id":"https:\/\/portaltela.pt\/noticias\/2026\/04\/29\/opep-enfrenta-mudancas-com-a-saida-dos-emirados-arabes-unidos\/"},"wordCount":409,"image":{"@id":"https:\/\/portaltela.pt\/noticias\/2026\/04\/29\/opep-enfrenta-mudancas-com-a-saida-dos-emirados-arabes-unidos\/#primaryimage"},"thumbnailUrl":"https:\/\/portaltela.pt\/s.01k8rhncp4jt1\/2026\/04\/image-1676.jpg","keywords":["_economia internacional","_energia","_geopol\u00edtica","_mercados internacionais","_organiza\u00e7\u00e3o internacional","_organiza\u00e7\u00f5es internacionais"],"articleSection":["Geopol\u00edtica"],"inLanguage":"pt-PT"},{"@type":"WebPage","@id":"https:\/\/portaltela.pt\/noticias\/2026\/04\/29\/opep-enfrenta-mudancas-com-a-saida-dos-emirados-arabes-unidos\/","url":"https:\/\/portaltela.pt\/noticias\/2026\/04\/29\/opep-enfrenta-mudancas-com-a-saida-dos-emirados-arabes-unidos\/","name":"OPEP enfrenta mudan\u00e7as com a sa\u00edda dos Emirados \u00c1rabes Unidos - Portal Tela Portugal","isPartOf":{"@id":"https:\/\/portaltela.pt\/#website"},"primaryImageOfPage":{"@id":"https:\/\/portaltela.pt\/noticias\/2026\/04\/29\/opep-enfrenta-mudancas-com-a-saida-dos-emirados-arabes-unidos\/#primaryimage"},"image":{"@id":"https:\/\/portaltela.pt\/noticias\/2026\/04\/29\/opep-enfrenta-mudancas-com-a-saida-dos-emirados-arabes-unidos\/#primaryimage"},"thumbnailUrl":"https:\/\/portaltela.pt\/s.01k8rhncp4jt1\/2026\/04\/image-1676.jpg","datePublished":"2026-04-29T19:18:12+00:00","author":{"@id":"https:\/\/portaltela.pt\/#\/schema\/person\/c4278d4a6028830caff9ee44b42d32ed"},"breadcrumb":{"@id":"https:\/\/portaltela.pt\/noticias\/2026\/04\/29\/opep-enfrenta-mudancas-com-a-saida-dos-emirados-arabes-unidos\/#breadcrumb"},"inLanguage":"pt-PT","potentialAction":[{"@type":"ReadAction","target":["https:\/\/portaltela.pt\/noticias\/2026\/04\/29\/opep-enfrenta-mudancas-com-a-saida-dos-emirados-arabes-unidos\/"]}]},{"@type":"ImageObject","inLanguage":"pt-PT","@id":"https:\/\/portaltela.pt\/noticias\/2026\/04\/29\/opep-enfrenta-mudancas-com-a-saida-dos-emirados-arabes-unidos\/#primaryimage","url":"https:\/\/portaltela.pt\/s.01k8rhncp4jt1\/2026\/04\/image-1676.jpg","contentUrl":"https:\/\/portaltela.pt\/s.01k8rhncp4jt1\/2026\/04\/image-1676.jpg","width":796,"height":448,"caption":"Emirados \u00c1rabes Unidos anunciaram sa\u00edda de cartel de produtores de petr\u00f3leo"},{"@type":"BreadcrumbList","@id":"https:\/\/portaltela.pt\/noticias\/2026\/04\/29\/opep-enfrenta-mudancas-com-a-saida-dos-emirados-arabes-unidos\/#breadcrumb","itemListElement":[{"@type":"ListItem","position":1,"name":"In\u00edcio","item":"https:\/\/portaltela.pt\/"},{"@type":"ListItem","position":2,"name":"OPEP enfrenta mudan\u00e7as com a sa\u00edda dos Emirados \u00c1rabes Unidos"}]},{"@type":"WebSite","@id":"https:\/\/portaltela.pt\/#website","url":"https:\/\/portaltela.pt\/","name":"Portal Tela Portugal","description":"","potentialAction":[{"@type":"SearchAction","target":{"@type":"EntryPoint","urlTemplate":"https:\/\/portaltela.pt\/?s={search_term_string}"},"query-input":{"@type":"PropertyValueSpecification","valueRequired":true,"valueName":"search_term_string"}}],"inLanguage":"pt-PT"},{"@type":"Person","@id":"https:\/\/portaltela.pt\/#\/schema\/person\/c4278d4a6028830caff9ee44b42d32ed","name":"Telinha","image":{"@type":"ImageObject","inLanguage":"pt-PT","@id":"https:\/\/portaltela.pt\/s.01k8rhncp4jt1\/2025\/11\/talking-bot-125x125.png","url":"https:\/\/portaltela.pt\/s.01k8rhncp4jt1\/2025\/11\/talking-bot-125x125.png","contentUrl":"https:\/\/portaltela.pt\/s.01k8rhncp4jt1\/2025\/11\/talking-bot-125x125.png","caption":"Telinha"},"sameAs":["https:\/\/portaltela.pt\/"],"url":"https:\/\/portaltela.pt\/por\/367410592786\/"}]}},"_links":{"self":[{"href":"https:\/\/portaltela.pt\/api\/wp\/v2\/posts\/461456","targetHints":{"allow":["GET"]}}],"collection":[{"href":"https:\/\/portaltela.pt\/api\/wp\/v2\/posts"}],"about":[{"href":"https:\/\/portaltela.pt\/api\/wp\/v2\/types\/post"}],"author":[{"embeddable":true,"href":"https:\/\/portaltela.pt\/api\/wp\/v2\/users\/2"}],"replies":[{"embeddable":true,"href":"https:\/\/portaltela.pt\/api\/wp\/v2\/comments?post=461456"}],"version-history":[{"count":0,"href":"https:\/\/portaltela.pt\/api\/wp\/v2\/posts\/461456\/revisions"}],"wp:featuredmedia":[{"embeddable":true,"href":"https:\/\/portaltela.pt\/api\/wp\/v2\/media\/461480"}],"wp:attachment":[{"href":"https:\/\/portaltela.pt\/api\/wp\/v2\/media?parent=461456"}],"wp:term":[{"taxonomy":"category","embeddable":true,"href":"https:\/\/portaltela.pt\/api\/wp\/v2\/categories?post=461456"},{"taxonomy":"post_tag","embeddable":true,"href":"https:\/\/portaltela.pt\/api\/wp\/v2\/tags?post=461456"}],"curies":[{"name":"wp","href":"https:\/\/api.w.org\/{rel}","templated":true}]}}