{"id":461455,"date":"2026-04-29T16:18:10","date_gmt":"2026-04-29T19:18:10","guid":{"rendered":"https:\/\/portaltela.pt\/noticias\/2026\/04\/29\/aeroporto-de-bruxelas-antecipa-cancelamentos-de-voos-por-greves\/"},"modified":"2026-04-29T16:18:10","modified_gmt":"2026-04-29T19:18:10","slug":"aeroporto-de-bruxelas-antecipa-cancelamentos-de-voos-por-greves","status":"publish","type":"post","link":"https:\/\/portaltela.pt\/noticias\/2026\/04\/29\/aeroporto-de-bruxelas-antecipa-cancelamentos-de-voos-por-greves\/","title":{"rendered":"Aeroporto de Bruxelas antecipa cancelamentos de voos por greves"},"content":{"rendered":"<p>O aeroporto de Bruxelas avisou que um grande n\u00famero de voos poder\u00e1 ser cancelado no pr\u00f3ximo m\u00eas devido a greves planeadas. As paralisa\u00e7\u00f5es afetam sobretudo pilotos belgas e servi\u00e7os de apoio no terminal.<\/p>\n<p>Tr\u00eas dos maiores sindicatos do pa\u00eds \u2014 Christian ACV, ABVV e ACLVB \u2014 anunciaram uma greve nacional em 12 de maio, em protesto contra a idade de reforma obrigat\u00f3ria. A medida poder\u00e1 reduzir o pessoal de servi\u00e7os e perturbar opera\u00e7\u00f5es aeroportu\u00e1rias.<\/p>\n<p>O ministro das Pens\u00f5es, Jan Jambon, defendeu estudos para possivelmente elevar a idade de reforma para 67 anos, avaliando a base m\u00e9dica e cognitiva dos pilotos. O Governo pretende explorar op\u00e7\u00f5es em contexto europeu para apoiar o debate.<\/p>\n<p>De acordo com informa\u00e7\u00f5es do The Brussels Times, cerca de metade dos voos previstos para 12 de maio pode ser cancelada no aeroporto de Bruxelas. O aviso sugere que voos de chegada tamb\u00e9m poder\u00e3o ser impactados, com passageiros contactados para alternativas.<\/p>\n<p>As perturba\u00e7\u00f5es tamb\u00e9m podem afetar o transporte p\u00fablico que liga o aeroporto, incluindo servi\u00e7os da SNCB e operadores de autocarros e el\u00e9tricos De Lijn, com potenciais atrasos ou interrup\u00e7\u00f5es.<\/p>\n<p>Os sindicatos destacam que a legisla\u00e7\u00e3o atual imp\u00f5e aos pilotos a continua\u00e7\u00e3o de trabalho at\u00e9 aos 66 anos, criando um descompasso entre o hor\u00e1rio de servi\u00e7o e a idade de reforma. A posi\u00e7\u00e3o conjunta aponta que a norma \u00e9 inadequada para a profiss\u00e3o.<\/p>\n<p>Caso a greve se confirme, poder\u00e1 somar-se a uma s\u00e9rie de oito epis\u00f3dios de paralisa\u00e7\u00e3o que afetaram o aeroporto de Bruxelas desde in\u00edcio de 2025, segundo relatos da imprensa.<\/p>\n","protected":false},"excerpt":{"rendered":"<ul>\n<li>O aeroporto de Bruxelas avisou que, devido a greves nacionais previstas para 12 de maio, um grande n\u00famero de voos de partida ser\u00e1 cancelado e alguns voos de chegada podem tamb\u00e9m ser afetados.<\/li>\n<li>A greve \u00e9 promovida pelos tr\u00eas maiores sindicatos belgas (Christian ACV, ABVV e ACLVB) contra a atual lei que obriga os pilotos a trabalharem at\u00e9 aos 66 anos, com o ministro das Pens\u00f5es a sugerir poss\u00edvel aumento para 67.<\/li>\n<li>O boletim do aeroporto aponta redu\u00e7\u00e3o de pessoal em certos prestadores de servi\u00e7os, o que poder\u00e1 perturbar as opera\u00e7\u00f5es aeroportu\u00e1rias.<\/li>\n<li>Os transportes p\u00fablicos para o aeroporto, incluindo a rede ferrovi\u00e1ria nacional (SNCB) e os autocarros e el\u00e9tricos De Lijn, tamb\u00e9m podem sofrer perturba\u00e7\u00f5es.<\/li>\n<li>Se a greve ocorrer, ser\u00e1 a \u00faltima de pelo menos oito greves que t\u00eam afetado o aeroporto de Bruxelas desde o in\u00edcio de 2025.<\/li>\n<\/ul>\n","protected":false},"author":2,"featured_media":461462,"comment_status":"closed","ping_status":"closed","sticky":false,"template":"","format":"standard","meta":{"footnotes":""},"categories":[6790,1],"tags":[7891,8502,8552,8831,8373,8287],"class_list":["post-461455","post","type-post","status-publish","format-standard","has-post-thumbnail","hentry","category-conflitos","category-noticias","tag-_aeronautica","tag-_aviacao","tag-_avioes","tag-_belgica","tag-_greve","tag-_transporte"],"yoast_head":"<!-- This site is optimized with the Yoast SEO plugin v27.2 - https:\/\/yoast.com\/product\/yoast-seo-wordpress\/ -->\n<title>Aeroporto de Bruxelas antecipa cancelamentos de voos por greves - Portal Tela Portugal<\/title>\n<meta name=\"robots\" content=\"index, follow, max-snippet:-1, max-image-preview:large, max-video-preview:-1\" \/>\n<meta property=\"og:locale\" content=\"pt_PT\" \/>\n<meta property=\"og:type\" content=\"article\" \/>\n<meta property=\"og:title\" content=\"Aeroporto de Bruxelas antecipa cancelamentos de voos por greves - Portal Tela Portugal\" \/>\n<meta property=\"og:description\" content=\"O aeroporto de Bruxelas avisou que, devido a greves nacionais previstas para 12 de maio, um grande n\u00famero de voos de partida ser\u00e1 cancelado e alguns voos de chegada podem tamb\u00e9m ser afetados. A greve \u00e9 promovida pelos tr\u00eas maiores sindicatos belgas (Christian ACV, ABVV e ACLVB) contra a atual lei que obriga os pilotos a trabalharem at\u00e9 aos 66 anos, com o ministro das Pens\u00f5es a sugerir poss\u00edvel aumento para 67. O boletim do aeroporto aponta redu\u00e7\u00e3o de pessoal em certos prestadores de servi\u00e7os, o que poder\u00e1 perturbar as opera\u00e7\u00f5es aeroportu\u00e1rias. Os transportes p\u00fablicos para o aeroporto, incluindo a rede ferrovi\u00e1ria nacional (SNCB) e os autocarros e el\u00e9tricos De Lijn, tamb\u00e9m podem sofrer perturba\u00e7\u00f5es. Se a greve ocorrer, ser\u00e1 a \u00faltima de pelo menos oito greves que t\u00eam afetado o aeroporto de Bruxelas desde o in\u00edcio de 2025.\" \/>\n<meta property=\"og:url\" content=\"https:\/\/portaltela.pt\/noticias\/2026\/04\/29\/aeroporto-de-bruxelas-antecipa-cancelamentos-de-voos-por-greves\/\" \/>\n<meta property=\"og:site_name\" content=\"Portal Tela Portugal\" \/>\n<meta property=\"article:published_time\" content=\"2026-04-29T19:18:10+00:00\" \/>\n<meta name=\"author\" content=\"Telinha\" \/>\n<meta name=\"twitter:card\" content=\"summary_large_image\" \/>\n<meta name=\"twitter:label1\" content=\"Escrito por\" \/>\n\t<meta name=\"twitter:data1\" content=\"Telinha\" \/>\n\t<meta name=\"twitter:label2\" content=\"Tempo estimado de leitura\" \/>\n\t<meta name=\"twitter:data2\" content=\"1 minuto\" \/>\n<script type=\"application\/ld+json\" class=\"yoast-schema-graph\">{\"@context\":\"https:\/\/schema.org\",\"@graph\":[{\"@type\":\"Article\",\"@id\":\"https:\/\/portaltela.pt\/noticias\/2026\/04\/29\/aeroporto-de-bruxelas-antecipa-cancelamentos-de-voos-por-greves\/#article\",\"isPartOf\":{\"@id\":\"https:\/\/portaltela.pt\/noticias\/2026\/04\/29\/aeroporto-de-bruxelas-antecipa-cancelamentos-de-voos-por-greves\/\"},\"author\":{\"name\":\"Telinha\",\"@id\":\"https:\/\/portaltela.pt\/#\/schema\/person\/c4278d4a6028830caff9ee44b42d32ed\"},\"headline\":\"Aeroporto de Bruxelas antecipa cancelamentos de voos por greves\",\"datePublished\":\"2026-04-29T19:18:10+00:00\",\"mainEntityOfPage\":{\"@id\":\"https:\/\/portaltela.pt\/noticias\/2026\/04\/29\/aeroporto-de-bruxelas-antecipa-cancelamentos-de-voos-por-greves\/\"},\"wordCount\":289,\"image\":{\"@id\":\"https:\/\/portaltela.pt\/noticias\/2026\/04\/29\/aeroporto-de-bruxelas-antecipa-cancelamentos-de-voos-por-greves\/#primaryimage\"},\"thumbnailUrl\":\"https:\/\/portaltela.pt\/s.01k8rhncp4jt1\/2026\/04\/1536x864_cmsv2_c80c925e-4ef4-55d8-9d3e-9f035f6456c8-9562514.jpg\",\"keywords\":[\"_aeron\u00e1utica\",\"_avia\u00e7\u00e3o\",\"_avi\u00f5es\",\"_B\u00e9lgica\",\"_greve\",\"_transporte\"],\"articleSection\":[\"Conflitos\",\"Not\u00edcias\"],\"inLanguage\":\"pt-PT\"},{\"@type\":\"WebPage\",\"@id\":\"https:\/\/portaltela.pt\/noticias\/2026\/04\/29\/aeroporto-de-bruxelas-antecipa-cancelamentos-de-voos-por-greves\/\",\"url\":\"https:\/\/portaltela.pt\/noticias\/2026\/04\/29\/aeroporto-de-bruxelas-antecipa-cancelamentos-de-voos-por-greves\/\",\"name\":\"Aeroporto de Bruxelas antecipa cancelamentos de voos por greves - Portal Tela Portugal\",\"isPartOf\":{\"@id\":\"https:\/\/portaltela.pt\/#website\"},\"primaryImageOfPage\":{\"@id\":\"https:\/\/portaltela.pt\/noticias\/2026\/04\/29\/aeroporto-de-bruxelas-antecipa-cancelamentos-de-voos-por-greves\/#primaryimage\"},\"image\":{\"@id\":\"https:\/\/portaltela.pt\/noticias\/2026\/04\/29\/aeroporto-de-bruxelas-antecipa-cancelamentos-de-voos-por-greves\/#primaryimage\"},\"thumbnailUrl\":\"https:\/\/portaltela.pt\/s.01k8rhncp4jt1\/2026\/04\/1536x864_cmsv2_c80c925e-4ef4-55d8-9d3e-9f035f6456c8-9562514.jpg\",\"datePublished\":\"2026-04-29T19:18:10+00:00\",\"author\":{\"@id\":\"https:\/\/portaltela.pt\/#\/schema\/person\/c4278d4a6028830caff9ee44b42d32ed\"},\"breadcrumb\":{\"@id\":\"https:\/\/portaltela.pt\/noticias\/2026\/04\/29\/aeroporto-de-bruxelas-antecipa-cancelamentos-de-voos-por-greves\/#breadcrumb\"},\"inLanguage\":\"pt-PT\",\"potentialAction\":[{\"@type\":\"ReadAction\",\"target\":[\"https:\/\/portaltela.pt\/noticias\/2026\/04\/29\/aeroporto-de-bruxelas-antecipa-cancelamentos-de-voos-por-greves\/\"]}]},{\"@type\":\"ImageObject\",\"inLanguage\":\"pt-PT\",\"@id\":\"https:\/\/portaltela.pt\/noticias\/2026\/04\/29\/aeroporto-de-bruxelas-antecipa-cancelamentos-de-voos-por-greves\/#primaryimage\",\"url\":\"https:\/\/portaltela.pt\/s.01k8rhncp4jt1\/2026\/04\/1536x864_cmsv2_c80c925e-4ef4-55d8-9d3e-9f035f6456c8-9562514.jpg\",\"contentUrl\":\"https:\/\/portaltela.pt\/s.01k8rhncp4jt1\/2026\/04\/1536x864_cmsv2_c80c925e-4ef4-55d8-9d3e-9f035f6456c8-9562514.jpg\",\"width\":796,\"height\":448,\"caption\":\"Os pilotos belgas est\u00e3o num impasse com o Minist\u00e9rio das Pens\u00f5es sobre a idade da reforma\"},{\"@type\":\"BreadcrumbList\",\"@id\":\"https:\/\/portaltela.pt\/noticias\/2026\/04\/29\/aeroporto-de-bruxelas-antecipa-cancelamentos-de-voos-por-greves\/#breadcrumb\",\"itemListElement\":[{\"@type\":\"ListItem\",\"position\":1,\"name\":\"In\u00edcio\",\"item\":\"https:\/\/portaltela.pt\/\"},{\"@type\":\"ListItem\",\"position\":2,\"name\":\"Aeroporto de Bruxelas antecipa cancelamentos de voos por greves\"}]},{\"@type\":\"WebSite\",\"@id\":\"https:\/\/portaltela.pt\/#website\",\"url\":\"https:\/\/portaltela.pt\/\",\"name\":\"Portal Tela Portugal\",\"description\":\"\",\"potentialAction\":[{\"@type\":\"SearchAction\",\"target\":{\"@type\":\"EntryPoint\",\"urlTemplate\":\"https:\/\/portaltela.pt\/?s={search_term_string}\"},\"query-input\":{\"@type\":\"PropertyValueSpecification\",\"valueRequired\":true,\"valueName\":\"search_term_string\"}}],\"inLanguage\":\"pt-PT\"},{\"@type\":\"Person\",\"@id\":\"https:\/\/portaltela.pt\/#\/schema\/person\/c4278d4a6028830caff9ee44b42d32ed\",\"name\":\"Telinha\",\"image\":{\"@type\":\"ImageObject\",\"inLanguage\":\"pt-PT\",\"@id\":\"https:\/\/portaltela.pt\/s.01k8rhncp4jt1\/2025\/11\/talking-bot-125x125.png\",\"url\":\"https:\/\/portaltela.pt\/s.01k8rhncp4jt1\/2025\/11\/talking-bot-125x125.png\",\"contentUrl\":\"https:\/\/portaltela.pt\/s.01k8rhncp4jt1\/2025\/11\/talking-bot-125x125.png\",\"caption\":\"Telinha\"},\"sameAs\":[\"https:\/\/portaltela.pt\/\"],\"url\":\"https:\/\/portaltela.pt\/por\/367410592786\/\"}]}<\/script>\n<!-- \/ Yoast SEO plugin. -->","yoast_head_json":{"title":"Aeroporto de Bruxelas antecipa cancelamentos de voos por greves - Portal Tela Portugal","robots":{"index":"index","follow":"follow","max-snippet":"max-snippet:-1","max-image-preview":"max-image-preview:large","max-video-preview":"max-video-preview:-1"},"og_locale":"pt_PT","og_type":"article","og_title":"Aeroporto de Bruxelas antecipa cancelamentos de voos por greves - Portal Tela Portugal","og_description":"O aeroporto de Bruxelas avisou que, devido a greves nacionais previstas para 12 de maio, um grande n\u00famero de voos de partida ser\u00e1 cancelado e alguns voos de chegada podem tamb\u00e9m ser afetados. A greve \u00e9 promovida pelos tr\u00eas maiores sindicatos belgas (Christian ACV, ABVV e ACLVB) contra a atual lei que obriga os pilotos a trabalharem at\u00e9 aos 66 anos, com o ministro das Pens\u00f5es a sugerir poss\u00edvel aumento para 67. O boletim do aeroporto aponta redu\u00e7\u00e3o de pessoal em certos prestadores de servi\u00e7os, o que poder\u00e1 perturbar as opera\u00e7\u00f5es aeroportu\u00e1rias. Os transportes p\u00fablicos para o aeroporto, incluindo a rede ferrovi\u00e1ria nacional (SNCB) e os autocarros e el\u00e9tricos De Lijn, tamb\u00e9m podem sofrer perturba\u00e7\u00f5es. Se a greve ocorrer, ser\u00e1 a \u00faltima de pelo menos oito greves que t\u00eam afetado o aeroporto de Bruxelas desde o in\u00edcio de 2025.","og_url":"https:\/\/portaltela.pt\/noticias\/2026\/04\/29\/aeroporto-de-bruxelas-antecipa-cancelamentos-de-voos-por-greves\/","og_site_name":"Portal Tela Portugal","article_published_time":"2026-04-29T19:18:10+00:00","author":"Telinha","twitter_card":"summary_large_image","twitter_misc":{"Escrito por":"Telinha","Tempo estimado de leitura":"1 minuto"},"schema":{"@context":"https:\/\/schema.org","@graph":[{"@type":"Article","@id":"https:\/\/portaltela.pt\/noticias\/2026\/04\/29\/aeroporto-de-bruxelas-antecipa-cancelamentos-de-voos-por-greves\/#article","isPartOf":{"@id":"https:\/\/portaltela.pt\/noticias\/2026\/04\/29\/aeroporto-de-bruxelas-antecipa-cancelamentos-de-voos-por-greves\/"},"author":{"name":"Telinha","@id":"https:\/\/portaltela.pt\/#\/schema\/person\/c4278d4a6028830caff9ee44b42d32ed"},"headline":"Aeroporto de Bruxelas antecipa cancelamentos de voos por greves","datePublished":"2026-04-29T19:18:10+00:00","mainEntityOfPage":{"@id":"https:\/\/portaltela.pt\/noticias\/2026\/04\/29\/aeroporto-de-bruxelas-antecipa-cancelamentos-de-voos-por-greves\/"},"wordCount":289,"image":{"@id":"https:\/\/portaltela.pt\/noticias\/2026\/04\/29\/aeroporto-de-bruxelas-antecipa-cancelamentos-de-voos-por-greves\/#primaryimage"},"thumbnailUrl":"https:\/\/portaltela.pt\/s.01k8rhncp4jt1\/2026\/04\/1536x864_cmsv2_c80c925e-4ef4-55d8-9d3e-9f035f6456c8-9562514.jpg","keywords":["_aeron\u00e1utica","_avia\u00e7\u00e3o","_avi\u00f5es","_B\u00e9lgica","_greve","_transporte"],"articleSection":["Conflitos","Not\u00edcias"],"inLanguage":"pt-PT"},{"@type":"WebPage","@id":"https:\/\/portaltela.pt\/noticias\/2026\/04\/29\/aeroporto-de-bruxelas-antecipa-cancelamentos-de-voos-por-greves\/","url":"https:\/\/portaltela.pt\/noticias\/2026\/04\/29\/aeroporto-de-bruxelas-antecipa-cancelamentos-de-voos-por-greves\/","name":"Aeroporto de Bruxelas antecipa cancelamentos de voos por greves - Portal Tela Portugal","isPartOf":{"@id":"https:\/\/portaltela.pt\/#website"},"primaryImageOfPage":{"@id":"https:\/\/portaltela.pt\/noticias\/2026\/04\/29\/aeroporto-de-bruxelas-antecipa-cancelamentos-de-voos-por-greves\/#primaryimage"},"image":{"@id":"https:\/\/portaltela.pt\/noticias\/2026\/04\/29\/aeroporto-de-bruxelas-antecipa-cancelamentos-de-voos-por-greves\/#primaryimage"},"thumbnailUrl":"https:\/\/portaltela.pt\/s.01k8rhncp4jt1\/2026\/04\/1536x864_cmsv2_c80c925e-4ef4-55d8-9d3e-9f035f6456c8-9562514.jpg","datePublished":"2026-04-29T19:18:10+00:00","author":{"@id":"https:\/\/portaltela.pt\/#\/schema\/person\/c4278d4a6028830caff9ee44b42d32ed"},"breadcrumb":{"@id":"https:\/\/portaltela.pt\/noticias\/2026\/04\/29\/aeroporto-de-bruxelas-antecipa-cancelamentos-de-voos-por-greves\/#breadcrumb"},"inLanguage":"pt-PT","potentialAction":[{"@type":"ReadAction","target":["https:\/\/portaltela.pt\/noticias\/2026\/04\/29\/aeroporto-de-bruxelas-antecipa-cancelamentos-de-voos-por-greves\/"]}]},{"@type":"ImageObject","inLanguage":"pt-PT","@id":"https:\/\/portaltela.pt\/noticias\/2026\/04\/29\/aeroporto-de-bruxelas-antecipa-cancelamentos-de-voos-por-greves\/#primaryimage","url":"https:\/\/portaltela.pt\/s.01k8rhncp4jt1\/2026\/04\/1536x864_cmsv2_c80c925e-4ef4-55d8-9d3e-9f035f6456c8-9562514.jpg","contentUrl":"https:\/\/portaltela.pt\/s.01k8rhncp4jt1\/2026\/04\/1536x864_cmsv2_c80c925e-4ef4-55d8-9d3e-9f035f6456c8-9562514.jpg","width":796,"height":448,"caption":"Os pilotos belgas est\u00e3o num impasse com o Minist\u00e9rio das Pens\u00f5es sobre a idade da reforma"},{"@type":"BreadcrumbList","@id":"https:\/\/portaltela.pt\/noticias\/2026\/04\/29\/aeroporto-de-bruxelas-antecipa-cancelamentos-de-voos-por-greves\/#breadcrumb","itemListElement":[{"@type":"ListItem","position":1,"name":"In\u00edcio","item":"https:\/\/portaltela.pt\/"},{"@type":"ListItem","position":2,"name":"Aeroporto de Bruxelas antecipa cancelamentos de voos por greves"}]},{"@type":"WebSite","@id":"https:\/\/portaltela.pt\/#website","url":"https:\/\/portaltela.pt\/","name":"Portal Tela Portugal","description":"","potentialAction":[{"@type":"SearchAction","target":{"@type":"EntryPoint","urlTemplate":"https:\/\/portaltela.pt\/?s={search_term_string}"},"query-input":{"@type":"PropertyValueSpecification","valueRequired":true,"valueName":"search_term_string"}}],"inLanguage":"pt-PT"},{"@type":"Person","@id":"https:\/\/portaltela.pt\/#\/schema\/person\/c4278d4a6028830caff9ee44b42d32ed","name":"Telinha","image":{"@type":"ImageObject","inLanguage":"pt-PT","@id":"https:\/\/portaltela.pt\/s.01k8rhncp4jt1\/2025\/11\/talking-bot-125x125.png","url":"https:\/\/portaltela.pt\/s.01k8rhncp4jt1\/2025\/11\/talking-bot-125x125.png","contentUrl":"https:\/\/portaltela.pt\/s.01k8rhncp4jt1\/2025\/11\/talking-bot-125x125.png","caption":"Telinha"},"sameAs":["https:\/\/portaltela.pt\/"],"url":"https:\/\/portaltela.pt\/por\/367410592786\/"}]}},"_links":{"self":[{"href":"https:\/\/portaltela.pt\/api\/wp\/v2\/posts\/461455","targetHints":{"allow":["GET"]}}],"collection":[{"href":"https:\/\/portaltela.pt\/api\/wp\/v2\/posts"}],"about":[{"href":"https:\/\/portaltela.pt\/api\/wp\/v2\/types\/post"}],"author":[{"embeddable":true,"href":"https:\/\/portaltela.pt\/api\/wp\/v2\/users\/2"}],"replies":[{"embeddable":true,"href":"https:\/\/portaltela.pt\/api\/wp\/v2\/comments?post=461455"}],"version-history":[{"count":0,"href":"https:\/\/portaltela.pt\/api\/wp\/v2\/posts\/461455\/revisions"}],"wp:featuredmedia":[{"embeddable":true,"href":"https:\/\/portaltela.pt\/api\/wp\/v2\/media\/461462"}],"wp:attachment":[{"href":"https:\/\/portaltela.pt\/api\/wp\/v2\/media?parent=461455"}],"wp:term":[{"taxonomy":"category","embeddable":true,"href":"https:\/\/portaltela.pt\/api\/wp\/v2\/categories?post=461455"},{"taxonomy":"post_tag","embeddable":true,"href":"https:\/\/portaltela.pt\/api\/wp\/v2\/tags?post=461455"}],"curies":[{"name":"wp","href":"https:\/\/api.w.org\/{rel}","templated":true}]}}