{"id":461454,"date":"2026-04-29T16:18:09","date_gmt":"2026-04-29T19:18:09","guid":{"rendered":"https:\/\/portaltela.pt\/noticias\/2026\/04\/29\/ue-flexibiliza-regras-de-auxilios-estatais-diante-da-crise-dos-combustiveis\/"},"modified":"2026-04-29T16:18:09","modified_gmt":"2026-04-29T19:18:09","slug":"ue-flexibiliza-regras-de-auxilios-estatais-diante-da-crise-dos-combustiveis","status":"publish","type":"post","link":"https:\/\/portaltela.pt\/noticias\/economia\/2026\/04\/29\/ue-flexibiliza-regras-de-auxilios-estatais-diante-da-crise-dos-combustiveis\/","title":{"rendered":"UE flexibiliza regras de aux\u00edlios estatais diante da crise dos combust\u00edveis"},"content":{"rendered":"<p>A Uni\u00e3o Europeia vai flexibilizar temporariamente as regras de aux\u00edlios estatais para mitigar os efeitos da crise na regi\u00e3o e do aumento dos pre\u00e7os da energia e dos fertilizantes, causados pela crise no M\u00e9dio Oriente. A medida pretende proteger agricultores, transportadores, pescadores e a ind\u00fastria que dependem de energia.<\/p>\n<p>A Comiss\u00e3o Europeia anunciou que, a curto prazo, os estados-membros poder\u00e3o subsidiar at\u00e9 70% do custo adicional de combust\u00edveis e fertilizantes. A exce\u00e7\u00e3o eleva o teto atual de 50% previsto pela normativa, num regime tempor\u00e1rio at\u00e9 dezembro.<\/p>\n<p>A vice-presidente Teresa Ribera afirmou que a medida \u00e9 uma resposta espec\u00edfica, proporcional e emergencial aos impactos imediatos sobre as empresas europeias. O objetivo \u00e9 manter condi\u00e7\u00f5es equitativas no mercado comum, sem distorcer a concorr\u00eancia.<\/p>\n<p>A situa\u00e7\u00e3o afeta principalmente agricultores, pescadores e transportadores rodovi\u00e1rios, que enfrentam custos crescentes com fertilizantes, combust\u00edveis e energia. As indu\u0301strias energ\u00e9ticas do bloco tamb\u00e9m reportam menor ritmo de produ\u00e7\u00e3o devido aos pre\u00e7os elevados.<\/p>\n<p>Segundo o texto da Comiss\u00e3o, o apoio pode assumir subven\u00e7\u00f5es, benef\u00edcios fiscais e garantias estatais. Pequenos benefici\u00e1rios, como transportadores, agricultores e pescadores, poder\u00e3o receber um pagamento fixo at\u00e9 50.000 euros, com carga administrativa reduzida.<\/p>\n<p>A UE observou que o instrumento \u00e9 tempor\u00e1rio e visa mitigar impactos imediatos, preservando o funcionamento do mercado \u00fanico. O pagamento aos benefici\u00e1rios dever\u00e1 ocorrer nos pr\u00f3ximos dois meses, conforme a evolu\u00e7\u00e3o dos processos nacionais.<\/p>\n<p>Cr\u00edticos temem distor\u00e7\u00e3o de mercado, apontando que Estados com maior capacidade fiscal, como a Alemanha, podem beneficiar mais as suas empresas. Dados da Comiss\u00e3o indicam que a Alemanha foi respons\u00e1vel por grande parte dos aux\u00edlios desde 2022.<\/p>\n<p>A Comiss\u00e3o esclareceu que as medidas n\u00e3o s\u00e3o justificadas sem dist\u00farbio de mercado e que respondem a solicita\u00e7\u00f5es pol\u00edticas. A discuss\u00e3o aponta para uma linha entre apoio emergencial e acelera\u00e7\u00e3o da transi\u00e7\u00e3o energ\u00e9tica na Europa.<\/p>\n<p>Especialistas independentes destacam que a medida \u00e9 de curto prazo e n\u00e3o substitui estrat\u00e9gias de descarboniza\u00e7\u00e3o. A transi\u00e7\u00e3o energ\u00e9tica continua a ser vista como essencial para autonomia, crescimento e resili\u00eancia europeus.<\/p>\n","protected":false},"excerpt":{"rendered":"<ul>\n<li>A Uni\u00e3o Europeia vai flexibilizar temporariamente as regras de aux\u00edlios estatais para sectores dependentes de combust\u00edveis, devido \u00e0 crise no M\u00e9dio Oriente que eleva os custos de energia e fertilizantes.<\/li>\n<li>Os governos podem subsidiar at\u00e9 setenta por cento do custo adicional de combust\u00edveis e fertilizantes para agricultores, pescadores e transportadores rodovi\u00e1rios.<\/li>\n<li>A medida eleva o teto de apoio \u00e0 ind\u00fastria pesada para setenta por cento dos custos de energia, aumentando o apoio face aos cinquenta por cento atuais.<\/li>\n<li>Benefici\u00e1rios podem receber um pagamento fixo at\u00e9 quarenta e oito mil euros com encargos administrativos baixos, com pagamentos esperados nos pr\u00f3ximos dois meses, conforme a rapidez dos governos nacionais.<\/li>\n<li>As regras permanecem em vigor at\u00e9 ao final de dezembro; h\u00e1 preocupa\u00e7\u00f5es sobre distor\u00e7\u00f5es de mercado, em especial favorecendo grandes Estados-membros como a Alemanha.<\/li>\n<\/ul>\n","protected":false},"author":2,"featured_media":461470,"comment_status":"closed","ping_status":"closed","sticky":false,"template":"","format":"standard","meta":{"footnotes":""},"categories":[2,6850],"tags":[7883,7976,7775,8642,8207,8056],"class_list":["post-461454","post","type-post","status-publish","format-standard","has-post-thumbnail","hentry","category-economia","category-financas","tag-_agricultura","tag-_combustiveis","tag-_energia","tag-_fertilizantes","tag-_pesca","tag-_uniao-europeia"],"yoast_head":"<!-- This site is optimized with the Yoast SEO plugin v27.2 - https:\/\/yoast.com\/product\/yoast-seo-wordpress\/ -->\n<title>UE flexibiliza regras de aux\u00edlios estatais diante da crise dos combust\u00edveis - Portal Tela Portugal<\/title>\n<meta name=\"robots\" content=\"index, follow, max-snippet:-1, max-image-preview:large, max-video-preview:-1\" \/>\n<meta property=\"og:locale\" content=\"pt_PT\" \/>\n<meta property=\"og:type\" content=\"article\" \/>\n<meta property=\"og:title\" content=\"UE flexibiliza regras de aux\u00edlios estatais diante da crise dos combust\u00edveis - Portal Tela Portugal\" \/>\n<meta property=\"og:description\" content=\"A Uni\u00e3o Europeia vai flexibilizar temporariamente as regras de aux\u00edlios estatais para sectores dependentes de combust\u00edveis, devido \u00e0 crise no M\u00e9dio Oriente que eleva os custos de energia e fertilizantes. Os governos podem subsidiar at\u00e9 setenta por cento do custo adicional de combust\u00edveis e fertilizantes para agricultores, pescadores e transportadores rodovi\u00e1rios. A medida eleva o teto de apoio \u00e0 ind\u00fastria pesada para setenta por cento dos custos de energia, aumentando o apoio face aos cinquenta por cento atuais. Benefici\u00e1rios podem receber um pagamento fixo at\u00e9 quarenta e oito mil euros com encargos administrativos baixos, com pagamentos esperados nos pr\u00f3ximos dois meses, conforme a rapidez dos governos nacionais. As regras permanecem em vigor at\u00e9 ao final de dezembro; h\u00e1 preocupa\u00e7\u00f5es sobre distor\u00e7\u00f5es de mercado, em especial favorecendo grandes Estados-membros como a Alemanha.\" \/>\n<meta property=\"og:url\" content=\"https:\/\/portaltela.pt\/noticias\/2026\/04\/29\/ue-flexibiliza-regras-de-auxilios-estatais-diante-da-crise-dos-combustiveis\/\" \/>\n<meta property=\"og:site_name\" content=\"Portal Tela Portugal\" \/>\n<meta property=\"article:published_time\" content=\"2026-04-29T19:18:09+00:00\" \/>\n<meta name=\"author\" content=\"Telinha\" \/>\n<meta name=\"twitter:card\" content=\"summary_large_image\" \/>\n<meta name=\"twitter:label1\" content=\"Escrito por\" \/>\n\t<meta name=\"twitter:data1\" content=\"Telinha\" \/>\n\t<meta name=\"twitter:label2\" content=\"Tempo estimado de leitura\" \/>\n\t<meta name=\"twitter:data2\" content=\"2 minutos\" \/>\n<script type=\"application\/ld+json\" class=\"yoast-schema-graph\">{\"@context\":\"https:\/\/schema.org\",\"@graph\":[{\"@type\":\"Article\",\"@id\":\"https:\/\/portaltela.pt\/noticias\/2026\/04\/29\/ue-flexibiliza-regras-de-auxilios-estatais-diante-da-crise-dos-combustiveis\/#article\",\"isPartOf\":{\"@id\":\"https:\/\/portaltela.pt\/noticias\/2026\/04\/29\/ue-flexibiliza-regras-de-auxilios-estatais-diante-da-crise-dos-combustiveis\/\"},\"author\":{\"name\":\"Telinha\",\"@id\":\"https:\/\/portaltela.pt\/#\/schema\/person\/c4278d4a6028830caff9ee44b42d32ed\"},\"headline\":\"UE flexibiliza regras de aux\u00edlios estatais diante da crise dos combust\u00edveis\",\"datePublished\":\"2026-04-29T19:18:09+00:00\",\"mainEntityOfPage\":{\"@id\":\"https:\/\/portaltela.pt\/noticias\/2026\/04\/29\/ue-flexibiliza-regras-de-auxilios-estatais-diante-da-crise-dos-combustiveis\/\"},\"wordCount\":383,\"image\":{\"@id\":\"https:\/\/portaltela.pt\/noticias\/2026\/04\/29\/ue-flexibiliza-regras-de-auxilios-estatais-diante-da-crise-dos-combustiveis\/#primaryimage\"},\"thumbnailUrl\":\"https:\/\/portaltela.pt\/s.01k8rhncp4jt1\/2026\/04\/1536x864_cmsv2_e56faf30-c8d0-59a6-89d0-591d20ebc5b2-9740487.jpg\",\"keywords\":[\"_agricultura\",\"_combust\u00edveis\",\"_energia\",\"_fertilizantes\",\"_pesca\",\"_Uni\u00e3o Europeia\"],\"articleSection\":[\"Economia\",\"Finan\u00e7as\"],\"inLanguage\":\"pt-PT\"},{\"@type\":\"WebPage\",\"@id\":\"https:\/\/portaltela.pt\/noticias\/2026\/04\/29\/ue-flexibiliza-regras-de-auxilios-estatais-diante-da-crise-dos-combustiveis\/\",\"url\":\"https:\/\/portaltela.pt\/noticias\/2026\/04\/29\/ue-flexibiliza-regras-de-auxilios-estatais-diante-da-crise-dos-combustiveis\/\",\"name\":\"UE flexibiliza regras de aux\u00edlios estatais diante da crise dos combust\u00edveis - Portal Tela Portugal\",\"isPartOf\":{\"@id\":\"https:\/\/portaltela.pt\/#website\"},\"primaryImageOfPage\":{\"@id\":\"https:\/\/portaltela.pt\/noticias\/2026\/04\/29\/ue-flexibiliza-regras-de-auxilios-estatais-diante-da-crise-dos-combustiveis\/#primaryimage\"},\"image\":{\"@id\":\"https:\/\/portaltela.pt\/noticias\/2026\/04\/29\/ue-flexibiliza-regras-de-auxilios-estatais-diante-da-crise-dos-combustiveis\/#primaryimage\"},\"thumbnailUrl\":\"https:\/\/portaltela.pt\/s.01k8rhncp4jt1\/2026\/04\/1536x864_cmsv2_e56faf30-c8d0-59a6-89d0-591d20ebc5b2-9740487.jpg\",\"datePublished\":\"2026-04-29T19:18:09+00:00\",\"author\":{\"@id\":\"https:\/\/portaltela.pt\/#\/schema\/person\/c4278d4a6028830caff9ee44b42d32ed\"},\"breadcrumb\":{\"@id\":\"https:\/\/portaltela.pt\/noticias\/2026\/04\/29\/ue-flexibiliza-regras-de-auxilios-estatais-diante-da-crise-dos-combustiveis\/#breadcrumb\"},\"inLanguage\":\"pt-PT\",\"potentialAction\":[{\"@type\":\"ReadAction\",\"target\":[\"https:\/\/portaltela.pt\/noticias\/2026\/04\/29\/ue-flexibiliza-regras-de-auxilios-estatais-diante-da-crise-dos-combustiveis\/\"]}]},{\"@type\":\"ImageObject\",\"inLanguage\":\"pt-PT\",\"@id\":\"https:\/\/portaltela.pt\/noticias\/2026\/04\/29\/ue-flexibiliza-regras-de-auxilios-estatais-diante-da-crise-dos-combustiveis\/#primaryimage\",\"url\":\"https:\/\/portaltela.pt\/s.01k8rhncp4jt1\/2026\/04\/1536x864_cmsv2_e56faf30-c8d0-59a6-89d0-591d20ebc5b2-9740487.jpg\",\"contentUrl\":\"https:\/\/portaltela.pt\/s.01k8rhncp4jt1\/2026\/04\/1536x864_cmsv2_e56faf30-c8d0-59a6-89d0-591d20ebc5b2-9740487.jpg\",\"width\":796,\"height\":448,\"caption\":\"Teresa Ribera, Vice-Presidente Executiva da Comiss\u00e3o Europeia para uma Transi\u00e7\u00e3o Limpa, Justa e Competitiva, d\u00e1 uma confer\u00eancia de imprensa sobre o Quadro Tempor\u00e1rio relativo aos Aux\u00edlios Estatais.\"},{\"@type\":\"BreadcrumbList\",\"@id\":\"https:\/\/portaltela.pt\/noticias\/2026\/04\/29\/ue-flexibiliza-regras-de-auxilios-estatais-diante-da-crise-dos-combustiveis\/#breadcrumb\",\"itemListElement\":[{\"@type\":\"ListItem\",\"position\":1,\"name\":\"In\u00edcio\",\"item\":\"https:\/\/portaltela.pt\/\"},{\"@type\":\"ListItem\",\"position\":2,\"name\":\"UE flexibiliza regras de aux\u00edlios estatais diante da crise dos combust\u00edveis\"}]},{\"@type\":\"WebSite\",\"@id\":\"https:\/\/portaltela.pt\/#website\",\"url\":\"https:\/\/portaltela.pt\/\",\"name\":\"Portal Tela Portugal\",\"description\":\"\",\"potentialAction\":[{\"@type\":\"SearchAction\",\"target\":{\"@type\":\"EntryPoint\",\"urlTemplate\":\"https:\/\/portaltela.pt\/?s={search_term_string}\"},\"query-input\":{\"@type\":\"PropertyValueSpecification\",\"valueRequired\":true,\"valueName\":\"search_term_string\"}}],\"inLanguage\":\"pt-PT\"},{\"@type\":\"Person\",\"@id\":\"https:\/\/portaltela.pt\/#\/schema\/person\/c4278d4a6028830caff9ee44b42d32ed\",\"name\":\"Telinha\",\"image\":{\"@type\":\"ImageObject\",\"inLanguage\":\"pt-PT\",\"@id\":\"https:\/\/portaltela.pt\/s.01k8rhncp4jt1\/2025\/11\/talking-bot-125x125.png\",\"url\":\"https:\/\/portaltela.pt\/s.01k8rhncp4jt1\/2025\/11\/talking-bot-125x125.png\",\"contentUrl\":\"https:\/\/portaltela.pt\/s.01k8rhncp4jt1\/2025\/11\/talking-bot-125x125.png\",\"caption\":\"Telinha\"},\"sameAs\":[\"https:\/\/portaltela.pt\/\"],\"url\":\"https:\/\/portaltela.pt\/por\/367410592786\/\"}]}<\/script>\n<!-- \/ Yoast SEO plugin. -->","yoast_head_json":{"title":"UE flexibiliza regras de aux\u00edlios estatais diante da crise dos combust\u00edveis - Portal Tela Portugal","robots":{"index":"index","follow":"follow","max-snippet":"max-snippet:-1","max-image-preview":"max-image-preview:large","max-video-preview":"max-video-preview:-1"},"og_locale":"pt_PT","og_type":"article","og_title":"UE flexibiliza regras de aux\u00edlios estatais diante da crise dos combust\u00edveis - Portal Tela Portugal","og_description":"A Uni\u00e3o Europeia vai flexibilizar temporariamente as regras de aux\u00edlios estatais para sectores dependentes de combust\u00edveis, devido \u00e0 crise no M\u00e9dio Oriente que eleva os custos de energia e fertilizantes. Os governos podem subsidiar at\u00e9 setenta por cento do custo adicional de combust\u00edveis e fertilizantes para agricultores, pescadores e transportadores rodovi\u00e1rios. A medida eleva o teto de apoio \u00e0 ind\u00fastria pesada para setenta por cento dos custos de energia, aumentando o apoio face aos cinquenta por cento atuais. Benefici\u00e1rios podem receber um pagamento fixo at\u00e9 quarenta e oito mil euros com encargos administrativos baixos, com pagamentos esperados nos pr\u00f3ximos dois meses, conforme a rapidez dos governos nacionais. As regras permanecem em vigor at\u00e9 ao final de dezembro; h\u00e1 preocupa\u00e7\u00f5es sobre distor\u00e7\u00f5es de mercado, em especial favorecendo grandes Estados-membros como a Alemanha.","og_url":"https:\/\/portaltela.pt\/noticias\/2026\/04\/29\/ue-flexibiliza-regras-de-auxilios-estatais-diante-da-crise-dos-combustiveis\/","og_site_name":"Portal Tela Portugal","article_published_time":"2026-04-29T19:18:09+00:00","author":"Telinha","twitter_card":"summary_large_image","twitter_misc":{"Escrito por":"Telinha","Tempo estimado de leitura":"2 minutos"},"schema":{"@context":"https:\/\/schema.org","@graph":[{"@type":"Article","@id":"https:\/\/portaltela.pt\/noticias\/2026\/04\/29\/ue-flexibiliza-regras-de-auxilios-estatais-diante-da-crise-dos-combustiveis\/#article","isPartOf":{"@id":"https:\/\/portaltela.pt\/noticias\/2026\/04\/29\/ue-flexibiliza-regras-de-auxilios-estatais-diante-da-crise-dos-combustiveis\/"},"author":{"name":"Telinha","@id":"https:\/\/portaltela.pt\/#\/schema\/person\/c4278d4a6028830caff9ee44b42d32ed"},"headline":"UE flexibiliza regras de aux\u00edlios estatais diante da crise dos combust\u00edveis","datePublished":"2026-04-29T19:18:09+00:00","mainEntityOfPage":{"@id":"https:\/\/portaltela.pt\/noticias\/2026\/04\/29\/ue-flexibiliza-regras-de-auxilios-estatais-diante-da-crise-dos-combustiveis\/"},"wordCount":383,"image":{"@id":"https:\/\/portaltela.pt\/noticias\/2026\/04\/29\/ue-flexibiliza-regras-de-auxilios-estatais-diante-da-crise-dos-combustiveis\/#primaryimage"},"thumbnailUrl":"https:\/\/portaltela.pt\/s.01k8rhncp4jt1\/2026\/04\/1536x864_cmsv2_e56faf30-c8d0-59a6-89d0-591d20ebc5b2-9740487.jpg","keywords":["_agricultura","_combust\u00edveis","_energia","_fertilizantes","_pesca","_Uni\u00e3o Europeia"],"articleSection":["Economia","Finan\u00e7as"],"inLanguage":"pt-PT"},{"@type":"WebPage","@id":"https:\/\/portaltela.pt\/noticias\/2026\/04\/29\/ue-flexibiliza-regras-de-auxilios-estatais-diante-da-crise-dos-combustiveis\/","url":"https:\/\/portaltela.pt\/noticias\/2026\/04\/29\/ue-flexibiliza-regras-de-auxilios-estatais-diante-da-crise-dos-combustiveis\/","name":"UE flexibiliza regras de aux\u00edlios estatais diante da crise dos combust\u00edveis - Portal Tela Portugal","isPartOf":{"@id":"https:\/\/portaltela.pt\/#website"},"primaryImageOfPage":{"@id":"https:\/\/portaltela.pt\/noticias\/2026\/04\/29\/ue-flexibiliza-regras-de-auxilios-estatais-diante-da-crise-dos-combustiveis\/#primaryimage"},"image":{"@id":"https:\/\/portaltela.pt\/noticias\/2026\/04\/29\/ue-flexibiliza-regras-de-auxilios-estatais-diante-da-crise-dos-combustiveis\/#primaryimage"},"thumbnailUrl":"https:\/\/portaltela.pt\/s.01k8rhncp4jt1\/2026\/04\/1536x864_cmsv2_e56faf30-c8d0-59a6-89d0-591d20ebc5b2-9740487.jpg","datePublished":"2026-04-29T19:18:09+00:00","author":{"@id":"https:\/\/portaltela.pt\/#\/schema\/person\/c4278d4a6028830caff9ee44b42d32ed"},"breadcrumb":{"@id":"https:\/\/portaltela.pt\/noticias\/2026\/04\/29\/ue-flexibiliza-regras-de-auxilios-estatais-diante-da-crise-dos-combustiveis\/#breadcrumb"},"inLanguage":"pt-PT","potentialAction":[{"@type":"ReadAction","target":["https:\/\/portaltela.pt\/noticias\/2026\/04\/29\/ue-flexibiliza-regras-de-auxilios-estatais-diante-da-crise-dos-combustiveis\/"]}]},{"@type":"ImageObject","inLanguage":"pt-PT","@id":"https:\/\/portaltela.pt\/noticias\/2026\/04\/29\/ue-flexibiliza-regras-de-auxilios-estatais-diante-da-crise-dos-combustiveis\/#primaryimage","url":"https:\/\/portaltela.pt\/s.01k8rhncp4jt1\/2026\/04\/1536x864_cmsv2_e56faf30-c8d0-59a6-89d0-591d20ebc5b2-9740487.jpg","contentUrl":"https:\/\/portaltela.pt\/s.01k8rhncp4jt1\/2026\/04\/1536x864_cmsv2_e56faf30-c8d0-59a6-89d0-591d20ebc5b2-9740487.jpg","width":796,"height":448,"caption":"Teresa Ribera, Vice-Presidente Executiva da Comiss\u00e3o Europeia para uma Transi\u00e7\u00e3o Limpa, Justa e Competitiva, d\u00e1 uma confer\u00eancia de imprensa sobre o Quadro Tempor\u00e1rio relativo aos Aux\u00edlios Estatais."},{"@type":"BreadcrumbList","@id":"https:\/\/portaltela.pt\/noticias\/2026\/04\/29\/ue-flexibiliza-regras-de-auxilios-estatais-diante-da-crise-dos-combustiveis\/#breadcrumb","itemListElement":[{"@type":"ListItem","position":1,"name":"In\u00edcio","item":"https:\/\/portaltela.pt\/"},{"@type":"ListItem","position":2,"name":"UE flexibiliza regras de aux\u00edlios estatais diante da crise dos combust\u00edveis"}]},{"@type":"WebSite","@id":"https:\/\/portaltela.pt\/#website","url":"https:\/\/portaltela.pt\/","name":"Portal Tela Portugal","description":"","potentialAction":[{"@type":"SearchAction","target":{"@type":"EntryPoint","urlTemplate":"https:\/\/portaltela.pt\/?s={search_term_string}"},"query-input":{"@type":"PropertyValueSpecification","valueRequired":true,"valueName":"search_term_string"}}],"inLanguage":"pt-PT"},{"@type":"Person","@id":"https:\/\/portaltela.pt\/#\/schema\/person\/c4278d4a6028830caff9ee44b42d32ed","name":"Telinha","image":{"@type":"ImageObject","inLanguage":"pt-PT","@id":"https:\/\/portaltela.pt\/s.01k8rhncp4jt1\/2025\/11\/talking-bot-125x125.png","url":"https:\/\/portaltela.pt\/s.01k8rhncp4jt1\/2025\/11\/talking-bot-125x125.png","contentUrl":"https:\/\/portaltela.pt\/s.01k8rhncp4jt1\/2025\/11\/talking-bot-125x125.png","caption":"Telinha"},"sameAs":["https:\/\/portaltela.pt\/"],"url":"https:\/\/portaltela.pt\/por\/367410592786\/"}]}},"_links":{"self":[{"href":"https:\/\/portaltela.pt\/api\/wp\/v2\/posts\/461454","targetHints":{"allow":["GET"]}}],"collection":[{"href":"https:\/\/portaltela.pt\/api\/wp\/v2\/posts"}],"about":[{"href":"https:\/\/portaltela.pt\/api\/wp\/v2\/types\/post"}],"author":[{"embeddable":true,"href":"https:\/\/portaltela.pt\/api\/wp\/v2\/users\/2"}],"replies":[{"embeddable":true,"href":"https:\/\/portaltela.pt\/api\/wp\/v2\/comments?post=461454"}],"version-history":[{"count":0,"href":"https:\/\/portaltela.pt\/api\/wp\/v2\/posts\/461454\/revisions"}],"wp:featuredmedia":[{"embeddable":true,"href":"https:\/\/portaltela.pt\/api\/wp\/v2\/media\/461470"}],"wp:attachment":[{"href":"https:\/\/portaltela.pt\/api\/wp\/v2\/media?parent=461454"}],"wp:term":[{"taxonomy":"category","embeddable":true,"href":"https:\/\/portaltela.pt\/api\/wp\/v2\/categories?post=461454"},{"taxonomy":"post_tag","embeddable":true,"href":"https:\/\/portaltela.pt\/api\/wp\/v2\/tags?post=461454"}],"curies":[{"name":"wp","href":"https:\/\/api.w.org\/{rel}","templated":true}]}}