{"id":461448,"date":"2026-04-29T16:03:49","date_gmt":"2026-04-29T19:03:49","guid":{"rendered":"https:\/\/portaltela.pt\/noticias\/2026\/04\/29\/ligacoes-fluviais-lisboa-margem-sul-podem-ter-perturbacoes-quinta-feira-a-tarde\/"},"modified":"2026-04-29T16:03:49","modified_gmt":"2026-04-29T19:03:49","slug":"ligacoes-fluviais-lisboa-margem-sul-podem-ter-perturbacoes-quinta-feira-a-tarde","status":"publish","type":"post","link":"https:\/\/portaltela.pt\/sociedade\/2026\/04\/29\/ligacoes-fluviais-lisboa-margem-sul-podem-ter-perturbacoes-quinta-feira-a-tarde\/","title":{"rendered":"Liga\u00e7\u00f5es fluviais Lisboa-margem sul podem ter perturba\u00e7\u00f5es quinta-feira \u00e0 tarde"},"content":{"rendered":"<p>Trabalhadores da Transtejo Soflusa v\u00e3o reunir-se em plen\u00e1rio na tarde de quinta-feira, entre as 14h30 e as 17h30, o que pode causar perturba\u00e7\u00f5es no servi\u00e7o regular de liga\u00e7\u00f5es entre Lisboa e a margem sul do Tejo. A reuni\u00e3o decorre na Esta\u00e7\u00e3o Fluvial do Cais do Sodr\u00e9, em Lisboa.<\/p>\n<p>A opera\u00e7\u00e3o \u00e9 realizada pela TTSL \u2014 Transtejo Soflusa, empresa respons\u00e1vel pelas liga\u00e7\u00f5es fluviais da regi\u00e3o. A assembleia \u00e9 convocada por organiza\u00e7\u00f5es sindicais representativas para debater propostas de negocia\u00e7\u00e3o coletiva.<\/p>\n<p>O plen\u00e1rio ocorre na quinta-feira, entre as 14h30 e as 17h30, na Esta\u00e7\u00e3o Fluvial do Cais do Sodr\u00e9. A empresa informou na sua p\u00e1gina oficial que poder\u00e3o ocorrer constrangimentos no servi\u00e7o nesse per\u00edodo.<\/p>\n<h3>Contexto institucional e propostas em an\u00e1lise<\/h3>\n<p>Segundo a Federa\u00e7\u00e3o dos Sindicatos de Transportes e Comunica\u00e7\u00f5es (FECTRANS), a administra\u00e7\u00e3o da TTSL mant\u00e9m a proposta de atualiza\u00e7\u00e3o prevista pelo despacho do Governo para empresas p\u00fablicas. O despacho 1173-A\/2026 autoriza o aumento da massa salarial at\u00e9 4,6% em 2026, incluindo uma atualiza\u00e7\u00e3o de 56,58 euros para vencimentos at\u00e9 2.631,62 euros.<\/p>\n<p>A FECTRANS considera a proposta insuficiente face ao custo de vida. O comunicado contrasta com negocia\u00e7\u00f5es em curso, onde surgem propostas da administra\u00e7\u00e3o que, segundo o sindicato, podem afetar negativamente a remunera\u00e7\u00e3o mensal dos trabalhadores. A situa\u00e7\u00e3o mant\u00e9m-se em avalia\u00e7\u00e3o.<\/p>\n","protected":false},"excerpt":{"rendered":"<ul>\n<li>Esta quinta-feira, entre as 14h30 e as 17h30, podem ocorrer perturba\u00e7\u00f5es nas liga\u00e7\u00f5es fluviais entre Lisboa e a margem sul devido a um plen\u00e1rio dos trabalhadores da Transtejo Soflusa, na Esta\u00e7\u00e3o Fluvial do Cais do Sodr\u00e9.<\/li>\n<li>Os trabalhadores re\u00fanem-se para debater propostas de negocia\u00e7\u00e3o coletiva.<\/li>\n<li>A administra\u00e7\u00e3o mant\u00e9m a proposta de atualiza\u00e7\u00e3o salarial conforme despacho do Governo, com aumento global at\u00e9 4,6% em 2026 e atualiza\u00e7\u00e3o de 56,58 euros para remunera\u00e7\u00e3o base at\u00e9 2.631,62 euros.<\/li>\n<li>A Federa\u00e7\u00e3o dos Sindicatos de Transportes e Comunica\u00e7\u00f5es considera a proposta insuficiente face ao custo de vida e aponta altera\u00e7\u00f5es ao Acordo de Empresa com potenciais impactos negativos na remunera\u00e7\u00e3o.<\/li>\n<li>A informa\u00e7\u00e3o foi divulgada pela TTSL no seu site oficial; o plen\u00e1rio \u00e9 convocado por organiza\u00e7\u00f5es sindicais representativas.<\/li>\n<\/ul>\n","protected":false},"author":2,"featured_media":461450,"comment_status":"closed","ping_status":"closed","sticky":false,"template":"","format":"standard","meta":{"footnotes":""},"categories":[1,6871],"tags":[168,4132,981,966,192,4535],"class_list":["post-461448","post","type-post","status-publish","format-standard","has-post-thumbnail","hentry","category-noticias","category-sociedade","tag-administracao-publica","tag-area-metropolitana-de-lisboa","tag-lisboa","tag-sindicatos","tag-transporte","tag-transporte-publico"],"yoast_head":"<!-- This site is optimized with the Yoast SEO plugin v27.2 - https:\/\/yoast.com\/product\/yoast-seo-wordpress\/ -->\n<title>Liga\u00e7\u00f5es fluviais Lisboa-margem sul podem ter perturba\u00e7\u00f5es quinta-feira \u00e0 tarde - Portal Tela Portugal<\/title>\n<meta name=\"robots\" content=\"index, follow, max-snippet:-1, max-image-preview:large, max-video-preview:-1\" \/>\n<meta property=\"og:locale\" content=\"pt_PT\" \/>\n<meta property=\"og:type\" content=\"article\" \/>\n<meta property=\"og:title\" content=\"Liga\u00e7\u00f5es fluviais Lisboa-margem sul podem ter perturba\u00e7\u00f5es quinta-feira \u00e0 tarde - Portal Tela Portugal\" \/>\n<meta property=\"og:description\" content=\"Esta quinta-feira, entre as 14h30 e as 17h30, podem ocorrer perturba\u00e7\u00f5es nas liga\u00e7\u00f5es fluviais entre Lisboa e a margem sul devido a um plen\u00e1rio dos trabalhadores da Transtejo Soflusa, na Esta\u00e7\u00e3o Fluvial do Cais do Sodr\u00e9. Os trabalhadores re\u00fanem-se para debater propostas de negocia\u00e7\u00e3o coletiva. A administra\u00e7\u00e3o mant\u00e9m a proposta de atualiza\u00e7\u00e3o salarial conforme despacho do Governo, com aumento global at\u00e9 4,6% em 2026 e atualiza\u00e7\u00e3o de 56,58 euros para remunera\u00e7\u00e3o base at\u00e9 2.631,62 euros. A Federa\u00e7\u00e3o dos Sindicatos de Transportes e Comunica\u00e7\u00f5es considera a proposta insuficiente face ao custo de vida e aponta altera\u00e7\u00f5es ao Acordo de Empresa com potenciais impactos negativos na remunera\u00e7\u00e3o. A informa\u00e7\u00e3o foi divulgada pela TTSL no seu site oficial; o plen\u00e1rio \u00e9 convocado por organiza\u00e7\u00f5es sindicais representativas.\" \/>\n<meta property=\"og:url\" content=\"https:\/\/portaltela.pt\/noticias\/2026\/04\/29\/ligacoes-fluviais-lisboa-margem-sul-podem-ter-perturbacoes-quinta-feira-a-tarde\/\" \/>\n<meta property=\"og:site_name\" content=\"Portal Tela Portugal\" \/>\n<meta property=\"article:published_time\" content=\"2026-04-29T19:03:49+00:00\" \/>\n<meta name=\"author\" content=\"Telinha\" \/>\n<meta name=\"twitter:card\" content=\"summary_large_image\" \/>\n<meta name=\"twitter:label1\" content=\"Escrito por\" \/>\n\t<meta name=\"twitter:data1\" content=\"Telinha\" \/>\n\t<meta name=\"twitter:label2\" content=\"Tempo estimado de leitura\" \/>\n\t<meta name=\"twitter:data2\" content=\"1 minuto\" \/>\n<script type=\"application\/ld+json\" class=\"yoast-schema-graph\">{\"@context\":\"https:\/\/schema.org\",\"@graph\":[{\"@type\":\"Article\",\"@id\":\"https:\/\/portaltela.pt\/noticias\/2026\/04\/29\/ligacoes-fluviais-lisboa-margem-sul-podem-ter-perturbacoes-quinta-feira-a-tarde\/#article\",\"isPartOf\":{\"@id\":\"https:\/\/portaltela.pt\/noticias\/2026\/04\/29\/ligacoes-fluviais-lisboa-margem-sul-podem-ter-perturbacoes-quinta-feira-a-tarde\/\"},\"author\":{\"name\":\"Telinha\",\"@id\":\"https:\/\/portaltela.pt\/#\/schema\/person\/c4278d4a6028830caff9ee44b42d32ed\"},\"headline\":\"Liga\u00e7\u00f5es fluviais Lisboa-margem sul podem ter perturba\u00e7\u00f5es quinta-feira \u00e0 tarde\",\"datePublished\":\"2026-04-29T19:03:49+00:00\",\"mainEntityOfPage\":{\"@id\":\"https:\/\/portaltela.pt\/noticias\/2026\/04\/29\/ligacoes-fluviais-lisboa-margem-sul-podem-ter-perturbacoes-quinta-feira-a-tarde\/\"},\"wordCount\":245,\"image\":{\"@id\":\"https:\/\/portaltela.pt\/noticias\/2026\/04\/29\/ligacoes-fluviais-lisboa-margem-sul-podem-ter-perturbacoes-quinta-feira-a-tarde\/#primaryimage\"},\"thumbnailUrl\":\"https:\/\/portaltela.pt\/s.01k8rhncp4jt1\/2026\/04\/img_1500x1000uu2026-02-02-07-50-05-2252207.jpg\",\"keywords\":[\"administra\u00e7\u00e3o p\u00fablica\",\"\u00c1rea Metropolitana de Lisboa\",\"Lisboa\",\"sindicatos\",\"transporte\",\"transporte p\u00fablico\"],\"articleSection\":[\"Not\u00edcias\",\"Sociedade\"],\"inLanguage\":\"pt-PT\"},{\"@type\":\"WebPage\",\"@id\":\"https:\/\/portaltela.pt\/noticias\/2026\/04\/29\/ligacoes-fluviais-lisboa-margem-sul-podem-ter-perturbacoes-quinta-feira-a-tarde\/\",\"url\":\"https:\/\/portaltela.pt\/noticias\/2026\/04\/29\/ligacoes-fluviais-lisboa-margem-sul-podem-ter-perturbacoes-quinta-feira-a-tarde\/\",\"name\":\"Liga\u00e7\u00f5es fluviais Lisboa-margem sul podem ter perturba\u00e7\u00f5es quinta-feira \u00e0 tarde - Portal Tela Portugal\",\"isPartOf\":{\"@id\":\"https:\/\/portaltela.pt\/#website\"},\"primaryImageOfPage\":{\"@id\":\"https:\/\/portaltela.pt\/noticias\/2026\/04\/29\/ligacoes-fluviais-lisboa-margem-sul-podem-ter-perturbacoes-quinta-feira-a-tarde\/#primaryimage\"},\"image\":{\"@id\":\"https:\/\/portaltela.pt\/noticias\/2026\/04\/29\/ligacoes-fluviais-lisboa-margem-sul-podem-ter-perturbacoes-quinta-feira-a-tarde\/#primaryimage\"},\"thumbnailUrl\":\"https:\/\/portaltela.pt\/s.01k8rhncp4jt1\/2026\/04\/img_1500x1000uu2026-02-02-07-50-05-2252207.jpg\",\"datePublished\":\"2026-04-29T19:03:49+00:00\",\"author\":{\"@id\":\"https:\/\/portaltela.pt\/#\/schema\/person\/c4278d4a6028830caff9ee44b42d32ed\"},\"breadcrumb\":{\"@id\":\"https:\/\/portaltela.pt\/noticias\/2026\/04\/29\/ligacoes-fluviais-lisboa-margem-sul-podem-ter-perturbacoes-quinta-feira-a-tarde\/#breadcrumb\"},\"inLanguage\":\"pt-PT\",\"potentialAction\":[{\"@type\":\"ReadAction\",\"target\":[\"https:\/\/portaltela.pt\/noticias\/2026\/04\/29\/ligacoes-fluviais-lisboa-margem-sul-podem-ter-perturbacoes-quinta-feira-a-tarde\/\"]}]},{\"@type\":\"ImageObject\",\"inLanguage\":\"pt-PT\",\"@id\":\"https:\/\/portaltela.pt\/noticias\/2026\/04\/29\/ligacoes-fluviais-lisboa-margem-sul-podem-ter-perturbacoes-quinta-feira-a-tarde\/#primaryimage\",\"url\":\"https:\/\/portaltela.pt\/s.01k8rhncp4jt1\/2026\/04\/img_1500x1000uu2026-02-02-07-50-05-2252207.jpg\",\"contentUrl\":\"https:\/\/portaltela.pt\/s.01k8rhncp4jt1\/2026\/04\/img_1500x1000uu2026-02-02-07-50-05-2252207.jpg\",\"width\":796,\"height\":448,\"caption\":\"Transtejo\"},{\"@type\":\"BreadcrumbList\",\"@id\":\"https:\/\/portaltela.pt\/noticias\/2026\/04\/29\/ligacoes-fluviais-lisboa-margem-sul-podem-ter-perturbacoes-quinta-feira-a-tarde\/#breadcrumb\",\"itemListElement\":[{\"@type\":\"ListItem\",\"position\":1,\"name\":\"In\u00edcio\",\"item\":\"https:\/\/portaltela.pt\/\"},{\"@type\":\"ListItem\",\"position\":2,\"name\":\"Liga\u00e7\u00f5es fluviais Lisboa-margem sul podem ter perturba\u00e7\u00f5es quinta-feira \u00e0 tarde\"}]},{\"@type\":\"WebSite\",\"@id\":\"https:\/\/portaltela.pt\/#website\",\"url\":\"https:\/\/portaltela.pt\/\",\"name\":\"Portal Tela Portugal\",\"description\":\"\",\"potentialAction\":[{\"@type\":\"SearchAction\",\"target\":{\"@type\":\"EntryPoint\",\"urlTemplate\":\"https:\/\/portaltela.pt\/?s={search_term_string}\"},\"query-input\":{\"@type\":\"PropertyValueSpecification\",\"valueRequired\":true,\"valueName\":\"search_term_string\"}}],\"inLanguage\":\"pt-PT\"},{\"@type\":\"Person\",\"@id\":\"https:\/\/portaltela.pt\/#\/schema\/person\/c4278d4a6028830caff9ee44b42d32ed\",\"name\":\"Telinha\",\"image\":{\"@type\":\"ImageObject\",\"inLanguage\":\"pt-PT\",\"@id\":\"https:\/\/portaltela.pt\/s.01k8rhncp4jt1\/2025\/11\/talking-bot-125x125.png\",\"url\":\"https:\/\/portaltela.pt\/s.01k8rhncp4jt1\/2025\/11\/talking-bot-125x125.png\",\"contentUrl\":\"https:\/\/portaltela.pt\/s.01k8rhncp4jt1\/2025\/11\/talking-bot-125x125.png\",\"caption\":\"Telinha\"},\"sameAs\":[\"https:\/\/portaltela.pt\/\"],\"url\":\"https:\/\/portaltela.pt\/por\/367410592786\/\"}]}<\/script>\n<!-- \/ Yoast SEO plugin. -->","yoast_head_json":{"title":"Liga\u00e7\u00f5es fluviais Lisboa-margem sul podem ter perturba\u00e7\u00f5es quinta-feira \u00e0 tarde - Portal Tela Portugal","robots":{"index":"index","follow":"follow","max-snippet":"max-snippet:-1","max-image-preview":"max-image-preview:large","max-video-preview":"max-video-preview:-1"},"og_locale":"pt_PT","og_type":"article","og_title":"Liga\u00e7\u00f5es fluviais Lisboa-margem sul podem ter perturba\u00e7\u00f5es quinta-feira \u00e0 tarde - Portal Tela Portugal","og_description":"Esta quinta-feira, entre as 14h30 e as 17h30, podem ocorrer perturba\u00e7\u00f5es nas liga\u00e7\u00f5es fluviais entre Lisboa e a margem sul devido a um plen\u00e1rio dos trabalhadores da Transtejo Soflusa, na Esta\u00e7\u00e3o Fluvial do Cais do Sodr\u00e9. Os trabalhadores re\u00fanem-se para debater propostas de negocia\u00e7\u00e3o coletiva. A administra\u00e7\u00e3o mant\u00e9m a proposta de atualiza\u00e7\u00e3o salarial conforme despacho do Governo, com aumento global at\u00e9 4,6% em 2026 e atualiza\u00e7\u00e3o de 56,58 euros para remunera\u00e7\u00e3o base at\u00e9 2.631,62 euros. A Federa\u00e7\u00e3o dos Sindicatos de Transportes e Comunica\u00e7\u00f5es considera a proposta insuficiente face ao custo de vida e aponta altera\u00e7\u00f5es ao Acordo de Empresa com potenciais impactos negativos na remunera\u00e7\u00e3o. A informa\u00e7\u00e3o foi divulgada pela TTSL no seu site oficial; o plen\u00e1rio \u00e9 convocado por organiza\u00e7\u00f5es sindicais representativas.","og_url":"https:\/\/portaltela.pt\/noticias\/2026\/04\/29\/ligacoes-fluviais-lisboa-margem-sul-podem-ter-perturbacoes-quinta-feira-a-tarde\/","og_site_name":"Portal Tela Portugal","article_published_time":"2026-04-29T19:03:49+00:00","author":"Telinha","twitter_card":"summary_large_image","twitter_misc":{"Escrito por":"Telinha","Tempo estimado de leitura":"1 minuto"},"schema":{"@context":"https:\/\/schema.org","@graph":[{"@type":"Article","@id":"https:\/\/portaltela.pt\/noticias\/2026\/04\/29\/ligacoes-fluviais-lisboa-margem-sul-podem-ter-perturbacoes-quinta-feira-a-tarde\/#article","isPartOf":{"@id":"https:\/\/portaltela.pt\/noticias\/2026\/04\/29\/ligacoes-fluviais-lisboa-margem-sul-podem-ter-perturbacoes-quinta-feira-a-tarde\/"},"author":{"name":"Telinha","@id":"https:\/\/portaltela.pt\/#\/schema\/person\/c4278d4a6028830caff9ee44b42d32ed"},"headline":"Liga\u00e7\u00f5es fluviais Lisboa-margem sul podem ter perturba\u00e7\u00f5es quinta-feira \u00e0 tarde","datePublished":"2026-04-29T19:03:49+00:00","mainEntityOfPage":{"@id":"https:\/\/portaltela.pt\/noticias\/2026\/04\/29\/ligacoes-fluviais-lisboa-margem-sul-podem-ter-perturbacoes-quinta-feira-a-tarde\/"},"wordCount":245,"image":{"@id":"https:\/\/portaltela.pt\/noticias\/2026\/04\/29\/ligacoes-fluviais-lisboa-margem-sul-podem-ter-perturbacoes-quinta-feira-a-tarde\/#primaryimage"},"thumbnailUrl":"https:\/\/portaltela.pt\/s.01k8rhncp4jt1\/2026\/04\/img_1500x1000uu2026-02-02-07-50-05-2252207.jpg","keywords":["administra\u00e7\u00e3o p\u00fablica","\u00c1rea Metropolitana de Lisboa","Lisboa","sindicatos","transporte","transporte p\u00fablico"],"articleSection":["Not\u00edcias","Sociedade"],"inLanguage":"pt-PT"},{"@type":"WebPage","@id":"https:\/\/portaltela.pt\/noticias\/2026\/04\/29\/ligacoes-fluviais-lisboa-margem-sul-podem-ter-perturbacoes-quinta-feira-a-tarde\/","url":"https:\/\/portaltela.pt\/noticias\/2026\/04\/29\/ligacoes-fluviais-lisboa-margem-sul-podem-ter-perturbacoes-quinta-feira-a-tarde\/","name":"Liga\u00e7\u00f5es fluviais Lisboa-margem sul podem ter perturba\u00e7\u00f5es quinta-feira \u00e0 tarde - Portal Tela Portugal","isPartOf":{"@id":"https:\/\/portaltela.pt\/#website"},"primaryImageOfPage":{"@id":"https:\/\/portaltela.pt\/noticias\/2026\/04\/29\/ligacoes-fluviais-lisboa-margem-sul-podem-ter-perturbacoes-quinta-feira-a-tarde\/#primaryimage"},"image":{"@id":"https:\/\/portaltela.pt\/noticias\/2026\/04\/29\/ligacoes-fluviais-lisboa-margem-sul-podem-ter-perturbacoes-quinta-feira-a-tarde\/#primaryimage"},"thumbnailUrl":"https:\/\/portaltela.pt\/s.01k8rhncp4jt1\/2026\/04\/img_1500x1000uu2026-02-02-07-50-05-2252207.jpg","datePublished":"2026-04-29T19:03:49+00:00","author":{"@id":"https:\/\/portaltela.pt\/#\/schema\/person\/c4278d4a6028830caff9ee44b42d32ed"},"breadcrumb":{"@id":"https:\/\/portaltela.pt\/noticias\/2026\/04\/29\/ligacoes-fluviais-lisboa-margem-sul-podem-ter-perturbacoes-quinta-feira-a-tarde\/#breadcrumb"},"inLanguage":"pt-PT","potentialAction":[{"@type":"ReadAction","target":["https:\/\/portaltela.pt\/noticias\/2026\/04\/29\/ligacoes-fluviais-lisboa-margem-sul-podem-ter-perturbacoes-quinta-feira-a-tarde\/"]}]},{"@type":"ImageObject","inLanguage":"pt-PT","@id":"https:\/\/portaltela.pt\/noticias\/2026\/04\/29\/ligacoes-fluviais-lisboa-margem-sul-podem-ter-perturbacoes-quinta-feira-a-tarde\/#primaryimage","url":"https:\/\/portaltela.pt\/s.01k8rhncp4jt1\/2026\/04\/img_1500x1000uu2026-02-02-07-50-05-2252207.jpg","contentUrl":"https:\/\/portaltela.pt\/s.01k8rhncp4jt1\/2026\/04\/img_1500x1000uu2026-02-02-07-50-05-2252207.jpg","width":796,"height":448,"caption":"Transtejo"},{"@type":"BreadcrumbList","@id":"https:\/\/portaltela.pt\/noticias\/2026\/04\/29\/ligacoes-fluviais-lisboa-margem-sul-podem-ter-perturbacoes-quinta-feira-a-tarde\/#breadcrumb","itemListElement":[{"@type":"ListItem","position":1,"name":"In\u00edcio","item":"https:\/\/portaltela.pt\/"},{"@type":"ListItem","position":2,"name":"Liga\u00e7\u00f5es fluviais Lisboa-margem sul podem ter perturba\u00e7\u00f5es quinta-feira \u00e0 tarde"}]},{"@type":"WebSite","@id":"https:\/\/portaltela.pt\/#website","url":"https:\/\/portaltela.pt\/","name":"Portal Tela Portugal","description":"","potentialAction":[{"@type":"SearchAction","target":{"@type":"EntryPoint","urlTemplate":"https:\/\/portaltela.pt\/?s={search_term_string}"},"query-input":{"@type":"PropertyValueSpecification","valueRequired":true,"valueName":"search_term_string"}}],"inLanguage":"pt-PT"},{"@type":"Person","@id":"https:\/\/portaltela.pt\/#\/schema\/person\/c4278d4a6028830caff9ee44b42d32ed","name":"Telinha","image":{"@type":"ImageObject","inLanguage":"pt-PT","@id":"https:\/\/portaltela.pt\/s.01k8rhncp4jt1\/2025\/11\/talking-bot-125x125.png","url":"https:\/\/portaltela.pt\/s.01k8rhncp4jt1\/2025\/11\/talking-bot-125x125.png","contentUrl":"https:\/\/portaltela.pt\/s.01k8rhncp4jt1\/2025\/11\/talking-bot-125x125.png","caption":"Telinha"},"sameAs":["https:\/\/portaltela.pt\/"],"url":"https:\/\/portaltela.pt\/por\/367410592786\/"}]}},"_links":{"self":[{"href":"https:\/\/portaltela.pt\/api\/wp\/v2\/posts\/461448","targetHints":{"allow":["GET"]}}],"collection":[{"href":"https:\/\/portaltela.pt\/api\/wp\/v2\/posts"}],"about":[{"href":"https:\/\/portaltela.pt\/api\/wp\/v2\/types\/post"}],"author":[{"embeddable":true,"href":"https:\/\/portaltela.pt\/api\/wp\/v2\/users\/2"}],"replies":[{"embeddable":true,"href":"https:\/\/portaltela.pt\/api\/wp\/v2\/comments?post=461448"}],"version-history":[{"count":0,"href":"https:\/\/portaltela.pt\/api\/wp\/v2\/posts\/461448\/revisions"}],"wp:featuredmedia":[{"embeddable":true,"href":"https:\/\/portaltela.pt\/api\/wp\/v2\/media\/461450"}],"wp:attachment":[{"href":"https:\/\/portaltela.pt\/api\/wp\/v2\/media?parent=461448"}],"wp:term":[{"taxonomy":"category","embeddable":true,"href":"https:\/\/portaltela.pt\/api\/wp\/v2\/categories?post=461448"},{"taxonomy":"post_tag","embeddable":true,"href":"https:\/\/portaltela.pt\/api\/wp\/v2\/tags?post=461448"}],"curies":[{"name":"wp","href":"https:\/\/api.w.org\/{rel}","templated":true}]}}