{"id":461438,"date":"2026-04-29T16:03:24","date_gmt":"2026-04-29T19:03:24","guid":{"rendered":"https:\/\/portaltela.pt\/noticias\/2026\/04\/29\/fernando-pimenta-lidera-comitiva-portuguesa-na-taca-do-mundo\/"},"modified":"2026-04-29T16:03:24","modified_gmt":"2026-04-29T19:03:24","slug":"fernando-pimenta-lidera-comitiva-portuguesa-na-taca-do-mundo","status":"publish","type":"post","link":"https:\/\/portaltela.pt\/desporto\/copa-do-mundo\/2026\/04\/29\/fernando-pimenta-lidera-comitiva-portuguesa-na-taca-do-mundo\/","title":{"rendered":"Fernando Pimenta lidera comitiva portuguesa na Ta\u00e7a do Mundo"},"content":{"rendered":"<p>Fernando Pimenta vai liderar a comitiva portuguesa na ICF Canoe Sprint World Cup I, primeira etapa da Ta\u00e7a do Mundo 2026. A prova acontece entre 8 e 10 de maio, em Szeged, Hungria, pista de refer\u00eancia no circuito internacional.<\/p>\n<p>A sele\u00e7\u00e3o re\u00fane atletas de v\u00e1rias clubes, com Pimenta a ser o nome mais conhecido. A participa\u00e7\u00e3o insere-se num ciclo de prepara\u00e7\u00e3o para competi\u00e7\u00f5es internacionais da modalidade.<\/p>\n<h3>Convocados para a Ta\u00e7a do Mundo ICF Canoe Sprint World Cup I<\/h3>\n<ul>\n<li>Kayak masculino: Fernando Pimenta; Pedro Casinha; Joel Ribeiro; Messias Baptista (Benfica); Iago Bebiano (Castores do Arado); Andr\u00e9 Moreira (Clube N\u00e1utico de Marecos); Bruno Brasileiro (CN Ponte de Lima); Duarte Cerdeira (Clube de Canoagem de Amora).<\/li>\n<li>Kayak feminino: Clara Duarte (GCDR Gemeses); Ana Rodrigues (Liga-Dura); Maria Rego Gomes (Clube N\u00e1utico de Prado); Ana Brito (Clube Naval da Calheta); Teresa Portela (Benfica).<\/li>\n<li>Canoa feminina: In\u00eas Penetra (GCDR Gemeses); Beatriz Fernandes (CN Ponte de Lima).<\/li>\n<\/ul>\n","protected":false},"excerpt":{"rendered":"<ul>\n<li>A Federa\u00e7\u00e3o Portuguesa de Canoagem divulgou a convocat\u00f3ria para a ICF Canoe Sprint World Cup I, a primeira prova da Ta\u00e7a do Mundo em 2026, em Szeged, Hungria, de 8 a 10 de maio, com Fernando Pimenta \u00e0 frente da comitiva.<\/li>\n<li>Fernando Pimenta, medalhado ol\u00edmpico em Londres 2012 e T\u00f3quio 2020, lidera a equipa.<\/li>\n<li>A sele\u00e7\u00e3o portuguesa apresenta v\u00e1rias op\u00e7\u00f5es em kayak masculino e feminino, bem como em canoagem feminina, para a competi\u00e7\u00e3o.<\/li>\n<li>Declaram os convocados: kayak masculino \u2014 Fernando Pimenta, Pedro Casinha, Joel Ribeiro, Messias Baptista, Iago Bebiano, Andr\u00e9 Moreira, Bruno Brasileiro e Duarte Cerdeira; kayak feminino \u2014 Clara Duarte, Ana Rodrigues, Maria Rego Gomes, Ana Brito e Teresa Portela; canoa feminino \u2014 In\u00eas Penetra e Beatriz Fernandes.<\/li>\n<\/ul>\n","protected":false},"author":2,"featured_media":461441,"comment_status":"closed","ping_status":"closed","sticky":false,"template":"","format":"standard","meta":{"footnotes":""},"categories":[6695,21],"tags":[252,1367,152,2681,2579,1014],"class_list":["post-461438","post","type-post","status-publish","format-standard","has-post-thumbnail","hentry","category-copa-do-mundo","category-desporto","tag-atletas","tag-clubes","tag-desporto","tag-desporto-internacional","tag-hungria","tag-portugal"],"yoast_head":"<!-- This site is optimized with the Yoast SEO plugin v27.2 - https:\/\/yoast.com\/product\/yoast-seo-wordpress\/ -->\n<title>Fernando Pimenta lidera comitiva portuguesa na Ta\u00e7a do Mundo - Portal Tela Portugal<\/title>\n<meta name=\"robots\" content=\"index, follow, max-snippet:-1, max-image-preview:large, max-video-preview:-1\" \/>\n<meta property=\"og:locale\" content=\"pt_PT\" \/>\n<meta property=\"og:type\" content=\"article\" \/>\n<meta property=\"og:title\" content=\"Fernando Pimenta lidera comitiva portuguesa na Ta\u00e7a do Mundo - Portal Tela Portugal\" \/>\n<meta property=\"og:description\" content=\"A Federa\u00e7\u00e3o Portuguesa de Canoagem divulgou a convocat\u00f3ria para a ICF Canoe Sprint World Cup I, a primeira prova da Ta\u00e7a do Mundo em 2026, em Szeged, Hungria, de 8 a 10 de maio, com Fernando Pimenta \u00e0 frente da comitiva. Fernando Pimenta, medalhado ol\u00edmpico em Londres 2012 e T\u00f3quio 2020, lidera a equipa. A sele\u00e7\u00e3o portuguesa apresenta v\u00e1rias op\u00e7\u00f5es em kayak masculino e feminino, bem como em canoagem feminina, para a competi\u00e7\u00e3o. Declaram os convocados: kayak masculino \u2014 Fernando Pimenta, Pedro Casinha, Joel Ribeiro, Messias Baptista, Iago Bebiano, Andr\u00e9 Moreira, Bruno Brasileiro e Duarte Cerdeira; kayak feminino \u2014 Clara Duarte, Ana Rodrigues, Maria Rego Gomes, Ana Brito e Teresa Portela; canoa feminino \u2014 In\u00eas Penetra e Beatriz Fernandes.\" \/>\n<meta property=\"og:url\" content=\"https:\/\/portaltela.pt\/noticias\/2026\/04\/29\/fernando-pimenta-lidera-comitiva-portuguesa-na-taca-do-mundo\/\" \/>\n<meta property=\"og:site_name\" content=\"Portal Tela Portugal\" \/>\n<meta property=\"article:published_time\" content=\"2026-04-29T19:03:24+00:00\" \/>\n<meta name=\"author\" content=\"Telinha\" \/>\n<meta name=\"twitter:card\" content=\"summary_large_image\" \/>\n<meta name=\"twitter:label1\" content=\"Escrito por\" \/>\n\t<meta name=\"twitter:data1\" content=\"Telinha\" \/>\n\t<meta name=\"twitter:label2\" content=\"Tempo estimado de leitura\" \/>\n\t<meta name=\"twitter:data2\" content=\"1 minuto\" \/>\n<script type=\"application\/ld+json\" class=\"yoast-schema-graph\">{\"@context\":\"https:\/\/schema.org\",\"@graph\":[{\"@type\":\"Article\",\"@id\":\"https:\/\/portaltela.pt\/noticias\/2026\/04\/29\/fernando-pimenta-lidera-comitiva-portuguesa-na-taca-do-mundo\/#article\",\"isPartOf\":{\"@id\":\"https:\/\/portaltela.pt\/noticias\/2026\/04\/29\/fernando-pimenta-lidera-comitiva-portuguesa-na-taca-do-mundo\/\"},\"author\":{\"name\":\"Telinha\",\"@id\":\"https:\/\/portaltela.pt\/#\/schema\/person\/c4278d4a6028830caff9ee44b42d32ed\"},\"headline\":\"Fernando Pimenta lidera comitiva portuguesa na Ta\u00e7a do Mundo\",\"datePublished\":\"2026-04-29T19:03:24+00:00\",\"mainEntityOfPage\":{\"@id\":\"https:\/\/portaltela.pt\/noticias\/2026\/04\/29\/fernando-pimenta-lidera-comitiva-portuguesa-na-taca-do-mundo\/\"},\"wordCount\":169,\"image\":{\"@id\":\"https:\/\/portaltela.pt\/noticias\/2026\/04\/29\/fernando-pimenta-lidera-comitiva-portuguesa-na-taca-do-mundo\/#primaryimage\"},\"thumbnailUrl\":\"https:\/\/portaltela.pt\/s.01k8rhncp4jt1\/2026\/04\/img_920x518uu2025-09-12-18-05-13-2389431.jpg\",\"keywords\":[\"atletas\",\"clubes\",\"desporto\",\"desporto internacional\",\"Hungria\",\"Portugal\"],\"articleSection\":[\"Copa do Mundo\",\"Desporto\"],\"inLanguage\":\"pt-PT\"},{\"@type\":\"WebPage\",\"@id\":\"https:\/\/portaltela.pt\/noticias\/2026\/04\/29\/fernando-pimenta-lidera-comitiva-portuguesa-na-taca-do-mundo\/\",\"url\":\"https:\/\/portaltela.pt\/noticias\/2026\/04\/29\/fernando-pimenta-lidera-comitiva-portuguesa-na-taca-do-mundo\/\",\"name\":\"Fernando Pimenta lidera comitiva portuguesa na Ta\u00e7a do Mundo - Portal Tela Portugal\",\"isPartOf\":{\"@id\":\"https:\/\/portaltela.pt\/#website\"},\"primaryImageOfPage\":{\"@id\":\"https:\/\/portaltela.pt\/noticias\/2026\/04\/29\/fernando-pimenta-lidera-comitiva-portuguesa-na-taca-do-mundo\/#primaryimage\"},\"image\":{\"@id\":\"https:\/\/portaltela.pt\/noticias\/2026\/04\/29\/fernando-pimenta-lidera-comitiva-portuguesa-na-taca-do-mundo\/#primaryimage\"},\"thumbnailUrl\":\"https:\/\/portaltela.pt\/s.01k8rhncp4jt1\/2026\/04\/img_920x518uu2025-09-12-18-05-13-2389431.jpg\",\"datePublished\":\"2026-04-29T19:03:24+00:00\",\"author\":{\"@id\":\"https:\/\/portaltela.pt\/#\/schema\/person\/c4278d4a6028830caff9ee44b42d32ed\"},\"breadcrumb\":{\"@id\":\"https:\/\/portaltela.pt\/noticias\/2026\/04\/29\/fernando-pimenta-lidera-comitiva-portuguesa-na-taca-do-mundo\/#breadcrumb\"},\"inLanguage\":\"pt-PT\",\"potentialAction\":[{\"@type\":\"ReadAction\",\"target\":[\"https:\/\/portaltela.pt\/noticias\/2026\/04\/29\/fernando-pimenta-lidera-comitiva-portuguesa-na-taca-do-mundo\/\"]}]},{\"@type\":\"ImageObject\",\"inLanguage\":\"pt-PT\",\"@id\":\"https:\/\/portaltela.pt\/noticias\/2026\/04\/29\/fernando-pimenta-lidera-comitiva-portuguesa-na-taca-do-mundo\/#primaryimage\",\"url\":\"https:\/\/portaltela.pt\/s.01k8rhncp4jt1\/2026\/04\/img_920x518uu2025-09-12-18-05-13-2389431.jpg\",\"contentUrl\":\"https:\/\/portaltela.pt\/s.01k8rhncp4jt1\/2026\/04\/img_920x518uu2025-09-12-18-05-13-2389431.jpg\",\"width\":796,\"height\":448,\"caption\":\"Fernando Pimenta\"},{\"@type\":\"BreadcrumbList\",\"@id\":\"https:\/\/portaltela.pt\/noticias\/2026\/04\/29\/fernando-pimenta-lidera-comitiva-portuguesa-na-taca-do-mundo\/#breadcrumb\",\"itemListElement\":[{\"@type\":\"ListItem\",\"position\":1,\"name\":\"In\u00edcio\",\"item\":\"https:\/\/portaltela.pt\/\"},{\"@type\":\"ListItem\",\"position\":2,\"name\":\"Fernando Pimenta lidera comitiva portuguesa na Ta\u00e7a do Mundo\"}]},{\"@type\":\"WebSite\",\"@id\":\"https:\/\/portaltela.pt\/#website\",\"url\":\"https:\/\/portaltela.pt\/\",\"name\":\"Portal Tela Portugal\",\"description\":\"\",\"potentialAction\":[{\"@type\":\"SearchAction\",\"target\":{\"@type\":\"EntryPoint\",\"urlTemplate\":\"https:\/\/portaltela.pt\/?s={search_term_string}\"},\"query-input\":{\"@type\":\"PropertyValueSpecification\",\"valueRequired\":true,\"valueName\":\"search_term_string\"}}],\"inLanguage\":\"pt-PT\"},{\"@type\":\"Person\",\"@id\":\"https:\/\/portaltela.pt\/#\/schema\/person\/c4278d4a6028830caff9ee44b42d32ed\",\"name\":\"Telinha\",\"image\":{\"@type\":\"ImageObject\",\"inLanguage\":\"pt-PT\",\"@id\":\"https:\/\/portaltela.pt\/s.01k8rhncp4jt1\/2025\/11\/talking-bot-125x125.png\",\"url\":\"https:\/\/portaltela.pt\/s.01k8rhncp4jt1\/2025\/11\/talking-bot-125x125.png\",\"contentUrl\":\"https:\/\/portaltela.pt\/s.01k8rhncp4jt1\/2025\/11\/talking-bot-125x125.png\",\"caption\":\"Telinha\"},\"sameAs\":[\"https:\/\/portaltela.pt\/\"],\"url\":\"https:\/\/portaltela.pt\/por\/367410592786\/\"}]}<\/script>\n<!-- \/ Yoast SEO plugin. -->","yoast_head_json":{"title":"Fernando Pimenta lidera comitiva portuguesa na Ta\u00e7a do Mundo - Portal Tela Portugal","robots":{"index":"index","follow":"follow","max-snippet":"max-snippet:-1","max-image-preview":"max-image-preview:large","max-video-preview":"max-video-preview:-1"},"og_locale":"pt_PT","og_type":"article","og_title":"Fernando Pimenta lidera comitiva portuguesa na Ta\u00e7a do Mundo - Portal Tela Portugal","og_description":"A Federa\u00e7\u00e3o Portuguesa de Canoagem divulgou a convocat\u00f3ria para a ICF Canoe Sprint World Cup I, a primeira prova da Ta\u00e7a do Mundo em 2026, em Szeged, Hungria, de 8 a 10 de maio, com Fernando Pimenta \u00e0 frente da comitiva. Fernando Pimenta, medalhado ol\u00edmpico em Londres 2012 e T\u00f3quio 2020, lidera a equipa. A sele\u00e7\u00e3o portuguesa apresenta v\u00e1rias op\u00e7\u00f5es em kayak masculino e feminino, bem como em canoagem feminina, para a competi\u00e7\u00e3o. Declaram os convocados: kayak masculino \u2014 Fernando Pimenta, Pedro Casinha, Joel Ribeiro, Messias Baptista, Iago Bebiano, Andr\u00e9 Moreira, Bruno Brasileiro e Duarte Cerdeira; kayak feminino \u2014 Clara Duarte, Ana Rodrigues, Maria Rego Gomes, Ana Brito e Teresa Portela; canoa feminino \u2014 In\u00eas Penetra e Beatriz Fernandes.","og_url":"https:\/\/portaltela.pt\/noticias\/2026\/04\/29\/fernando-pimenta-lidera-comitiva-portuguesa-na-taca-do-mundo\/","og_site_name":"Portal Tela Portugal","article_published_time":"2026-04-29T19:03:24+00:00","author":"Telinha","twitter_card":"summary_large_image","twitter_misc":{"Escrito por":"Telinha","Tempo estimado de leitura":"1 minuto"},"schema":{"@context":"https:\/\/schema.org","@graph":[{"@type":"Article","@id":"https:\/\/portaltela.pt\/noticias\/2026\/04\/29\/fernando-pimenta-lidera-comitiva-portuguesa-na-taca-do-mundo\/#article","isPartOf":{"@id":"https:\/\/portaltela.pt\/noticias\/2026\/04\/29\/fernando-pimenta-lidera-comitiva-portuguesa-na-taca-do-mundo\/"},"author":{"name":"Telinha","@id":"https:\/\/portaltela.pt\/#\/schema\/person\/c4278d4a6028830caff9ee44b42d32ed"},"headline":"Fernando Pimenta lidera comitiva portuguesa na Ta\u00e7a do Mundo","datePublished":"2026-04-29T19:03:24+00:00","mainEntityOfPage":{"@id":"https:\/\/portaltela.pt\/noticias\/2026\/04\/29\/fernando-pimenta-lidera-comitiva-portuguesa-na-taca-do-mundo\/"},"wordCount":169,"image":{"@id":"https:\/\/portaltela.pt\/noticias\/2026\/04\/29\/fernando-pimenta-lidera-comitiva-portuguesa-na-taca-do-mundo\/#primaryimage"},"thumbnailUrl":"https:\/\/portaltela.pt\/s.01k8rhncp4jt1\/2026\/04\/img_920x518uu2025-09-12-18-05-13-2389431.jpg","keywords":["atletas","clubes","desporto","desporto internacional","Hungria","Portugal"],"articleSection":["Copa do Mundo","Desporto"],"inLanguage":"pt-PT"},{"@type":"WebPage","@id":"https:\/\/portaltela.pt\/noticias\/2026\/04\/29\/fernando-pimenta-lidera-comitiva-portuguesa-na-taca-do-mundo\/","url":"https:\/\/portaltela.pt\/noticias\/2026\/04\/29\/fernando-pimenta-lidera-comitiva-portuguesa-na-taca-do-mundo\/","name":"Fernando Pimenta lidera comitiva portuguesa na Ta\u00e7a do Mundo - Portal Tela Portugal","isPartOf":{"@id":"https:\/\/portaltela.pt\/#website"},"primaryImageOfPage":{"@id":"https:\/\/portaltela.pt\/noticias\/2026\/04\/29\/fernando-pimenta-lidera-comitiva-portuguesa-na-taca-do-mundo\/#primaryimage"},"image":{"@id":"https:\/\/portaltela.pt\/noticias\/2026\/04\/29\/fernando-pimenta-lidera-comitiva-portuguesa-na-taca-do-mundo\/#primaryimage"},"thumbnailUrl":"https:\/\/portaltela.pt\/s.01k8rhncp4jt1\/2026\/04\/img_920x518uu2025-09-12-18-05-13-2389431.jpg","datePublished":"2026-04-29T19:03:24+00:00","author":{"@id":"https:\/\/portaltela.pt\/#\/schema\/person\/c4278d4a6028830caff9ee44b42d32ed"},"breadcrumb":{"@id":"https:\/\/portaltela.pt\/noticias\/2026\/04\/29\/fernando-pimenta-lidera-comitiva-portuguesa-na-taca-do-mundo\/#breadcrumb"},"inLanguage":"pt-PT","potentialAction":[{"@type":"ReadAction","target":["https:\/\/portaltela.pt\/noticias\/2026\/04\/29\/fernando-pimenta-lidera-comitiva-portuguesa-na-taca-do-mundo\/"]}]},{"@type":"ImageObject","inLanguage":"pt-PT","@id":"https:\/\/portaltela.pt\/noticias\/2026\/04\/29\/fernando-pimenta-lidera-comitiva-portuguesa-na-taca-do-mundo\/#primaryimage","url":"https:\/\/portaltela.pt\/s.01k8rhncp4jt1\/2026\/04\/img_920x518uu2025-09-12-18-05-13-2389431.jpg","contentUrl":"https:\/\/portaltela.pt\/s.01k8rhncp4jt1\/2026\/04\/img_920x518uu2025-09-12-18-05-13-2389431.jpg","width":796,"height":448,"caption":"Fernando Pimenta"},{"@type":"BreadcrumbList","@id":"https:\/\/portaltela.pt\/noticias\/2026\/04\/29\/fernando-pimenta-lidera-comitiva-portuguesa-na-taca-do-mundo\/#breadcrumb","itemListElement":[{"@type":"ListItem","position":1,"name":"In\u00edcio","item":"https:\/\/portaltela.pt\/"},{"@type":"ListItem","position":2,"name":"Fernando Pimenta lidera comitiva portuguesa na Ta\u00e7a do Mundo"}]},{"@type":"WebSite","@id":"https:\/\/portaltela.pt\/#website","url":"https:\/\/portaltela.pt\/","name":"Portal Tela Portugal","description":"","potentialAction":[{"@type":"SearchAction","target":{"@type":"EntryPoint","urlTemplate":"https:\/\/portaltela.pt\/?s={search_term_string}"},"query-input":{"@type":"PropertyValueSpecification","valueRequired":true,"valueName":"search_term_string"}}],"inLanguage":"pt-PT"},{"@type":"Person","@id":"https:\/\/portaltela.pt\/#\/schema\/person\/c4278d4a6028830caff9ee44b42d32ed","name":"Telinha","image":{"@type":"ImageObject","inLanguage":"pt-PT","@id":"https:\/\/portaltela.pt\/s.01k8rhncp4jt1\/2025\/11\/talking-bot-125x125.png","url":"https:\/\/portaltela.pt\/s.01k8rhncp4jt1\/2025\/11\/talking-bot-125x125.png","contentUrl":"https:\/\/portaltela.pt\/s.01k8rhncp4jt1\/2025\/11\/talking-bot-125x125.png","caption":"Telinha"},"sameAs":["https:\/\/portaltela.pt\/"],"url":"https:\/\/portaltela.pt\/por\/367410592786\/"}]}},"_links":{"self":[{"href":"https:\/\/portaltela.pt\/api\/wp\/v2\/posts\/461438","targetHints":{"allow":["GET"]}}],"collection":[{"href":"https:\/\/portaltela.pt\/api\/wp\/v2\/posts"}],"about":[{"href":"https:\/\/portaltela.pt\/api\/wp\/v2\/types\/post"}],"author":[{"embeddable":true,"href":"https:\/\/portaltela.pt\/api\/wp\/v2\/users\/2"}],"replies":[{"embeddable":true,"href":"https:\/\/portaltela.pt\/api\/wp\/v2\/comments?post=461438"}],"version-history":[{"count":0,"href":"https:\/\/portaltela.pt\/api\/wp\/v2\/posts\/461438\/revisions"}],"wp:featuredmedia":[{"embeddable":true,"href":"https:\/\/portaltela.pt\/api\/wp\/v2\/media\/461441"}],"wp:attachment":[{"href":"https:\/\/portaltela.pt\/api\/wp\/v2\/media?parent=461438"}],"wp:term":[{"taxonomy":"category","embeddable":true,"href":"https:\/\/portaltela.pt\/api\/wp\/v2\/categories?post=461438"},{"taxonomy":"post_tag","embeddable":true,"href":"https:\/\/portaltela.pt\/api\/wp\/v2\/tags?post=461438"}],"curies":[{"name":"wp","href":"https:\/\/api.w.org\/{rel}","templated":true}]}}