{"id":461435,"date":"2026-04-29T16:03:08","date_gmt":"2026-04-29T19:03:08","guid":{"rendered":"https:\/\/portaltela.pt\/noticias\/2026\/04\/29\/colisao-entre-dois-carros-condiciona-linha-de-metro-em-gaia\/"},"modified":"2026-04-29T16:03:08","modified_gmt":"2026-04-29T19:03:08","slug":"colisao-entre-dois-carros-condiciona-linha-de-metro-em-gaia","status":"publish","type":"post","link":"https:\/\/portaltela.pt\/noticias\/2026\/04\/29\/colisao-entre-dois-carros-condiciona-linha-de-metro-em-gaia\/","title":{"rendered":"Colis\u00e3o entre dois carros condiciona linha de metro em Gaia"},"content":{"rendered":"<p>O acidente envolveu dois carros na Avenida da Rep\u00fablica, em Gaia, ao fim da tarde de quarta-feira. A colis\u00e3o ocorreu pouco antes das 19h e deixou uma pessoa ferida.<\/p>\n<p>Segundo a Metro do Porto, a colis\u00e3o aconteceu junto \u00e0 esta\u00e7\u00e3o de D. Jo\u00e3o II, condicionando a circula\u00e7\u00e3o no tro\u00e7o at\u00e9 \u00e0 esta\u00e7\u00e3o de Jo\u00e3o de Deus. O servi\u00e7o ficou limitado a uma via durante algum tempo.<\/p>\n<p>A circula\u00e7\u00e3o foi totalmente restabelecida pelas 19h50. N\u00e3o foram divulgados detalhes adicionais sobre as causas do acidente ou sobre o estado da v\u00edtima.<\/p>\n","protected":false},"excerpt":{"rendered":"<ul>\n<li>Dois carros colidiram na Avenida da Rep\u00fablica, em Gaia, ao final da tarde, imobilizando-se sobre a linha do metro.<\/li>\n<li>Uma pessoa ficou ferida.<\/li>\n<li>O acidente ocorreu junto \u00e0 esta\u00e7\u00e3o de D. Jo\u00e3o II, condicionando o tro\u00e7o at\u00e9 \u00e0 esta\u00e7\u00e3o de Jo\u00e3o de Deus.<\/li>\n<li>O servi\u00e7o esteve limitado a uma via e foi totalmente restabelecido \u00e0s 19h50.<\/li>\n<li>O alerta foi dado pouco antes das 19 horas.<\/li>\n<\/ul>\n","protected":false},"author":2,"featured_media":461436,"comment_status":"closed","ping_status":"closed","sticky":false,"template":"","format":"standard","meta":{"footnotes":""},"categories":[6849,1],"tags":[8341,7958,8202,8319,8088,8766],"class_list":["post-461435","post","type-post","status-publish","format-standard","has-post-thumbnail","hentry","category-acidentes","category-noticias","tag-_acidente","tag-_acidente-rodoviario","tag-_feridos","tag-_mobilidade-urbana","tag-_porto","tag-_transportes"],"yoast_head":"<!-- This site is optimized with the Yoast SEO plugin v27.2 - https:\/\/yoast.com\/product\/yoast-seo-wordpress\/ -->\n<title>Colis\u00e3o entre dois carros condiciona linha de metro em Gaia - Portal Tela Portugal<\/title>\n<meta name=\"robots\" content=\"index, follow, max-snippet:-1, max-image-preview:large, max-video-preview:-1\" \/>\n<meta property=\"og:locale\" content=\"pt_PT\" \/>\n<meta property=\"og:type\" content=\"article\" \/>\n<meta property=\"og:title\" content=\"Colis\u00e3o entre dois carros condiciona linha de metro em Gaia - Portal Tela Portugal\" \/>\n<meta property=\"og:description\" content=\"Dois carros colidiram na Avenida da Rep\u00fablica, em Gaia, ao final da tarde, imobilizando-se sobre a linha do metro. Uma pessoa ficou ferida. O acidente ocorreu junto \u00e0 esta\u00e7\u00e3o de D. Jo\u00e3o II, condicionando o tro\u00e7o at\u00e9 \u00e0 esta\u00e7\u00e3o de Jo\u00e3o de Deus. O servi\u00e7o esteve limitado a uma via e foi totalmente restabelecido \u00e0s 19h50. O alerta foi dado pouco antes das 19 horas.\" \/>\n<meta property=\"og:url\" content=\"https:\/\/portaltela.pt\/noticias\/2026\/04\/29\/colisao-entre-dois-carros-condiciona-linha-de-metro-em-gaia\/\" \/>\n<meta property=\"og:site_name\" content=\"Portal Tela Portugal\" \/>\n<meta property=\"article:published_time\" content=\"2026-04-29T19:03:08+00:00\" \/>\n<meta name=\"author\" content=\"Telinha\" \/>\n<meta name=\"twitter:card\" content=\"summary_large_image\" \/>\n<meta name=\"twitter:label1\" content=\"Escrito por\" \/>\n\t<meta name=\"twitter:data1\" content=\"Telinha\" \/>\n\t<meta name=\"twitter:label2\" content=\"Tempo estimado de leitura\" \/>\n\t<meta name=\"twitter:data2\" content=\"1 minuto\" \/>\n<script type=\"application\/ld+json\" class=\"yoast-schema-graph\">{\"@context\":\"https:\/\/schema.org\",\"@graph\":[{\"@type\":\"Article\",\"@id\":\"https:\/\/portaltela.pt\/noticias\/2026\/04\/29\/colisao-entre-dois-carros-condiciona-linha-de-metro-em-gaia\/#article\",\"isPartOf\":{\"@id\":\"https:\/\/portaltela.pt\/noticias\/2026\/04\/29\/colisao-entre-dois-carros-condiciona-linha-de-metro-em-gaia\/\"},\"author\":{\"name\":\"Telinha\",\"@id\":\"https:\/\/portaltela.pt\/#\/schema\/person\/c4278d4a6028830caff9ee44b42d32ed\"},\"headline\":\"Colis\u00e3o entre dois carros condiciona linha de metro em Gaia\",\"datePublished\":\"2026-04-29T19:03:08+00:00\",\"mainEntityOfPage\":{\"@id\":\"https:\/\/portaltela.pt\/noticias\/2026\/04\/29\/colisao-entre-dois-carros-condiciona-linha-de-metro-em-gaia\/\"},\"wordCount\":111,\"image\":{\"@id\":\"https:\/\/portaltela.pt\/noticias\/2026\/04\/29\/colisao-entre-dois-carros-condiciona-linha-de-metro-em-gaia\/#primaryimage\"},\"thumbnailUrl\":\"https:\/\/portaltela.pt\/s.01k8rhncp4jt1\/2026\/04\/image-1673.jpg\",\"keywords\":[\"_acidente\",\"_acidente rodovi\u00e1rio\",\"_feridos\",\"_mobilidade urbana\",\"_Porto\",\"_transportes\"],\"articleSection\":[\"Acidentes\",\"Not\u00edcias\"],\"inLanguage\":\"pt-PT\"},{\"@type\":\"WebPage\",\"@id\":\"https:\/\/portaltela.pt\/noticias\/2026\/04\/29\/colisao-entre-dois-carros-condiciona-linha-de-metro-em-gaia\/\",\"url\":\"https:\/\/portaltela.pt\/noticias\/2026\/04\/29\/colisao-entre-dois-carros-condiciona-linha-de-metro-em-gaia\/\",\"name\":\"Colis\u00e3o entre dois carros condiciona linha de metro em Gaia - Portal Tela Portugal\",\"isPartOf\":{\"@id\":\"https:\/\/portaltela.pt\/#website\"},\"primaryImageOfPage\":{\"@id\":\"https:\/\/portaltela.pt\/noticias\/2026\/04\/29\/colisao-entre-dois-carros-condiciona-linha-de-metro-em-gaia\/#primaryimage\"},\"image\":{\"@id\":\"https:\/\/portaltela.pt\/noticias\/2026\/04\/29\/colisao-entre-dois-carros-condiciona-linha-de-metro-em-gaia\/#primaryimage\"},\"thumbnailUrl\":\"https:\/\/portaltela.pt\/s.01k8rhncp4jt1\/2026\/04\/image-1673.jpg\",\"datePublished\":\"2026-04-29T19:03:08+00:00\",\"author\":{\"@id\":\"https:\/\/portaltela.pt\/#\/schema\/person\/c4278d4a6028830caff9ee44b42d32ed\"},\"breadcrumb\":{\"@id\":\"https:\/\/portaltela.pt\/noticias\/2026\/04\/29\/colisao-entre-dois-carros-condiciona-linha-de-metro-em-gaia\/#breadcrumb\"},\"inLanguage\":\"pt-PT\",\"potentialAction\":[{\"@type\":\"ReadAction\",\"target\":[\"https:\/\/portaltela.pt\/noticias\/2026\/04\/29\/colisao-entre-dois-carros-condiciona-linha-de-metro-em-gaia\/\"]}]},{\"@type\":\"ImageObject\",\"inLanguage\":\"pt-PT\",\"@id\":\"https:\/\/portaltela.pt\/noticias\/2026\/04\/29\/colisao-entre-dois-carros-condiciona-linha-de-metro-em-gaia\/#primaryimage\",\"url\":\"https:\/\/portaltela.pt\/s.01k8rhncp4jt1\/2026\/04\/image-1673.jpg\",\"contentUrl\":\"https:\/\/portaltela.pt\/s.01k8rhncp4jt1\/2026\/04\/image-1673.jpg\",\"width\":796,\"height\":448,\"caption\":\"O alerta para o acidente foi dado pouco antes das 19 horas\"},{\"@type\":\"BreadcrumbList\",\"@id\":\"https:\/\/portaltela.pt\/noticias\/2026\/04\/29\/colisao-entre-dois-carros-condiciona-linha-de-metro-em-gaia\/#breadcrumb\",\"itemListElement\":[{\"@type\":\"ListItem\",\"position\":1,\"name\":\"In\u00edcio\",\"item\":\"https:\/\/portaltela.pt\/\"},{\"@type\":\"ListItem\",\"position\":2,\"name\":\"Colis\u00e3o entre dois carros condiciona linha de metro em Gaia\"}]},{\"@type\":\"WebSite\",\"@id\":\"https:\/\/portaltela.pt\/#website\",\"url\":\"https:\/\/portaltela.pt\/\",\"name\":\"Portal Tela Portugal\",\"description\":\"\",\"potentialAction\":[{\"@type\":\"SearchAction\",\"target\":{\"@type\":\"EntryPoint\",\"urlTemplate\":\"https:\/\/portaltela.pt\/?s={search_term_string}\"},\"query-input\":{\"@type\":\"PropertyValueSpecification\",\"valueRequired\":true,\"valueName\":\"search_term_string\"}}],\"inLanguage\":\"pt-PT\"},{\"@type\":\"Person\",\"@id\":\"https:\/\/portaltela.pt\/#\/schema\/person\/c4278d4a6028830caff9ee44b42d32ed\",\"name\":\"Telinha\",\"image\":{\"@type\":\"ImageObject\",\"inLanguage\":\"pt-PT\",\"@id\":\"https:\/\/portaltela.pt\/s.01k8rhncp4jt1\/2025\/11\/talking-bot-125x125.png\",\"url\":\"https:\/\/portaltela.pt\/s.01k8rhncp4jt1\/2025\/11\/talking-bot-125x125.png\",\"contentUrl\":\"https:\/\/portaltela.pt\/s.01k8rhncp4jt1\/2025\/11\/talking-bot-125x125.png\",\"caption\":\"Telinha\"},\"sameAs\":[\"https:\/\/portaltela.pt\/\"],\"url\":\"https:\/\/portaltela.pt\/por\/367410592786\/\"}]}<\/script>\n<!-- \/ Yoast SEO plugin. -->","yoast_head_json":{"title":"Colis\u00e3o entre dois carros condiciona linha de metro em Gaia - Portal Tela Portugal","robots":{"index":"index","follow":"follow","max-snippet":"max-snippet:-1","max-image-preview":"max-image-preview:large","max-video-preview":"max-video-preview:-1"},"og_locale":"pt_PT","og_type":"article","og_title":"Colis\u00e3o entre dois carros condiciona linha de metro em Gaia - Portal Tela Portugal","og_description":"Dois carros colidiram na Avenida da Rep\u00fablica, em Gaia, ao final da tarde, imobilizando-se sobre a linha do metro. Uma pessoa ficou ferida. O acidente ocorreu junto \u00e0 esta\u00e7\u00e3o de D. Jo\u00e3o II, condicionando o tro\u00e7o at\u00e9 \u00e0 esta\u00e7\u00e3o de Jo\u00e3o de Deus. O servi\u00e7o esteve limitado a uma via e foi totalmente restabelecido \u00e0s 19h50. O alerta foi dado pouco antes das 19 horas.","og_url":"https:\/\/portaltela.pt\/noticias\/2026\/04\/29\/colisao-entre-dois-carros-condiciona-linha-de-metro-em-gaia\/","og_site_name":"Portal Tela Portugal","article_published_time":"2026-04-29T19:03:08+00:00","author":"Telinha","twitter_card":"summary_large_image","twitter_misc":{"Escrito por":"Telinha","Tempo estimado de leitura":"1 minuto"},"schema":{"@context":"https:\/\/schema.org","@graph":[{"@type":"Article","@id":"https:\/\/portaltela.pt\/noticias\/2026\/04\/29\/colisao-entre-dois-carros-condiciona-linha-de-metro-em-gaia\/#article","isPartOf":{"@id":"https:\/\/portaltela.pt\/noticias\/2026\/04\/29\/colisao-entre-dois-carros-condiciona-linha-de-metro-em-gaia\/"},"author":{"name":"Telinha","@id":"https:\/\/portaltela.pt\/#\/schema\/person\/c4278d4a6028830caff9ee44b42d32ed"},"headline":"Colis\u00e3o entre dois carros condiciona linha de metro em Gaia","datePublished":"2026-04-29T19:03:08+00:00","mainEntityOfPage":{"@id":"https:\/\/portaltela.pt\/noticias\/2026\/04\/29\/colisao-entre-dois-carros-condiciona-linha-de-metro-em-gaia\/"},"wordCount":111,"image":{"@id":"https:\/\/portaltela.pt\/noticias\/2026\/04\/29\/colisao-entre-dois-carros-condiciona-linha-de-metro-em-gaia\/#primaryimage"},"thumbnailUrl":"https:\/\/portaltela.pt\/s.01k8rhncp4jt1\/2026\/04\/image-1673.jpg","keywords":["_acidente","_acidente rodovi\u00e1rio","_feridos","_mobilidade urbana","_Porto","_transportes"],"articleSection":["Acidentes","Not\u00edcias"],"inLanguage":"pt-PT"},{"@type":"WebPage","@id":"https:\/\/portaltela.pt\/noticias\/2026\/04\/29\/colisao-entre-dois-carros-condiciona-linha-de-metro-em-gaia\/","url":"https:\/\/portaltela.pt\/noticias\/2026\/04\/29\/colisao-entre-dois-carros-condiciona-linha-de-metro-em-gaia\/","name":"Colis\u00e3o entre dois carros condiciona linha de metro em Gaia - Portal Tela Portugal","isPartOf":{"@id":"https:\/\/portaltela.pt\/#website"},"primaryImageOfPage":{"@id":"https:\/\/portaltela.pt\/noticias\/2026\/04\/29\/colisao-entre-dois-carros-condiciona-linha-de-metro-em-gaia\/#primaryimage"},"image":{"@id":"https:\/\/portaltela.pt\/noticias\/2026\/04\/29\/colisao-entre-dois-carros-condiciona-linha-de-metro-em-gaia\/#primaryimage"},"thumbnailUrl":"https:\/\/portaltela.pt\/s.01k8rhncp4jt1\/2026\/04\/image-1673.jpg","datePublished":"2026-04-29T19:03:08+00:00","author":{"@id":"https:\/\/portaltela.pt\/#\/schema\/person\/c4278d4a6028830caff9ee44b42d32ed"},"breadcrumb":{"@id":"https:\/\/portaltela.pt\/noticias\/2026\/04\/29\/colisao-entre-dois-carros-condiciona-linha-de-metro-em-gaia\/#breadcrumb"},"inLanguage":"pt-PT","potentialAction":[{"@type":"ReadAction","target":["https:\/\/portaltela.pt\/noticias\/2026\/04\/29\/colisao-entre-dois-carros-condiciona-linha-de-metro-em-gaia\/"]}]},{"@type":"ImageObject","inLanguage":"pt-PT","@id":"https:\/\/portaltela.pt\/noticias\/2026\/04\/29\/colisao-entre-dois-carros-condiciona-linha-de-metro-em-gaia\/#primaryimage","url":"https:\/\/portaltela.pt\/s.01k8rhncp4jt1\/2026\/04\/image-1673.jpg","contentUrl":"https:\/\/portaltela.pt\/s.01k8rhncp4jt1\/2026\/04\/image-1673.jpg","width":796,"height":448,"caption":"O alerta para o acidente foi dado pouco antes das 19 horas"},{"@type":"BreadcrumbList","@id":"https:\/\/portaltela.pt\/noticias\/2026\/04\/29\/colisao-entre-dois-carros-condiciona-linha-de-metro-em-gaia\/#breadcrumb","itemListElement":[{"@type":"ListItem","position":1,"name":"In\u00edcio","item":"https:\/\/portaltela.pt\/"},{"@type":"ListItem","position":2,"name":"Colis\u00e3o entre dois carros condiciona linha de metro em Gaia"}]},{"@type":"WebSite","@id":"https:\/\/portaltela.pt\/#website","url":"https:\/\/portaltela.pt\/","name":"Portal Tela Portugal","description":"","potentialAction":[{"@type":"SearchAction","target":{"@type":"EntryPoint","urlTemplate":"https:\/\/portaltela.pt\/?s={search_term_string}"},"query-input":{"@type":"PropertyValueSpecification","valueRequired":true,"valueName":"search_term_string"}}],"inLanguage":"pt-PT"},{"@type":"Person","@id":"https:\/\/portaltela.pt\/#\/schema\/person\/c4278d4a6028830caff9ee44b42d32ed","name":"Telinha","image":{"@type":"ImageObject","inLanguage":"pt-PT","@id":"https:\/\/portaltela.pt\/s.01k8rhncp4jt1\/2025\/11\/talking-bot-125x125.png","url":"https:\/\/portaltela.pt\/s.01k8rhncp4jt1\/2025\/11\/talking-bot-125x125.png","contentUrl":"https:\/\/portaltela.pt\/s.01k8rhncp4jt1\/2025\/11\/talking-bot-125x125.png","caption":"Telinha"},"sameAs":["https:\/\/portaltela.pt\/"],"url":"https:\/\/portaltela.pt\/por\/367410592786\/"}]}},"_links":{"self":[{"href":"https:\/\/portaltela.pt\/api\/wp\/v2\/posts\/461435","targetHints":{"allow":["GET"]}}],"collection":[{"href":"https:\/\/portaltela.pt\/api\/wp\/v2\/posts"}],"about":[{"href":"https:\/\/portaltela.pt\/api\/wp\/v2\/types\/post"}],"author":[{"embeddable":true,"href":"https:\/\/portaltela.pt\/api\/wp\/v2\/users\/2"}],"replies":[{"embeddable":true,"href":"https:\/\/portaltela.pt\/api\/wp\/v2\/comments?post=461435"}],"version-history":[{"count":0,"href":"https:\/\/portaltela.pt\/api\/wp\/v2\/posts\/461435\/revisions"}],"wp:featuredmedia":[{"embeddable":true,"href":"https:\/\/portaltela.pt\/api\/wp\/v2\/media\/461436"}],"wp:attachment":[{"href":"https:\/\/portaltela.pt\/api\/wp\/v2\/media?parent=461435"}],"wp:term":[{"taxonomy":"category","embeddable":true,"href":"https:\/\/portaltela.pt\/api\/wp\/v2\/categories?post=461435"},{"taxonomy":"post_tag","embeddable":true,"href":"https:\/\/portaltela.pt\/api\/wp\/v2\/tags?post=461435"}],"curies":[{"name":"wp","href":"https:\/\/api.w.org\/{rel}","templated":true}]}}