{"id":461433,"date":"2026-04-29T16:03:01","date_gmt":"2026-04-29T19:03:01","guid":{"rendered":"https:\/\/portaltela.pt\/noticias\/2026\/04\/29\/hakimi-falha-segunda-mao-da-champions-frente-ao-bayern\/"},"modified":"2026-04-29T16:03:01","modified_gmt":"2026-04-29T19:03:01","slug":"hakimi-falha-segunda-mao-da-champions-frente-ao-bayern","status":"publish","type":"post","link":"https:\/\/portaltela.pt\/desporto\/futebol\/2026\/04\/29\/hakimi-falha-segunda-mao-da-champions-frente-ao-bayern\/","title":{"rendered":"Hakimi falha segunda m\u00e3o da Champions frente ao Bayern"},"content":{"rendered":"<p>Achraf Hakimi vai falhar a segunda m\u00e3o das meias-finais da Liga dos Campe\u00f5es, quando o Paris Saint-Germain visita o Bayern Munique, devido a uma les\u00e3o na coxa direita. A atualiza\u00e7\u00e3o foi divulgada pelo clube franc\u00eas nesta quarta-feira.<\/p>\n<p>O defesa direito, 27 anos, lesionou-se na vit\u00f3ria em casa sobre o Bayern (5-4), na primeira m\u00e3o. Mesmo assim, Hakimi jogou a totalidade do encontro e ainda assist\u00eancia para o quarto golo dos gauleses.<\/p>\n<p>A les\u00e3o obrigar\u00e1 o PSG a encontrar alternativas para o lado direito da defesa na viagem a Munique, marcada para 6 de maio. O guarda-redes Lucas Chevalier tamb\u00e9m sofreu les\u00e3o na coxa direita no treino de hoje.<\/p>\n<h3>Situa\u00e7\u00e3o cl\u00ednica e pr\u00f3ximos jogos<\/h3>\n<p>Hakimi mant\u00e9m-se em tratamento nas pr\u00f3ximas semanas, segundo o boletim cl\u00ednico conjunto com Quentin Ndjantou. O PSG lidera a Ligue 1 com seis pontos de avan\u00e7o sobre o Lens a quatro jornadas do fim.<\/p>\n<p>Caso avance, o PSG poder\u00e1 enfrentar Atl\u00e9tico de Madrid ou Arsenal no jogo decisivo da Liga dos Campe\u00f5es, marcado para 30 de maio em Budapeste. A equipa parisiense est\u00e1 na luta para revalidar o t\u00edtulo europeu conquistado na temporada anterior.<\/p>\n","protected":false},"excerpt":{"rendered":"<ul>\n<li>Achraf Hakimi vai falhar a segunda m\u00e3o das meias-finais da Liga dos Campe\u00f5es entre o Paris Saint-Germain e o Bayern Munique, devido a uma les\u00e3o na coxa direita.<\/li>\n<li>O PSG confirmou, numa atualiza\u00e7\u00e3o publicada no seu site, que o jogador de 27 anos vai permanecer em tratamento nas pr\u00f3ximas semanas.<\/li>\n<li>Hakimi lesionou-se na vit\u00f3ria por 5-4 do PSG sobre o Bayern, na primeira m\u00e3o, tendo participado no jogo at\u00e9 ao fim e assistido no quarto golo.<\/li>\n<li>O PSG, treinado por Lu\u00eds Enrique, lidera a Ligue 1 com seis pontos de vantagem sobre o Lens, a quatro jornadas do fim, e continua na luta pelo t\u00edtulo europeu.<\/li>\n<li>Se chegar \u00e0 final da Liga dos Campe\u00f5es, marcada para 30 de maio em Budapeste, o PSG poder\u00e1 enfrentar Atl\u00e9tico de Madrid ou Arsenal na final.<\/li>\n<\/ul>\n","protected":false},"author":2,"featured_media":461434,"comment_status":"closed","ping_status":"closed","sticky":false,"template":"","format":"standard","meta":{"footnotes":""},"categories":[21,24],"tags":[1720,3577,32,3338,2538,1982],"class_list":["post-461433","post","type-post","status-publish","format-standard","has-post-thumbnail","hentry","category-desporto","category-futebol","tag-bayern-munique","tag-champions-league","tag-futebol","tag-futebol-internacional","tag-lesoes","tag-paris-saint-germain"],"yoast_head":"<!-- This site is optimized with the Yoast SEO plugin v27.2 - https:\/\/yoast.com\/product\/yoast-seo-wordpress\/ -->\n<title>Hakimi falha segunda m\u00e3o da Champions frente ao Bayern - Portal Tela Portugal<\/title>\n<meta name=\"robots\" content=\"index, follow, max-snippet:-1, max-image-preview:large, max-video-preview:-1\" \/>\n<meta property=\"og:locale\" content=\"pt_PT\" \/>\n<meta property=\"og:type\" content=\"article\" \/>\n<meta property=\"og:title\" content=\"Hakimi falha segunda m\u00e3o da Champions frente ao Bayern - Portal Tela Portugal\" \/>\n<meta property=\"og:description\" content=\"Achraf Hakimi vai falhar a segunda m\u00e3o das meias-finais da Liga dos Campe\u00f5es entre o Paris Saint-Germain e o Bayern Munique, devido a uma les\u00e3o na coxa direita. O PSG confirmou, numa atualiza\u00e7\u00e3o publicada no seu site, que o jogador de 27 anos vai permanecer em tratamento nas pr\u00f3ximas semanas. Hakimi lesionou-se na vit\u00f3ria por 5-4 do PSG sobre o Bayern, na primeira m\u00e3o, tendo participado no jogo at\u00e9 ao fim e assistido no quarto golo. O PSG, treinado por Lu\u00eds Enrique, lidera a Ligue 1 com seis pontos de vantagem sobre o Lens, a quatro jornadas do fim, e continua na luta pelo t\u00edtulo europeu. Se chegar \u00e0 final da Liga dos Campe\u00f5es, marcada para 30 de maio em Budapeste, o PSG poder\u00e1 enfrentar Atl\u00e9tico de Madrid ou Arsenal na final.\" \/>\n<meta property=\"og:url\" content=\"https:\/\/portaltela.pt\/noticias\/2026\/04\/29\/hakimi-falha-segunda-mao-da-champions-frente-ao-bayern\/\" \/>\n<meta property=\"og:site_name\" content=\"Portal Tela Portugal\" \/>\n<meta property=\"article:published_time\" content=\"2026-04-29T19:03:01+00:00\" \/>\n<meta name=\"author\" content=\"Telinha\" \/>\n<meta name=\"twitter:card\" content=\"summary_large_image\" \/>\n<meta name=\"twitter:label1\" content=\"Escrito por\" \/>\n\t<meta name=\"twitter:data1\" content=\"Telinha\" \/>\n\t<meta name=\"twitter:label2\" content=\"Tempo estimado de leitura\" \/>\n\t<meta name=\"twitter:data2\" content=\"1 minuto\" \/>\n<script type=\"application\/ld+json\" class=\"yoast-schema-graph\">{\"@context\":\"https:\/\/schema.org\",\"@graph\":[{\"@type\":\"Article\",\"@id\":\"https:\/\/portaltela.pt\/noticias\/2026\/04\/29\/hakimi-falha-segunda-mao-da-champions-frente-ao-bayern\/#article\",\"isPartOf\":{\"@id\":\"https:\/\/portaltela.pt\/noticias\/2026\/04\/29\/hakimi-falha-segunda-mao-da-champions-frente-ao-bayern\/\"},\"author\":{\"name\":\"Telinha\",\"@id\":\"https:\/\/portaltela.pt\/#\/schema\/person\/c4278d4a6028830caff9ee44b42d32ed\"},\"headline\":\"Hakimi falha segunda m\u00e3o da Champions frente ao Bayern\",\"datePublished\":\"2026-04-29T19:03:01+00:00\",\"mainEntityOfPage\":{\"@id\":\"https:\/\/portaltela.pt\/noticias\/2026\/04\/29\/hakimi-falha-segunda-mao-da-champions-frente-ao-bayern\/\"},\"wordCount\":214,\"image\":{\"@id\":\"https:\/\/portaltela.pt\/noticias\/2026\/04\/29\/hakimi-falha-segunda-mao-da-champions-frente-ao-bayern\/#primaryimage\"},\"thumbnailUrl\":\"https:\/\/portaltela.pt\/s.01k8rhncp4jt1\/2026\/04\/img_920x518uu2025-08-02-09-09-11-2380981.jpg\",\"keywords\":[\"Bayern Munique\",\"Champions League\",\"futebol\",\"futebol internacional\",\"les\u00f5es\",\"Paris Saint-Germain\"],\"articleSection\":[\"Desporto\",\"Futebol\"],\"inLanguage\":\"pt-PT\"},{\"@type\":\"WebPage\",\"@id\":\"https:\/\/portaltela.pt\/noticias\/2026\/04\/29\/hakimi-falha-segunda-mao-da-champions-frente-ao-bayern\/\",\"url\":\"https:\/\/portaltela.pt\/noticias\/2026\/04\/29\/hakimi-falha-segunda-mao-da-champions-frente-ao-bayern\/\",\"name\":\"Hakimi falha segunda m\u00e3o da Champions frente ao Bayern - Portal Tela Portugal\",\"isPartOf\":{\"@id\":\"https:\/\/portaltela.pt\/#website\"},\"primaryImageOfPage\":{\"@id\":\"https:\/\/portaltela.pt\/noticias\/2026\/04\/29\/hakimi-falha-segunda-mao-da-champions-frente-ao-bayern\/#primaryimage\"},\"image\":{\"@id\":\"https:\/\/portaltela.pt\/noticias\/2026\/04\/29\/hakimi-falha-segunda-mao-da-champions-frente-ao-bayern\/#primaryimage\"},\"thumbnailUrl\":\"https:\/\/portaltela.pt\/s.01k8rhncp4jt1\/2026\/04\/img_920x518uu2025-08-02-09-09-11-2380981.jpg\",\"datePublished\":\"2026-04-29T19:03:01+00:00\",\"author\":{\"@id\":\"https:\/\/portaltela.pt\/#\/schema\/person\/c4278d4a6028830caff9ee44b42d32ed\"},\"breadcrumb\":{\"@id\":\"https:\/\/portaltela.pt\/noticias\/2026\/04\/29\/hakimi-falha-segunda-mao-da-champions-frente-ao-bayern\/#breadcrumb\"},\"inLanguage\":\"pt-PT\",\"potentialAction\":[{\"@type\":\"ReadAction\",\"target\":[\"https:\/\/portaltela.pt\/noticias\/2026\/04\/29\/hakimi-falha-segunda-mao-da-champions-frente-ao-bayern\/\"]}]},{\"@type\":\"ImageObject\",\"inLanguage\":\"pt-PT\",\"@id\":\"https:\/\/portaltela.pt\/noticias\/2026\/04\/29\/hakimi-falha-segunda-mao-da-champions-frente-ao-bayern\/#primaryimage\",\"url\":\"https:\/\/portaltela.pt\/s.01k8rhncp4jt1\/2026\/04\/img_920x518uu2025-08-02-09-09-11-2380981.jpg\",\"contentUrl\":\"https:\/\/portaltela.pt\/s.01k8rhncp4jt1\/2026\/04\/img_920x518uu2025-08-02-09-09-11-2380981.jpg\",\"width\":796,\"height\":448,\"caption\":\"Hakimi lesiona-se falha visita ao Bayern\"},{\"@type\":\"BreadcrumbList\",\"@id\":\"https:\/\/portaltela.pt\/noticias\/2026\/04\/29\/hakimi-falha-segunda-mao-da-champions-frente-ao-bayern\/#breadcrumb\",\"itemListElement\":[{\"@type\":\"ListItem\",\"position\":1,\"name\":\"In\u00edcio\",\"item\":\"https:\/\/portaltela.pt\/\"},{\"@type\":\"ListItem\",\"position\":2,\"name\":\"Hakimi falha segunda m\u00e3o da Champions frente ao Bayern\"}]},{\"@type\":\"WebSite\",\"@id\":\"https:\/\/portaltela.pt\/#website\",\"url\":\"https:\/\/portaltela.pt\/\",\"name\":\"Portal Tela Portugal\",\"description\":\"\",\"potentialAction\":[{\"@type\":\"SearchAction\",\"target\":{\"@type\":\"EntryPoint\",\"urlTemplate\":\"https:\/\/portaltela.pt\/?s={search_term_string}\"},\"query-input\":{\"@type\":\"PropertyValueSpecification\",\"valueRequired\":true,\"valueName\":\"search_term_string\"}}],\"inLanguage\":\"pt-PT\"},{\"@type\":\"Person\",\"@id\":\"https:\/\/portaltela.pt\/#\/schema\/person\/c4278d4a6028830caff9ee44b42d32ed\",\"name\":\"Telinha\",\"image\":{\"@type\":\"ImageObject\",\"inLanguage\":\"pt-PT\",\"@id\":\"https:\/\/portaltela.pt\/s.01k8rhncp4jt1\/2025\/11\/talking-bot-125x125.png\",\"url\":\"https:\/\/portaltela.pt\/s.01k8rhncp4jt1\/2025\/11\/talking-bot-125x125.png\",\"contentUrl\":\"https:\/\/portaltela.pt\/s.01k8rhncp4jt1\/2025\/11\/talking-bot-125x125.png\",\"caption\":\"Telinha\"},\"sameAs\":[\"https:\/\/portaltela.pt\/\"],\"url\":\"https:\/\/portaltela.pt\/por\/367410592786\/\"}]}<\/script>\n<!-- \/ Yoast SEO plugin. -->","yoast_head_json":{"title":"Hakimi falha segunda m\u00e3o da Champions frente ao Bayern - Portal Tela Portugal","robots":{"index":"index","follow":"follow","max-snippet":"max-snippet:-1","max-image-preview":"max-image-preview:large","max-video-preview":"max-video-preview:-1"},"og_locale":"pt_PT","og_type":"article","og_title":"Hakimi falha segunda m\u00e3o da Champions frente ao Bayern - Portal Tela Portugal","og_description":"Achraf Hakimi vai falhar a segunda m\u00e3o das meias-finais da Liga dos Campe\u00f5es entre o Paris Saint-Germain e o Bayern Munique, devido a uma les\u00e3o na coxa direita. O PSG confirmou, numa atualiza\u00e7\u00e3o publicada no seu site, que o jogador de 27 anos vai permanecer em tratamento nas pr\u00f3ximas semanas. Hakimi lesionou-se na vit\u00f3ria por 5-4 do PSG sobre o Bayern, na primeira m\u00e3o, tendo participado no jogo at\u00e9 ao fim e assistido no quarto golo. O PSG, treinado por Lu\u00eds Enrique, lidera a Ligue 1 com seis pontos de vantagem sobre o Lens, a quatro jornadas do fim, e continua na luta pelo t\u00edtulo europeu. Se chegar \u00e0 final da Liga dos Campe\u00f5es, marcada para 30 de maio em Budapeste, o PSG poder\u00e1 enfrentar Atl\u00e9tico de Madrid ou Arsenal na final.","og_url":"https:\/\/portaltela.pt\/noticias\/2026\/04\/29\/hakimi-falha-segunda-mao-da-champions-frente-ao-bayern\/","og_site_name":"Portal Tela Portugal","article_published_time":"2026-04-29T19:03:01+00:00","author":"Telinha","twitter_card":"summary_large_image","twitter_misc":{"Escrito por":"Telinha","Tempo estimado de leitura":"1 minuto"},"schema":{"@context":"https:\/\/schema.org","@graph":[{"@type":"Article","@id":"https:\/\/portaltela.pt\/noticias\/2026\/04\/29\/hakimi-falha-segunda-mao-da-champions-frente-ao-bayern\/#article","isPartOf":{"@id":"https:\/\/portaltela.pt\/noticias\/2026\/04\/29\/hakimi-falha-segunda-mao-da-champions-frente-ao-bayern\/"},"author":{"name":"Telinha","@id":"https:\/\/portaltela.pt\/#\/schema\/person\/c4278d4a6028830caff9ee44b42d32ed"},"headline":"Hakimi falha segunda m\u00e3o da Champions frente ao Bayern","datePublished":"2026-04-29T19:03:01+00:00","mainEntityOfPage":{"@id":"https:\/\/portaltela.pt\/noticias\/2026\/04\/29\/hakimi-falha-segunda-mao-da-champions-frente-ao-bayern\/"},"wordCount":214,"image":{"@id":"https:\/\/portaltela.pt\/noticias\/2026\/04\/29\/hakimi-falha-segunda-mao-da-champions-frente-ao-bayern\/#primaryimage"},"thumbnailUrl":"https:\/\/portaltela.pt\/s.01k8rhncp4jt1\/2026\/04\/img_920x518uu2025-08-02-09-09-11-2380981.jpg","keywords":["Bayern Munique","Champions League","futebol","futebol internacional","les\u00f5es","Paris Saint-Germain"],"articleSection":["Desporto","Futebol"],"inLanguage":"pt-PT"},{"@type":"WebPage","@id":"https:\/\/portaltela.pt\/noticias\/2026\/04\/29\/hakimi-falha-segunda-mao-da-champions-frente-ao-bayern\/","url":"https:\/\/portaltela.pt\/noticias\/2026\/04\/29\/hakimi-falha-segunda-mao-da-champions-frente-ao-bayern\/","name":"Hakimi falha segunda m\u00e3o da Champions frente ao Bayern - Portal Tela Portugal","isPartOf":{"@id":"https:\/\/portaltela.pt\/#website"},"primaryImageOfPage":{"@id":"https:\/\/portaltela.pt\/noticias\/2026\/04\/29\/hakimi-falha-segunda-mao-da-champions-frente-ao-bayern\/#primaryimage"},"image":{"@id":"https:\/\/portaltela.pt\/noticias\/2026\/04\/29\/hakimi-falha-segunda-mao-da-champions-frente-ao-bayern\/#primaryimage"},"thumbnailUrl":"https:\/\/portaltela.pt\/s.01k8rhncp4jt1\/2026\/04\/img_920x518uu2025-08-02-09-09-11-2380981.jpg","datePublished":"2026-04-29T19:03:01+00:00","author":{"@id":"https:\/\/portaltela.pt\/#\/schema\/person\/c4278d4a6028830caff9ee44b42d32ed"},"breadcrumb":{"@id":"https:\/\/portaltela.pt\/noticias\/2026\/04\/29\/hakimi-falha-segunda-mao-da-champions-frente-ao-bayern\/#breadcrumb"},"inLanguage":"pt-PT","potentialAction":[{"@type":"ReadAction","target":["https:\/\/portaltela.pt\/noticias\/2026\/04\/29\/hakimi-falha-segunda-mao-da-champions-frente-ao-bayern\/"]}]},{"@type":"ImageObject","inLanguage":"pt-PT","@id":"https:\/\/portaltela.pt\/noticias\/2026\/04\/29\/hakimi-falha-segunda-mao-da-champions-frente-ao-bayern\/#primaryimage","url":"https:\/\/portaltela.pt\/s.01k8rhncp4jt1\/2026\/04\/img_920x518uu2025-08-02-09-09-11-2380981.jpg","contentUrl":"https:\/\/portaltela.pt\/s.01k8rhncp4jt1\/2026\/04\/img_920x518uu2025-08-02-09-09-11-2380981.jpg","width":796,"height":448,"caption":"Hakimi lesiona-se falha visita ao Bayern"},{"@type":"BreadcrumbList","@id":"https:\/\/portaltela.pt\/noticias\/2026\/04\/29\/hakimi-falha-segunda-mao-da-champions-frente-ao-bayern\/#breadcrumb","itemListElement":[{"@type":"ListItem","position":1,"name":"In\u00edcio","item":"https:\/\/portaltela.pt\/"},{"@type":"ListItem","position":2,"name":"Hakimi falha segunda m\u00e3o da Champions frente ao Bayern"}]},{"@type":"WebSite","@id":"https:\/\/portaltela.pt\/#website","url":"https:\/\/portaltela.pt\/","name":"Portal Tela Portugal","description":"","potentialAction":[{"@type":"SearchAction","target":{"@type":"EntryPoint","urlTemplate":"https:\/\/portaltela.pt\/?s={search_term_string}"},"query-input":{"@type":"PropertyValueSpecification","valueRequired":true,"valueName":"search_term_string"}}],"inLanguage":"pt-PT"},{"@type":"Person","@id":"https:\/\/portaltela.pt\/#\/schema\/person\/c4278d4a6028830caff9ee44b42d32ed","name":"Telinha","image":{"@type":"ImageObject","inLanguage":"pt-PT","@id":"https:\/\/portaltela.pt\/s.01k8rhncp4jt1\/2025\/11\/talking-bot-125x125.png","url":"https:\/\/portaltela.pt\/s.01k8rhncp4jt1\/2025\/11\/talking-bot-125x125.png","contentUrl":"https:\/\/portaltela.pt\/s.01k8rhncp4jt1\/2025\/11\/talking-bot-125x125.png","caption":"Telinha"},"sameAs":["https:\/\/portaltela.pt\/"],"url":"https:\/\/portaltela.pt\/por\/367410592786\/"}]}},"_links":{"self":[{"href":"https:\/\/portaltela.pt\/api\/wp\/v2\/posts\/461433","targetHints":{"allow":["GET"]}}],"collection":[{"href":"https:\/\/portaltela.pt\/api\/wp\/v2\/posts"}],"about":[{"href":"https:\/\/portaltela.pt\/api\/wp\/v2\/types\/post"}],"author":[{"embeddable":true,"href":"https:\/\/portaltela.pt\/api\/wp\/v2\/users\/2"}],"replies":[{"embeddable":true,"href":"https:\/\/portaltela.pt\/api\/wp\/v2\/comments?post=461433"}],"version-history":[{"count":0,"href":"https:\/\/portaltela.pt\/api\/wp\/v2\/posts\/461433\/revisions"}],"wp:featuredmedia":[{"embeddable":true,"href":"https:\/\/portaltela.pt\/api\/wp\/v2\/media\/461434"}],"wp:attachment":[{"href":"https:\/\/portaltela.pt\/api\/wp\/v2\/media?parent=461433"}],"wp:term":[{"taxonomy":"category","embeddable":true,"href":"https:\/\/portaltela.pt\/api\/wp\/v2\/categories?post=461433"},{"taxonomy":"post_tag","embeddable":true,"href":"https:\/\/portaltela.pt\/api\/wp\/v2\/tags?post=461433"}],"curies":[{"name":"wp","href":"https:\/\/api.w.org\/{rel}","templated":true}]}}