{"id":461429,"date":"2026-04-29T16:02:45","date_gmt":"2026-04-29T19:02:45","guid":{"rendered":"https:\/\/portaltela.pt\/noticias\/2026\/04\/29\/pavilhao-russo-na-bienal-de-veneza-nao-abrira-ao-publico\/"},"modified":"2026-04-29T16:02:45","modified_gmt":"2026-04-29T19:02:45","slug":"pavilhao-russo-na-bienal-de-veneza-nao-abrira-ao-publico","status":"publish","type":"post","link":"https:\/\/portaltela.pt\/noticias\/2026\/04\/29\/pavilhao-russo-na-bienal-de-veneza-nao-abrira-ao-publico\/","title":{"rendered":"Pavilh\u00e3o russo na Bienal de Veneza n\u00e3o abrir\u00e1 ao p\u00fablico"},"content":{"rendered":"<p>O pavilh\u00e3o da R\u00fassia na Bienal de Arte de Veneza n\u00e3o abrir\u00e1 ao p\u00fablico durante o per\u00edodo oficial do evento. A imprensa e profissionais das artes poder\u00e3o aceder apenas na pr\u00e9-inaugura\u00e7\u00e3o, entre 6 e 8 de maio, em Veneza, It\u00e1lia. Esta excep\u00e7\u00e3o ocorre ap\u00f3s o j\u00fari ter decidido excluir os pavilh\u00f5es da R\u00fassia e de Israel da corrida aos pr\u00e9mios por acusa\u00e7\u00f5es de crimes contra a humanidade, segundo o Tribunal Penal Internacional.<\/p>\n<p>Durante a mostra principal, de 9 de maio a 22 de novembro, o pavilh\u00e3o russo ficar\u00e1 encerrado ao p\u00fablico. O Pavilh\u00e3o de Israel mant\u00e9m, por ora, a sua participa\u00e7\u00e3o na bienal, embora a situa\u00e7\u00e3o tenha gerado controv\u00e9rsia entre v\u00e1rias entidades culturais.<\/p>\n<h3>Contornos e controv\u00e9rsias<\/h3>\n<p>A imprensa italiana aponta que a organiza\u00e7\u00e3o pode ter contornado san\u00e7\u00f5es europeias ao limitar o acesso p\u00fablico da R\u00fassia apenas \u00e0 pr\u00e9-inaugura\u00e7\u00e3o. A not\u00edcia tamb\u00e9m destaca que a decis\u00e3o de excluir os pavilh\u00f5es dos pr\u00e9mios foi anunciada antes do arranque oficial da edi\u00e7\u00e3o.<\/p>\n<p>Segundo relatos, o acesso restrito \u00e0 imprensa na fase de pr\u00e9-inaugura\u00e7\u00e3o visa facilitar a cobertura medi\u00e1tica sem abrir o pavilh\u00e3o ao p\u00fablico em geral durante o per\u00edodo de exposi\u00e7\u00e3o. A bienal mant\u00e9m o programa de eventos para demais participantes e convidados oficiais.<\/p>\n","protected":false},"excerpt":{"rendered":"<ul>\n<li>O pavilh\u00e3o da R\u00fassia na Bienal de Veneza n\u00e3o abrir\u00e1 ao p\u00fablico durante a mostra oficial, apenas na pr\u00e9-inaugura\u00e7\u00e3o destinada a imprensa e profissionais das artes, entre 6 e 8 de maio.<\/li>\n<li>Durante o per\u00edodo oficial da bienal, de 9 de maio a 22 de novembro, o pavilh\u00e3o russo permanecer\u00e1 encerrado.<\/li>\n<li>A decis\u00e3o surge ap\u00f3s o j\u00fari ter anunciado que os pavilh\u00f5es da R\u00fassia e de Israel ficariam fora da corrida aos pr\u00e9mios, por acusa\u00e7\u00f5es de crimes contra a humanidade pelo Tribunal Penal Internacional.<\/li>\n<li>O pavilh\u00e3o de Israel continua, de momento, com o seu lugar garantido na bienal.<\/li>\n<\/ul>\n","protected":false},"author":2,"featured_media":461430,"comment_status":"closed","ping_status":"closed","sticky":false,"template":"","format":"standard","meta":{"footnotes":""},"categories":[7375,1],"tags":[8036,7914,8191,8347,8431,8035],"class_list":["post-461429","post","type-post","status-publish","format-standard","has-post-thumbnail","hentry","category-cultura","category-noticias","tag-_arte","tag-_direitos-humanos","tag-_israel","tag-_italia","tag-_organizacoes-internacionais","tag-_russia"],"yoast_head":"<!-- This site is optimized with the Yoast SEO plugin v27.2 - https:\/\/yoast.com\/product\/yoast-seo-wordpress\/ -->\n<title>Pavilh\u00e3o russo na Bienal de Veneza n\u00e3o abrir\u00e1 ao p\u00fablico - Portal Tela Portugal<\/title>\n<meta name=\"robots\" content=\"index, follow, max-snippet:-1, max-image-preview:large, max-video-preview:-1\" \/>\n<meta property=\"og:locale\" content=\"pt_PT\" \/>\n<meta property=\"og:type\" content=\"article\" \/>\n<meta property=\"og:title\" content=\"Pavilh\u00e3o russo na Bienal de Veneza n\u00e3o abrir\u00e1 ao p\u00fablico - Portal Tela Portugal\" \/>\n<meta property=\"og:description\" content=\"O pavilh\u00e3o da R\u00fassia na Bienal de Veneza n\u00e3o abrir\u00e1 ao p\u00fablico durante a mostra oficial, apenas na pr\u00e9-inaugura\u00e7\u00e3o destinada a imprensa e profissionais das artes, entre 6 e 8 de maio. Durante o per\u00edodo oficial da bienal, de 9 de maio a 22 de novembro, o pavilh\u00e3o russo permanecer\u00e1 encerrado. A decis\u00e3o surge ap\u00f3s o j\u00fari ter anunciado que os pavilh\u00f5es da R\u00fassia e de Israel ficariam fora da corrida aos pr\u00e9mios, por acusa\u00e7\u00f5es de crimes contra a humanidade pelo Tribunal Penal Internacional. O pavilh\u00e3o de Israel continua, de momento, com o seu lugar garantido na bienal.\" \/>\n<meta property=\"og:url\" content=\"https:\/\/portaltela.pt\/noticias\/2026\/04\/29\/pavilhao-russo-na-bienal-de-veneza-nao-abrira-ao-publico\/\" \/>\n<meta property=\"og:site_name\" content=\"Portal Tela Portugal\" \/>\n<meta property=\"article:published_time\" content=\"2026-04-29T19:02:45+00:00\" \/>\n<meta name=\"author\" content=\"Telinha\" \/>\n<meta name=\"twitter:card\" content=\"summary_large_image\" \/>\n<meta name=\"twitter:label1\" content=\"Escrito por\" \/>\n\t<meta name=\"twitter:data1\" content=\"Telinha\" \/>\n\t<meta name=\"twitter:label2\" content=\"Tempo estimado de leitura\" \/>\n\t<meta name=\"twitter:data2\" content=\"1 minuto\" \/>\n<script type=\"application\/ld+json\" class=\"yoast-schema-graph\">{\"@context\":\"https:\/\/schema.org\",\"@graph\":[{\"@type\":\"Article\",\"@id\":\"https:\/\/portaltela.pt\/noticias\/2026\/04\/29\/pavilhao-russo-na-bienal-de-veneza-nao-abrira-ao-publico\/#article\",\"isPartOf\":{\"@id\":\"https:\/\/portaltela.pt\/noticias\/2026\/04\/29\/pavilhao-russo-na-bienal-de-veneza-nao-abrira-ao-publico\/\"},\"author\":{\"name\":\"Telinha\",\"@id\":\"https:\/\/portaltela.pt\/#\/schema\/person\/c4278d4a6028830caff9ee44b42d32ed\"},\"headline\":\"Pavilh\u00e3o russo na Bienal de Veneza n\u00e3o abrir\u00e1 ao p\u00fablico\",\"datePublished\":\"2026-04-29T19:02:45+00:00\",\"mainEntityOfPage\":{\"@id\":\"https:\/\/portaltela.pt\/noticias\/2026\/04\/29\/pavilhao-russo-na-bienal-de-veneza-nao-abrira-ao-publico\/\"},\"wordCount\":253,\"image\":{\"@id\":\"https:\/\/portaltela.pt\/noticias\/2026\/04\/29\/pavilhao-russo-na-bienal-de-veneza-nao-abrira-ao-publico\/#primaryimage\"},\"thumbnailUrl\":\"https:\/\/portaltela.pt\/s.01k8rhncp4jt1\/2026\/04\/2085045.jpg\",\"keywords\":[\"_arte\",\"_direitos humanos\",\"_Israel\",\"_It\u00e1lia\",\"_organiza\u00e7\u00f5es internacionais\",\"_R\u00fassia\"],\"articleSection\":[\"Cultura\",\"Not\u00edcias\"],\"inLanguage\":\"pt-PT\"},{\"@type\":\"WebPage\",\"@id\":\"https:\/\/portaltela.pt\/noticias\/2026\/04\/29\/pavilhao-russo-na-bienal-de-veneza-nao-abrira-ao-publico\/\",\"url\":\"https:\/\/portaltela.pt\/noticias\/2026\/04\/29\/pavilhao-russo-na-bienal-de-veneza-nao-abrira-ao-publico\/\",\"name\":\"Pavilh\u00e3o russo na Bienal de Veneza n\u00e3o abrir\u00e1 ao p\u00fablico - Portal Tela Portugal\",\"isPartOf\":{\"@id\":\"https:\/\/portaltela.pt\/#website\"},\"primaryImageOfPage\":{\"@id\":\"https:\/\/portaltela.pt\/noticias\/2026\/04\/29\/pavilhao-russo-na-bienal-de-veneza-nao-abrira-ao-publico\/#primaryimage\"},\"image\":{\"@id\":\"https:\/\/portaltela.pt\/noticias\/2026\/04\/29\/pavilhao-russo-na-bienal-de-veneza-nao-abrira-ao-publico\/#primaryimage\"},\"thumbnailUrl\":\"https:\/\/portaltela.pt\/s.01k8rhncp4jt1\/2026\/04\/2085045.jpg\",\"datePublished\":\"2026-04-29T19:02:45+00:00\",\"author\":{\"@id\":\"https:\/\/portaltela.pt\/#\/schema\/person\/c4278d4a6028830caff9ee44b42d32ed\"},\"breadcrumb\":{\"@id\":\"https:\/\/portaltela.pt\/noticias\/2026\/04\/29\/pavilhao-russo-na-bienal-de-veneza-nao-abrira-ao-publico\/#breadcrumb\"},\"inLanguage\":\"pt-PT\",\"potentialAction\":[{\"@type\":\"ReadAction\",\"target\":[\"https:\/\/portaltela.pt\/noticias\/2026\/04\/29\/pavilhao-russo-na-bienal-de-veneza-nao-abrira-ao-publico\/\"]}]},{\"@type\":\"ImageObject\",\"inLanguage\":\"pt-PT\",\"@id\":\"https:\/\/portaltela.pt\/noticias\/2026\/04\/29\/pavilhao-russo-na-bienal-de-veneza-nao-abrira-ao-publico\/#primaryimage\",\"url\":\"https:\/\/portaltela.pt\/s.01k8rhncp4jt1\/2026\/04\/2085045.jpg\",\"contentUrl\":\"https:\/\/portaltela.pt\/s.01k8rhncp4jt1\/2026\/04\/2085045.jpg\",\"width\":796,\"height\":448,\"caption\":\"Edif\u00edcio do Pavilh\u00e3o da R\u00fassia na Bienal de Arte de Veneza\"},{\"@type\":\"BreadcrumbList\",\"@id\":\"https:\/\/portaltela.pt\/noticias\/2026\/04\/29\/pavilhao-russo-na-bienal-de-veneza-nao-abrira-ao-publico\/#breadcrumb\",\"itemListElement\":[{\"@type\":\"ListItem\",\"position\":1,\"name\":\"In\u00edcio\",\"item\":\"https:\/\/portaltela.pt\/\"},{\"@type\":\"ListItem\",\"position\":2,\"name\":\"Pavilh\u00e3o russo na Bienal de Veneza n\u00e3o abrir\u00e1 ao p\u00fablico\"}]},{\"@type\":\"WebSite\",\"@id\":\"https:\/\/portaltela.pt\/#website\",\"url\":\"https:\/\/portaltela.pt\/\",\"name\":\"Portal Tela Portugal\",\"description\":\"\",\"potentialAction\":[{\"@type\":\"SearchAction\",\"target\":{\"@type\":\"EntryPoint\",\"urlTemplate\":\"https:\/\/portaltela.pt\/?s={search_term_string}\"},\"query-input\":{\"@type\":\"PropertyValueSpecification\",\"valueRequired\":true,\"valueName\":\"search_term_string\"}}],\"inLanguage\":\"pt-PT\"},{\"@type\":\"Person\",\"@id\":\"https:\/\/portaltela.pt\/#\/schema\/person\/c4278d4a6028830caff9ee44b42d32ed\",\"name\":\"Telinha\",\"image\":{\"@type\":\"ImageObject\",\"inLanguage\":\"pt-PT\",\"@id\":\"https:\/\/portaltela.pt\/s.01k8rhncp4jt1\/2025\/11\/talking-bot-125x125.png\",\"url\":\"https:\/\/portaltela.pt\/s.01k8rhncp4jt1\/2025\/11\/talking-bot-125x125.png\",\"contentUrl\":\"https:\/\/portaltela.pt\/s.01k8rhncp4jt1\/2025\/11\/talking-bot-125x125.png\",\"caption\":\"Telinha\"},\"sameAs\":[\"https:\/\/portaltela.pt\/\"],\"url\":\"https:\/\/portaltela.pt\/por\/367410592786\/\"}]}<\/script>\n<!-- \/ Yoast SEO plugin. -->","yoast_head_json":{"title":"Pavilh\u00e3o russo na Bienal de Veneza n\u00e3o abrir\u00e1 ao p\u00fablico - Portal Tela Portugal","robots":{"index":"index","follow":"follow","max-snippet":"max-snippet:-1","max-image-preview":"max-image-preview:large","max-video-preview":"max-video-preview:-1"},"og_locale":"pt_PT","og_type":"article","og_title":"Pavilh\u00e3o russo na Bienal de Veneza n\u00e3o abrir\u00e1 ao p\u00fablico - Portal Tela Portugal","og_description":"O pavilh\u00e3o da R\u00fassia na Bienal de Veneza n\u00e3o abrir\u00e1 ao p\u00fablico durante a mostra oficial, apenas na pr\u00e9-inaugura\u00e7\u00e3o destinada a imprensa e profissionais das artes, entre 6 e 8 de maio. Durante o per\u00edodo oficial da bienal, de 9 de maio a 22 de novembro, o pavilh\u00e3o russo permanecer\u00e1 encerrado. A decis\u00e3o surge ap\u00f3s o j\u00fari ter anunciado que os pavilh\u00f5es da R\u00fassia e de Israel ficariam fora da corrida aos pr\u00e9mios, por acusa\u00e7\u00f5es de crimes contra a humanidade pelo Tribunal Penal Internacional. O pavilh\u00e3o de Israel continua, de momento, com o seu lugar garantido na bienal.","og_url":"https:\/\/portaltela.pt\/noticias\/2026\/04\/29\/pavilhao-russo-na-bienal-de-veneza-nao-abrira-ao-publico\/","og_site_name":"Portal Tela Portugal","article_published_time":"2026-04-29T19:02:45+00:00","author":"Telinha","twitter_card":"summary_large_image","twitter_misc":{"Escrito por":"Telinha","Tempo estimado de leitura":"1 minuto"},"schema":{"@context":"https:\/\/schema.org","@graph":[{"@type":"Article","@id":"https:\/\/portaltela.pt\/noticias\/2026\/04\/29\/pavilhao-russo-na-bienal-de-veneza-nao-abrira-ao-publico\/#article","isPartOf":{"@id":"https:\/\/portaltela.pt\/noticias\/2026\/04\/29\/pavilhao-russo-na-bienal-de-veneza-nao-abrira-ao-publico\/"},"author":{"name":"Telinha","@id":"https:\/\/portaltela.pt\/#\/schema\/person\/c4278d4a6028830caff9ee44b42d32ed"},"headline":"Pavilh\u00e3o russo na Bienal de Veneza n\u00e3o abrir\u00e1 ao p\u00fablico","datePublished":"2026-04-29T19:02:45+00:00","mainEntityOfPage":{"@id":"https:\/\/portaltela.pt\/noticias\/2026\/04\/29\/pavilhao-russo-na-bienal-de-veneza-nao-abrira-ao-publico\/"},"wordCount":253,"image":{"@id":"https:\/\/portaltela.pt\/noticias\/2026\/04\/29\/pavilhao-russo-na-bienal-de-veneza-nao-abrira-ao-publico\/#primaryimage"},"thumbnailUrl":"https:\/\/portaltela.pt\/s.01k8rhncp4jt1\/2026\/04\/2085045.jpg","keywords":["_arte","_direitos humanos","_Israel","_It\u00e1lia","_organiza\u00e7\u00f5es internacionais","_R\u00fassia"],"articleSection":["Cultura","Not\u00edcias"],"inLanguage":"pt-PT"},{"@type":"WebPage","@id":"https:\/\/portaltela.pt\/noticias\/2026\/04\/29\/pavilhao-russo-na-bienal-de-veneza-nao-abrira-ao-publico\/","url":"https:\/\/portaltela.pt\/noticias\/2026\/04\/29\/pavilhao-russo-na-bienal-de-veneza-nao-abrira-ao-publico\/","name":"Pavilh\u00e3o russo na Bienal de Veneza n\u00e3o abrir\u00e1 ao p\u00fablico - Portal Tela Portugal","isPartOf":{"@id":"https:\/\/portaltela.pt\/#website"},"primaryImageOfPage":{"@id":"https:\/\/portaltela.pt\/noticias\/2026\/04\/29\/pavilhao-russo-na-bienal-de-veneza-nao-abrira-ao-publico\/#primaryimage"},"image":{"@id":"https:\/\/portaltela.pt\/noticias\/2026\/04\/29\/pavilhao-russo-na-bienal-de-veneza-nao-abrira-ao-publico\/#primaryimage"},"thumbnailUrl":"https:\/\/portaltela.pt\/s.01k8rhncp4jt1\/2026\/04\/2085045.jpg","datePublished":"2026-04-29T19:02:45+00:00","author":{"@id":"https:\/\/portaltela.pt\/#\/schema\/person\/c4278d4a6028830caff9ee44b42d32ed"},"breadcrumb":{"@id":"https:\/\/portaltela.pt\/noticias\/2026\/04\/29\/pavilhao-russo-na-bienal-de-veneza-nao-abrira-ao-publico\/#breadcrumb"},"inLanguage":"pt-PT","potentialAction":[{"@type":"ReadAction","target":["https:\/\/portaltela.pt\/noticias\/2026\/04\/29\/pavilhao-russo-na-bienal-de-veneza-nao-abrira-ao-publico\/"]}]},{"@type":"ImageObject","inLanguage":"pt-PT","@id":"https:\/\/portaltela.pt\/noticias\/2026\/04\/29\/pavilhao-russo-na-bienal-de-veneza-nao-abrira-ao-publico\/#primaryimage","url":"https:\/\/portaltela.pt\/s.01k8rhncp4jt1\/2026\/04\/2085045.jpg","contentUrl":"https:\/\/portaltela.pt\/s.01k8rhncp4jt1\/2026\/04\/2085045.jpg","width":796,"height":448,"caption":"Edif\u00edcio do Pavilh\u00e3o da R\u00fassia na Bienal de Arte de Veneza"},{"@type":"BreadcrumbList","@id":"https:\/\/portaltela.pt\/noticias\/2026\/04\/29\/pavilhao-russo-na-bienal-de-veneza-nao-abrira-ao-publico\/#breadcrumb","itemListElement":[{"@type":"ListItem","position":1,"name":"In\u00edcio","item":"https:\/\/portaltela.pt\/"},{"@type":"ListItem","position":2,"name":"Pavilh\u00e3o russo na Bienal de Veneza n\u00e3o abrir\u00e1 ao p\u00fablico"}]},{"@type":"WebSite","@id":"https:\/\/portaltela.pt\/#website","url":"https:\/\/portaltela.pt\/","name":"Portal Tela Portugal","description":"","potentialAction":[{"@type":"SearchAction","target":{"@type":"EntryPoint","urlTemplate":"https:\/\/portaltela.pt\/?s={search_term_string}"},"query-input":{"@type":"PropertyValueSpecification","valueRequired":true,"valueName":"search_term_string"}}],"inLanguage":"pt-PT"},{"@type":"Person","@id":"https:\/\/portaltela.pt\/#\/schema\/person\/c4278d4a6028830caff9ee44b42d32ed","name":"Telinha","image":{"@type":"ImageObject","inLanguage":"pt-PT","@id":"https:\/\/portaltela.pt\/s.01k8rhncp4jt1\/2025\/11\/talking-bot-125x125.png","url":"https:\/\/portaltela.pt\/s.01k8rhncp4jt1\/2025\/11\/talking-bot-125x125.png","contentUrl":"https:\/\/portaltela.pt\/s.01k8rhncp4jt1\/2025\/11\/talking-bot-125x125.png","caption":"Telinha"},"sameAs":["https:\/\/portaltela.pt\/"],"url":"https:\/\/portaltela.pt\/por\/367410592786\/"}]}},"_links":{"self":[{"href":"https:\/\/portaltela.pt\/api\/wp\/v2\/posts\/461429","targetHints":{"allow":["GET"]}}],"collection":[{"href":"https:\/\/portaltela.pt\/api\/wp\/v2\/posts"}],"about":[{"href":"https:\/\/portaltela.pt\/api\/wp\/v2\/types\/post"}],"author":[{"embeddable":true,"href":"https:\/\/portaltela.pt\/api\/wp\/v2\/users\/2"}],"replies":[{"embeddable":true,"href":"https:\/\/portaltela.pt\/api\/wp\/v2\/comments?post=461429"}],"version-history":[{"count":0,"href":"https:\/\/portaltela.pt\/api\/wp\/v2\/posts\/461429\/revisions"}],"wp:featuredmedia":[{"embeddable":true,"href":"https:\/\/portaltela.pt\/api\/wp\/v2\/media\/461430"}],"wp:attachment":[{"href":"https:\/\/portaltela.pt\/api\/wp\/v2\/media?parent=461429"}],"wp:term":[{"taxonomy":"category","embeddable":true,"href":"https:\/\/portaltela.pt\/api\/wp\/v2\/categories?post=461429"},{"taxonomy":"post_tag","embeddable":true,"href":"https:\/\/portaltela.pt\/api\/wp\/v2\/tags?post=461429"}],"curies":[{"name":"wp","href":"https:\/\/api.w.org\/{rel}","templated":true}]}}