{"id":461424,"date":"2026-04-29T15:48:17","date_gmt":"2026-04-29T18:48:17","guid":{"rendered":"https:\/\/portaltela.pt\/noticias\/2026\/04\/29\/presidente-nomeia-claudia-ribeiro-chefe-da-casa-civil\/"},"modified":"2026-04-29T15:48:17","modified_gmt":"2026-04-29T18:48:17","slug":"presidente-nomeia-claudia-ribeiro-chefe-da-casa-civil","status":"publish","type":"post","link":"https:\/\/portaltela.pt\/noticias\/politica\/2026\/04\/29\/presidente-nomeia-claudia-ribeiro-chefe-da-casa-civil\/","title":{"rendered":"Presidente nomeia Cl\u00e1udia Ribeiro chefe da Casa Civil"},"content":{"rendered":"<p>O Presidente da Rep\u00fablica, Ant\u00f3nio Jos\u00e9 Seguro, nomeou Cl\u00e1udia Ribeiro para o cargo de chefe da Casa Civil. Ela assume o cargo ainda interino, que ocupava simultaneamente com as fun\u00e7\u00f5es de secret\u00e1ria do Conselho de Estado.<\/p>\n<p>A nomea\u00e7\u00e3o foi anunciada numa nota publicada no site oficial da Presid\u00eancia na manh\u00e3 desta quarta-feira. A Presid\u00eancia destacou que, pela primeira vez, uma mulher lidera a Casa Civil.<\/p>\n<p>Cristina Correia foi nomeada para o cargo de secret\u00e1ria do Conselho de Estado, segundo o mesmo comunicado. As nomea\u00e7\u00f5es visam consolidar a Casa Civil e encerrar uma fase de transi\u00e7\u00e3o.<\/p>\n<p>Cl\u00e1udia Ribeiro \u00e9 licenciada em Direito e tem mestrado em Gest\u00e3o e Pol\u00edticas P\u00fablicas. Ao longo da carreira, desempenhou fun\u00e7\u00f5es como assessora parlamentar e diretora de v\u00e1rias estruturas do Parlamento.<\/p>\n<p>Entre 2019 e 2021, dirigiu a Unidade de Publica\u00e7\u00f5es Oficiais na Imprensa Nacional \u2014 Casa da Moeda. Posteriormente foi consultora principal do Centro de Compet\u00eancias Jur\u00eddicas do Estado.<\/p>\n<p>A partir de mar\u00e7o de 2021, Ribeiro atuou como consultora para os Assuntos Pol\u00edticos do anterior Presidente, Marcelo Rebelo de Sousa. Possui p\u00f3s-gradua\u00e7\u00f5es em Corporate Governance, Compliance e Supervis\u00e3o P\u00fablica (2022) e Direito da Defesa Nacional (2024).<\/p>\n<p>Em mar\u00e7o, data da tomada de posse de Seguro, j\u00e1 tinha sido divulgado que Ribeiro assumiria transitoriamente a chefia da Casa Civil. A nomea\u00e7\u00e3o formal ocorreu cerca de m\u00eas e meio depois.<\/p>\n<p>Segundo a Presid\u00eancia, as nomea\u00e7\u00f5es consolidam a organiza\u00e7\u00e3o da Casa Civil e asseguram a continuidade dos trabalhos em curso. A nota ressalta a rela\u00e7\u00e3o de confian\u00e7a entre Ribeiro e o Presidente.<\/p>\n<p>A nomea\u00e7\u00e3o de Ribeiro evidencia, ainda, o compromisso com uma representa\u00e7\u00e3o mais equilibrada nas altas responsabilidades p\u00fablicas, conforme a nota oficial. N\u00e3o foram apresentadas declara\u00e7\u00f5es adicionais.<\/p>\n","protected":false},"excerpt":{"rendered":"<ul>\n<li>O Presidente da Rep\u00fablica, Ant\u00f3nio Jos\u00e9 Seguro, nomeou Cl\u00e1udia Ribeiro para chefe da Casa Civil, cargo que exercia interinamente, em simult\u00e2neo com secret\u00e1ria do Conselho de Estado.<\/li>\n<li>Cristina Correia foi nomeada para secret\u00e1ria do Conselho de Estado.<\/li>\n<li>A Presid\u00eancia afirma que as nomea\u00e7\u00f5es consolidam a Casa Civil e encerram uma fase de transi\u00e7\u00e3o, assegurando a continuidade e a boa gest\u00e3o dos dossiers em curso.<\/li>\n<li>Cl\u00e1udia Ribeiro \u00e9 licenciada em Direito, com mestrado em Gest\u00e3o e Pol\u00edticas P\u00fablicas, e j\u00e1 ocupou diversos cargos, entre os quais assessora parlamentar, diretora do Centro de Forma\u00e7\u00e3o Parlamentar e Interparlamentar, chefe da Divis\u00e3o de Apoio \u00e0s Comiss\u00f5es e diretora de servi\u00e7os de apoio parlamentar.<\/li>\n<li>Possui p\u00f3s-gradua\u00e7\u00f5es em Corporate Governance, Compliance e Supervis\u00e3o P\u00fablica (2022), em Direito da Defesa Nacional (2024) e realizou um Curso Intensivo em Direito e Pr\u00e1tica da Intelig\u00eancia Artificial (2026).<\/li>\n<\/ul>\n","protected":false},"author":2,"featured_media":461428,"comment_status":"closed","ping_status":"closed","sticky":false,"template":"","format":"standard","meta":{"footnotes":""},"categories":[1,5],"tags":[9046,7952,8095,7947,8059,8229],"class_list":["post-461424","post","type-post","status-publish","format-standard","has-post-thumbnail","hentry","category-noticias","category-politica","tag-_antonio-costa","tag-_governo","tag-_lideranca","tag-_mulheres","tag-_politica-interna","tag-_presidente"],"yoast_head":"<!-- This site is optimized with the Yoast SEO plugin v27.2 - https:\/\/yoast.com\/product\/yoast-seo-wordpress\/ -->\n<title>Presidente nomeia Cl\u00e1udia Ribeiro chefe da Casa Civil - Portal Tela Portugal<\/title>\n<meta name=\"robots\" content=\"index, follow, max-snippet:-1, max-image-preview:large, max-video-preview:-1\" \/>\n<meta property=\"og:locale\" content=\"pt_PT\" \/>\n<meta property=\"og:type\" content=\"article\" \/>\n<meta property=\"og:title\" content=\"Presidente nomeia Cl\u00e1udia Ribeiro chefe da Casa Civil - Portal Tela Portugal\" \/>\n<meta property=\"og:description\" content=\"O Presidente da Rep\u00fablica, Ant\u00f3nio Jos\u00e9 Seguro, nomeou Cl\u00e1udia Ribeiro para chefe da Casa Civil, cargo que exercia interinamente, em simult\u00e2neo com secret\u00e1ria do Conselho de Estado. Cristina Correia foi nomeada para secret\u00e1ria do Conselho de Estado. A Presid\u00eancia afirma que as nomea\u00e7\u00f5es consolidam a Casa Civil e encerram uma fase de transi\u00e7\u00e3o, assegurando a continuidade e a boa gest\u00e3o dos dossiers em curso. Cl\u00e1udia Ribeiro \u00e9 licenciada em Direito, com mestrado em Gest\u00e3o e Pol\u00edticas P\u00fablicas, e j\u00e1 ocupou diversos cargos, entre os quais assessora parlamentar, diretora do Centro de Forma\u00e7\u00e3o Parlamentar e Interparlamentar, chefe da Divis\u00e3o de Apoio \u00e0s Comiss\u00f5es e diretora de servi\u00e7os de apoio parlamentar. Possui p\u00f3s-gradua\u00e7\u00f5es em Corporate Governance, Compliance e Supervis\u00e3o P\u00fablica (2022), em Direito da Defesa Nacional (2024) e realizou um Curso Intensivo em Direito e Pr\u00e1tica da Intelig\u00eancia Artificial (2026).\" \/>\n<meta property=\"og:url\" content=\"https:\/\/portaltela.pt\/noticias\/2026\/04\/29\/presidente-nomeia-claudia-ribeiro-chefe-da-casa-civil\/\" \/>\n<meta property=\"og:site_name\" content=\"Portal Tela Portugal\" \/>\n<meta property=\"article:published_time\" content=\"2026-04-29T18:48:17+00:00\" \/>\n<meta name=\"author\" content=\"Telinha\" \/>\n<meta name=\"twitter:card\" content=\"summary_large_image\" \/>\n<meta name=\"twitter:label1\" content=\"Escrito por\" \/>\n\t<meta name=\"twitter:data1\" content=\"Telinha\" \/>\n\t<meta name=\"twitter:label2\" content=\"Tempo estimado de leitura\" \/>\n\t<meta name=\"twitter:data2\" content=\"2 minutos\" \/>\n<script type=\"application\/ld+json\" class=\"yoast-schema-graph\">{\"@context\":\"https:\/\/schema.org\",\"@graph\":[{\"@type\":\"Article\",\"@id\":\"https:\/\/portaltela.pt\/noticias\/2026\/04\/29\/presidente-nomeia-claudia-ribeiro-chefe-da-casa-civil\/#article\",\"isPartOf\":{\"@id\":\"https:\/\/portaltela.pt\/noticias\/2026\/04\/29\/presidente-nomeia-claudia-ribeiro-chefe-da-casa-civil\/\"},\"author\":{\"name\":\"Telinha\",\"@id\":\"https:\/\/portaltela.pt\/#\/schema\/person\/c4278d4a6028830caff9ee44b42d32ed\"},\"headline\":\"Presidente nomeia Cl\u00e1udia Ribeiro chefe da Casa Civil\",\"datePublished\":\"2026-04-29T18:48:17+00:00\",\"mainEntityOfPage\":{\"@id\":\"https:\/\/portaltela.pt\/noticias\/2026\/04\/29\/presidente-nomeia-claudia-ribeiro-chefe-da-casa-civil\/\"},\"wordCount\":320,\"image\":{\"@id\":\"https:\/\/portaltela.pt\/noticias\/2026\/04\/29\/presidente-nomeia-claudia-ribeiro-chefe-da-casa-civil\/#primaryimage\"},\"thumbnailUrl\":\"https:\/\/portaltela.pt\/s.01k8rhncp4jt1\/2026\/04\/img_1280x721uu2026-04-02-20-42-31-2276343.jpg\",\"keywords\":[\"_Ant\u00f3nio Costa\",\"_governo\",\"_lideran\u00e7a\",\"_mulheres\",\"_pol\u00edtica interna\",\"_presidente\"],\"articleSection\":[\"Not\u00edcias\",\"Pol\u00edtica\"],\"inLanguage\":\"pt-PT\"},{\"@type\":\"WebPage\",\"@id\":\"https:\/\/portaltela.pt\/noticias\/2026\/04\/29\/presidente-nomeia-claudia-ribeiro-chefe-da-casa-civil\/\",\"url\":\"https:\/\/portaltela.pt\/noticias\/2026\/04\/29\/presidente-nomeia-claudia-ribeiro-chefe-da-casa-civil\/\",\"name\":\"Presidente nomeia Cl\u00e1udia Ribeiro chefe da Casa Civil - Portal Tela Portugal\",\"isPartOf\":{\"@id\":\"https:\/\/portaltela.pt\/#website\"},\"primaryImageOfPage\":{\"@id\":\"https:\/\/portaltela.pt\/noticias\/2026\/04\/29\/presidente-nomeia-claudia-ribeiro-chefe-da-casa-civil\/#primaryimage\"},\"image\":{\"@id\":\"https:\/\/portaltela.pt\/noticias\/2026\/04\/29\/presidente-nomeia-claudia-ribeiro-chefe-da-casa-civil\/#primaryimage\"},\"thumbnailUrl\":\"https:\/\/portaltela.pt\/s.01k8rhncp4jt1\/2026\/04\/img_1280x721uu2026-04-02-20-42-31-2276343.jpg\",\"datePublished\":\"2026-04-29T18:48:17+00:00\",\"author\":{\"@id\":\"https:\/\/portaltela.pt\/#\/schema\/person\/c4278d4a6028830caff9ee44b42d32ed\"},\"breadcrumb\":{\"@id\":\"https:\/\/portaltela.pt\/noticias\/2026\/04\/29\/presidente-nomeia-claudia-ribeiro-chefe-da-casa-civil\/#breadcrumb\"},\"inLanguage\":\"pt-PT\",\"potentialAction\":[{\"@type\":\"ReadAction\",\"target\":[\"https:\/\/portaltela.pt\/noticias\/2026\/04\/29\/presidente-nomeia-claudia-ribeiro-chefe-da-casa-civil\/\"]}]},{\"@type\":\"ImageObject\",\"inLanguage\":\"pt-PT\",\"@id\":\"https:\/\/portaltela.pt\/noticias\/2026\/04\/29\/presidente-nomeia-claudia-ribeiro-chefe-da-casa-civil\/#primaryimage\",\"url\":\"https:\/\/portaltela.pt\/s.01k8rhncp4jt1\/2026\/04\/img_1280x721uu2026-04-02-20-42-31-2276343.jpg\",\"contentUrl\":\"https:\/\/portaltela.pt\/s.01k8rhncp4jt1\/2026\/04\/img_1280x721uu2026-04-02-20-42-31-2276343.jpg\",\"width\":796,\"height\":448,\"caption\":\"Photo\"},{\"@type\":\"BreadcrumbList\",\"@id\":\"https:\/\/portaltela.pt\/noticias\/2026\/04\/29\/presidente-nomeia-claudia-ribeiro-chefe-da-casa-civil\/#breadcrumb\",\"itemListElement\":[{\"@type\":\"ListItem\",\"position\":1,\"name\":\"In\u00edcio\",\"item\":\"https:\/\/portaltela.pt\/\"},{\"@type\":\"ListItem\",\"position\":2,\"name\":\"Presidente nomeia Cl\u00e1udia Ribeiro chefe da Casa Civil\"}]},{\"@type\":\"WebSite\",\"@id\":\"https:\/\/portaltela.pt\/#website\",\"url\":\"https:\/\/portaltela.pt\/\",\"name\":\"Portal Tela Portugal\",\"description\":\"\",\"potentialAction\":[{\"@type\":\"SearchAction\",\"target\":{\"@type\":\"EntryPoint\",\"urlTemplate\":\"https:\/\/portaltela.pt\/?s={search_term_string}\"},\"query-input\":{\"@type\":\"PropertyValueSpecification\",\"valueRequired\":true,\"valueName\":\"search_term_string\"}}],\"inLanguage\":\"pt-PT\"},{\"@type\":\"Person\",\"@id\":\"https:\/\/portaltela.pt\/#\/schema\/person\/c4278d4a6028830caff9ee44b42d32ed\",\"name\":\"Telinha\",\"image\":{\"@type\":\"ImageObject\",\"inLanguage\":\"pt-PT\",\"@id\":\"https:\/\/portaltela.pt\/s.01k8rhncp4jt1\/2025\/11\/talking-bot-125x125.png\",\"url\":\"https:\/\/portaltela.pt\/s.01k8rhncp4jt1\/2025\/11\/talking-bot-125x125.png\",\"contentUrl\":\"https:\/\/portaltela.pt\/s.01k8rhncp4jt1\/2025\/11\/talking-bot-125x125.png\",\"caption\":\"Telinha\"},\"sameAs\":[\"https:\/\/portaltela.pt\/\"],\"url\":\"https:\/\/portaltela.pt\/por\/367410592786\/\"}]}<\/script>\n<!-- \/ Yoast SEO plugin. -->","yoast_head_json":{"title":"Presidente nomeia Cl\u00e1udia Ribeiro chefe da Casa Civil - Portal Tela Portugal","robots":{"index":"index","follow":"follow","max-snippet":"max-snippet:-1","max-image-preview":"max-image-preview:large","max-video-preview":"max-video-preview:-1"},"og_locale":"pt_PT","og_type":"article","og_title":"Presidente nomeia Cl\u00e1udia Ribeiro chefe da Casa Civil - Portal Tela Portugal","og_description":"O Presidente da Rep\u00fablica, Ant\u00f3nio Jos\u00e9 Seguro, nomeou Cl\u00e1udia Ribeiro para chefe da Casa Civil, cargo que exercia interinamente, em simult\u00e2neo com secret\u00e1ria do Conselho de Estado. Cristina Correia foi nomeada para secret\u00e1ria do Conselho de Estado. A Presid\u00eancia afirma que as nomea\u00e7\u00f5es consolidam a Casa Civil e encerram uma fase de transi\u00e7\u00e3o, assegurando a continuidade e a boa gest\u00e3o dos dossiers em curso. Cl\u00e1udia Ribeiro \u00e9 licenciada em Direito, com mestrado em Gest\u00e3o e Pol\u00edticas P\u00fablicas, e j\u00e1 ocupou diversos cargos, entre os quais assessora parlamentar, diretora do Centro de Forma\u00e7\u00e3o Parlamentar e Interparlamentar, chefe da Divis\u00e3o de Apoio \u00e0s Comiss\u00f5es e diretora de servi\u00e7os de apoio parlamentar. Possui p\u00f3s-gradua\u00e7\u00f5es em Corporate Governance, Compliance e Supervis\u00e3o P\u00fablica (2022), em Direito da Defesa Nacional (2024) e realizou um Curso Intensivo em Direito e Pr\u00e1tica da Intelig\u00eancia Artificial (2026).","og_url":"https:\/\/portaltela.pt\/noticias\/2026\/04\/29\/presidente-nomeia-claudia-ribeiro-chefe-da-casa-civil\/","og_site_name":"Portal Tela Portugal","article_published_time":"2026-04-29T18:48:17+00:00","author":"Telinha","twitter_card":"summary_large_image","twitter_misc":{"Escrito por":"Telinha","Tempo estimado de leitura":"2 minutos"},"schema":{"@context":"https:\/\/schema.org","@graph":[{"@type":"Article","@id":"https:\/\/portaltela.pt\/noticias\/2026\/04\/29\/presidente-nomeia-claudia-ribeiro-chefe-da-casa-civil\/#article","isPartOf":{"@id":"https:\/\/portaltela.pt\/noticias\/2026\/04\/29\/presidente-nomeia-claudia-ribeiro-chefe-da-casa-civil\/"},"author":{"name":"Telinha","@id":"https:\/\/portaltela.pt\/#\/schema\/person\/c4278d4a6028830caff9ee44b42d32ed"},"headline":"Presidente nomeia Cl\u00e1udia Ribeiro chefe da Casa Civil","datePublished":"2026-04-29T18:48:17+00:00","mainEntityOfPage":{"@id":"https:\/\/portaltela.pt\/noticias\/2026\/04\/29\/presidente-nomeia-claudia-ribeiro-chefe-da-casa-civil\/"},"wordCount":320,"image":{"@id":"https:\/\/portaltela.pt\/noticias\/2026\/04\/29\/presidente-nomeia-claudia-ribeiro-chefe-da-casa-civil\/#primaryimage"},"thumbnailUrl":"https:\/\/portaltela.pt\/s.01k8rhncp4jt1\/2026\/04\/img_1280x721uu2026-04-02-20-42-31-2276343.jpg","keywords":["_Ant\u00f3nio Costa","_governo","_lideran\u00e7a","_mulheres","_pol\u00edtica interna","_presidente"],"articleSection":["Not\u00edcias","Pol\u00edtica"],"inLanguage":"pt-PT"},{"@type":"WebPage","@id":"https:\/\/portaltela.pt\/noticias\/2026\/04\/29\/presidente-nomeia-claudia-ribeiro-chefe-da-casa-civil\/","url":"https:\/\/portaltela.pt\/noticias\/2026\/04\/29\/presidente-nomeia-claudia-ribeiro-chefe-da-casa-civil\/","name":"Presidente nomeia Cl\u00e1udia Ribeiro chefe da Casa Civil - Portal Tela Portugal","isPartOf":{"@id":"https:\/\/portaltela.pt\/#website"},"primaryImageOfPage":{"@id":"https:\/\/portaltela.pt\/noticias\/2026\/04\/29\/presidente-nomeia-claudia-ribeiro-chefe-da-casa-civil\/#primaryimage"},"image":{"@id":"https:\/\/portaltela.pt\/noticias\/2026\/04\/29\/presidente-nomeia-claudia-ribeiro-chefe-da-casa-civil\/#primaryimage"},"thumbnailUrl":"https:\/\/portaltela.pt\/s.01k8rhncp4jt1\/2026\/04\/img_1280x721uu2026-04-02-20-42-31-2276343.jpg","datePublished":"2026-04-29T18:48:17+00:00","author":{"@id":"https:\/\/portaltela.pt\/#\/schema\/person\/c4278d4a6028830caff9ee44b42d32ed"},"breadcrumb":{"@id":"https:\/\/portaltela.pt\/noticias\/2026\/04\/29\/presidente-nomeia-claudia-ribeiro-chefe-da-casa-civil\/#breadcrumb"},"inLanguage":"pt-PT","potentialAction":[{"@type":"ReadAction","target":["https:\/\/portaltela.pt\/noticias\/2026\/04\/29\/presidente-nomeia-claudia-ribeiro-chefe-da-casa-civil\/"]}]},{"@type":"ImageObject","inLanguage":"pt-PT","@id":"https:\/\/portaltela.pt\/noticias\/2026\/04\/29\/presidente-nomeia-claudia-ribeiro-chefe-da-casa-civil\/#primaryimage","url":"https:\/\/portaltela.pt\/s.01k8rhncp4jt1\/2026\/04\/img_1280x721uu2026-04-02-20-42-31-2276343.jpg","contentUrl":"https:\/\/portaltela.pt\/s.01k8rhncp4jt1\/2026\/04\/img_1280x721uu2026-04-02-20-42-31-2276343.jpg","width":796,"height":448,"caption":"Photo"},{"@type":"BreadcrumbList","@id":"https:\/\/portaltela.pt\/noticias\/2026\/04\/29\/presidente-nomeia-claudia-ribeiro-chefe-da-casa-civil\/#breadcrumb","itemListElement":[{"@type":"ListItem","position":1,"name":"In\u00edcio","item":"https:\/\/portaltela.pt\/"},{"@type":"ListItem","position":2,"name":"Presidente nomeia Cl\u00e1udia Ribeiro chefe da Casa Civil"}]},{"@type":"WebSite","@id":"https:\/\/portaltela.pt\/#website","url":"https:\/\/portaltela.pt\/","name":"Portal Tela Portugal","description":"","potentialAction":[{"@type":"SearchAction","target":{"@type":"EntryPoint","urlTemplate":"https:\/\/portaltela.pt\/?s={search_term_string}"},"query-input":{"@type":"PropertyValueSpecification","valueRequired":true,"valueName":"search_term_string"}}],"inLanguage":"pt-PT"},{"@type":"Person","@id":"https:\/\/portaltela.pt\/#\/schema\/person\/c4278d4a6028830caff9ee44b42d32ed","name":"Telinha","image":{"@type":"ImageObject","inLanguage":"pt-PT","@id":"https:\/\/portaltela.pt\/s.01k8rhncp4jt1\/2025\/11\/talking-bot-125x125.png","url":"https:\/\/portaltela.pt\/s.01k8rhncp4jt1\/2025\/11\/talking-bot-125x125.png","contentUrl":"https:\/\/portaltela.pt\/s.01k8rhncp4jt1\/2025\/11\/talking-bot-125x125.png","caption":"Telinha"},"sameAs":["https:\/\/portaltela.pt\/"],"url":"https:\/\/portaltela.pt\/por\/367410592786\/"}]}},"_links":{"self":[{"href":"https:\/\/portaltela.pt\/api\/wp\/v2\/posts\/461424","targetHints":{"allow":["GET"]}}],"collection":[{"href":"https:\/\/portaltela.pt\/api\/wp\/v2\/posts"}],"about":[{"href":"https:\/\/portaltela.pt\/api\/wp\/v2\/types\/post"}],"author":[{"embeddable":true,"href":"https:\/\/portaltela.pt\/api\/wp\/v2\/users\/2"}],"replies":[{"embeddable":true,"href":"https:\/\/portaltela.pt\/api\/wp\/v2\/comments?post=461424"}],"version-history":[{"count":0,"href":"https:\/\/portaltela.pt\/api\/wp\/v2\/posts\/461424\/revisions"}],"wp:featuredmedia":[{"embeddable":true,"href":"https:\/\/portaltela.pt\/api\/wp\/v2\/media\/461428"}],"wp:attachment":[{"href":"https:\/\/portaltela.pt\/api\/wp\/v2\/media?parent=461424"}],"wp:term":[{"taxonomy":"category","embeddable":true,"href":"https:\/\/portaltela.pt\/api\/wp\/v2\/categories?post=461424"},{"taxonomy":"post_tag","embeddable":true,"href":"https:\/\/portaltela.pt\/api\/wp\/v2\/tags?post=461424"}],"curies":[{"name":"wp","href":"https:\/\/api.w.org\/{rel}","templated":true}]}}