{"id":461423,"date":"2026-04-29T15:48:19","date_gmt":"2026-04-29T18:48:19","guid":{"rendered":"https:\/\/portaltela.pt\/noticias\/2026\/04\/29\/putin-e-trump-discutem-guerra-no-irao-e-cessar-fogo-na-ucrania\/"},"modified":"2026-04-29T15:48:19","modified_gmt":"2026-04-29T18:48:19","slug":"putin-e-trump-discutem-guerra-no-irao-e-cessar-fogo-na-ucrania","status":"publish","type":"post","link":"https:\/\/portaltela.pt\/noticias\/internacional\/2026\/04\/29\/putin-e-trump-discutem-guerra-no-irao-e-cessar-fogo-na-ucrania\/","title":{"rendered":"Putin e Trump discutem guerra no Ir\u00e3o e cessar-fogo na Ucr\u00e2nia"},"content":{"rendered":"<p>O presidente russo, Vladimir Putin, manteve uma conversa telef\u00f3nica com o l\u00edder norte-americano, Donald Trump, que durou mais de uma hora e meia. O contacto foi descrito como franco e objetivo, com prioridades na situa\u00e7\u00e3o no Ir\u00e3o e no Golfo P\u00e9rsico, bem como na guerra na Ucr\u00e2nia.<\/p>\n<p>Segundo Yuri Ushakov, conselheiro de Putin, ambos os dirigentes destacaram a import\u00e2ncia de uma solu\u00e7\u00e3o diplom\u00e1tica no M\u00e9dio Oriente. Putin apoiou a decis\u00e3o de Trump de prolongar o cessar-fogo com o Ir\u00e3o, para facilitar negocia\u00e7\u00f5es e estabilizar a regi\u00e3o, ao mesmo tempo que alertou para consequ\u00eancias de novas a\u00e7\u00f5es militares.<\/p>\n<p>A conversa abordou ainda a guerra na Ucr\u00e2nia. Ushakov informou que Putin descreveu a situa\u00e7\u00e3o ao longo da linha de contacto, com as for\u00e7as russas mantendo a iniciativa. Os dois l\u00edderes partilharam avalia\u00e7\u00f5es sobre o comportamento do regime de Kiev.<\/p>\n<h3>Cessar-fogo e Dia da Vit\u00f3ria<\/h3>\n<p>Putin indicou estar dispon\u00edvel para declarar um cessar-fogo durante as celebra\u00e7\u00f5es do Dia da Vit\u00f3ria, a 9 de maio. Trump apoiou a hip\u00f3tese, considerando o feriado como uma vit\u00f3ria partilhada. O Kremlin confirmou que o evento ser\u00e1 reduzido devido a riscos de retalia\u00e7\u00e3o.<\/p>\n<p>A 9 de maio, a R\u00fassia comemora a vit\u00f3ria sobre a Alemanha nazi. A celebra\u00e7\u00e3o tradicional inclui um desfile em Moscovo, mas este ano ter\u00e1 formato reduzido por precau\u00e7\u00e3o, segundo o governo russo.<\/p>\n<p>O ir para al\u00e9m do evento, a Ucr\u00e2nia mantinha, entretanto, a comemora\u00e7\u00e3o associada \u00e0 data europeia de 8 de maio, data de rendi\u00e7\u00e3o nazista reconhecida pelos aliados, ajustada na pr\u00e1tica pela diferen\u00e7a de fusos hor\u00e1rios.<\/p>\n","protected":false},"excerpt":{"rendered":"<ul>\n<li>Putin e Trump falaram por mais de 90 minutos por telefone, discutindo a guerra no M\u00e9dio Oriente e a situa\u00e7\u00e3o na Ucr\u00e2nia.<\/li>\n<li>Os dois l\u00edderes deram especial aten\u00e7\u00e3o ao Ir\u00e3o e ao Golfo P\u00e9rsico, com Trump a classificar o telefonema como &#8220;muito bom&#8221;.<\/li>\n<li>Putin apoiou a decis\u00e3o de manter o cessar-fogo com o Ir\u00e3o, destacando que pode facilitar negocia\u00e7\u00f5es e estabilizar a regi\u00e3o, mas alertou para consequ\u00eancias de a\u00e7\u00f5es militares futuras.<\/li>\n<li>Sobre a Ucr\u00e2nia, Putin descreveu a posi\u00e7\u00e3o das suas for\u00e7as ao longo da linha de contacto e ambos concordaram em avalia\u00e7\u00f5es semelhantes sobre o regime de Kiev.<\/li>\n<li>Foi apontado o cessar-fogo para o Dia da Vit\u00f3ria, a 9 de maio, com Trump a apoiar a iniciativa; o Kremlin informou que o evento seria reduzido por precau\u00e7\u00e3o face a poss\u00edveis ataques.<\/li>\n<\/ul>\n","protected":false},"author":2,"featured_media":461427,"comment_status":"closed","ping_status":"closed","sticky":false,"template":"","format":"standard","meta":{"footnotes":""},"categories":[6814,4],"tags":[8775,7986,8132,7962,8035,7994],"class_list":["post-461423","post","type-post","status-publish","format-standard","has-post-thumbnail","hentry","category-geopolitica","category-internacional","tag-_cessar-fogo","tag-_estados-unidos","tag-_iran","tag-_politica-externa","tag-_russia","tag-_ucrania"],"yoast_head":"<!-- This site is optimized with the Yoast SEO plugin v27.2 - https:\/\/yoast.com\/product\/yoast-seo-wordpress\/ -->\n<title>Putin e Trump discutem guerra no Ir\u00e3o e cessar-fogo na Ucr\u00e2nia - Portal Tela Portugal<\/title>\n<meta name=\"robots\" content=\"index, follow, max-snippet:-1, max-image-preview:large, max-video-preview:-1\" \/>\n<meta property=\"og:locale\" content=\"pt_PT\" \/>\n<meta property=\"og:type\" content=\"article\" \/>\n<meta property=\"og:title\" content=\"Putin e Trump discutem guerra no Ir\u00e3o e cessar-fogo na Ucr\u00e2nia - Portal Tela Portugal\" \/>\n<meta property=\"og:description\" content=\"Putin e Trump falaram por mais de 90 minutos por telefone, discutindo a guerra no M\u00e9dio Oriente e a situa\u00e7\u00e3o na Ucr\u00e2nia. Os dois l\u00edderes deram especial aten\u00e7\u00e3o ao Ir\u00e3o e ao Golfo P\u00e9rsico, com Trump a classificar o telefonema como &quot;muito bom&quot;. Putin apoiou a decis\u00e3o de manter o cessar-fogo com o Ir\u00e3o, destacando que pode facilitar negocia\u00e7\u00f5es e estabilizar a regi\u00e3o, mas alertou para consequ\u00eancias de a\u00e7\u00f5es militares futuras. Sobre a Ucr\u00e2nia, Putin descreveu a posi\u00e7\u00e3o das suas for\u00e7as ao longo da linha de contacto e ambos concordaram em avalia\u00e7\u00f5es semelhantes sobre o regime de Kiev. Foi apontado o cessar-fogo para o Dia da Vit\u00f3ria, a 9 de maio, com Trump a apoiar a iniciativa; o Kremlin informou que o evento seria reduzido por precau\u00e7\u00e3o face a poss\u00edveis ataques.\" \/>\n<meta property=\"og:url\" content=\"https:\/\/portaltela.pt\/noticias\/2026\/04\/29\/putin-e-trump-discutem-guerra-no-irao-e-cessar-fogo-na-ucrania\/\" \/>\n<meta property=\"og:site_name\" content=\"Portal Tela Portugal\" \/>\n<meta property=\"article:published_time\" content=\"2026-04-29T18:48:19+00:00\" \/>\n<meta name=\"author\" content=\"Telinha\" \/>\n<meta name=\"twitter:card\" content=\"summary_large_image\" \/>\n<meta name=\"twitter:label1\" content=\"Escrito por\" \/>\n\t<meta name=\"twitter:data1\" content=\"Telinha\" \/>\n\t<meta name=\"twitter:label2\" content=\"Tempo estimado de leitura\" \/>\n\t<meta name=\"twitter:data2\" content=\"1 minuto\" \/>\n<script type=\"application\/ld+json\" class=\"yoast-schema-graph\">{\"@context\":\"https:\/\/schema.org\",\"@graph\":[{\"@type\":\"Article\",\"@id\":\"https:\/\/portaltela.pt\/noticias\/2026\/04\/29\/putin-e-trump-discutem-guerra-no-irao-e-cessar-fogo-na-ucrania\/#article\",\"isPartOf\":{\"@id\":\"https:\/\/portaltela.pt\/noticias\/2026\/04\/29\/putin-e-trump-discutem-guerra-no-irao-e-cessar-fogo-na-ucrania\/\"},\"author\":{\"name\":\"Telinha\",\"@id\":\"https:\/\/portaltela.pt\/#\/schema\/person\/c4278d4a6028830caff9ee44b42d32ed\"},\"headline\":\"Putin e Trump discutem guerra no Ir\u00e3o e cessar-fogo na Ucr\u00e2nia\",\"datePublished\":\"2026-04-29T18:48:19+00:00\",\"mainEntityOfPage\":{\"@id\":\"https:\/\/portaltela.pt\/noticias\/2026\/04\/29\/putin-e-trump-discutem-guerra-no-irao-e-cessar-fogo-na-ucrania\/\"},\"wordCount\":301,\"image\":{\"@id\":\"https:\/\/portaltela.pt\/noticias\/2026\/04\/29\/putin-e-trump-discutem-guerra-no-irao-e-cessar-fogo-na-ucrania\/#primaryimage\"},\"thumbnailUrl\":\"https:\/\/portaltela.pt\/s.01k8rhncp4jt1\/2026\/04\/image-1672.jpg\",\"keywords\":[\"_cessar-fogo\",\"_Estados Unidos\",\"_\u00cdr\u00e1n\",\"_pol\u00edtica externa\",\"_R\u00fassia\",\"_Ucr\u00e2nia\"],\"articleSection\":[\"Geopol\u00edtica\",\"Internacional\"],\"inLanguage\":\"pt-PT\"},{\"@type\":\"WebPage\",\"@id\":\"https:\/\/portaltela.pt\/noticias\/2026\/04\/29\/putin-e-trump-discutem-guerra-no-irao-e-cessar-fogo-na-ucrania\/\",\"url\":\"https:\/\/portaltela.pt\/noticias\/2026\/04\/29\/putin-e-trump-discutem-guerra-no-irao-e-cessar-fogo-na-ucrania\/\",\"name\":\"Putin e Trump discutem guerra no Ir\u00e3o e cessar-fogo na Ucr\u00e2nia - Portal Tela Portugal\",\"isPartOf\":{\"@id\":\"https:\/\/portaltela.pt\/#website\"},\"primaryImageOfPage\":{\"@id\":\"https:\/\/portaltela.pt\/noticias\/2026\/04\/29\/putin-e-trump-discutem-guerra-no-irao-e-cessar-fogo-na-ucrania\/#primaryimage\"},\"image\":{\"@id\":\"https:\/\/portaltela.pt\/noticias\/2026\/04\/29\/putin-e-trump-discutem-guerra-no-irao-e-cessar-fogo-na-ucrania\/#primaryimage\"},\"thumbnailUrl\":\"https:\/\/portaltela.pt\/s.01k8rhncp4jt1\/2026\/04\/image-1672.jpg\",\"datePublished\":\"2026-04-29T18:48:19+00:00\",\"author\":{\"@id\":\"https:\/\/portaltela.pt\/#\/schema\/person\/c4278d4a6028830caff9ee44b42d32ed\"},\"breadcrumb\":{\"@id\":\"https:\/\/portaltela.pt\/noticias\/2026\/04\/29\/putin-e-trump-discutem-guerra-no-irao-e-cessar-fogo-na-ucrania\/#breadcrumb\"},\"inLanguage\":\"pt-PT\",\"potentialAction\":[{\"@type\":\"ReadAction\",\"target\":[\"https:\/\/portaltela.pt\/noticias\/2026\/04\/29\/putin-e-trump-discutem-guerra-no-irao-e-cessar-fogo-na-ucrania\/\"]}]},{\"@type\":\"ImageObject\",\"inLanguage\":\"pt-PT\",\"@id\":\"https:\/\/portaltela.pt\/noticias\/2026\/04\/29\/putin-e-trump-discutem-guerra-no-irao-e-cessar-fogo-na-ucrania\/#primaryimage\",\"url\":\"https:\/\/portaltela.pt\/s.01k8rhncp4jt1\/2026\/04\/image-1672.jpg\",\"contentUrl\":\"https:\/\/portaltela.pt\/s.01k8rhncp4jt1\/2026\/04\/image-1672.jpg\",\"width\":796,\"height\":448,\"caption\":\"Vladimir Putin conversou por mais de uma hora e meia com Donald Trump\"},{\"@type\":\"BreadcrumbList\",\"@id\":\"https:\/\/portaltela.pt\/noticias\/2026\/04\/29\/putin-e-trump-discutem-guerra-no-irao-e-cessar-fogo-na-ucrania\/#breadcrumb\",\"itemListElement\":[{\"@type\":\"ListItem\",\"position\":1,\"name\":\"In\u00edcio\",\"item\":\"https:\/\/portaltela.pt\/\"},{\"@type\":\"ListItem\",\"position\":2,\"name\":\"Putin e Trump discutem guerra no Ir\u00e3o e cessar-fogo na Ucr\u00e2nia\"}]},{\"@type\":\"WebSite\",\"@id\":\"https:\/\/portaltela.pt\/#website\",\"url\":\"https:\/\/portaltela.pt\/\",\"name\":\"Portal Tela Portugal\",\"description\":\"\",\"potentialAction\":[{\"@type\":\"SearchAction\",\"target\":{\"@type\":\"EntryPoint\",\"urlTemplate\":\"https:\/\/portaltela.pt\/?s={search_term_string}\"},\"query-input\":{\"@type\":\"PropertyValueSpecification\",\"valueRequired\":true,\"valueName\":\"search_term_string\"}}],\"inLanguage\":\"pt-PT\"},{\"@type\":\"Person\",\"@id\":\"https:\/\/portaltela.pt\/#\/schema\/person\/c4278d4a6028830caff9ee44b42d32ed\",\"name\":\"Telinha\",\"image\":{\"@type\":\"ImageObject\",\"inLanguage\":\"pt-PT\",\"@id\":\"https:\/\/portaltela.pt\/s.01k8rhncp4jt1\/2025\/11\/talking-bot-125x125.png\",\"url\":\"https:\/\/portaltela.pt\/s.01k8rhncp4jt1\/2025\/11\/talking-bot-125x125.png\",\"contentUrl\":\"https:\/\/portaltela.pt\/s.01k8rhncp4jt1\/2025\/11\/talking-bot-125x125.png\",\"caption\":\"Telinha\"},\"sameAs\":[\"https:\/\/portaltela.pt\/\"],\"url\":\"https:\/\/portaltela.pt\/por\/367410592786\/\"}]}<\/script>\n<!-- \/ Yoast SEO plugin. -->","yoast_head_json":{"title":"Putin e Trump discutem guerra no Ir\u00e3o e cessar-fogo na Ucr\u00e2nia - Portal Tela Portugal","robots":{"index":"index","follow":"follow","max-snippet":"max-snippet:-1","max-image-preview":"max-image-preview:large","max-video-preview":"max-video-preview:-1"},"og_locale":"pt_PT","og_type":"article","og_title":"Putin e Trump discutem guerra no Ir\u00e3o e cessar-fogo na Ucr\u00e2nia - Portal Tela Portugal","og_description":"Putin e Trump falaram por mais de 90 minutos por telefone, discutindo a guerra no M\u00e9dio Oriente e a situa\u00e7\u00e3o na Ucr\u00e2nia. Os dois l\u00edderes deram especial aten\u00e7\u00e3o ao Ir\u00e3o e ao Golfo P\u00e9rsico, com Trump a classificar o telefonema como \"muito bom\". Putin apoiou a decis\u00e3o de manter o cessar-fogo com o Ir\u00e3o, destacando que pode facilitar negocia\u00e7\u00f5es e estabilizar a regi\u00e3o, mas alertou para consequ\u00eancias de a\u00e7\u00f5es militares futuras. Sobre a Ucr\u00e2nia, Putin descreveu a posi\u00e7\u00e3o das suas for\u00e7as ao longo da linha de contacto e ambos concordaram em avalia\u00e7\u00f5es semelhantes sobre o regime de Kiev. Foi apontado o cessar-fogo para o Dia da Vit\u00f3ria, a 9 de maio, com Trump a apoiar a iniciativa; o Kremlin informou que o evento seria reduzido por precau\u00e7\u00e3o face a poss\u00edveis ataques.","og_url":"https:\/\/portaltela.pt\/noticias\/2026\/04\/29\/putin-e-trump-discutem-guerra-no-irao-e-cessar-fogo-na-ucrania\/","og_site_name":"Portal Tela Portugal","article_published_time":"2026-04-29T18:48:19+00:00","author":"Telinha","twitter_card":"summary_large_image","twitter_misc":{"Escrito por":"Telinha","Tempo estimado de leitura":"1 minuto"},"schema":{"@context":"https:\/\/schema.org","@graph":[{"@type":"Article","@id":"https:\/\/portaltela.pt\/noticias\/2026\/04\/29\/putin-e-trump-discutem-guerra-no-irao-e-cessar-fogo-na-ucrania\/#article","isPartOf":{"@id":"https:\/\/portaltela.pt\/noticias\/2026\/04\/29\/putin-e-trump-discutem-guerra-no-irao-e-cessar-fogo-na-ucrania\/"},"author":{"name":"Telinha","@id":"https:\/\/portaltela.pt\/#\/schema\/person\/c4278d4a6028830caff9ee44b42d32ed"},"headline":"Putin e Trump discutem guerra no Ir\u00e3o e cessar-fogo na Ucr\u00e2nia","datePublished":"2026-04-29T18:48:19+00:00","mainEntityOfPage":{"@id":"https:\/\/portaltela.pt\/noticias\/2026\/04\/29\/putin-e-trump-discutem-guerra-no-irao-e-cessar-fogo-na-ucrania\/"},"wordCount":301,"image":{"@id":"https:\/\/portaltela.pt\/noticias\/2026\/04\/29\/putin-e-trump-discutem-guerra-no-irao-e-cessar-fogo-na-ucrania\/#primaryimage"},"thumbnailUrl":"https:\/\/portaltela.pt\/s.01k8rhncp4jt1\/2026\/04\/image-1672.jpg","keywords":["_cessar-fogo","_Estados Unidos","_\u00cdr\u00e1n","_pol\u00edtica externa","_R\u00fassia","_Ucr\u00e2nia"],"articleSection":["Geopol\u00edtica","Internacional"],"inLanguage":"pt-PT"},{"@type":"WebPage","@id":"https:\/\/portaltela.pt\/noticias\/2026\/04\/29\/putin-e-trump-discutem-guerra-no-irao-e-cessar-fogo-na-ucrania\/","url":"https:\/\/portaltela.pt\/noticias\/2026\/04\/29\/putin-e-trump-discutem-guerra-no-irao-e-cessar-fogo-na-ucrania\/","name":"Putin e Trump discutem guerra no Ir\u00e3o e cessar-fogo na Ucr\u00e2nia - Portal Tela Portugal","isPartOf":{"@id":"https:\/\/portaltela.pt\/#website"},"primaryImageOfPage":{"@id":"https:\/\/portaltela.pt\/noticias\/2026\/04\/29\/putin-e-trump-discutem-guerra-no-irao-e-cessar-fogo-na-ucrania\/#primaryimage"},"image":{"@id":"https:\/\/portaltela.pt\/noticias\/2026\/04\/29\/putin-e-trump-discutem-guerra-no-irao-e-cessar-fogo-na-ucrania\/#primaryimage"},"thumbnailUrl":"https:\/\/portaltela.pt\/s.01k8rhncp4jt1\/2026\/04\/image-1672.jpg","datePublished":"2026-04-29T18:48:19+00:00","author":{"@id":"https:\/\/portaltela.pt\/#\/schema\/person\/c4278d4a6028830caff9ee44b42d32ed"},"breadcrumb":{"@id":"https:\/\/portaltela.pt\/noticias\/2026\/04\/29\/putin-e-trump-discutem-guerra-no-irao-e-cessar-fogo-na-ucrania\/#breadcrumb"},"inLanguage":"pt-PT","potentialAction":[{"@type":"ReadAction","target":["https:\/\/portaltela.pt\/noticias\/2026\/04\/29\/putin-e-trump-discutem-guerra-no-irao-e-cessar-fogo-na-ucrania\/"]}]},{"@type":"ImageObject","inLanguage":"pt-PT","@id":"https:\/\/portaltela.pt\/noticias\/2026\/04\/29\/putin-e-trump-discutem-guerra-no-irao-e-cessar-fogo-na-ucrania\/#primaryimage","url":"https:\/\/portaltela.pt\/s.01k8rhncp4jt1\/2026\/04\/image-1672.jpg","contentUrl":"https:\/\/portaltela.pt\/s.01k8rhncp4jt1\/2026\/04\/image-1672.jpg","width":796,"height":448,"caption":"Vladimir Putin conversou por mais de uma hora e meia com Donald Trump"},{"@type":"BreadcrumbList","@id":"https:\/\/portaltela.pt\/noticias\/2026\/04\/29\/putin-e-trump-discutem-guerra-no-irao-e-cessar-fogo-na-ucrania\/#breadcrumb","itemListElement":[{"@type":"ListItem","position":1,"name":"In\u00edcio","item":"https:\/\/portaltela.pt\/"},{"@type":"ListItem","position":2,"name":"Putin e Trump discutem guerra no Ir\u00e3o e cessar-fogo na Ucr\u00e2nia"}]},{"@type":"WebSite","@id":"https:\/\/portaltela.pt\/#website","url":"https:\/\/portaltela.pt\/","name":"Portal Tela Portugal","description":"","potentialAction":[{"@type":"SearchAction","target":{"@type":"EntryPoint","urlTemplate":"https:\/\/portaltela.pt\/?s={search_term_string}"},"query-input":{"@type":"PropertyValueSpecification","valueRequired":true,"valueName":"search_term_string"}}],"inLanguage":"pt-PT"},{"@type":"Person","@id":"https:\/\/portaltela.pt\/#\/schema\/person\/c4278d4a6028830caff9ee44b42d32ed","name":"Telinha","image":{"@type":"ImageObject","inLanguage":"pt-PT","@id":"https:\/\/portaltela.pt\/s.01k8rhncp4jt1\/2025\/11\/talking-bot-125x125.png","url":"https:\/\/portaltela.pt\/s.01k8rhncp4jt1\/2025\/11\/talking-bot-125x125.png","contentUrl":"https:\/\/portaltela.pt\/s.01k8rhncp4jt1\/2025\/11\/talking-bot-125x125.png","caption":"Telinha"},"sameAs":["https:\/\/portaltela.pt\/"],"url":"https:\/\/portaltela.pt\/por\/367410592786\/"}]}},"_links":{"self":[{"href":"https:\/\/portaltela.pt\/api\/wp\/v2\/posts\/461423","targetHints":{"allow":["GET"]}}],"collection":[{"href":"https:\/\/portaltela.pt\/api\/wp\/v2\/posts"}],"about":[{"href":"https:\/\/portaltela.pt\/api\/wp\/v2\/types\/post"}],"author":[{"embeddable":true,"href":"https:\/\/portaltela.pt\/api\/wp\/v2\/users\/2"}],"replies":[{"embeddable":true,"href":"https:\/\/portaltela.pt\/api\/wp\/v2\/comments?post=461423"}],"version-history":[{"count":0,"href":"https:\/\/portaltela.pt\/api\/wp\/v2\/posts\/461423\/revisions"}],"wp:featuredmedia":[{"embeddable":true,"href":"https:\/\/portaltela.pt\/api\/wp\/v2\/media\/461427"}],"wp:attachment":[{"href":"https:\/\/portaltela.pt\/api\/wp\/v2\/media?parent=461423"}],"wp:term":[{"taxonomy":"category","embeddable":true,"href":"https:\/\/portaltela.pt\/api\/wp\/v2\/categories?post=461423"},{"taxonomy":"post_tag","embeddable":true,"href":"https:\/\/portaltela.pt\/api\/wp\/v2\/tags?post=461423"}],"curies":[{"name":"wp","href":"https:\/\/api.w.org\/{rel}","templated":true}]}}