{"id":461422,"date":"2026-04-29T15:48:17","date_gmt":"2026-04-29T18:48:17","guid":{"rendered":"https:\/\/portaltela.pt\/noticias\/2026\/04\/29\/hospital-de-evora-recebe-4-milhoes-do-prr-para-radioterapia\/"},"modified":"2026-04-29T15:48:17","modified_gmt":"2026-04-29T18:48:17","slug":"hospital-de-evora-recebe-4-milhoes-do-prr-para-radioterapia","status":"publish","type":"post","link":"https:\/\/portaltela.pt\/saude\/2026\/04\/29\/hospital-de-evora-recebe-4-milhoes-do-prr-para-radioterapia\/","title":{"rendered":"Hospital de \u00c9vora recebe 4 milh\u00f5es do PRR para radioterapia"},"content":{"rendered":"<p>A Unidade Local de Sa\u00fade do Alentejo Central (ULSAC) vai renovar e modernizar os equipamentos de radioterapia do hospital de \u00c9vora, a partir de 1 de junho, num investimento de 4 milh\u00f5es de euros financiados pelo PRR. O objetivo \u00e9 melhorar a qualidade e a efic\u00e1cia dos tratamentos.<\/p>\n<p>Para cumprir o plano, ser\u00e1 necess\u00e1ria uma reorganiza\u00e7\u00e3o tempor\u00e1ria da atividade da Unidade de Radioterapia de \u00c9vora, assegurando o acompanhamento cl\u00ednico dos doentes. As obras devem decorrer durante pelo menos quatro meses, per\u00edodo em que o hospital ficar\u00e1 sem realizar tratamentos de radioterapia.<\/p>\n<p>Durante a interrup\u00e7\u00e3o, os tratamentos ser\u00e3o assegurados em unidades externas \u00e0 regi\u00e3o, o mais perto poss\u00edvel da resid\u00eancia dos utentes e, sempre que poss\u00edvel, de acordo com as prefer\u00eancias destes. Os doentes cujo plano de tratamento termine ap\u00f3s 29 de maio j\u00e1 est\u00e3o a ser encaminhados para estas unidades externas.<\/p>\n<p>Os servi\u00e7os da ULSAC destacam que a continuidade do tratamento ser\u00e1 garantida sem interrup\u00e7\u00f5es ou transfer\u00eancias entre unidades, mantendo o acompanhamento cl\u00ednico na regi\u00e3o. A primeira consulta e a avalia\u00e7\u00e3o inicial permanecem em \u00c9vora, com encaminhamento subsequente para a unidade onde decorrer\u00e1 o tratamento.<\/p>\n<p>A organiza\u00e7\u00e3o do percurso cl\u00ednico ser\u00e1 monitorizada para assegurar a continuidade dos cuidados e a adequada articula\u00e7\u00e3o entre equipas. A ULSAC reconhece os constrangimentos log\u00edsticos, especialmente quanto a desloca\u00e7\u00f5es, e planeia medidas para minimizar impactos.<\/p>\n<p>Nenhum doente ficar\u00e1 sem tratamento, que ser\u00e1 realizado em tempo clinicamente adequado e de acordo com as boas pr\u00e1ticas. A renova\u00e7\u00e3o dos equipamentos visa substituir a tecnologia atual por solu\u00e7\u00f5es mais modernas, com benef\u00edcios diretos na qualidade dos tratamentos.<\/p>\n<p>A renova\u00e7\u00e3o e moderniza\u00e7\u00e3o pretendem assegurar condi\u00e7\u00f5es de tratamento melhores e uma resposta mais diferenciada para os utentes da ULSAC, refor\u00e7ando a capacidade terap\u00eautica do hospital de \u00c9vora.<\/p>\n","protected":false},"excerpt":{"rendered":"<ul>\n<li>A Unidade Local de Sa\u00fade do Alentejo Central investe quatro milh\u00f5es de euros, financiados pelo PRR, para renovar os equipamentos de radioterapia do hospital de \u00c9vora, a partir de 1 de junho.<\/li>\n<li>O projeto implica uma reorganiza\u00e7\u00e3o tempor\u00e1ria da atividade da Unidade de Radioterapia de \u00c9vora para assegurar o acompanhamento cl\u00ednico dos doentes.<\/li>\n<li>As obras duram, no m\u00ednimo, quatro meses, durante os quais o hospital deixar\u00e1 de realizar tratamentos de radioterapia; estes ser\u00e3o feitos em unidades externas mais pr\u00f3ximas da resid\u00eancia dos utentes.<\/li>\n<li>Doentes cujo plano de tratamento termine ap\u00f3s 29 de maio j\u00e1 foram encaminhados para unidades externas, assegurando a continuidade do tratamento sem interrup\u00e7\u00f5es.<\/li>\n<li>O acompanhamento cl\u00ednico continua a ser assegurado pela equipa da ULSAC, com a primeira consulta em \u00c9vora e encaminhamentos organizados para as unidades onde decorrer\u00e1 o tratamento.<\/li>\n<\/ul>\n","protected":false},"author":2,"featured_media":461425,"comment_status":"closed","ping_status":"closed","sticky":false,"template":"","format":"standard","meta":{"footnotes":""},"categories":[1,6745],"tags":[8201,8077,8414,8046,9951,7889],"class_list":["post-461422","post","type-post","status-publish","format-standard","has-post-thumbnail","hentry","category-noticias","category-saude","tag-_alentejo","tag-_evora","tag-_hospitais","tag-_infraestruturas-de-portugal","tag-_radioterapia","tag-_saude"],"yoast_head":"<!-- This site is optimized with the Yoast SEO plugin v27.2 - https:\/\/yoast.com\/product\/yoast-seo-wordpress\/ -->\n<title>Hospital de \u00c9vora recebe 4 milh\u00f5es do PRR para radioterapia - Portal Tela Portugal<\/title>\n<meta name=\"robots\" content=\"index, follow, max-snippet:-1, max-image-preview:large, max-video-preview:-1\" \/>\n<meta property=\"og:locale\" content=\"pt_PT\" \/>\n<meta property=\"og:type\" content=\"article\" \/>\n<meta property=\"og:title\" content=\"Hospital de \u00c9vora recebe 4 milh\u00f5es do PRR para radioterapia - Portal Tela Portugal\" \/>\n<meta property=\"og:description\" content=\"A Unidade Local de Sa\u00fade do Alentejo Central investe quatro milh\u00f5es de euros, financiados pelo PRR, para renovar os equipamentos de radioterapia do hospital de \u00c9vora, a partir de 1 de junho. O projeto implica uma reorganiza\u00e7\u00e3o tempor\u00e1ria da atividade da Unidade de Radioterapia de \u00c9vora para assegurar o acompanhamento cl\u00ednico dos doentes. As obras duram, no m\u00ednimo, quatro meses, durante os quais o hospital deixar\u00e1 de realizar tratamentos de radioterapia; estes ser\u00e3o feitos em unidades externas mais pr\u00f3ximas da resid\u00eancia dos utentes. Doentes cujo plano de tratamento termine ap\u00f3s 29 de maio j\u00e1 foram encaminhados para unidades externas, assegurando a continuidade do tratamento sem interrup\u00e7\u00f5es. O acompanhamento cl\u00ednico continua a ser assegurado pela equipa da ULSAC, com a primeira consulta em \u00c9vora e encaminhamentos organizados para as unidades onde decorrer\u00e1 o tratamento.\" \/>\n<meta property=\"og:url\" content=\"https:\/\/portaltela.pt\/noticias\/2026\/04\/29\/hospital-de-evora-recebe-4-milhoes-do-prr-para-radioterapia\/\" \/>\n<meta property=\"og:site_name\" content=\"Portal Tela Portugal\" \/>\n<meta property=\"article:published_time\" content=\"2026-04-29T18:48:17+00:00\" \/>\n<meta name=\"author\" content=\"Telinha\" \/>\n<meta name=\"twitter:card\" content=\"summary_large_image\" \/>\n<meta name=\"twitter:label1\" content=\"Escrito por\" \/>\n\t<meta name=\"twitter:data1\" content=\"Telinha\" \/>\n\t<meta name=\"twitter:label2\" content=\"Tempo estimado de leitura\" \/>\n\t<meta name=\"twitter:data2\" content=\"2 minutos\" \/>\n<script type=\"application\/ld+json\" class=\"yoast-schema-graph\">{\"@context\":\"https:\/\/schema.org\",\"@graph\":[{\"@type\":\"Article\",\"@id\":\"https:\/\/portaltela.pt\/noticias\/2026\/04\/29\/hospital-de-evora-recebe-4-milhoes-do-prr-para-radioterapia\/#article\",\"isPartOf\":{\"@id\":\"https:\/\/portaltela.pt\/noticias\/2026\/04\/29\/hospital-de-evora-recebe-4-milhoes-do-prr-para-radioterapia\/\"},\"author\":{\"name\":\"Telinha\",\"@id\":\"https:\/\/portaltela.pt\/#\/schema\/person\/c4278d4a6028830caff9ee44b42d32ed\"},\"headline\":\"Hospital de \u00c9vora recebe 4 milh\u00f5es do PRR para radioterapia\",\"datePublished\":\"2026-04-29T18:48:17+00:00\",\"mainEntityOfPage\":{\"@id\":\"https:\/\/portaltela.pt\/noticias\/2026\/04\/29\/hospital-de-evora-recebe-4-milhoes-do-prr-para-radioterapia\/\"},\"wordCount\":329,\"image\":{\"@id\":\"https:\/\/portaltela.pt\/noticias\/2026\/04\/29\/hospital-de-evora-recebe-4-milhoes-do-prr-para-radioterapia\/#primaryimage\"},\"thumbnailUrl\":\"https:\/\/portaltela.pt\/s.01k8rhncp4jt1\/2026\/04\/img_1500x1000uu2023-11-01-14-13-13-1482571.jpg\",\"keywords\":[\"_Alentejo\",\"_\u00c9vora\",\"_hospitais\",\"_Infraestruturas de Portugal\",\"_radioterapia\",\"_sa\u00fade\"],\"articleSection\":[\"Not\u00edcias\",\"Sa\u00fade\"],\"inLanguage\":\"pt-PT\"},{\"@type\":\"WebPage\",\"@id\":\"https:\/\/portaltela.pt\/noticias\/2026\/04\/29\/hospital-de-evora-recebe-4-milhoes-do-prr-para-radioterapia\/\",\"url\":\"https:\/\/portaltela.pt\/noticias\/2026\/04\/29\/hospital-de-evora-recebe-4-milhoes-do-prr-para-radioterapia\/\",\"name\":\"Hospital de \u00c9vora recebe 4 milh\u00f5es do PRR para radioterapia - Portal Tela Portugal\",\"isPartOf\":{\"@id\":\"https:\/\/portaltela.pt\/#website\"},\"primaryImageOfPage\":{\"@id\":\"https:\/\/portaltela.pt\/noticias\/2026\/04\/29\/hospital-de-evora-recebe-4-milhoes-do-prr-para-radioterapia\/#primaryimage\"},\"image\":{\"@id\":\"https:\/\/portaltela.pt\/noticias\/2026\/04\/29\/hospital-de-evora-recebe-4-milhoes-do-prr-para-radioterapia\/#primaryimage\"},\"thumbnailUrl\":\"https:\/\/portaltela.pt\/s.01k8rhncp4jt1\/2026\/04\/img_1500x1000uu2023-11-01-14-13-13-1482571.jpg\",\"datePublished\":\"2026-04-29T18:48:17+00:00\",\"author\":{\"@id\":\"https:\/\/portaltela.pt\/#\/schema\/person\/c4278d4a6028830caff9ee44b42d32ed\"},\"breadcrumb\":{\"@id\":\"https:\/\/portaltela.pt\/noticias\/2026\/04\/29\/hospital-de-evora-recebe-4-milhoes-do-prr-para-radioterapia\/#breadcrumb\"},\"inLanguage\":\"pt-PT\",\"potentialAction\":[{\"@type\":\"ReadAction\",\"target\":[\"https:\/\/portaltela.pt\/noticias\/2026\/04\/29\/hospital-de-evora-recebe-4-milhoes-do-prr-para-radioterapia\/\"]}]},{\"@type\":\"ImageObject\",\"inLanguage\":\"pt-PT\",\"@id\":\"https:\/\/portaltela.pt\/noticias\/2026\/04\/29\/hospital-de-evora-recebe-4-milhoes-do-prr-para-radioterapia\/#primaryimage\",\"url\":\"https:\/\/portaltela.pt\/s.01k8rhncp4jt1\/2026\/04\/img_1500x1000uu2023-11-01-14-13-13-1482571.jpg\",\"contentUrl\":\"https:\/\/portaltela.pt\/s.01k8rhncp4jt1\/2026\/04\/img_1500x1000uu2023-11-01-14-13-13-1482571.jpg\",\"width\":796,\"height\":448,\"caption\":\"Hospital do Esp\u00edrito Santo de \u00c9vora\"},{\"@type\":\"BreadcrumbList\",\"@id\":\"https:\/\/portaltela.pt\/noticias\/2026\/04\/29\/hospital-de-evora-recebe-4-milhoes-do-prr-para-radioterapia\/#breadcrumb\",\"itemListElement\":[{\"@type\":\"ListItem\",\"position\":1,\"name\":\"In\u00edcio\",\"item\":\"https:\/\/portaltela.pt\/\"},{\"@type\":\"ListItem\",\"position\":2,\"name\":\"Hospital de \u00c9vora recebe 4 milh\u00f5es do PRR para radioterapia\"}]},{\"@type\":\"WebSite\",\"@id\":\"https:\/\/portaltela.pt\/#website\",\"url\":\"https:\/\/portaltela.pt\/\",\"name\":\"Portal Tela Portugal\",\"description\":\"\",\"potentialAction\":[{\"@type\":\"SearchAction\",\"target\":{\"@type\":\"EntryPoint\",\"urlTemplate\":\"https:\/\/portaltela.pt\/?s={search_term_string}\"},\"query-input\":{\"@type\":\"PropertyValueSpecification\",\"valueRequired\":true,\"valueName\":\"search_term_string\"}}],\"inLanguage\":\"pt-PT\"},{\"@type\":\"Person\",\"@id\":\"https:\/\/portaltela.pt\/#\/schema\/person\/c4278d4a6028830caff9ee44b42d32ed\",\"name\":\"Telinha\",\"image\":{\"@type\":\"ImageObject\",\"inLanguage\":\"pt-PT\",\"@id\":\"https:\/\/portaltela.pt\/s.01k8rhncp4jt1\/2025\/11\/talking-bot-125x125.png\",\"url\":\"https:\/\/portaltela.pt\/s.01k8rhncp4jt1\/2025\/11\/talking-bot-125x125.png\",\"contentUrl\":\"https:\/\/portaltela.pt\/s.01k8rhncp4jt1\/2025\/11\/talking-bot-125x125.png\",\"caption\":\"Telinha\"},\"sameAs\":[\"https:\/\/portaltela.pt\/\"],\"url\":\"https:\/\/portaltela.pt\/por\/367410592786\/\"}]}<\/script>\n<!-- \/ Yoast SEO plugin. -->","yoast_head_json":{"title":"Hospital de \u00c9vora recebe 4 milh\u00f5es do PRR para radioterapia - Portal Tela Portugal","robots":{"index":"index","follow":"follow","max-snippet":"max-snippet:-1","max-image-preview":"max-image-preview:large","max-video-preview":"max-video-preview:-1"},"og_locale":"pt_PT","og_type":"article","og_title":"Hospital de \u00c9vora recebe 4 milh\u00f5es do PRR para radioterapia - Portal Tela Portugal","og_description":"A Unidade Local de Sa\u00fade do Alentejo Central investe quatro milh\u00f5es de euros, financiados pelo PRR, para renovar os equipamentos de radioterapia do hospital de \u00c9vora, a partir de 1 de junho. O projeto implica uma reorganiza\u00e7\u00e3o tempor\u00e1ria da atividade da Unidade de Radioterapia de \u00c9vora para assegurar o acompanhamento cl\u00ednico dos doentes. As obras duram, no m\u00ednimo, quatro meses, durante os quais o hospital deixar\u00e1 de realizar tratamentos de radioterapia; estes ser\u00e3o feitos em unidades externas mais pr\u00f3ximas da resid\u00eancia dos utentes. Doentes cujo plano de tratamento termine ap\u00f3s 29 de maio j\u00e1 foram encaminhados para unidades externas, assegurando a continuidade do tratamento sem interrup\u00e7\u00f5es. O acompanhamento cl\u00ednico continua a ser assegurado pela equipa da ULSAC, com a primeira consulta em \u00c9vora e encaminhamentos organizados para as unidades onde decorrer\u00e1 o tratamento.","og_url":"https:\/\/portaltela.pt\/noticias\/2026\/04\/29\/hospital-de-evora-recebe-4-milhoes-do-prr-para-radioterapia\/","og_site_name":"Portal Tela Portugal","article_published_time":"2026-04-29T18:48:17+00:00","author":"Telinha","twitter_card":"summary_large_image","twitter_misc":{"Escrito por":"Telinha","Tempo estimado de leitura":"2 minutos"},"schema":{"@context":"https:\/\/schema.org","@graph":[{"@type":"Article","@id":"https:\/\/portaltela.pt\/noticias\/2026\/04\/29\/hospital-de-evora-recebe-4-milhoes-do-prr-para-radioterapia\/#article","isPartOf":{"@id":"https:\/\/portaltela.pt\/noticias\/2026\/04\/29\/hospital-de-evora-recebe-4-milhoes-do-prr-para-radioterapia\/"},"author":{"name":"Telinha","@id":"https:\/\/portaltela.pt\/#\/schema\/person\/c4278d4a6028830caff9ee44b42d32ed"},"headline":"Hospital de \u00c9vora recebe 4 milh\u00f5es do PRR para radioterapia","datePublished":"2026-04-29T18:48:17+00:00","mainEntityOfPage":{"@id":"https:\/\/portaltela.pt\/noticias\/2026\/04\/29\/hospital-de-evora-recebe-4-milhoes-do-prr-para-radioterapia\/"},"wordCount":329,"image":{"@id":"https:\/\/portaltela.pt\/noticias\/2026\/04\/29\/hospital-de-evora-recebe-4-milhoes-do-prr-para-radioterapia\/#primaryimage"},"thumbnailUrl":"https:\/\/portaltela.pt\/s.01k8rhncp4jt1\/2026\/04\/img_1500x1000uu2023-11-01-14-13-13-1482571.jpg","keywords":["_Alentejo","_\u00c9vora","_hospitais","_Infraestruturas de Portugal","_radioterapia","_sa\u00fade"],"articleSection":["Not\u00edcias","Sa\u00fade"],"inLanguage":"pt-PT"},{"@type":"WebPage","@id":"https:\/\/portaltela.pt\/noticias\/2026\/04\/29\/hospital-de-evora-recebe-4-milhoes-do-prr-para-radioterapia\/","url":"https:\/\/portaltela.pt\/noticias\/2026\/04\/29\/hospital-de-evora-recebe-4-milhoes-do-prr-para-radioterapia\/","name":"Hospital de \u00c9vora recebe 4 milh\u00f5es do PRR para radioterapia - Portal Tela Portugal","isPartOf":{"@id":"https:\/\/portaltela.pt\/#website"},"primaryImageOfPage":{"@id":"https:\/\/portaltela.pt\/noticias\/2026\/04\/29\/hospital-de-evora-recebe-4-milhoes-do-prr-para-radioterapia\/#primaryimage"},"image":{"@id":"https:\/\/portaltela.pt\/noticias\/2026\/04\/29\/hospital-de-evora-recebe-4-milhoes-do-prr-para-radioterapia\/#primaryimage"},"thumbnailUrl":"https:\/\/portaltela.pt\/s.01k8rhncp4jt1\/2026\/04\/img_1500x1000uu2023-11-01-14-13-13-1482571.jpg","datePublished":"2026-04-29T18:48:17+00:00","author":{"@id":"https:\/\/portaltela.pt\/#\/schema\/person\/c4278d4a6028830caff9ee44b42d32ed"},"breadcrumb":{"@id":"https:\/\/portaltela.pt\/noticias\/2026\/04\/29\/hospital-de-evora-recebe-4-milhoes-do-prr-para-radioterapia\/#breadcrumb"},"inLanguage":"pt-PT","potentialAction":[{"@type":"ReadAction","target":["https:\/\/portaltela.pt\/noticias\/2026\/04\/29\/hospital-de-evora-recebe-4-milhoes-do-prr-para-radioterapia\/"]}]},{"@type":"ImageObject","inLanguage":"pt-PT","@id":"https:\/\/portaltela.pt\/noticias\/2026\/04\/29\/hospital-de-evora-recebe-4-milhoes-do-prr-para-radioterapia\/#primaryimage","url":"https:\/\/portaltela.pt\/s.01k8rhncp4jt1\/2026\/04\/img_1500x1000uu2023-11-01-14-13-13-1482571.jpg","contentUrl":"https:\/\/portaltela.pt\/s.01k8rhncp4jt1\/2026\/04\/img_1500x1000uu2023-11-01-14-13-13-1482571.jpg","width":796,"height":448,"caption":"Hospital do Esp\u00edrito Santo de \u00c9vora"},{"@type":"BreadcrumbList","@id":"https:\/\/portaltela.pt\/noticias\/2026\/04\/29\/hospital-de-evora-recebe-4-milhoes-do-prr-para-radioterapia\/#breadcrumb","itemListElement":[{"@type":"ListItem","position":1,"name":"In\u00edcio","item":"https:\/\/portaltela.pt\/"},{"@type":"ListItem","position":2,"name":"Hospital de \u00c9vora recebe 4 milh\u00f5es do PRR para radioterapia"}]},{"@type":"WebSite","@id":"https:\/\/portaltela.pt\/#website","url":"https:\/\/portaltela.pt\/","name":"Portal Tela Portugal","description":"","potentialAction":[{"@type":"SearchAction","target":{"@type":"EntryPoint","urlTemplate":"https:\/\/portaltela.pt\/?s={search_term_string}"},"query-input":{"@type":"PropertyValueSpecification","valueRequired":true,"valueName":"search_term_string"}}],"inLanguage":"pt-PT"},{"@type":"Person","@id":"https:\/\/portaltela.pt\/#\/schema\/person\/c4278d4a6028830caff9ee44b42d32ed","name":"Telinha","image":{"@type":"ImageObject","inLanguage":"pt-PT","@id":"https:\/\/portaltela.pt\/s.01k8rhncp4jt1\/2025\/11\/talking-bot-125x125.png","url":"https:\/\/portaltela.pt\/s.01k8rhncp4jt1\/2025\/11\/talking-bot-125x125.png","contentUrl":"https:\/\/portaltela.pt\/s.01k8rhncp4jt1\/2025\/11\/talking-bot-125x125.png","caption":"Telinha"},"sameAs":["https:\/\/portaltela.pt\/"],"url":"https:\/\/portaltela.pt\/por\/367410592786\/"}]}},"_links":{"self":[{"href":"https:\/\/portaltela.pt\/api\/wp\/v2\/posts\/461422","targetHints":{"allow":["GET"]}}],"collection":[{"href":"https:\/\/portaltela.pt\/api\/wp\/v2\/posts"}],"about":[{"href":"https:\/\/portaltela.pt\/api\/wp\/v2\/types\/post"}],"author":[{"embeddable":true,"href":"https:\/\/portaltela.pt\/api\/wp\/v2\/users\/2"}],"replies":[{"embeddable":true,"href":"https:\/\/portaltela.pt\/api\/wp\/v2\/comments?post=461422"}],"version-history":[{"count":0,"href":"https:\/\/portaltela.pt\/api\/wp\/v2\/posts\/461422\/revisions"}],"wp:featuredmedia":[{"embeddable":true,"href":"https:\/\/portaltela.pt\/api\/wp\/v2\/media\/461425"}],"wp:attachment":[{"href":"https:\/\/portaltela.pt\/api\/wp\/v2\/media?parent=461422"}],"wp:term":[{"taxonomy":"category","embeddable":true,"href":"https:\/\/portaltela.pt\/api\/wp\/v2\/categories?post=461422"},{"taxonomy":"post_tag","embeddable":true,"href":"https:\/\/portaltela.pt\/api\/wp\/v2\/tags?post=461422"}],"curies":[{"name":"wp","href":"https:\/\/api.w.org\/{rel}","templated":true}]}}