{"id":461417,"date":"2026-04-29T15:47:54","date_gmt":"2026-04-29T18:47:54","guid":{"rendered":"https:\/\/portaltela.pt\/noticias\/2026\/04\/29\/fc-porto-serenata-da-queima-das-fitas-nos-aliados-e-cortes-de-transito\/"},"modified":"2026-04-29T15:47:54","modified_gmt":"2026-04-29T18:47:54","slug":"fc-porto-serenata-da-queima-das-fitas-nos-aliados-e-cortes-de-transito","status":"publish","type":"post","link":"https:\/\/portaltela.pt\/lazer\/2026\/04\/29\/fc-porto-serenata-da-queima-das-fitas-nos-aliados-e-cortes-de-transito\/","title":{"rendered":"FC Porto: serenata da Queima das Fitas nos Aliados e cortes de tr\u00e2nsito"},"content":{"rendered":"<p>A C\u00e2mara Municipal do Porto confirmou que a Monumental Serenata da Queima das Fitas 2026 vai manter-se na Avenida dos Aliados, na noite de s\u00e1bado para domingo. A festa pode coincidir com a festa do t\u00edtulo do FC Porto, que ser\u00e1 celebrada no Est\u00e1dio do Drag\u00e3o.<\/p>\n<p>Segundo o munic\u00edpio, caso o Porto conquiste o campeonato, a festa de comemora\u00e7\u00e3o ocorrer\u00e1 junto ao Drag\u00e3o. A passagem pela Baixa da cidade ficar\u00e1 para data posterior, mantendo o Aliados como palco principal da serenata.<\/p>\n<p>Pode haver desloca\u00e7\u00f5es espont\u00e2neas de adeptos para os Aliados. Al\u00e9m do evento acad\u00e9mico, as imedia\u00e7\u00f5es ter\u00e3o condicionamentos de tr\u00e1fego entre as 21h30 de s\u00e1bado e as 4h de domingo.<\/p>\n<h3>Cortes de tr\u00e2nsito e vias afetadas<\/h3>\n<ul>\n<li>Rua de Gon\u00e7alo Crist\u00f3v\u00e3o (entre n\u00ba 363 e Rua de Cam\u00f5es)<\/li>\n<li>Rua do Alferes Malheiro (entre Rua do Almada e Rua de Cam\u00f5es)<\/li>\n<li>Rua do Dr. Ricardo Jorge (Pra\u00e7a da Trindade e Rua do Almada)<\/li>\n<li>Avenida dos Aliados (arruamento nascente e poente)<\/li>\n<li>Pra\u00e7a da Liberdade (nascente e poente)<\/li>\n<li>Pra\u00e7a do General Humberto Delgado<\/li>\n<li>Rua do Dr. Ant\u00f3nio Lu\u00eds Gomes<\/li>\n<li>Pra\u00e7a da Trindade (nascente e poente)<\/li>\n<li>Rua da Trindade (entre Rua do Estev\u00e3o e Rua de Fernandes Tom\u00e1s)<\/li>\n<li>Rua do Estev\u00e3o<\/li>\n<li>Rua dos Her\u00f3is e dos M\u00e1rtires de Angola<\/li>\n<li>Rua do Clube dos Fenianos<\/li>\n<li>Rua de Ramalho Ortig\u00e3o<\/li>\n<li>Rua de Guilherme da Costa Carvalho<\/li>\n<li>Rua de Rodrigues Sampaio<\/li>\n<li>Rua de Passos Manuel (exceto TP)<\/li>\n<li>Pra\u00e7a da Batalha (entre Rua de Entreparedes e Rua de 31 de Janeiro)<\/li>\n<li>Rua de 31 de Janeiro<\/li>\n<li>Rua de Santa Catarina (entre 31 de Janeiro e Passos Manuel)<\/li>\n<li>Pra\u00e7a de D. Jo\u00e3o I (arruamento Sul, exceto TP)<\/li>\n<li>Rua do Dr. Magalh\u00e3es Lemos (exceto TP)<\/li>\n<li>Avenida dos Aliados (arruamento central entre Dr. Magalh\u00e3es de Lemos e El\u00edsio de Melo, exceto TP)<\/li>\n<li>Rua de El\u00edsio de Melo (exceto TP)<\/li>\n<\/ul>\n","protected":false},"excerpt":{"rendered":"<ul>\n<li>A C\u00e2mara Municipal do Porto confirmou que a Monumental Serenata da Queima das Fitas de 2026 fica na Avenida dos Aliados, na noite de s\u00e1bado para domingo, 3 de maio, mesmo poss\u00edvel coincid\u00eancia com a festa do t\u00edtulo do FC Porto.<\/li>\n<li>Caso o FC Porto celebre o campeonato, a festa de grande express\u00e3o concentra-se junto ao Est\u00e1dio do Drag\u00e3o, com a passagem pela Baixa da Invicta marcada para data posterior.<\/li>\n<li>Apesar disso, \u00e9 poss\u00edvel que alguns adeptos desloquem-se espontaneamente aos Aliados para festejar.<\/li>\n<li>Haver\u00e1 cortes de tr\u00e2nsito entre as 21h30 de s\u00e1bado e as 4h da madrugada de domingo, na \u00e1rea envolvente aos Aliados.<\/li>\n<li>O conjunto de altera\u00e7\u00f5es rodovi\u00e1rias inclui v\u00e1rias ruas da cidade, entre as quais a Avenida dos Aliados (arruamentos central, nascente e poente) e outras vias pr\u00f3ximas citadas pela organiza\u00e7\u00e3o.<\/li>\n<\/ul>\n","protected":false},"author":2,"featured_media":461420,"comment_status":"closed","ping_status":"closed","sticky":false,"template":"","format":"standard","meta":{"footnotes":""},"categories":[7375,7381],"tags":[9036,8315,7755,8088,8529,8751],"class_list":["post-461417","post","type-post","status-publish","format-standard","has-post-thumbnail","hentry","category-cultura","category-lazer","tag-_avenida","tag-_fc-porto","tag-_futebol","tag-_porto","tag-_porto-sad","tag-_transito"],"yoast_head":"<!-- This site is optimized with the Yoast SEO plugin v27.2 - https:\/\/yoast.com\/product\/yoast-seo-wordpress\/ -->\n<title>FC Porto: serenata da Queima das Fitas nos Aliados e cortes de tr\u00e2nsito - Portal Tela Portugal<\/title>\n<meta name=\"robots\" content=\"index, follow, max-snippet:-1, max-image-preview:large, max-video-preview:-1\" \/>\n<meta property=\"og:locale\" content=\"pt_PT\" \/>\n<meta property=\"og:type\" content=\"article\" \/>\n<meta property=\"og:title\" content=\"FC Porto: serenata da Queima das Fitas nos Aliados e cortes de tr\u00e2nsito - Portal Tela Portugal\" \/>\n<meta property=\"og:description\" content=\"A C\u00e2mara Municipal do Porto confirmou que a Monumental Serenata da Queima das Fitas de 2026 fica na Avenida dos Aliados, na noite de s\u00e1bado para domingo, 3 de maio, mesmo poss\u00edvel coincid\u00eancia com a festa do t\u00edtulo do FC Porto. Caso o FC Porto celebre o campeonato, a festa de grande express\u00e3o concentra-se junto ao Est\u00e1dio do Drag\u00e3o, com a passagem pela Baixa da Invicta marcada para data posterior. Apesar disso, \u00e9 poss\u00edvel que alguns adeptos desloquem-se espontaneamente aos Aliados para festejar. Haver\u00e1 cortes de tr\u00e2nsito entre as 21h30 de s\u00e1bado e as 4h da madrugada de domingo, na \u00e1rea envolvente aos Aliados. O conjunto de altera\u00e7\u00f5es rodovi\u00e1rias inclui v\u00e1rias ruas da cidade, entre as quais a Avenida dos Aliados (arruamentos central, nascente e poente) e outras vias pr\u00f3ximas citadas pela organiza\u00e7\u00e3o.\" \/>\n<meta property=\"og:url\" content=\"https:\/\/portaltela.pt\/noticias\/2026\/04\/29\/fc-porto-serenata-da-queima-das-fitas-nos-aliados-e-cortes-de-transito\/\" \/>\n<meta property=\"og:site_name\" content=\"Portal Tela Portugal\" \/>\n<meta property=\"article:published_time\" content=\"2026-04-29T18:47:54+00:00\" \/>\n<meta name=\"author\" content=\"Telinha\" \/>\n<meta name=\"twitter:card\" content=\"summary_large_image\" \/>\n<meta name=\"twitter:label1\" content=\"Escrito por\" \/>\n\t<meta name=\"twitter:data1\" content=\"Telinha\" \/>\n\t<meta name=\"twitter:label2\" content=\"Tempo estimado de leitura\" \/>\n\t<meta name=\"twitter:data2\" content=\"2 minutos\" \/>\n<script type=\"application\/ld+json\" class=\"yoast-schema-graph\">{\"@context\":\"https:\/\/schema.org\",\"@graph\":[{\"@type\":\"Article\",\"@id\":\"https:\/\/portaltela.pt\/noticias\/2026\/04\/29\/fc-porto-serenata-da-queima-das-fitas-nos-aliados-e-cortes-de-transito\/#article\",\"isPartOf\":{\"@id\":\"https:\/\/portaltela.pt\/noticias\/2026\/04\/29\/fc-porto-serenata-da-queima-das-fitas-nos-aliados-e-cortes-de-transito\/\"},\"author\":{\"name\":\"Telinha\",\"@id\":\"https:\/\/portaltela.pt\/#\/schema\/person\/c4278d4a6028830caff9ee44b42d32ed\"},\"headline\":\"FC Porto: serenata da Queima das Fitas nos Aliados e cortes de tr\u00e2nsito\",\"datePublished\":\"2026-04-29T18:47:54+00:00\",\"mainEntityOfPage\":{\"@id\":\"https:\/\/portaltela.pt\/noticias\/2026\/04\/29\/fc-porto-serenata-da-queima-das-fitas-nos-aliados-e-cortes-de-transito\/\"},\"wordCount\":347,\"image\":{\"@id\":\"https:\/\/portaltela.pt\/noticias\/2026\/04\/29\/fc-porto-serenata-da-queima-das-fitas-nos-aliados-e-cortes-de-transito\/#primaryimage\"},\"thumbnailUrl\":\"https:\/\/portaltela.pt\/s.01k8rhncp4jt1\/2026\/04\/img_920x518uu2026-04-29-19-33-45-2435974.jpg\",\"keywords\":[\"_Avenida\",\"_FC Porto\",\"_futebol\",\"_Porto\",\"_Porto SAD\",\"_tr\u00e2nsito\"],\"articleSection\":[\"Cultura\",\"Lazer\"],\"inLanguage\":\"pt-PT\"},{\"@type\":\"WebPage\",\"@id\":\"https:\/\/portaltela.pt\/noticias\/2026\/04\/29\/fc-porto-serenata-da-queima-das-fitas-nos-aliados-e-cortes-de-transito\/\",\"url\":\"https:\/\/portaltela.pt\/noticias\/2026\/04\/29\/fc-porto-serenata-da-queima-das-fitas-nos-aliados-e-cortes-de-transito\/\",\"name\":\"FC Porto: serenata da Queima das Fitas nos Aliados e cortes de tr\u00e2nsito - Portal Tela Portugal\",\"isPartOf\":{\"@id\":\"https:\/\/portaltela.pt\/#website\"},\"primaryImageOfPage\":{\"@id\":\"https:\/\/portaltela.pt\/noticias\/2026\/04\/29\/fc-porto-serenata-da-queima-das-fitas-nos-aliados-e-cortes-de-transito\/#primaryimage\"},\"image\":{\"@id\":\"https:\/\/portaltela.pt\/noticias\/2026\/04\/29\/fc-porto-serenata-da-queima-das-fitas-nos-aliados-e-cortes-de-transito\/#primaryimage\"},\"thumbnailUrl\":\"https:\/\/portaltela.pt\/s.01k8rhncp4jt1\/2026\/04\/img_920x518uu2026-04-29-19-33-45-2435974.jpg\",\"datePublished\":\"2026-04-29T18:47:54+00:00\",\"author\":{\"@id\":\"https:\/\/portaltela.pt\/#\/schema\/person\/c4278d4a6028830caff9ee44b42d32ed\"},\"breadcrumb\":{\"@id\":\"https:\/\/portaltela.pt\/noticias\/2026\/04\/29\/fc-porto-serenata-da-queima-das-fitas-nos-aliados-e-cortes-de-transito\/#breadcrumb\"},\"inLanguage\":\"pt-PT\",\"potentialAction\":[{\"@type\":\"ReadAction\",\"target\":[\"https:\/\/portaltela.pt\/noticias\/2026\/04\/29\/fc-porto-serenata-da-queima-das-fitas-nos-aliados-e-cortes-de-transito\/\"]}]},{\"@type\":\"ImageObject\",\"inLanguage\":\"pt-PT\",\"@id\":\"https:\/\/portaltela.pt\/noticias\/2026\/04\/29\/fc-porto-serenata-da-queima-das-fitas-nos-aliados-e-cortes-de-transito\/#primaryimage\",\"url\":\"https:\/\/portaltela.pt\/s.01k8rhncp4jt1\/2026\/04\/img_920x518uu2026-04-29-19-33-45-2435974.jpg\",\"contentUrl\":\"https:\/\/portaltela.pt\/s.01k8rhncp4jt1\/2026\/04\/img_920x518uu2026-04-29-19-33-45-2435974.jpg\",\"width\":796,\"height\":448,\"caption\":\"Serenata monumental agendada para 3 de maio na Avenida dos Aliados, no Porto\"},{\"@type\":\"BreadcrumbList\",\"@id\":\"https:\/\/portaltela.pt\/noticias\/2026\/04\/29\/fc-porto-serenata-da-queima-das-fitas-nos-aliados-e-cortes-de-transito\/#breadcrumb\",\"itemListElement\":[{\"@type\":\"ListItem\",\"position\":1,\"name\":\"In\u00edcio\",\"item\":\"https:\/\/portaltela.pt\/\"},{\"@type\":\"ListItem\",\"position\":2,\"name\":\"FC Porto: serenata da Queima das Fitas nos Aliados e cortes de tr\u00e2nsito\"}]},{\"@type\":\"WebSite\",\"@id\":\"https:\/\/portaltela.pt\/#website\",\"url\":\"https:\/\/portaltela.pt\/\",\"name\":\"Portal Tela Portugal\",\"description\":\"\",\"potentialAction\":[{\"@type\":\"SearchAction\",\"target\":{\"@type\":\"EntryPoint\",\"urlTemplate\":\"https:\/\/portaltela.pt\/?s={search_term_string}\"},\"query-input\":{\"@type\":\"PropertyValueSpecification\",\"valueRequired\":true,\"valueName\":\"search_term_string\"}}],\"inLanguage\":\"pt-PT\"},{\"@type\":\"Person\",\"@id\":\"https:\/\/portaltela.pt\/#\/schema\/person\/c4278d4a6028830caff9ee44b42d32ed\",\"name\":\"Telinha\",\"image\":{\"@type\":\"ImageObject\",\"inLanguage\":\"pt-PT\",\"@id\":\"https:\/\/portaltela.pt\/s.01k8rhncp4jt1\/2025\/11\/talking-bot-125x125.png\",\"url\":\"https:\/\/portaltela.pt\/s.01k8rhncp4jt1\/2025\/11\/talking-bot-125x125.png\",\"contentUrl\":\"https:\/\/portaltela.pt\/s.01k8rhncp4jt1\/2025\/11\/talking-bot-125x125.png\",\"caption\":\"Telinha\"},\"sameAs\":[\"https:\/\/portaltela.pt\/\"],\"url\":\"https:\/\/portaltela.pt\/por\/367410592786\/\"}]}<\/script>\n<!-- \/ Yoast SEO plugin. -->","yoast_head_json":{"title":"FC Porto: serenata da Queima das Fitas nos Aliados e cortes de tr\u00e2nsito - Portal Tela Portugal","robots":{"index":"index","follow":"follow","max-snippet":"max-snippet:-1","max-image-preview":"max-image-preview:large","max-video-preview":"max-video-preview:-1"},"og_locale":"pt_PT","og_type":"article","og_title":"FC Porto: serenata da Queima das Fitas nos Aliados e cortes de tr\u00e2nsito - Portal Tela Portugal","og_description":"A C\u00e2mara Municipal do Porto confirmou que a Monumental Serenata da Queima das Fitas de 2026 fica na Avenida dos Aliados, na noite de s\u00e1bado para domingo, 3 de maio, mesmo poss\u00edvel coincid\u00eancia com a festa do t\u00edtulo do FC Porto. Caso o FC Porto celebre o campeonato, a festa de grande express\u00e3o concentra-se junto ao Est\u00e1dio do Drag\u00e3o, com a passagem pela Baixa da Invicta marcada para data posterior. Apesar disso, \u00e9 poss\u00edvel que alguns adeptos desloquem-se espontaneamente aos Aliados para festejar. Haver\u00e1 cortes de tr\u00e2nsito entre as 21h30 de s\u00e1bado e as 4h da madrugada de domingo, na \u00e1rea envolvente aos Aliados. O conjunto de altera\u00e7\u00f5es rodovi\u00e1rias inclui v\u00e1rias ruas da cidade, entre as quais a Avenida dos Aliados (arruamentos central, nascente e poente) e outras vias pr\u00f3ximas citadas pela organiza\u00e7\u00e3o.","og_url":"https:\/\/portaltela.pt\/noticias\/2026\/04\/29\/fc-porto-serenata-da-queima-das-fitas-nos-aliados-e-cortes-de-transito\/","og_site_name":"Portal Tela Portugal","article_published_time":"2026-04-29T18:47:54+00:00","author":"Telinha","twitter_card":"summary_large_image","twitter_misc":{"Escrito por":"Telinha","Tempo estimado de leitura":"2 minutos"},"schema":{"@context":"https:\/\/schema.org","@graph":[{"@type":"Article","@id":"https:\/\/portaltela.pt\/noticias\/2026\/04\/29\/fc-porto-serenata-da-queima-das-fitas-nos-aliados-e-cortes-de-transito\/#article","isPartOf":{"@id":"https:\/\/portaltela.pt\/noticias\/2026\/04\/29\/fc-porto-serenata-da-queima-das-fitas-nos-aliados-e-cortes-de-transito\/"},"author":{"name":"Telinha","@id":"https:\/\/portaltela.pt\/#\/schema\/person\/c4278d4a6028830caff9ee44b42d32ed"},"headline":"FC Porto: serenata da Queima das Fitas nos Aliados e cortes de tr\u00e2nsito","datePublished":"2026-04-29T18:47:54+00:00","mainEntityOfPage":{"@id":"https:\/\/portaltela.pt\/noticias\/2026\/04\/29\/fc-porto-serenata-da-queima-das-fitas-nos-aliados-e-cortes-de-transito\/"},"wordCount":347,"image":{"@id":"https:\/\/portaltela.pt\/noticias\/2026\/04\/29\/fc-porto-serenata-da-queima-das-fitas-nos-aliados-e-cortes-de-transito\/#primaryimage"},"thumbnailUrl":"https:\/\/portaltela.pt\/s.01k8rhncp4jt1\/2026\/04\/img_920x518uu2026-04-29-19-33-45-2435974.jpg","keywords":["_Avenida","_FC Porto","_futebol","_Porto","_Porto SAD","_tr\u00e2nsito"],"articleSection":["Cultura","Lazer"],"inLanguage":"pt-PT"},{"@type":"WebPage","@id":"https:\/\/portaltela.pt\/noticias\/2026\/04\/29\/fc-porto-serenata-da-queima-das-fitas-nos-aliados-e-cortes-de-transito\/","url":"https:\/\/portaltela.pt\/noticias\/2026\/04\/29\/fc-porto-serenata-da-queima-das-fitas-nos-aliados-e-cortes-de-transito\/","name":"FC Porto: serenata da Queima das Fitas nos Aliados e cortes de tr\u00e2nsito - Portal Tela Portugal","isPartOf":{"@id":"https:\/\/portaltela.pt\/#website"},"primaryImageOfPage":{"@id":"https:\/\/portaltela.pt\/noticias\/2026\/04\/29\/fc-porto-serenata-da-queima-das-fitas-nos-aliados-e-cortes-de-transito\/#primaryimage"},"image":{"@id":"https:\/\/portaltela.pt\/noticias\/2026\/04\/29\/fc-porto-serenata-da-queima-das-fitas-nos-aliados-e-cortes-de-transito\/#primaryimage"},"thumbnailUrl":"https:\/\/portaltela.pt\/s.01k8rhncp4jt1\/2026\/04\/img_920x518uu2026-04-29-19-33-45-2435974.jpg","datePublished":"2026-04-29T18:47:54+00:00","author":{"@id":"https:\/\/portaltela.pt\/#\/schema\/person\/c4278d4a6028830caff9ee44b42d32ed"},"breadcrumb":{"@id":"https:\/\/portaltela.pt\/noticias\/2026\/04\/29\/fc-porto-serenata-da-queima-das-fitas-nos-aliados-e-cortes-de-transito\/#breadcrumb"},"inLanguage":"pt-PT","potentialAction":[{"@type":"ReadAction","target":["https:\/\/portaltela.pt\/noticias\/2026\/04\/29\/fc-porto-serenata-da-queima-das-fitas-nos-aliados-e-cortes-de-transito\/"]}]},{"@type":"ImageObject","inLanguage":"pt-PT","@id":"https:\/\/portaltela.pt\/noticias\/2026\/04\/29\/fc-porto-serenata-da-queima-das-fitas-nos-aliados-e-cortes-de-transito\/#primaryimage","url":"https:\/\/portaltela.pt\/s.01k8rhncp4jt1\/2026\/04\/img_920x518uu2026-04-29-19-33-45-2435974.jpg","contentUrl":"https:\/\/portaltela.pt\/s.01k8rhncp4jt1\/2026\/04\/img_920x518uu2026-04-29-19-33-45-2435974.jpg","width":796,"height":448,"caption":"Serenata monumental agendada para 3 de maio na Avenida dos Aliados, no Porto"},{"@type":"BreadcrumbList","@id":"https:\/\/portaltela.pt\/noticias\/2026\/04\/29\/fc-porto-serenata-da-queima-das-fitas-nos-aliados-e-cortes-de-transito\/#breadcrumb","itemListElement":[{"@type":"ListItem","position":1,"name":"In\u00edcio","item":"https:\/\/portaltela.pt\/"},{"@type":"ListItem","position":2,"name":"FC Porto: serenata da Queima das Fitas nos Aliados e cortes de tr\u00e2nsito"}]},{"@type":"WebSite","@id":"https:\/\/portaltela.pt\/#website","url":"https:\/\/portaltela.pt\/","name":"Portal Tela Portugal","description":"","potentialAction":[{"@type":"SearchAction","target":{"@type":"EntryPoint","urlTemplate":"https:\/\/portaltela.pt\/?s={search_term_string}"},"query-input":{"@type":"PropertyValueSpecification","valueRequired":true,"valueName":"search_term_string"}}],"inLanguage":"pt-PT"},{"@type":"Person","@id":"https:\/\/portaltela.pt\/#\/schema\/person\/c4278d4a6028830caff9ee44b42d32ed","name":"Telinha","image":{"@type":"ImageObject","inLanguage":"pt-PT","@id":"https:\/\/portaltela.pt\/s.01k8rhncp4jt1\/2025\/11\/talking-bot-125x125.png","url":"https:\/\/portaltela.pt\/s.01k8rhncp4jt1\/2025\/11\/talking-bot-125x125.png","contentUrl":"https:\/\/portaltela.pt\/s.01k8rhncp4jt1\/2025\/11\/talking-bot-125x125.png","caption":"Telinha"},"sameAs":["https:\/\/portaltela.pt\/"],"url":"https:\/\/portaltela.pt\/por\/367410592786\/"}]}},"_links":{"self":[{"href":"https:\/\/portaltela.pt\/api\/wp\/v2\/posts\/461417","targetHints":{"allow":["GET"]}}],"collection":[{"href":"https:\/\/portaltela.pt\/api\/wp\/v2\/posts"}],"about":[{"href":"https:\/\/portaltela.pt\/api\/wp\/v2\/types\/post"}],"author":[{"embeddable":true,"href":"https:\/\/portaltela.pt\/api\/wp\/v2\/users\/2"}],"replies":[{"embeddable":true,"href":"https:\/\/portaltela.pt\/api\/wp\/v2\/comments?post=461417"}],"version-history":[{"count":0,"href":"https:\/\/portaltela.pt\/api\/wp\/v2\/posts\/461417\/revisions"}],"wp:featuredmedia":[{"embeddable":true,"href":"https:\/\/portaltela.pt\/api\/wp\/v2\/media\/461420"}],"wp:attachment":[{"href":"https:\/\/portaltela.pt\/api\/wp\/v2\/media?parent=461417"}],"wp:term":[{"taxonomy":"category","embeddable":true,"href":"https:\/\/portaltela.pt\/api\/wp\/v2\/categories?post=461417"},{"taxonomy":"post_tag","embeddable":true,"href":"https:\/\/portaltela.pt\/api\/wp\/v2\/tags?post=461417"}],"curies":[{"name":"wp","href":"https:\/\/api.w.org\/{rel}","templated":true}]}}