{"id":461415,"date":"2026-04-29T15:47:42","date_gmt":"2026-04-29T18:47:42","guid":{"rendered":"https:\/\/portaltela.pt\/noticias\/2026\/04\/29\/estrela-da-amadora-confirma-cristiano-bacci-como-novo-treinador\/"},"modified":"2026-04-29T15:47:42","modified_gmt":"2026-04-29T18:47:42","slug":"estrela-da-amadora-confirma-cristiano-bacci-como-novo-treinador","status":"publish","type":"post","link":"https:\/\/portaltela.pt\/desporto\/futebol\/2026\/04\/29\/estrela-da-amadora-confirma-cristiano-bacci-como-novo-treinador\/","title":{"rendered":"Estrela da Amadora confirma Cristiano Bacci como novo treinador"},"content":{"rendered":"<p>O Estrela da Amadora anunciou a contrata\u00e7\u00e3o de Cristiano Bacci como novo treinador, com contrato at\u00e9 ao final da presente \u00e9poca. A aposta visa garantir a perman\u00eancia na I Liga, no contexto das \u00faltimas tr\u00eas jornadas. A confirma\u00e7\u00e3o saiu num comunicado do clube da Reboleira nesta quarta-feira.<\/p>\n<p>O t\u00e9cnico italiano, de 50 anos, chega para suceder Jo\u00e3o Nuno, que deixou o clube na segunda-feira ap\u00f3s a derrota frente ao FC Porto. Bacci assume o cargo num cen\u00e1rio de curto prazo, com contrato v\u00e1lido at\u00e9 junho. O plantel passa a ser dirigido tamb\u00e9m por Lu\u00eds Silva, que j\u00e1 acompanhou os antecessores, e por Miguel Lopes, que regressa \u00e0 institui\u00e7\u00e3o.<\/p>\n<p>O Estrela da Amadora est\u00e1 dois pontos acima da posi\u00e7\u00e3o de *play-off* de perman\u00eancia. A equipa tem desloca\u00e7\u00e3o ao Moreirense no pr\u00f3ximo jogo, segue-se o encontro com o Famalic\u00e3o e encerra o campeonato na desloca\u00e7\u00e3o ao Sp. Braga. A dire\u00e7\u00e3o aposta numa resposta r\u00e1pida do plantel para manter-se na I Liga.<\/p>\n<h3>Composi\u00e7\u00e3o da equipa t\u00e9cnica<\/h3>\n<p>Cristiano Bacci ser\u00e1 acompanhado por Lu\u00eds Silva, j\u00e1 presente nas duas \u00faltimas eras t\u00e9cnicas. Miguel Lopes, antigo capit\u00e3o, integrou a equipa t\u00e9cnica ap\u00f3s rescindir com o Amora e terminar a carreira como jogador.<\/p>\n","protected":false},"excerpt":{"rendered":"<ul>\n<li>O Estrela da Amadora confirmou Cristiano Bacci como novo treinador, contratado at\u00e9 ao final da presente \u00e9poca para as \u00faltimas tr\u00eas jornadas da I Liga.<\/li>\n<li>O t\u00e9cnico italiano, de 50 anos, substitui Jo\u00e3o Nuno, o qual saiu na segunda-feira ap\u00f3s a derrota com o FC Porto.<\/li>\n<li>Bacci chega acompanhado por Lu\u00eds Silva, j\u00e1 coadjuvante dos anteriores treinadores, e por Miguel Lopes, antigo capit\u00e3o do Estrela que regressa \u00e0 Reboleira.<\/li>\n<li>O contrato \u00e9 de curta dura\u00e7\u00e3o, v\u00e1lido at\u00e9 junho, e o objetivo \u00e9 garantir a perman\u00eancia da equipa na I Liga.<\/li>\n<li>O Estrela est\u00e1 dois pontos acima da posi\u00e7\u00e3o de play-off de perman\u00eancia e joga em Moreirense, depois recebe o Famalic\u00e3o e encerra o campeonato em casa do Sp. Braga.<\/li>\n<\/ul>\n","protected":false},"author":2,"featured_media":461419,"comment_status":"closed","ping_status":"closed","sticky":false,"template":"","format":"standard","meta":{"footnotes":""},"categories":[21,24],"tags":[4143,152,32,2477],"class_list":["post-461415","post","type-post","status-publish","format-standard","has-post-thumbnail","hentry","category-desporto","category-futebol","tag-1-liga","tag-desporto","tag-futebol","tag-treinadores"],"yoast_head":"<!-- This site is optimized with the Yoast SEO plugin v27.2 - https:\/\/yoast.com\/product\/yoast-seo-wordpress\/ -->\n<title>Estrela da Amadora confirma Cristiano Bacci como novo treinador - Portal Tela Portugal<\/title>\n<meta name=\"robots\" content=\"index, follow, max-snippet:-1, max-image-preview:large, max-video-preview:-1\" \/>\n<meta property=\"og:locale\" content=\"pt_PT\" \/>\n<meta property=\"og:type\" content=\"article\" \/>\n<meta property=\"og:title\" content=\"Estrela da Amadora confirma Cristiano Bacci como novo treinador - Portal Tela Portugal\" \/>\n<meta property=\"og:description\" content=\"O Estrela da Amadora confirmou Cristiano Bacci como novo treinador, contratado at\u00e9 ao final da presente \u00e9poca para as \u00faltimas tr\u00eas jornadas da I Liga. O t\u00e9cnico italiano, de 50 anos, substitui Jo\u00e3o Nuno, o qual saiu na segunda-feira ap\u00f3s a derrota com o FC Porto. Bacci chega acompanhado por Lu\u00eds Silva, j\u00e1 coadjuvante dos anteriores treinadores, e por Miguel Lopes, antigo capit\u00e3o do Estrela que regressa \u00e0 Reboleira. O contrato \u00e9 de curta dura\u00e7\u00e3o, v\u00e1lido at\u00e9 junho, e o objetivo \u00e9 garantir a perman\u00eancia da equipa na I Liga. O Estrela est\u00e1 dois pontos acima da posi\u00e7\u00e3o de play-off de perman\u00eancia e joga em Moreirense, depois recebe o Famalic\u00e3o e encerra o campeonato em casa do Sp. Braga.\" \/>\n<meta property=\"og:url\" content=\"https:\/\/portaltela.pt\/noticias\/2026\/04\/29\/estrela-da-amadora-confirma-cristiano-bacci-como-novo-treinador\/\" \/>\n<meta property=\"og:site_name\" content=\"Portal Tela Portugal\" \/>\n<meta property=\"article:published_time\" content=\"2026-04-29T18:47:42+00:00\" \/>\n<meta name=\"author\" content=\"Telinha\" \/>\n<meta name=\"twitter:card\" content=\"summary_large_image\" \/>\n<meta name=\"twitter:label1\" content=\"Escrito por\" \/>\n\t<meta name=\"twitter:data1\" content=\"Telinha\" \/>\n\t<meta name=\"twitter:label2\" content=\"Tempo estimado de leitura\" \/>\n\t<meta name=\"twitter:data2\" content=\"1 minuto\" \/>\n<script type=\"application\/ld+json\" class=\"yoast-schema-graph\">{\"@context\":\"https:\/\/schema.org\",\"@graph\":[{\"@type\":\"Article\",\"@id\":\"https:\/\/portaltela.pt\/noticias\/2026\/04\/29\/estrela-da-amadora-confirma-cristiano-bacci-como-novo-treinador\/#article\",\"isPartOf\":{\"@id\":\"https:\/\/portaltela.pt\/noticias\/2026\/04\/29\/estrela-da-amadora-confirma-cristiano-bacci-como-novo-treinador\/\"},\"author\":{\"name\":\"Telinha\",\"@id\":\"https:\/\/portaltela.pt\/#\/schema\/person\/c4278d4a6028830caff9ee44b42d32ed\"},\"headline\":\"Estrela da Amadora confirma Cristiano Bacci como novo treinador\",\"datePublished\":\"2026-04-29T18:47:42+00:00\",\"mainEntityOfPage\":{\"@id\":\"https:\/\/portaltela.pt\/noticias\/2026\/04\/29\/estrela-da-amadora-confirma-cristiano-bacci-como-novo-treinador\/\"},\"wordCount\":230,\"image\":{\"@id\":\"https:\/\/portaltela.pt\/noticias\/2026\/04\/29\/estrela-da-amadora-confirma-cristiano-bacci-como-novo-treinador\/#primaryimage\"},\"thumbnailUrl\":\"https:\/\/portaltela.pt\/s.01k8rhncp4jt1\/2026\/04\/2085070.jpg\",\"keywords\":[\"1. Liga\",\"desporto\",\"futebol\",\"treinadores\"],\"articleSection\":[\"Desporto\",\"Futebol\"],\"inLanguage\":\"pt-PT\"},{\"@type\":\"WebPage\",\"@id\":\"https:\/\/portaltela.pt\/noticias\/2026\/04\/29\/estrela-da-amadora-confirma-cristiano-bacci-como-novo-treinador\/\",\"url\":\"https:\/\/portaltela.pt\/noticias\/2026\/04\/29\/estrela-da-amadora-confirma-cristiano-bacci-como-novo-treinador\/\",\"name\":\"Estrela da Amadora confirma Cristiano Bacci como novo treinador - Portal Tela Portugal\",\"isPartOf\":{\"@id\":\"https:\/\/portaltela.pt\/#website\"},\"primaryImageOfPage\":{\"@id\":\"https:\/\/portaltela.pt\/noticias\/2026\/04\/29\/estrela-da-amadora-confirma-cristiano-bacci-como-novo-treinador\/#primaryimage\"},\"image\":{\"@id\":\"https:\/\/portaltela.pt\/noticias\/2026\/04\/29\/estrela-da-amadora-confirma-cristiano-bacci-como-novo-treinador\/#primaryimage\"},\"thumbnailUrl\":\"https:\/\/portaltela.pt\/s.01k8rhncp4jt1\/2026\/04\/2085070.jpg\",\"datePublished\":\"2026-04-29T18:47:42+00:00\",\"author\":{\"@id\":\"https:\/\/portaltela.pt\/#\/schema\/person\/c4278d4a6028830caff9ee44b42d32ed\"},\"breadcrumb\":{\"@id\":\"https:\/\/portaltela.pt\/noticias\/2026\/04\/29\/estrela-da-amadora-confirma-cristiano-bacci-como-novo-treinador\/#breadcrumb\"},\"inLanguage\":\"pt-PT\",\"potentialAction\":[{\"@type\":\"ReadAction\",\"target\":[\"https:\/\/portaltela.pt\/noticias\/2026\/04\/29\/estrela-da-amadora-confirma-cristiano-bacci-como-novo-treinador\/\"]}]},{\"@type\":\"ImageObject\",\"inLanguage\":\"pt-PT\",\"@id\":\"https:\/\/portaltela.pt\/noticias\/2026\/04\/29\/estrela-da-amadora-confirma-cristiano-bacci-como-novo-treinador\/#primaryimage\",\"url\":\"https:\/\/portaltela.pt\/s.01k8rhncp4jt1\/2026\/04\/2085070.jpg\",\"contentUrl\":\"https:\/\/portaltela.pt\/s.01k8rhncp4jt1\/2026\/04\/2085070.jpg\",\"width\":796,\"height\":448,\"caption\":\"Cristiano Bacci\"},{\"@type\":\"BreadcrumbList\",\"@id\":\"https:\/\/portaltela.pt\/noticias\/2026\/04\/29\/estrela-da-amadora-confirma-cristiano-bacci-como-novo-treinador\/#breadcrumb\",\"itemListElement\":[{\"@type\":\"ListItem\",\"position\":1,\"name\":\"In\u00edcio\",\"item\":\"https:\/\/portaltela.pt\/\"},{\"@type\":\"ListItem\",\"position\":2,\"name\":\"Estrela da Amadora confirma Cristiano Bacci como novo treinador\"}]},{\"@type\":\"WebSite\",\"@id\":\"https:\/\/portaltela.pt\/#website\",\"url\":\"https:\/\/portaltela.pt\/\",\"name\":\"Portal Tela Portugal\",\"description\":\"\",\"potentialAction\":[{\"@type\":\"SearchAction\",\"target\":{\"@type\":\"EntryPoint\",\"urlTemplate\":\"https:\/\/portaltela.pt\/?s={search_term_string}\"},\"query-input\":{\"@type\":\"PropertyValueSpecification\",\"valueRequired\":true,\"valueName\":\"search_term_string\"}}],\"inLanguage\":\"pt-PT\"},{\"@type\":\"Person\",\"@id\":\"https:\/\/portaltela.pt\/#\/schema\/person\/c4278d4a6028830caff9ee44b42d32ed\",\"name\":\"Telinha\",\"image\":{\"@type\":\"ImageObject\",\"inLanguage\":\"pt-PT\",\"@id\":\"https:\/\/portaltela.pt\/s.01k8rhncp4jt1\/2025\/11\/talking-bot-125x125.png\",\"url\":\"https:\/\/portaltela.pt\/s.01k8rhncp4jt1\/2025\/11\/talking-bot-125x125.png\",\"contentUrl\":\"https:\/\/portaltela.pt\/s.01k8rhncp4jt1\/2025\/11\/talking-bot-125x125.png\",\"caption\":\"Telinha\"},\"sameAs\":[\"https:\/\/portaltela.pt\/\"],\"url\":\"https:\/\/portaltela.pt\/por\/367410592786\/\"}]}<\/script>\n<!-- \/ Yoast SEO plugin. -->","yoast_head_json":{"title":"Estrela da Amadora confirma Cristiano Bacci como novo treinador - Portal Tela Portugal","robots":{"index":"index","follow":"follow","max-snippet":"max-snippet:-1","max-image-preview":"max-image-preview:large","max-video-preview":"max-video-preview:-1"},"og_locale":"pt_PT","og_type":"article","og_title":"Estrela da Amadora confirma Cristiano Bacci como novo treinador - Portal Tela Portugal","og_description":"O Estrela da Amadora confirmou Cristiano Bacci como novo treinador, contratado at\u00e9 ao final da presente \u00e9poca para as \u00faltimas tr\u00eas jornadas da I Liga. O t\u00e9cnico italiano, de 50 anos, substitui Jo\u00e3o Nuno, o qual saiu na segunda-feira ap\u00f3s a derrota com o FC Porto. Bacci chega acompanhado por Lu\u00eds Silva, j\u00e1 coadjuvante dos anteriores treinadores, e por Miguel Lopes, antigo capit\u00e3o do Estrela que regressa \u00e0 Reboleira. O contrato \u00e9 de curta dura\u00e7\u00e3o, v\u00e1lido at\u00e9 junho, e o objetivo \u00e9 garantir a perman\u00eancia da equipa na I Liga. O Estrela est\u00e1 dois pontos acima da posi\u00e7\u00e3o de play-off de perman\u00eancia e joga em Moreirense, depois recebe o Famalic\u00e3o e encerra o campeonato em casa do Sp. Braga.","og_url":"https:\/\/portaltela.pt\/noticias\/2026\/04\/29\/estrela-da-amadora-confirma-cristiano-bacci-como-novo-treinador\/","og_site_name":"Portal Tela Portugal","article_published_time":"2026-04-29T18:47:42+00:00","author":"Telinha","twitter_card":"summary_large_image","twitter_misc":{"Escrito por":"Telinha","Tempo estimado de leitura":"1 minuto"},"schema":{"@context":"https:\/\/schema.org","@graph":[{"@type":"Article","@id":"https:\/\/portaltela.pt\/noticias\/2026\/04\/29\/estrela-da-amadora-confirma-cristiano-bacci-como-novo-treinador\/#article","isPartOf":{"@id":"https:\/\/portaltela.pt\/noticias\/2026\/04\/29\/estrela-da-amadora-confirma-cristiano-bacci-como-novo-treinador\/"},"author":{"name":"Telinha","@id":"https:\/\/portaltela.pt\/#\/schema\/person\/c4278d4a6028830caff9ee44b42d32ed"},"headline":"Estrela da Amadora confirma Cristiano Bacci como novo treinador","datePublished":"2026-04-29T18:47:42+00:00","mainEntityOfPage":{"@id":"https:\/\/portaltela.pt\/noticias\/2026\/04\/29\/estrela-da-amadora-confirma-cristiano-bacci-como-novo-treinador\/"},"wordCount":230,"image":{"@id":"https:\/\/portaltela.pt\/noticias\/2026\/04\/29\/estrela-da-amadora-confirma-cristiano-bacci-como-novo-treinador\/#primaryimage"},"thumbnailUrl":"https:\/\/portaltela.pt\/s.01k8rhncp4jt1\/2026\/04\/2085070.jpg","keywords":["1. Liga","desporto","futebol","treinadores"],"articleSection":["Desporto","Futebol"],"inLanguage":"pt-PT"},{"@type":"WebPage","@id":"https:\/\/portaltela.pt\/noticias\/2026\/04\/29\/estrela-da-amadora-confirma-cristiano-bacci-como-novo-treinador\/","url":"https:\/\/portaltela.pt\/noticias\/2026\/04\/29\/estrela-da-amadora-confirma-cristiano-bacci-como-novo-treinador\/","name":"Estrela da Amadora confirma Cristiano Bacci como novo treinador - Portal Tela Portugal","isPartOf":{"@id":"https:\/\/portaltela.pt\/#website"},"primaryImageOfPage":{"@id":"https:\/\/portaltela.pt\/noticias\/2026\/04\/29\/estrela-da-amadora-confirma-cristiano-bacci-como-novo-treinador\/#primaryimage"},"image":{"@id":"https:\/\/portaltela.pt\/noticias\/2026\/04\/29\/estrela-da-amadora-confirma-cristiano-bacci-como-novo-treinador\/#primaryimage"},"thumbnailUrl":"https:\/\/portaltela.pt\/s.01k8rhncp4jt1\/2026\/04\/2085070.jpg","datePublished":"2026-04-29T18:47:42+00:00","author":{"@id":"https:\/\/portaltela.pt\/#\/schema\/person\/c4278d4a6028830caff9ee44b42d32ed"},"breadcrumb":{"@id":"https:\/\/portaltela.pt\/noticias\/2026\/04\/29\/estrela-da-amadora-confirma-cristiano-bacci-como-novo-treinador\/#breadcrumb"},"inLanguage":"pt-PT","potentialAction":[{"@type":"ReadAction","target":["https:\/\/portaltela.pt\/noticias\/2026\/04\/29\/estrela-da-amadora-confirma-cristiano-bacci-como-novo-treinador\/"]}]},{"@type":"ImageObject","inLanguage":"pt-PT","@id":"https:\/\/portaltela.pt\/noticias\/2026\/04\/29\/estrela-da-amadora-confirma-cristiano-bacci-como-novo-treinador\/#primaryimage","url":"https:\/\/portaltela.pt\/s.01k8rhncp4jt1\/2026\/04\/2085070.jpg","contentUrl":"https:\/\/portaltela.pt\/s.01k8rhncp4jt1\/2026\/04\/2085070.jpg","width":796,"height":448,"caption":"Cristiano Bacci"},{"@type":"BreadcrumbList","@id":"https:\/\/portaltela.pt\/noticias\/2026\/04\/29\/estrela-da-amadora-confirma-cristiano-bacci-como-novo-treinador\/#breadcrumb","itemListElement":[{"@type":"ListItem","position":1,"name":"In\u00edcio","item":"https:\/\/portaltela.pt\/"},{"@type":"ListItem","position":2,"name":"Estrela da Amadora confirma Cristiano Bacci como novo treinador"}]},{"@type":"WebSite","@id":"https:\/\/portaltela.pt\/#website","url":"https:\/\/portaltela.pt\/","name":"Portal Tela Portugal","description":"","potentialAction":[{"@type":"SearchAction","target":{"@type":"EntryPoint","urlTemplate":"https:\/\/portaltela.pt\/?s={search_term_string}"},"query-input":{"@type":"PropertyValueSpecification","valueRequired":true,"valueName":"search_term_string"}}],"inLanguage":"pt-PT"},{"@type":"Person","@id":"https:\/\/portaltela.pt\/#\/schema\/person\/c4278d4a6028830caff9ee44b42d32ed","name":"Telinha","image":{"@type":"ImageObject","inLanguage":"pt-PT","@id":"https:\/\/portaltela.pt\/s.01k8rhncp4jt1\/2025\/11\/talking-bot-125x125.png","url":"https:\/\/portaltela.pt\/s.01k8rhncp4jt1\/2025\/11\/talking-bot-125x125.png","contentUrl":"https:\/\/portaltela.pt\/s.01k8rhncp4jt1\/2025\/11\/talking-bot-125x125.png","caption":"Telinha"},"sameAs":["https:\/\/portaltela.pt\/"],"url":"https:\/\/portaltela.pt\/por\/367410592786\/"}]}},"_links":{"self":[{"href":"https:\/\/portaltela.pt\/api\/wp\/v2\/posts\/461415","targetHints":{"allow":["GET"]}}],"collection":[{"href":"https:\/\/portaltela.pt\/api\/wp\/v2\/posts"}],"about":[{"href":"https:\/\/portaltela.pt\/api\/wp\/v2\/types\/post"}],"author":[{"embeddable":true,"href":"https:\/\/portaltela.pt\/api\/wp\/v2\/users\/2"}],"replies":[{"embeddable":true,"href":"https:\/\/portaltela.pt\/api\/wp\/v2\/comments?post=461415"}],"version-history":[{"count":0,"href":"https:\/\/portaltela.pt\/api\/wp\/v2\/posts\/461415\/revisions"}],"wp:featuredmedia":[{"embeddable":true,"href":"https:\/\/portaltela.pt\/api\/wp\/v2\/media\/461419"}],"wp:attachment":[{"href":"https:\/\/portaltela.pt\/api\/wp\/v2\/media?parent=461415"}],"wp:term":[{"taxonomy":"category","embeddable":true,"href":"https:\/\/portaltela.pt\/api\/wp\/v2\/categories?post=461415"},{"taxonomy":"post_tag","embeddable":true,"href":"https:\/\/portaltela.pt\/api\/wp\/v2\/tags?post=461415"}],"curies":[{"name":"wp","href":"https:\/\/api.w.org\/{rel}","templated":true}]}}