{"id":461413,"date":"2026-04-29T15:47:43","date_gmt":"2026-04-29T18:47:43","guid":{"rendered":"https:\/\/portaltela.pt\/noticias\/2026\/04\/29\/javier-tebas-aprova-regresso-de-mourinho-ao-futebol-espanhol\/"},"modified":"2026-04-29T15:47:43","modified_gmt":"2026-04-29T18:47:43","slug":"javier-tebas-aprova-regresso-de-mourinho-ao-futebol-espanhol","status":"publish","type":"post","link":"https:\/\/portaltela.pt\/desporto\/futebol\/2026\/04\/29\/javier-tebas-aprova-regresso-de-mourinho-ao-futebol-espanhol\/","title":{"rendered":"Javier Tebas aprova regresso de Mourinho ao futebol espanhol"},"content":{"rendered":"<p>Javier Tebas, presidente da La Liga, manifestou apoio ao regresso de Jos\u00e9 Mourinho ao futebol espanhol. O respons\u00e1vel pela organiza\u00e7\u00e3o da principal liga espanhola considerou que, se o Real Madrid decidir avan\u00e7ar com o regresso do treinador do Benfica, essa escolha poder\u00e1 beneficiar tanto o clube como a competi\u00e7\u00e3o.<\/p>\n<p>Desde ontem surgiu com maior for\u00e7a a perspetiva de Mourinho ter um papel no Real Madrid, sendo apontado como prioridade de Florentino P\u00e9rez para substituir Arbeloa no comando t\u00e9cnico. A not\u00edcia ganhou destaque na imprensa desportiva espanhola, com Tebas a elogiar a qualidade do t\u00e9cnico a quem reconhece o status de um grande treinador.<\/p>\n<p>Tebas refor\u00e7ou que Mourinho \u00e9 um treinador de alto n\u00edvel e que interessa ao campeonato tudo o que seja de primeiro n\u00edvel. A sua posi\u00e7\u00e3o traduz uma leitura favor\u00e1vel \u00e0 presen\u00e7a de Mourinho na Liga, caso haja decis\u00e3o do Real Madrid em conduzir esse regresso.<\/p>\n","protected":false},"excerpt":{"rendered":"<ul>\n<li>Javier Tebas, presidente da La Liga, afirma que o regresso de Jos\u00e9 Mourinho ao futebol espanhol \u00e9 uma hip\u00f3tese vi\u00e1vel.<\/li>\n<li>Questionado sobre Mourinho, treinador do Benfica, regressar ao Real Madrid, Tebas disse: &#8220;Se for o que o Real Madrid e os seus dirigentes decidirem, ser\u00e1 bom para o Real Madrid. Mourinho \u00e9 um &#8216;show&#8217;, um espet\u00e1culo, e isso \u00e9 bom para La Liga&#8221;.<\/li>\n<li>O respons\u00e1vel da competi\u00e7\u00e3o Daniou destacou que o regresso de Mourinho ao Real Madrid \u00e9 uma poss\u00edvel prioridade para a equipa de Florentino P\u00e9rez, para render Arbeloa.<\/li>\n<li>Tebas reiterou que Mourinho \u00e9 &#8220;um treinador de primeiro n\u00edvel&#8221; e que esse perfil \u00e9 ben\u00e9fico para o campeonato.<\/li>\n<li>Ao longo do dia anterior, ganhou for\u00e7a a possibilidade de Mourinho seguir para o Real Madrid, com avalia\u00e7\u00e3o de que o epis\u00f3dio pode impactar positivamente a Liga.<\/li>\n<\/ul>\n","protected":false},"author":2,"featured_media":461414,"comment_status":"closed","ping_status":"closed","sticky":false,"template":"","format":"standard","meta":{"footnotes":""},"categories":[21,24],"tags":[8657,7755,7907,9794,9161,9109],"class_list":["post-461413","post","type-post","status-publish","format-standard","has-post-thumbnail","hentry","category-desporto","category-futebol","tag-_espanha","tag-_futebol","tag-_futebol-internacional","tag-_jose-mourinho","tag-_la-liga","tag-_real-madrid"],"yoast_head":"<!-- This site is optimized with the Yoast SEO plugin v27.2 - https:\/\/yoast.com\/product\/yoast-seo-wordpress\/ -->\n<title>Javier Tebas aprova regresso de Mourinho ao futebol espanhol - Portal Tela Portugal<\/title>\n<meta name=\"robots\" content=\"index, follow, max-snippet:-1, max-image-preview:large, max-video-preview:-1\" \/>\n<meta property=\"og:locale\" content=\"pt_PT\" \/>\n<meta property=\"og:type\" content=\"article\" \/>\n<meta property=\"og:title\" content=\"Javier Tebas aprova regresso de Mourinho ao futebol espanhol - Portal Tela Portugal\" \/>\n<meta property=\"og:description\" content=\"Javier Tebas, presidente da La Liga, afirma que o regresso de Jos\u00e9 Mourinho ao futebol espanhol \u00e9 uma hip\u00f3tese vi\u00e1vel. Questionado sobre Mourinho, treinador do Benfica, regressar ao Real Madrid, Tebas disse: &quot;Se for o que o Real Madrid e os seus dirigentes decidirem, ser\u00e1 bom para o Real Madrid. Mourinho \u00e9 um &#039;show&#039;, um espet\u00e1culo, e isso \u00e9 bom para La Liga&quot;. O respons\u00e1vel da competi\u00e7\u00e3o Daniou destacou que o regresso de Mourinho ao Real Madrid \u00e9 uma poss\u00edvel prioridade para a equipa de Florentino P\u00e9rez, para render Arbeloa. Tebas reiterou que Mourinho \u00e9 &quot;um treinador de primeiro n\u00edvel&quot; e que esse perfil \u00e9 ben\u00e9fico para o campeonato. Ao longo do dia anterior, ganhou for\u00e7a a possibilidade de Mourinho seguir para o Real Madrid, com avalia\u00e7\u00e3o de que o epis\u00f3dio pode impactar positivamente a Liga.\" \/>\n<meta property=\"og:url\" content=\"https:\/\/portaltela.pt\/noticias\/2026\/04\/29\/javier-tebas-aprova-regresso-de-mourinho-ao-futebol-espanhol\/\" \/>\n<meta property=\"og:site_name\" content=\"Portal Tela Portugal\" \/>\n<meta property=\"article:published_time\" content=\"2026-04-29T18:47:43+00:00\" \/>\n<meta name=\"author\" content=\"Telinha\" \/>\n<meta name=\"twitter:card\" content=\"summary_large_image\" \/>\n<meta name=\"twitter:label1\" content=\"Escrito por\" \/>\n\t<meta name=\"twitter:data1\" content=\"Telinha\" \/>\n\t<meta name=\"twitter:label2\" content=\"Tempo estimado de leitura\" \/>\n\t<meta name=\"twitter:data2\" content=\"1 minuto\" \/>\n<script type=\"application\/ld+json\" class=\"yoast-schema-graph\">{\"@context\":\"https:\/\/schema.org\",\"@graph\":[{\"@type\":\"Article\",\"@id\":\"https:\/\/portaltela.pt\/noticias\/2026\/04\/29\/javier-tebas-aprova-regresso-de-mourinho-ao-futebol-espanhol\/#article\",\"isPartOf\":{\"@id\":\"https:\/\/portaltela.pt\/noticias\/2026\/04\/29\/javier-tebas-aprova-regresso-de-mourinho-ao-futebol-espanhol\/\"},\"author\":{\"name\":\"Telinha\",\"@id\":\"https:\/\/portaltela.pt\/#\/schema\/person\/c4278d4a6028830caff9ee44b42d32ed\"},\"headline\":\"Javier Tebas aprova regresso de Mourinho ao futebol espanhol\",\"datePublished\":\"2026-04-29T18:47:43+00:00\",\"mainEntityOfPage\":{\"@id\":\"https:\/\/portaltela.pt\/noticias\/2026\/04\/29\/javier-tebas-aprova-regresso-de-mourinho-ao-futebol-espanhol\/\"},\"wordCount\":171,\"image\":{\"@id\":\"https:\/\/portaltela.pt\/noticias\/2026\/04\/29\/javier-tebas-aprova-regresso-de-mourinho-ao-futebol-espanhol\/#primaryimage\"},\"thumbnailUrl\":\"https:\/\/portaltela.pt\/s.01k8rhncp4jt1\/2026\/04\/img_920x518uu2026-04-11-13-12-09-2432356.jpg\",\"keywords\":[\"_Espanha\",\"_futebol\",\"_futebol internacional\",\"_Jos\u00e9 Mourinho\",\"_La Liga\",\"_Real Madrid\"],\"articleSection\":[\"Desporto\",\"Futebol\"],\"inLanguage\":\"pt-PT\"},{\"@type\":\"WebPage\",\"@id\":\"https:\/\/portaltela.pt\/noticias\/2026\/04\/29\/javier-tebas-aprova-regresso-de-mourinho-ao-futebol-espanhol\/\",\"url\":\"https:\/\/portaltela.pt\/noticias\/2026\/04\/29\/javier-tebas-aprova-regresso-de-mourinho-ao-futebol-espanhol\/\",\"name\":\"Javier Tebas aprova regresso de Mourinho ao futebol espanhol - Portal Tela Portugal\",\"isPartOf\":{\"@id\":\"https:\/\/portaltela.pt\/#website\"},\"primaryImageOfPage\":{\"@id\":\"https:\/\/portaltela.pt\/noticias\/2026\/04\/29\/javier-tebas-aprova-regresso-de-mourinho-ao-futebol-espanhol\/#primaryimage\"},\"image\":{\"@id\":\"https:\/\/portaltela.pt\/noticias\/2026\/04\/29\/javier-tebas-aprova-regresso-de-mourinho-ao-futebol-espanhol\/#primaryimage\"},\"thumbnailUrl\":\"https:\/\/portaltela.pt\/s.01k8rhncp4jt1\/2026\/04\/img_920x518uu2026-04-11-13-12-09-2432356.jpg\",\"datePublished\":\"2026-04-29T18:47:43+00:00\",\"author\":{\"@id\":\"https:\/\/portaltela.pt\/#\/schema\/person\/c4278d4a6028830caff9ee44b42d32ed\"},\"breadcrumb\":{\"@id\":\"https:\/\/portaltela.pt\/noticias\/2026\/04\/29\/javier-tebas-aprova-regresso-de-mourinho-ao-futebol-espanhol\/#breadcrumb\"},\"inLanguage\":\"pt-PT\",\"potentialAction\":[{\"@type\":\"ReadAction\",\"target\":[\"https:\/\/portaltela.pt\/noticias\/2026\/04\/29\/javier-tebas-aprova-regresso-de-mourinho-ao-futebol-espanhol\/\"]}]},{\"@type\":\"ImageObject\",\"inLanguage\":\"pt-PT\",\"@id\":\"https:\/\/portaltela.pt\/noticias\/2026\/04\/29\/javier-tebas-aprova-regresso-de-mourinho-ao-futebol-espanhol\/#primaryimage\",\"url\":\"https:\/\/portaltela.pt\/s.01k8rhncp4jt1\/2026\/04\/img_920x518uu2026-04-11-13-12-09-2432356.jpg\",\"contentUrl\":\"https:\/\/portaltela.pt\/s.01k8rhncp4jt1\/2026\/04\/img_920x518uu2026-04-11-13-12-09-2432356.jpg\",\"width\":796,\"height\":448,\"caption\":\"Mourinho\"},{\"@type\":\"BreadcrumbList\",\"@id\":\"https:\/\/portaltela.pt\/noticias\/2026\/04\/29\/javier-tebas-aprova-regresso-de-mourinho-ao-futebol-espanhol\/#breadcrumb\",\"itemListElement\":[{\"@type\":\"ListItem\",\"position\":1,\"name\":\"In\u00edcio\",\"item\":\"https:\/\/portaltela.pt\/\"},{\"@type\":\"ListItem\",\"position\":2,\"name\":\"Javier Tebas aprova regresso de Mourinho ao futebol espanhol\"}]},{\"@type\":\"WebSite\",\"@id\":\"https:\/\/portaltela.pt\/#website\",\"url\":\"https:\/\/portaltela.pt\/\",\"name\":\"Portal Tela Portugal\",\"description\":\"\",\"potentialAction\":[{\"@type\":\"SearchAction\",\"target\":{\"@type\":\"EntryPoint\",\"urlTemplate\":\"https:\/\/portaltela.pt\/?s={search_term_string}\"},\"query-input\":{\"@type\":\"PropertyValueSpecification\",\"valueRequired\":true,\"valueName\":\"search_term_string\"}}],\"inLanguage\":\"pt-PT\"},{\"@type\":\"Person\",\"@id\":\"https:\/\/portaltela.pt\/#\/schema\/person\/c4278d4a6028830caff9ee44b42d32ed\",\"name\":\"Telinha\",\"image\":{\"@type\":\"ImageObject\",\"inLanguage\":\"pt-PT\",\"@id\":\"https:\/\/portaltela.pt\/s.01k8rhncp4jt1\/2025\/11\/talking-bot-125x125.png\",\"url\":\"https:\/\/portaltela.pt\/s.01k8rhncp4jt1\/2025\/11\/talking-bot-125x125.png\",\"contentUrl\":\"https:\/\/portaltela.pt\/s.01k8rhncp4jt1\/2025\/11\/talking-bot-125x125.png\",\"caption\":\"Telinha\"},\"sameAs\":[\"https:\/\/portaltela.pt\/\"],\"url\":\"https:\/\/portaltela.pt\/por\/367410592786\/\"}]}<\/script>\n<!-- \/ Yoast SEO plugin. -->","yoast_head_json":{"title":"Javier Tebas aprova regresso de Mourinho ao futebol espanhol - Portal Tela Portugal","robots":{"index":"index","follow":"follow","max-snippet":"max-snippet:-1","max-image-preview":"max-image-preview:large","max-video-preview":"max-video-preview:-1"},"og_locale":"pt_PT","og_type":"article","og_title":"Javier Tebas aprova regresso de Mourinho ao futebol espanhol - Portal Tela Portugal","og_description":"Javier Tebas, presidente da La Liga, afirma que o regresso de Jos\u00e9 Mourinho ao futebol espanhol \u00e9 uma hip\u00f3tese vi\u00e1vel. Questionado sobre Mourinho, treinador do Benfica, regressar ao Real Madrid, Tebas disse: \"Se for o que o Real Madrid e os seus dirigentes decidirem, ser\u00e1 bom para o Real Madrid. Mourinho \u00e9 um 'show', um espet\u00e1culo, e isso \u00e9 bom para La Liga\". O respons\u00e1vel da competi\u00e7\u00e3o Daniou destacou que o regresso de Mourinho ao Real Madrid \u00e9 uma poss\u00edvel prioridade para a equipa de Florentino P\u00e9rez, para render Arbeloa. Tebas reiterou que Mourinho \u00e9 \"um treinador de primeiro n\u00edvel\" e que esse perfil \u00e9 ben\u00e9fico para o campeonato. Ao longo do dia anterior, ganhou for\u00e7a a possibilidade de Mourinho seguir para o Real Madrid, com avalia\u00e7\u00e3o de que o epis\u00f3dio pode impactar positivamente a Liga.","og_url":"https:\/\/portaltela.pt\/noticias\/2026\/04\/29\/javier-tebas-aprova-regresso-de-mourinho-ao-futebol-espanhol\/","og_site_name":"Portal Tela Portugal","article_published_time":"2026-04-29T18:47:43+00:00","author":"Telinha","twitter_card":"summary_large_image","twitter_misc":{"Escrito por":"Telinha","Tempo estimado de leitura":"1 minuto"},"schema":{"@context":"https:\/\/schema.org","@graph":[{"@type":"Article","@id":"https:\/\/portaltela.pt\/noticias\/2026\/04\/29\/javier-tebas-aprova-regresso-de-mourinho-ao-futebol-espanhol\/#article","isPartOf":{"@id":"https:\/\/portaltela.pt\/noticias\/2026\/04\/29\/javier-tebas-aprova-regresso-de-mourinho-ao-futebol-espanhol\/"},"author":{"name":"Telinha","@id":"https:\/\/portaltela.pt\/#\/schema\/person\/c4278d4a6028830caff9ee44b42d32ed"},"headline":"Javier Tebas aprova regresso de Mourinho ao futebol espanhol","datePublished":"2026-04-29T18:47:43+00:00","mainEntityOfPage":{"@id":"https:\/\/portaltela.pt\/noticias\/2026\/04\/29\/javier-tebas-aprova-regresso-de-mourinho-ao-futebol-espanhol\/"},"wordCount":171,"image":{"@id":"https:\/\/portaltela.pt\/noticias\/2026\/04\/29\/javier-tebas-aprova-regresso-de-mourinho-ao-futebol-espanhol\/#primaryimage"},"thumbnailUrl":"https:\/\/portaltela.pt\/s.01k8rhncp4jt1\/2026\/04\/img_920x518uu2026-04-11-13-12-09-2432356.jpg","keywords":["_Espanha","_futebol","_futebol internacional","_Jos\u00e9 Mourinho","_La Liga","_Real Madrid"],"articleSection":["Desporto","Futebol"],"inLanguage":"pt-PT"},{"@type":"WebPage","@id":"https:\/\/portaltela.pt\/noticias\/2026\/04\/29\/javier-tebas-aprova-regresso-de-mourinho-ao-futebol-espanhol\/","url":"https:\/\/portaltela.pt\/noticias\/2026\/04\/29\/javier-tebas-aprova-regresso-de-mourinho-ao-futebol-espanhol\/","name":"Javier Tebas aprova regresso de Mourinho ao futebol espanhol - Portal Tela Portugal","isPartOf":{"@id":"https:\/\/portaltela.pt\/#website"},"primaryImageOfPage":{"@id":"https:\/\/portaltela.pt\/noticias\/2026\/04\/29\/javier-tebas-aprova-regresso-de-mourinho-ao-futebol-espanhol\/#primaryimage"},"image":{"@id":"https:\/\/portaltela.pt\/noticias\/2026\/04\/29\/javier-tebas-aprova-regresso-de-mourinho-ao-futebol-espanhol\/#primaryimage"},"thumbnailUrl":"https:\/\/portaltela.pt\/s.01k8rhncp4jt1\/2026\/04\/img_920x518uu2026-04-11-13-12-09-2432356.jpg","datePublished":"2026-04-29T18:47:43+00:00","author":{"@id":"https:\/\/portaltela.pt\/#\/schema\/person\/c4278d4a6028830caff9ee44b42d32ed"},"breadcrumb":{"@id":"https:\/\/portaltela.pt\/noticias\/2026\/04\/29\/javier-tebas-aprova-regresso-de-mourinho-ao-futebol-espanhol\/#breadcrumb"},"inLanguage":"pt-PT","potentialAction":[{"@type":"ReadAction","target":["https:\/\/portaltela.pt\/noticias\/2026\/04\/29\/javier-tebas-aprova-regresso-de-mourinho-ao-futebol-espanhol\/"]}]},{"@type":"ImageObject","inLanguage":"pt-PT","@id":"https:\/\/portaltela.pt\/noticias\/2026\/04\/29\/javier-tebas-aprova-regresso-de-mourinho-ao-futebol-espanhol\/#primaryimage","url":"https:\/\/portaltela.pt\/s.01k8rhncp4jt1\/2026\/04\/img_920x518uu2026-04-11-13-12-09-2432356.jpg","contentUrl":"https:\/\/portaltela.pt\/s.01k8rhncp4jt1\/2026\/04\/img_920x518uu2026-04-11-13-12-09-2432356.jpg","width":796,"height":448,"caption":"Mourinho"},{"@type":"BreadcrumbList","@id":"https:\/\/portaltela.pt\/noticias\/2026\/04\/29\/javier-tebas-aprova-regresso-de-mourinho-ao-futebol-espanhol\/#breadcrumb","itemListElement":[{"@type":"ListItem","position":1,"name":"In\u00edcio","item":"https:\/\/portaltela.pt\/"},{"@type":"ListItem","position":2,"name":"Javier Tebas aprova regresso de Mourinho ao futebol espanhol"}]},{"@type":"WebSite","@id":"https:\/\/portaltela.pt\/#website","url":"https:\/\/portaltela.pt\/","name":"Portal Tela Portugal","description":"","potentialAction":[{"@type":"SearchAction","target":{"@type":"EntryPoint","urlTemplate":"https:\/\/portaltela.pt\/?s={search_term_string}"},"query-input":{"@type":"PropertyValueSpecification","valueRequired":true,"valueName":"search_term_string"}}],"inLanguage":"pt-PT"},{"@type":"Person","@id":"https:\/\/portaltela.pt\/#\/schema\/person\/c4278d4a6028830caff9ee44b42d32ed","name":"Telinha","image":{"@type":"ImageObject","inLanguage":"pt-PT","@id":"https:\/\/portaltela.pt\/s.01k8rhncp4jt1\/2025\/11\/talking-bot-125x125.png","url":"https:\/\/portaltela.pt\/s.01k8rhncp4jt1\/2025\/11\/talking-bot-125x125.png","contentUrl":"https:\/\/portaltela.pt\/s.01k8rhncp4jt1\/2025\/11\/talking-bot-125x125.png","caption":"Telinha"},"sameAs":["https:\/\/portaltela.pt\/"],"url":"https:\/\/portaltela.pt\/por\/367410592786\/"}]}},"_links":{"self":[{"href":"https:\/\/portaltela.pt\/api\/wp\/v2\/posts\/461413","targetHints":{"allow":["GET"]}}],"collection":[{"href":"https:\/\/portaltela.pt\/api\/wp\/v2\/posts"}],"about":[{"href":"https:\/\/portaltela.pt\/api\/wp\/v2\/types\/post"}],"author":[{"embeddable":true,"href":"https:\/\/portaltela.pt\/api\/wp\/v2\/users\/2"}],"replies":[{"embeddable":true,"href":"https:\/\/portaltela.pt\/api\/wp\/v2\/comments?post=461413"}],"version-history":[{"count":0,"href":"https:\/\/portaltela.pt\/api\/wp\/v2\/posts\/461413\/revisions"}],"wp:featuredmedia":[{"embeddable":true,"href":"https:\/\/portaltela.pt\/api\/wp\/v2\/media\/461414"}],"wp:attachment":[{"href":"https:\/\/portaltela.pt\/api\/wp\/v2\/media?parent=461413"}],"wp:term":[{"taxonomy":"category","embeddable":true,"href":"https:\/\/portaltela.pt\/api\/wp\/v2\/categories?post=461413"},{"taxonomy":"post_tag","embeddable":true,"href":"https:\/\/portaltela.pt\/api\/wp\/v2\/tags?post=461413"}],"curies":[{"name":"wp","href":"https:\/\/api.w.org\/{rel}","templated":true}]}}