{"id":461401,"date":"2026-04-29T15:33:34","date_gmt":"2026-04-29T18:33:34","guid":{"rendered":"https:\/\/portaltela.pt\/noticias\/2026\/04\/29\/dialogo-entre-industria-e-forcas-armadas-e-chave-em-geopolitica-desafiadora\/"},"modified":"2026-04-29T15:33:34","modified_gmt":"2026-04-29T18:33:34","slug":"dialogo-entre-industria-e-forcas-armadas-e-chave-em-geopolitica-desafiadora","status":"publish","type":"post","link":"https:\/\/portaltela.pt\/noticias\/internacional\/2026\/04\/29\/dialogo-entre-industria-e-forcas-armadas-e-chave-em-geopolitica-desafiadora\/","title":{"rendered":"Di\u00e1logo entre ind\u00fastria e For\u00e7as Armadas \u00e9 chave em geopol\u00edtica desafiadora"},"content":{"rendered":"<p>A ASD Convention 2026 reuniu, em Cascais, l\u00edderes da ind\u00fastria de defesa e autoridades, para debater o di\u00e1logo entre empresas e for\u00e7as armadas. O encontro, promovido pela ASD Europe e pelo AED Cluster Portugal, aconteceu na ter\u00e7a-feira e contou com a participa\u00e7\u00e3o de mais de 300 diretores, decisores e especialistas do sector.<\/p>\n<p>O objetivo foi esclarecer obst\u00e1culos ao crescimento do setor e identificar oportunidades. Os participantes enfatizaram a import\u00e2ncia de incluir pequenas e m\u00e9dias empresas no processo de inova\u00e7\u00e3o, dada a sua agilidade na prototipagem e resposta r\u00e1pida a novas necessidades.<\/p>\n<p>Entre os presentes esteve uma delega\u00e7\u00e3o ucraniana, com Oleksander Kamishin, antigo ministro das Ind\u00fastrias Estrat\u00e9gicas da Ucr\u00e2nia. Os representantes destacaram a necessidade de modernizar software de sistemas, drones e ve\u00edculos em opera\u00e7\u00f5es de guerra, para responder a ataques cont\u00ednuos da R\u00fassia.<\/p>\n<h3>A coordena\u00e7\u00e3o entre ind\u00fastria e defesa<\/h3>\n<p>Jos\u00e9 Neves, presidente do AED Cluster Portugal, explicou que as PME podem suprir lacunas onde as grandes plataformas dominam, oferecendo solu\u00e7\u00f5es r\u00e1pidas no \u00e2mbito da defesa. O foco recaiu na integra\u00e7\u00e3o de novas empresas no ecossistema, para acelerar testes e implementa\u00e7\u00e3o de conceitos.<\/p>\n<p>O vice-diretor nacional de Armamento do Minist\u00e9rio da Defesa, contra-almirante Ant\u00f3nio Mateus, destacou o trabalho coordenado entre Minist\u00e9rio, ramos das For\u00e7as Armadas e a ind\u00fastria. A necessidade de acelerar a integra\u00e7\u00e3o e obter resultados pr\u00e1ticos foi sublinhada.<\/p>\n<p>A observa\u00e7\u00e3o acontece num contexto de refor\u00e7o de gastos europeus com defesa, com a NATO a apostar no aumento de despesas para 5% do PIB at\u00e9 2035. Apesar disso, Mateus salientou que a integra\u00e7\u00e3o deve continuar a evoluir para mecanismos operacionais mais eficazes, respeitando o quadro institucional.<\/p>\n<h3>Perspetivas nacionais e investimento sustent\u00e1vel<\/h3>\n<p>Jos\u00e9 Neves apelou a investimentos de m\u00e9dio e longo prazo na ind\u00fastria portuguesa, sublinhando a import\u00e2ncia de manter produ\u00e7\u00e3o local, criar empregos qualificados e alavancar capacidades de exporta\u00e7\u00e3o, acompanhando outros pa\u00edses europeus. O objetivo \u00e9 expandir a produ\u00e7\u00e3o tecnol\u00f3gica em territ\u00f3rio nacional.<\/p>\n<p>No \u00e2mbito da Lei de Programa\u00e7\u00e3o Militar, a avalia\u00e7\u00e3o t\u00e9cnica e operacional pode permitir recorrer a fontes n\u00e3o estritamente europeias quando apropriado. O objetivo \u00e9 assegurar que o investimento p\u00fablico em defesa seja acompanhado por desenvolvimento de capacidades produtivas internas.<\/p>\n<p>Jos\u00e9 Neves encerrou a apresenta\u00e7\u00e3o destacando o impulso dado pela ind\u00fastria para convergir com as necessidades das For\u00e7as Armadas, com uma vis\u00e3o de futuro que privilegie rapidez, inova\u00e7\u00e3o e sustentabilidade.<\/p>\n","protected":false},"excerpt":{"rendered":"<ul>\n<li>A ASD Convention 2026, em Cascais, destacou o di\u00e1logo entre ind\u00fastria e for\u00e7as armadas como chave para enfrentar um contexto geopol\u00edtico desafiante.<\/li>\n<li>A coordena\u00e7\u00e3o entre autoridades e ind\u00fastria \u00e9 vista como essencial para construir ex\u00e9rcitos resilientes e medir progresso na soberania tecnol\u00f3gica dos Estados-membros da UE.<\/li>\n<li>As pequenas e m\u00e9dias empresas foram destacadas como r\u00e1pidas e \u00e1geis, com potencial para responder a necessidades operacionais di\u00e1rias no campo de defesa.<\/li>\n<li>Uma delega\u00e7\u00e3o ucraniana, incluindo Oleksander Kamishin, real\u00e7ou a necessidade de moderniza\u00e7\u00e3o de software, drones e outros ve\u00edculos no cen\u00e1rio de guerra atual.<\/li>\n<li>Em Portugal, refor\u00e7a-se a import\u00e2ncia de ampliar a coopera\u00e7\u00e3o entre governo, defense, cluster nacional e ind\u00fastria, com foco em investimento est\u00e1vel a m\u00e9dio e longo prazo para aumentar capacidades nacionais.<\/li>\n<\/ul>\n","protected":false},"author":2,"featured_media":461406,"comment_status":"closed","ping_status":"closed","sticky":false,"template":"","format":"standard","meta":{"footnotes":""},"categories":[6814,4],"tags":[8841,8389,8098,3892,9950,1014],"class_list":["post-461401","post","type-post","status-publish","format-standard","has-post-thumbnail","hentry","category-geopolitica","category-internacional","tag-_defesa","tag-_forcas-armadas","tag-_industria","tag-exportacoes-internacionais","tag-nato","tag-portugal"],"yoast_head":"<!-- This site is optimized with the Yoast SEO plugin v27.2 - https:\/\/yoast.com\/product\/yoast-seo-wordpress\/ -->\n<title>Di\u00e1logo entre ind\u00fastria e For\u00e7as Armadas \u00e9 chave em geopol\u00edtica desafiadora - Portal Tela Portugal<\/title>\n<meta name=\"robots\" content=\"index, follow, max-snippet:-1, max-image-preview:large, max-video-preview:-1\" \/>\n<meta property=\"og:locale\" content=\"pt_PT\" \/>\n<meta property=\"og:type\" content=\"article\" \/>\n<meta property=\"og:title\" content=\"Di\u00e1logo entre ind\u00fastria e For\u00e7as Armadas \u00e9 chave em geopol\u00edtica desafiadora - Portal Tela Portugal\" \/>\n<meta property=\"og:description\" content=\"A ASD Convention 2026, em Cascais, destacou o di\u00e1logo entre ind\u00fastria e for\u00e7as armadas como chave para enfrentar um contexto geopol\u00edtico desafiante. A coordena\u00e7\u00e3o entre autoridades e ind\u00fastria \u00e9 vista como essencial para construir ex\u00e9rcitos resilientes e medir progresso na soberania tecnol\u00f3gica dos Estados-membros da UE. As pequenas e m\u00e9dias empresas foram destacadas como r\u00e1pidas e \u00e1geis, com potencial para responder a necessidades operacionais di\u00e1rias no campo de defesa. Uma delega\u00e7\u00e3o ucraniana, incluindo Oleksander Kamishin, real\u00e7ou a necessidade de moderniza\u00e7\u00e3o de software, drones e outros ve\u00edculos no cen\u00e1rio de guerra atual. Em Portugal, refor\u00e7a-se a import\u00e2ncia de ampliar a coopera\u00e7\u00e3o entre governo, defense, cluster nacional e ind\u00fastria, com foco em investimento est\u00e1vel a m\u00e9dio e longo prazo para aumentar capacidades nacionais.\" \/>\n<meta property=\"og:url\" content=\"https:\/\/portaltela.pt\/noticias\/2026\/04\/29\/dialogo-entre-industria-e-forcas-armadas-e-chave-em-geopolitica-desafiadora\/\" \/>\n<meta property=\"og:site_name\" content=\"Portal Tela Portugal\" \/>\n<meta property=\"article:published_time\" content=\"2026-04-29T18:33:34+00:00\" \/>\n<meta name=\"author\" content=\"Telinha\" \/>\n<meta name=\"twitter:card\" content=\"summary_large_image\" \/>\n<meta name=\"twitter:label1\" content=\"Escrito por\" \/>\n\t<meta name=\"twitter:data1\" content=\"Telinha\" \/>\n\t<meta name=\"twitter:label2\" content=\"Tempo estimado de leitura\" \/>\n\t<meta name=\"twitter:data2\" content=\"2 minutos\" \/>\n<script type=\"application\/ld+json\" class=\"yoast-schema-graph\">{\"@context\":\"https:\/\/schema.org\",\"@graph\":[{\"@type\":\"Article\",\"@id\":\"https:\/\/portaltela.pt\/noticias\/2026\/04\/29\/dialogo-entre-industria-e-forcas-armadas-e-chave-em-geopolitica-desafiadora\/#article\",\"isPartOf\":{\"@id\":\"https:\/\/portaltela.pt\/noticias\/2026\/04\/29\/dialogo-entre-industria-e-forcas-armadas-e-chave-em-geopolitica-desafiadora\/\"},\"author\":{\"name\":\"Telinha\",\"@id\":\"https:\/\/portaltela.pt\/#\/schema\/person\/c4278d4a6028830caff9ee44b42d32ed\"},\"headline\":\"Di\u00e1logo entre ind\u00fastria e For\u00e7as Armadas \u00e9 chave em geopol\u00edtica desafiadora\",\"datePublished\":\"2026-04-29T18:33:34+00:00\",\"mainEntityOfPage\":{\"@id\":\"https:\/\/portaltela.pt\/noticias\/2026\/04\/29\/dialogo-entre-industria-e-forcas-armadas-e-chave-em-geopolitica-desafiadora\/\"},\"wordCount\":445,\"image\":{\"@id\":\"https:\/\/portaltela.pt\/noticias\/2026\/04\/29\/dialogo-entre-industria-e-forcas-armadas-e-chave-em-geopolitica-desafiadora\/#primaryimage\"},\"thumbnailUrl\":\"https:\/\/portaltela.pt\/s.01k8rhncp4jt1\/2026\/04\/1536x864_cmsv2_e4b78045-81da-5d08-b4f9-a5e49ae0349d-9739512.jpg\",\"keywords\":[\"_defesa\",\"_For\u00e7as Armadas\",\"_ind\u00fastria\",\"exporta\u00e7\u00f5es internacionais\",\"NATO\",\"Portugal\"],\"articleSection\":[\"Geopol\u00edtica\",\"Internacional\"],\"inLanguage\":\"pt-PT\"},{\"@type\":\"WebPage\",\"@id\":\"https:\/\/portaltela.pt\/noticias\/2026\/04\/29\/dialogo-entre-industria-e-forcas-armadas-e-chave-em-geopolitica-desafiadora\/\",\"url\":\"https:\/\/portaltela.pt\/noticias\/2026\/04\/29\/dialogo-entre-industria-e-forcas-armadas-e-chave-em-geopolitica-desafiadora\/\",\"name\":\"Di\u00e1logo entre ind\u00fastria e For\u00e7as Armadas \u00e9 chave em geopol\u00edtica desafiadora - Portal Tela Portugal\",\"isPartOf\":{\"@id\":\"https:\/\/portaltela.pt\/#website\"},\"primaryImageOfPage\":{\"@id\":\"https:\/\/portaltela.pt\/noticias\/2026\/04\/29\/dialogo-entre-industria-e-forcas-armadas-e-chave-em-geopolitica-desafiadora\/#primaryimage\"},\"image\":{\"@id\":\"https:\/\/portaltela.pt\/noticias\/2026\/04\/29\/dialogo-entre-industria-e-forcas-armadas-e-chave-em-geopolitica-desafiadora\/#primaryimage\"},\"thumbnailUrl\":\"https:\/\/portaltela.pt\/s.01k8rhncp4jt1\/2026\/04\/1536x864_cmsv2_e4b78045-81da-5d08-b4f9-a5e49ae0349d-9739512.jpg\",\"datePublished\":\"2026-04-29T18:33:34+00:00\",\"author\":{\"@id\":\"https:\/\/portaltela.pt\/#\/schema\/person\/c4278d4a6028830caff9ee44b42d32ed\"},\"breadcrumb\":{\"@id\":\"https:\/\/portaltela.pt\/noticias\/2026\/04\/29\/dialogo-entre-industria-e-forcas-armadas-e-chave-em-geopolitica-desafiadora\/#breadcrumb\"},\"inLanguage\":\"pt-PT\",\"potentialAction\":[{\"@type\":\"ReadAction\",\"target\":[\"https:\/\/portaltela.pt\/noticias\/2026\/04\/29\/dialogo-entre-industria-e-forcas-armadas-e-chave-em-geopolitica-desafiadora\/\"]}]},{\"@type\":\"ImageObject\",\"inLanguage\":\"pt-PT\",\"@id\":\"https:\/\/portaltela.pt\/noticias\/2026\/04\/29\/dialogo-entre-industria-e-forcas-armadas-e-chave-em-geopolitica-desafiadora\/#primaryimage\",\"url\":\"https:\/\/portaltela.pt\/s.01k8rhncp4jt1\/2026\/04\/1536x864_cmsv2_e4b78045-81da-5d08-b4f9-a5e49ae0349d-9739512.jpg\",\"contentUrl\":\"https:\/\/portaltela.pt\/s.01k8rhncp4jt1\/2026\/04\/1536x864_cmsv2_e4b78045-81da-5d08-b4f9-a5e49ae0349d-9739512.jpg\",\"width\":1536,\"height\":864,\"caption\":\"Soldados do Ex\u00e9rcito Portugu\u00eas participam no exerc\u00edcio militar lituano-polaco \\\"Brave Griffin 24\/II\\\", 26 de abril de 2024\"},{\"@type\":\"BreadcrumbList\",\"@id\":\"https:\/\/portaltela.pt\/noticias\/2026\/04\/29\/dialogo-entre-industria-e-forcas-armadas-e-chave-em-geopolitica-desafiadora\/#breadcrumb\",\"itemListElement\":[{\"@type\":\"ListItem\",\"position\":1,\"name\":\"In\u00edcio\",\"item\":\"https:\/\/portaltela.pt\/\"},{\"@type\":\"ListItem\",\"position\":2,\"name\":\"Di\u00e1logo entre ind\u00fastria e For\u00e7as Armadas \u00e9 chave em geopol\u00edtica desafiadora\"}]},{\"@type\":\"WebSite\",\"@id\":\"https:\/\/portaltela.pt\/#website\",\"url\":\"https:\/\/portaltela.pt\/\",\"name\":\"Portal Tela Portugal\",\"description\":\"\",\"potentialAction\":[{\"@type\":\"SearchAction\",\"target\":{\"@type\":\"EntryPoint\",\"urlTemplate\":\"https:\/\/portaltela.pt\/?s={search_term_string}\"},\"query-input\":{\"@type\":\"PropertyValueSpecification\",\"valueRequired\":true,\"valueName\":\"search_term_string\"}}],\"inLanguage\":\"pt-PT\"},{\"@type\":\"Person\",\"@id\":\"https:\/\/portaltela.pt\/#\/schema\/person\/c4278d4a6028830caff9ee44b42d32ed\",\"name\":\"Telinha\",\"image\":{\"@type\":\"ImageObject\",\"inLanguage\":\"pt-PT\",\"@id\":\"https:\/\/portaltela.pt\/s.01k8rhncp4jt1\/2025\/11\/talking-bot-125x125.png\",\"url\":\"https:\/\/portaltela.pt\/s.01k8rhncp4jt1\/2025\/11\/talking-bot-125x125.png\",\"contentUrl\":\"https:\/\/portaltela.pt\/s.01k8rhncp4jt1\/2025\/11\/talking-bot-125x125.png\",\"caption\":\"Telinha\"},\"sameAs\":[\"https:\/\/portaltela.pt\/\"],\"url\":\"https:\/\/portaltela.pt\/por\/367410592786\/\"}]}<\/script>\n<!-- \/ Yoast SEO plugin. -->","yoast_head_json":{"title":"Di\u00e1logo entre ind\u00fastria e For\u00e7as Armadas \u00e9 chave em geopol\u00edtica desafiadora - Portal Tela Portugal","robots":{"index":"index","follow":"follow","max-snippet":"max-snippet:-1","max-image-preview":"max-image-preview:large","max-video-preview":"max-video-preview:-1"},"og_locale":"pt_PT","og_type":"article","og_title":"Di\u00e1logo entre ind\u00fastria e For\u00e7as Armadas \u00e9 chave em geopol\u00edtica desafiadora - Portal Tela Portugal","og_description":"A ASD Convention 2026, em Cascais, destacou o di\u00e1logo entre ind\u00fastria e for\u00e7as armadas como chave para enfrentar um contexto geopol\u00edtico desafiante. A coordena\u00e7\u00e3o entre autoridades e ind\u00fastria \u00e9 vista como essencial para construir ex\u00e9rcitos resilientes e medir progresso na soberania tecnol\u00f3gica dos Estados-membros da UE. As pequenas e m\u00e9dias empresas foram destacadas como r\u00e1pidas e \u00e1geis, com potencial para responder a necessidades operacionais di\u00e1rias no campo de defesa. Uma delega\u00e7\u00e3o ucraniana, incluindo Oleksander Kamishin, real\u00e7ou a necessidade de moderniza\u00e7\u00e3o de software, drones e outros ve\u00edculos no cen\u00e1rio de guerra atual. Em Portugal, refor\u00e7a-se a import\u00e2ncia de ampliar a coopera\u00e7\u00e3o entre governo, defense, cluster nacional e ind\u00fastria, com foco em investimento est\u00e1vel a m\u00e9dio e longo prazo para aumentar capacidades nacionais.","og_url":"https:\/\/portaltela.pt\/noticias\/2026\/04\/29\/dialogo-entre-industria-e-forcas-armadas-e-chave-em-geopolitica-desafiadora\/","og_site_name":"Portal Tela Portugal","article_published_time":"2026-04-29T18:33:34+00:00","author":"Telinha","twitter_card":"summary_large_image","twitter_misc":{"Escrito por":"Telinha","Tempo estimado de leitura":"2 minutos"},"schema":{"@context":"https:\/\/schema.org","@graph":[{"@type":"Article","@id":"https:\/\/portaltela.pt\/noticias\/2026\/04\/29\/dialogo-entre-industria-e-forcas-armadas-e-chave-em-geopolitica-desafiadora\/#article","isPartOf":{"@id":"https:\/\/portaltela.pt\/noticias\/2026\/04\/29\/dialogo-entre-industria-e-forcas-armadas-e-chave-em-geopolitica-desafiadora\/"},"author":{"name":"Telinha","@id":"https:\/\/portaltela.pt\/#\/schema\/person\/c4278d4a6028830caff9ee44b42d32ed"},"headline":"Di\u00e1logo entre ind\u00fastria e For\u00e7as Armadas \u00e9 chave em geopol\u00edtica desafiadora","datePublished":"2026-04-29T18:33:34+00:00","mainEntityOfPage":{"@id":"https:\/\/portaltela.pt\/noticias\/2026\/04\/29\/dialogo-entre-industria-e-forcas-armadas-e-chave-em-geopolitica-desafiadora\/"},"wordCount":445,"image":{"@id":"https:\/\/portaltela.pt\/noticias\/2026\/04\/29\/dialogo-entre-industria-e-forcas-armadas-e-chave-em-geopolitica-desafiadora\/#primaryimage"},"thumbnailUrl":"https:\/\/portaltela.pt\/s.01k8rhncp4jt1\/2026\/04\/1536x864_cmsv2_e4b78045-81da-5d08-b4f9-a5e49ae0349d-9739512.jpg","keywords":["_defesa","_For\u00e7as Armadas","_ind\u00fastria","exporta\u00e7\u00f5es internacionais","NATO","Portugal"],"articleSection":["Geopol\u00edtica","Internacional"],"inLanguage":"pt-PT"},{"@type":"WebPage","@id":"https:\/\/portaltela.pt\/noticias\/2026\/04\/29\/dialogo-entre-industria-e-forcas-armadas-e-chave-em-geopolitica-desafiadora\/","url":"https:\/\/portaltela.pt\/noticias\/2026\/04\/29\/dialogo-entre-industria-e-forcas-armadas-e-chave-em-geopolitica-desafiadora\/","name":"Di\u00e1logo entre ind\u00fastria e For\u00e7as Armadas \u00e9 chave em geopol\u00edtica desafiadora - Portal Tela Portugal","isPartOf":{"@id":"https:\/\/portaltela.pt\/#website"},"primaryImageOfPage":{"@id":"https:\/\/portaltela.pt\/noticias\/2026\/04\/29\/dialogo-entre-industria-e-forcas-armadas-e-chave-em-geopolitica-desafiadora\/#primaryimage"},"image":{"@id":"https:\/\/portaltela.pt\/noticias\/2026\/04\/29\/dialogo-entre-industria-e-forcas-armadas-e-chave-em-geopolitica-desafiadora\/#primaryimage"},"thumbnailUrl":"https:\/\/portaltela.pt\/s.01k8rhncp4jt1\/2026\/04\/1536x864_cmsv2_e4b78045-81da-5d08-b4f9-a5e49ae0349d-9739512.jpg","datePublished":"2026-04-29T18:33:34+00:00","author":{"@id":"https:\/\/portaltela.pt\/#\/schema\/person\/c4278d4a6028830caff9ee44b42d32ed"},"breadcrumb":{"@id":"https:\/\/portaltela.pt\/noticias\/2026\/04\/29\/dialogo-entre-industria-e-forcas-armadas-e-chave-em-geopolitica-desafiadora\/#breadcrumb"},"inLanguage":"pt-PT","potentialAction":[{"@type":"ReadAction","target":["https:\/\/portaltela.pt\/noticias\/2026\/04\/29\/dialogo-entre-industria-e-forcas-armadas-e-chave-em-geopolitica-desafiadora\/"]}]},{"@type":"ImageObject","inLanguage":"pt-PT","@id":"https:\/\/portaltela.pt\/noticias\/2026\/04\/29\/dialogo-entre-industria-e-forcas-armadas-e-chave-em-geopolitica-desafiadora\/#primaryimage","url":"https:\/\/portaltela.pt\/s.01k8rhncp4jt1\/2026\/04\/1536x864_cmsv2_e4b78045-81da-5d08-b4f9-a5e49ae0349d-9739512.jpg","contentUrl":"https:\/\/portaltela.pt\/s.01k8rhncp4jt1\/2026\/04\/1536x864_cmsv2_e4b78045-81da-5d08-b4f9-a5e49ae0349d-9739512.jpg","width":1536,"height":864,"caption":"Soldados do Ex\u00e9rcito Portugu\u00eas participam no exerc\u00edcio militar lituano-polaco \"Brave Griffin 24\/II\", 26 de abril de 2024"},{"@type":"BreadcrumbList","@id":"https:\/\/portaltela.pt\/noticias\/2026\/04\/29\/dialogo-entre-industria-e-forcas-armadas-e-chave-em-geopolitica-desafiadora\/#breadcrumb","itemListElement":[{"@type":"ListItem","position":1,"name":"In\u00edcio","item":"https:\/\/portaltela.pt\/"},{"@type":"ListItem","position":2,"name":"Di\u00e1logo entre ind\u00fastria e For\u00e7as Armadas \u00e9 chave em geopol\u00edtica desafiadora"}]},{"@type":"WebSite","@id":"https:\/\/portaltela.pt\/#website","url":"https:\/\/portaltela.pt\/","name":"Portal Tela Portugal","description":"","potentialAction":[{"@type":"SearchAction","target":{"@type":"EntryPoint","urlTemplate":"https:\/\/portaltela.pt\/?s={search_term_string}"},"query-input":{"@type":"PropertyValueSpecification","valueRequired":true,"valueName":"search_term_string"}}],"inLanguage":"pt-PT"},{"@type":"Person","@id":"https:\/\/portaltela.pt\/#\/schema\/person\/c4278d4a6028830caff9ee44b42d32ed","name":"Telinha","image":{"@type":"ImageObject","inLanguage":"pt-PT","@id":"https:\/\/portaltela.pt\/s.01k8rhncp4jt1\/2025\/11\/talking-bot-125x125.png","url":"https:\/\/portaltela.pt\/s.01k8rhncp4jt1\/2025\/11\/talking-bot-125x125.png","contentUrl":"https:\/\/portaltela.pt\/s.01k8rhncp4jt1\/2025\/11\/talking-bot-125x125.png","caption":"Telinha"},"sameAs":["https:\/\/portaltela.pt\/"],"url":"https:\/\/portaltela.pt\/por\/367410592786\/"}]}},"_links":{"self":[{"href":"https:\/\/portaltela.pt\/api\/wp\/v2\/posts\/461401","targetHints":{"allow":["GET"]}}],"collection":[{"href":"https:\/\/portaltela.pt\/api\/wp\/v2\/posts"}],"about":[{"href":"https:\/\/portaltela.pt\/api\/wp\/v2\/types\/post"}],"author":[{"embeddable":true,"href":"https:\/\/portaltela.pt\/api\/wp\/v2\/users\/2"}],"replies":[{"embeddable":true,"href":"https:\/\/portaltela.pt\/api\/wp\/v2\/comments?post=461401"}],"version-history":[{"count":0,"href":"https:\/\/portaltela.pt\/api\/wp\/v2\/posts\/461401\/revisions"}],"wp:featuredmedia":[{"embeddable":true,"href":"https:\/\/portaltela.pt\/api\/wp\/v2\/media\/461406"}],"wp:attachment":[{"href":"https:\/\/portaltela.pt\/api\/wp\/v2\/media?parent=461401"}],"wp:term":[{"taxonomy":"category","embeddable":true,"href":"https:\/\/portaltela.pt\/api\/wp\/v2\/categories?post=461401"},{"taxonomy":"post_tag","embeddable":true,"href":"https:\/\/portaltela.pt\/api\/wp\/v2\/tags?post=461401"}],"curies":[{"name":"wp","href":"https:\/\/api.w.org\/{rel}","templated":true}]}}