{"id":461397,"date":"2026-04-29T15:33:32","date_gmt":"2026-04-29T18:33:32","guid":{"rendered":"https:\/\/portaltela.pt\/noticias\/2026\/04\/29\/ue-chegara-a-hungria-em-breve-diz-magyar-apos-reuniao-com-von-der-leyen\/"},"modified":"2026-04-29T15:33:32","modified_gmt":"2026-04-29T18:33:32","slug":"ue-chegara-a-hungria-em-breve-diz-magyar-apos-reuniao-com-von-der-leyen","status":"publish","type":"post","link":"https:\/\/portaltela.pt\/noticias\/2026\/04\/29\/ue-chegara-a-hungria-em-breve-diz-magyar-apos-reuniao-com-von-der-leyen\/","title":{"rendered":"UE chegar\u00e1 \u00e0 Hungria em breve, diz Magyar ap\u00f3s reuni\u00e3o com von der Leyen"},"content":{"rendered":"<p>P\u00e9ter Magyar, o novo primeiro-ministro h\u00fangaro, afirmou que os fundos da UE poder\u00e3o chegar em breve \u00e0 Hungria, ap\u00f3s encontros em Bruxelas. As reuni\u00f5es foram descritas como produtivas, no contexto de tentativas de desbloquear bilh\u00f5es de euros de financiamento comunit\u00e1rio.<\/p>\n<p>Atila Magyar reuniu-se com Ursula von der Leyen, presidente da Comiss\u00e3o Europeia, pela primeira vez desde a vit\u00f3ria eleitoral de 12 de abril. O objetivo \u00e9 desbloquear dinheiro da UE mantido congelado por quest\u00f5es de estado de direito e de corrup\u00e7\u00e3o.<\/p>\n<p>A Hungria corre o risco de perder cerca de 10 mil milh\u00f5es de euros em fundos p\u00f3s-pandemia, caso n\u00e3o haja acordo at\u00e9 agosto. Magyar planeia regressar a Bruxelas para uma visita oficial a 25 de maio, j\u00e1 como chefe de Governo.<\/p>\n<p>\u00c9 ainda o \u00fanico Estado-membro da UE sem aprova\u00e7\u00e3o do plano SAFE, que envolve 16 mil milh\u00f5es de euros em empr\u00e9stimos a juros baixos. A decis\u00e3o foi adiada pela Comiss\u00e3o Europeia na antec\u00e2mara das elei\u00e7\u00f5es legislativas.<\/p>\n<p>Magyar afirmou, via redes sociais, que as negocia\u00e7\u00f5es foram altamente construtivas e produtivas, e pediu avan\u00e7o r\u00e1pido das discuss\u00f5es. Garantiu que os fundos chegar\u00e3o em breve, desde que acompanhem reformas do estado de direito.<\/p>\n<p>Von der Leyen reiterou que foram discutidos os passos necess\u00e1rios para desbloquear os fundos destinados a Hungria, retidos durante o mandato de Viktor Orb\u00e1n. A presidente afirmou que a UE apoiar\u00e1 os esfor\u00e7os para alinhamento com valores comuns.<\/p>\n<p>A l\u00edder comunit\u00e1ria mostrou-se otimista e destacou o compromisso da Comiss\u00e3o com uma Hungria pr\u00f3spera no bloco europeu. A declara\u00e7\u00e3o ocorreu ap\u00f3s o encontro com Magyar, em Bruxelas, sem adiantar datas espec\u00edficas.<\/p>\n<p>A tomada de posse de Magyar est\u00e1 marcada para 9 de maio, coincidindo com o Dia da Europa, em Budapeste. O gabinete j\u00e1 indicou que o novo governo manter\u00e1 di\u00e1logo estreito com Bruxelas para avan\u00e7ar com as reformas exigidas.<\/p>\n","protected":false},"excerpt":{"rendered":"<ul>\n<li>O novo primeiro-ministro h\u00fangaro, P\u00e9ter Magyar, disse que os fundos da Uni\u00e3o Europeia poder\u00e3o chegar \u00e0 Hungria em breve, ap\u00f3s reuni\u00f5es em Bruxelas.<\/li>\n<li>Magyar reuniu-se com a presidente da Comiss\u00e3o Europeia, Ursula von der Leyen, para tratar do desbloqueio de milhares de milh\u00f5es de euros de financiamento da UE.<\/li>\n<li>A Hungria corre o risco de perder cerca de dez mil milh\u00f5es de euros de fundos p\u00f3s-pandemia se n\u00e3o houver acordo at\u00e9 agosto.<\/li>\n<li>A Comiss\u00e3o Europeia mant\u00e9m a decis\u00e3o sobre o plano SAFE h\u00fangaro de cerca de 16 mil milh\u00f5es de euros, financiado por empr\u00e9stimos comunit\u00e1rios a juros baixos.<\/li>\n<li>Von der Leyen afirmou que a Comiss\u00e3o apoiar\u00e1 os esfor\u00e7os de Magyar para alinhar a Hungria aos valores europeus, com uma visita de Magyar a Bruxelas prevista para 25 de maio.<\/li>\n<\/ul>\n","protected":false},"author":2,"featured_media":461408,"comment_status":"closed","ping_status":"closed","sticky":false,"template":"","format":"standard","meta":{"footnotes":""},"categories":[6814,1],"tags":[7991,7944,8004,8691,7963,8056],"class_list":["post-461397","post","type-post","status-publish","format-standard","has-post-thumbnail","hentry","category-geopolitica","category-noticias","tag-_cooperacao-internacional","tag-_diplomacia","tag-_europa","tag-_fundos-europeus","tag-_hungria","tag-_uniao-europeia"],"yoast_head":"<!-- This site is optimized with the Yoast SEO plugin v27.2 - https:\/\/yoast.com\/product\/yoast-seo-wordpress\/ -->\n<title>UE chegar\u00e1 \u00e0 Hungria em breve, diz Magyar ap\u00f3s reuni\u00e3o com von der Leyen - Portal Tela Portugal<\/title>\n<meta name=\"robots\" content=\"index, follow, max-snippet:-1, max-image-preview:large, max-video-preview:-1\" \/>\n<meta property=\"og:locale\" content=\"pt_PT\" \/>\n<meta property=\"og:type\" content=\"article\" \/>\n<meta property=\"og:title\" content=\"UE chegar\u00e1 \u00e0 Hungria em breve, diz Magyar ap\u00f3s reuni\u00e3o com von der Leyen - Portal Tela Portugal\" \/>\n<meta property=\"og:description\" content=\"O novo primeiro-ministro h\u00fangaro, P\u00e9ter Magyar, disse que os fundos da Uni\u00e3o Europeia poder\u00e3o chegar \u00e0 Hungria em breve, ap\u00f3s reuni\u00f5es em Bruxelas. Magyar reuniu-se com a presidente da Comiss\u00e3o Europeia, Ursula von der Leyen, para tratar do desbloqueio de milhares de milh\u00f5es de euros de financiamento da UE. A Hungria corre o risco de perder cerca de dez mil milh\u00f5es de euros de fundos p\u00f3s-pandemia se n\u00e3o houver acordo at\u00e9 agosto. A Comiss\u00e3o Europeia mant\u00e9m a decis\u00e3o sobre o plano SAFE h\u00fangaro de cerca de 16 mil milh\u00f5es de euros, financiado por empr\u00e9stimos comunit\u00e1rios a juros baixos. Von der Leyen afirmou que a Comiss\u00e3o apoiar\u00e1 os esfor\u00e7os de Magyar para alinhar a Hungria aos valores europeus, com uma visita de Magyar a Bruxelas prevista para 25 de maio.\" \/>\n<meta property=\"og:url\" content=\"https:\/\/portaltela.pt\/noticias\/2026\/04\/29\/ue-chegara-a-hungria-em-breve-diz-magyar-apos-reuniao-com-von-der-leyen\/\" \/>\n<meta property=\"og:site_name\" content=\"Portal Tela Portugal\" \/>\n<meta property=\"article:published_time\" content=\"2026-04-29T18:33:32+00:00\" \/>\n<meta name=\"author\" content=\"Telinha\" \/>\n<meta name=\"twitter:card\" content=\"summary_large_image\" \/>\n<meta name=\"twitter:label1\" content=\"Escrito por\" \/>\n\t<meta name=\"twitter:data1\" content=\"Telinha\" \/>\n\t<meta name=\"twitter:label2\" content=\"Tempo estimado de leitura\" \/>\n\t<meta name=\"twitter:data2\" content=\"2 minutos\" \/>\n<script type=\"application\/ld+json\" class=\"yoast-schema-graph\">{\"@context\":\"https:\/\/schema.org\",\"@graph\":[{\"@type\":\"Article\",\"@id\":\"https:\/\/portaltela.pt\/noticias\/2026\/04\/29\/ue-chegara-a-hungria-em-breve-diz-magyar-apos-reuniao-com-von-der-leyen\/#article\",\"isPartOf\":{\"@id\":\"https:\/\/portaltela.pt\/noticias\/2026\/04\/29\/ue-chegara-a-hungria-em-breve-diz-magyar-apos-reuniao-com-von-der-leyen\/\"},\"author\":{\"name\":\"Telinha\",\"@id\":\"https:\/\/portaltela.pt\/#\/schema\/person\/c4278d4a6028830caff9ee44b42d32ed\"},\"headline\":\"UE chegar\u00e1 \u00e0 Hungria em breve, diz Magyar ap\u00f3s reuni\u00e3o com von der Leyen\",\"datePublished\":\"2026-04-29T18:33:32+00:00\",\"mainEntityOfPage\":{\"@id\":\"https:\/\/portaltela.pt\/noticias\/2026\/04\/29\/ue-chegara-a-hungria-em-breve-diz-magyar-apos-reuniao-com-von-der-leyen\/\"},\"wordCount\":346,\"image\":{\"@id\":\"https:\/\/portaltela.pt\/noticias\/2026\/04\/29\/ue-chegara-a-hungria-em-breve-diz-magyar-apos-reuniao-com-von-der-leyen\/#primaryimage\"},\"thumbnailUrl\":\"https:\/\/portaltela.pt\/s.01k8rhncp4jt1\/2026\/04\/1536x864_cmsv2_1effc8fa-a564-5a42-adf6-bc2123fa5554-9741260.jpg\",\"keywords\":[\"_coopera\u00e7\u00e3o internacional\",\"_diplomacia\",\"_Europa\",\"_Fundos Europeus\",\"_Hungria\",\"_Uni\u00e3o Europeia\"],\"articleSection\":[\"Geopol\u00edtica\",\"Not\u00edcias\"],\"inLanguage\":\"pt-PT\"},{\"@type\":\"WebPage\",\"@id\":\"https:\/\/portaltela.pt\/noticias\/2026\/04\/29\/ue-chegara-a-hungria-em-breve-diz-magyar-apos-reuniao-com-von-der-leyen\/\",\"url\":\"https:\/\/portaltela.pt\/noticias\/2026\/04\/29\/ue-chegara-a-hungria-em-breve-diz-magyar-apos-reuniao-com-von-der-leyen\/\",\"name\":\"UE chegar\u00e1 \u00e0 Hungria em breve, diz Magyar ap\u00f3s reuni\u00e3o com von der Leyen - Portal Tela Portugal\",\"isPartOf\":{\"@id\":\"https:\/\/portaltela.pt\/#website\"},\"primaryImageOfPage\":{\"@id\":\"https:\/\/portaltela.pt\/noticias\/2026\/04\/29\/ue-chegara-a-hungria-em-breve-diz-magyar-apos-reuniao-com-von-der-leyen\/#primaryimage\"},\"image\":{\"@id\":\"https:\/\/portaltela.pt\/noticias\/2026\/04\/29\/ue-chegara-a-hungria-em-breve-diz-magyar-apos-reuniao-com-von-der-leyen\/#primaryimage\"},\"thumbnailUrl\":\"https:\/\/portaltela.pt\/s.01k8rhncp4jt1\/2026\/04\/1536x864_cmsv2_1effc8fa-a564-5a42-adf6-bc2123fa5554-9741260.jpg\",\"datePublished\":\"2026-04-29T18:33:32+00:00\",\"author\":{\"@id\":\"https:\/\/portaltela.pt\/#\/schema\/person\/c4278d4a6028830caff9ee44b42d32ed\"},\"breadcrumb\":{\"@id\":\"https:\/\/portaltela.pt\/noticias\/2026\/04\/29\/ue-chegara-a-hungria-em-breve-diz-magyar-apos-reuniao-com-von-der-leyen\/#breadcrumb\"},\"inLanguage\":\"pt-PT\",\"potentialAction\":[{\"@type\":\"ReadAction\",\"target\":[\"https:\/\/portaltela.pt\/noticias\/2026\/04\/29\/ue-chegara-a-hungria-em-breve-diz-magyar-apos-reuniao-com-von-der-leyen\/\"]}]},{\"@type\":\"ImageObject\",\"inLanguage\":\"pt-PT\",\"@id\":\"https:\/\/portaltela.pt\/noticias\/2026\/04\/29\/ue-chegara-a-hungria-em-breve-diz-magyar-apos-reuniao-com-von-der-leyen\/#primaryimage\",\"url\":\"https:\/\/portaltela.pt\/s.01k8rhncp4jt1\/2026\/04\/1536x864_cmsv2_1effc8fa-a564-5a42-adf6-bc2123fa5554-9741260.jpg\",\"contentUrl\":\"https:\/\/portaltela.pt\/s.01k8rhncp4jt1\/2026\/04\/1536x864_cmsv2_1effc8fa-a564-5a42-adf6-bc2123fa5554-9741260.jpg\",\"width\":796,\"height\":448,\"caption\":\"A Presidente da Comiss\u00e3o, Ursula von der Leyen, sa\u00fada o novo Primeiro-Ministro h\u00fangaro, Magyar\"},{\"@type\":\"BreadcrumbList\",\"@id\":\"https:\/\/portaltela.pt\/noticias\/2026\/04\/29\/ue-chegara-a-hungria-em-breve-diz-magyar-apos-reuniao-com-von-der-leyen\/#breadcrumb\",\"itemListElement\":[{\"@type\":\"ListItem\",\"position\":1,\"name\":\"In\u00edcio\",\"item\":\"https:\/\/portaltela.pt\/\"},{\"@type\":\"ListItem\",\"position\":2,\"name\":\"UE chegar\u00e1 \u00e0 Hungria em breve, diz Magyar ap\u00f3s reuni\u00e3o com von der Leyen\"}]},{\"@type\":\"WebSite\",\"@id\":\"https:\/\/portaltela.pt\/#website\",\"url\":\"https:\/\/portaltela.pt\/\",\"name\":\"Portal Tela Portugal\",\"description\":\"\",\"potentialAction\":[{\"@type\":\"SearchAction\",\"target\":{\"@type\":\"EntryPoint\",\"urlTemplate\":\"https:\/\/portaltela.pt\/?s={search_term_string}\"},\"query-input\":{\"@type\":\"PropertyValueSpecification\",\"valueRequired\":true,\"valueName\":\"search_term_string\"}}],\"inLanguage\":\"pt-PT\"},{\"@type\":\"Person\",\"@id\":\"https:\/\/portaltela.pt\/#\/schema\/person\/c4278d4a6028830caff9ee44b42d32ed\",\"name\":\"Telinha\",\"image\":{\"@type\":\"ImageObject\",\"inLanguage\":\"pt-PT\",\"@id\":\"https:\/\/portaltela.pt\/s.01k8rhncp4jt1\/2025\/11\/talking-bot-125x125.png\",\"url\":\"https:\/\/portaltela.pt\/s.01k8rhncp4jt1\/2025\/11\/talking-bot-125x125.png\",\"contentUrl\":\"https:\/\/portaltela.pt\/s.01k8rhncp4jt1\/2025\/11\/talking-bot-125x125.png\",\"caption\":\"Telinha\"},\"sameAs\":[\"https:\/\/portaltela.pt\/\"],\"url\":\"https:\/\/portaltela.pt\/por\/367410592786\/\"}]}<\/script>\n<!-- \/ Yoast SEO plugin. -->","yoast_head_json":{"title":"UE chegar\u00e1 \u00e0 Hungria em breve, diz Magyar ap\u00f3s reuni\u00e3o com von der Leyen - Portal Tela Portugal","robots":{"index":"index","follow":"follow","max-snippet":"max-snippet:-1","max-image-preview":"max-image-preview:large","max-video-preview":"max-video-preview:-1"},"og_locale":"pt_PT","og_type":"article","og_title":"UE chegar\u00e1 \u00e0 Hungria em breve, diz Magyar ap\u00f3s reuni\u00e3o com von der Leyen - Portal Tela Portugal","og_description":"O novo primeiro-ministro h\u00fangaro, P\u00e9ter Magyar, disse que os fundos da Uni\u00e3o Europeia poder\u00e3o chegar \u00e0 Hungria em breve, ap\u00f3s reuni\u00f5es em Bruxelas. Magyar reuniu-se com a presidente da Comiss\u00e3o Europeia, Ursula von der Leyen, para tratar do desbloqueio de milhares de milh\u00f5es de euros de financiamento da UE. A Hungria corre o risco de perder cerca de dez mil milh\u00f5es de euros de fundos p\u00f3s-pandemia se n\u00e3o houver acordo at\u00e9 agosto. A Comiss\u00e3o Europeia mant\u00e9m a decis\u00e3o sobre o plano SAFE h\u00fangaro de cerca de 16 mil milh\u00f5es de euros, financiado por empr\u00e9stimos comunit\u00e1rios a juros baixos. Von der Leyen afirmou que a Comiss\u00e3o apoiar\u00e1 os esfor\u00e7os de Magyar para alinhar a Hungria aos valores europeus, com uma visita de Magyar a Bruxelas prevista para 25 de maio.","og_url":"https:\/\/portaltela.pt\/noticias\/2026\/04\/29\/ue-chegara-a-hungria-em-breve-diz-magyar-apos-reuniao-com-von-der-leyen\/","og_site_name":"Portal Tela Portugal","article_published_time":"2026-04-29T18:33:32+00:00","author":"Telinha","twitter_card":"summary_large_image","twitter_misc":{"Escrito por":"Telinha","Tempo estimado de leitura":"2 minutos"},"schema":{"@context":"https:\/\/schema.org","@graph":[{"@type":"Article","@id":"https:\/\/portaltela.pt\/noticias\/2026\/04\/29\/ue-chegara-a-hungria-em-breve-diz-magyar-apos-reuniao-com-von-der-leyen\/#article","isPartOf":{"@id":"https:\/\/portaltela.pt\/noticias\/2026\/04\/29\/ue-chegara-a-hungria-em-breve-diz-magyar-apos-reuniao-com-von-der-leyen\/"},"author":{"name":"Telinha","@id":"https:\/\/portaltela.pt\/#\/schema\/person\/c4278d4a6028830caff9ee44b42d32ed"},"headline":"UE chegar\u00e1 \u00e0 Hungria em breve, diz Magyar ap\u00f3s reuni\u00e3o com von der Leyen","datePublished":"2026-04-29T18:33:32+00:00","mainEntityOfPage":{"@id":"https:\/\/portaltela.pt\/noticias\/2026\/04\/29\/ue-chegara-a-hungria-em-breve-diz-magyar-apos-reuniao-com-von-der-leyen\/"},"wordCount":346,"image":{"@id":"https:\/\/portaltela.pt\/noticias\/2026\/04\/29\/ue-chegara-a-hungria-em-breve-diz-magyar-apos-reuniao-com-von-der-leyen\/#primaryimage"},"thumbnailUrl":"https:\/\/portaltela.pt\/s.01k8rhncp4jt1\/2026\/04\/1536x864_cmsv2_1effc8fa-a564-5a42-adf6-bc2123fa5554-9741260.jpg","keywords":["_coopera\u00e7\u00e3o internacional","_diplomacia","_Europa","_Fundos Europeus","_Hungria","_Uni\u00e3o Europeia"],"articleSection":["Geopol\u00edtica","Not\u00edcias"],"inLanguage":"pt-PT"},{"@type":"WebPage","@id":"https:\/\/portaltela.pt\/noticias\/2026\/04\/29\/ue-chegara-a-hungria-em-breve-diz-magyar-apos-reuniao-com-von-der-leyen\/","url":"https:\/\/portaltela.pt\/noticias\/2026\/04\/29\/ue-chegara-a-hungria-em-breve-diz-magyar-apos-reuniao-com-von-der-leyen\/","name":"UE chegar\u00e1 \u00e0 Hungria em breve, diz Magyar ap\u00f3s reuni\u00e3o com von der Leyen - Portal Tela Portugal","isPartOf":{"@id":"https:\/\/portaltela.pt\/#website"},"primaryImageOfPage":{"@id":"https:\/\/portaltela.pt\/noticias\/2026\/04\/29\/ue-chegara-a-hungria-em-breve-diz-magyar-apos-reuniao-com-von-der-leyen\/#primaryimage"},"image":{"@id":"https:\/\/portaltela.pt\/noticias\/2026\/04\/29\/ue-chegara-a-hungria-em-breve-diz-magyar-apos-reuniao-com-von-der-leyen\/#primaryimage"},"thumbnailUrl":"https:\/\/portaltela.pt\/s.01k8rhncp4jt1\/2026\/04\/1536x864_cmsv2_1effc8fa-a564-5a42-adf6-bc2123fa5554-9741260.jpg","datePublished":"2026-04-29T18:33:32+00:00","author":{"@id":"https:\/\/portaltela.pt\/#\/schema\/person\/c4278d4a6028830caff9ee44b42d32ed"},"breadcrumb":{"@id":"https:\/\/portaltela.pt\/noticias\/2026\/04\/29\/ue-chegara-a-hungria-em-breve-diz-magyar-apos-reuniao-com-von-der-leyen\/#breadcrumb"},"inLanguage":"pt-PT","potentialAction":[{"@type":"ReadAction","target":["https:\/\/portaltela.pt\/noticias\/2026\/04\/29\/ue-chegara-a-hungria-em-breve-diz-magyar-apos-reuniao-com-von-der-leyen\/"]}]},{"@type":"ImageObject","inLanguage":"pt-PT","@id":"https:\/\/portaltela.pt\/noticias\/2026\/04\/29\/ue-chegara-a-hungria-em-breve-diz-magyar-apos-reuniao-com-von-der-leyen\/#primaryimage","url":"https:\/\/portaltela.pt\/s.01k8rhncp4jt1\/2026\/04\/1536x864_cmsv2_1effc8fa-a564-5a42-adf6-bc2123fa5554-9741260.jpg","contentUrl":"https:\/\/portaltela.pt\/s.01k8rhncp4jt1\/2026\/04\/1536x864_cmsv2_1effc8fa-a564-5a42-adf6-bc2123fa5554-9741260.jpg","width":796,"height":448,"caption":"A Presidente da Comiss\u00e3o, Ursula von der Leyen, sa\u00fada o novo Primeiro-Ministro h\u00fangaro, Magyar"},{"@type":"BreadcrumbList","@id":"https:\/\/portaltela.pt\/noticias\/2026\/04\/29\/ue-chegara-a-hungria-em-breve-diz-magyar-apos-reuniao-com-von-der-leyen\/#breadcrumb","itemListElement":[{"@type":"ListItem","position":1,"name":"In\u00edcio","item":"https:\/\/portaltela.pt\/"},{"@type":"ListItem","position":2,"name":"UE chegar\u00e1 \u00e0 Hungria em breve, diz Magyar ap\u00f3s reuni\u00e3o com von der Leyen"}]},{"@type":"WebSite","@id":"https:\/\/portaltela.pt\/#website","url":"https:\/\/portaltela.pt\/","name":"Portal Tela Portugal","description":"","potentialAction":[{"@type":"SearchAction","target":{"@type":"EntryPoint","urlTemplate":"https:\/\/portaltela.pt\/?s={search_term_string}"},"query-input":{"@type":"PropertyValueSpecification","valueRequired":true,"valueName":"search_term_string"}}],"inLanguage":"pt-PT"},{"@type":"Person","@id":"https:\/\/portaltela.pt\/#\/schema\/person\/c4278d4a6028830caff9ee44b42d32ed","name":"Telinha","image":{"@type":"ImageObject","inLanguage":"pt-PT","@id":"https:\/\/portaltela.pt\/s.01k8rhncp4jt1\/2025\/11\/talking-bot-125x125.png","url":"https:\/\/portaltela.pt\/s.01k8rhncp4jt1\/2025\/11\/talking-bot-125x125.png","contentUrl":"https:\/\/portaltela.pt\/s.01k8rhncp4jt1\/2025\/11\/talking-bot-125x125.png","caption":"Telinha"},"sameAs":["https:\/\/portaltela.pt\/"],"url":"https:\/\/portaltela.pt\/por\/367410592786\/"}]}},"_links":{"self":[{"href":"https:\/\/portaltela.pt\/api\/wp\/v2\/posts\/461397","targetHints":{"allow":["GET"]}}],"collection":[{"href":"https:\/\/portaltela.pt\/api\/wp\/v2\/posts"}],"about":[{"href":"https:\/\/portaltela.pt\/api\/wp\/v2\/types\/post"}],"author":[{"embeddable":true,"href":"https:\/\/portaltela.pt\/api\/wp\/v2\/users\/2"}],"replies":[{"embeddable":true,"href":"https:\/\/portaltela.pt\/api\/wp\/v2\/comments?post=461397"}],"version-history":[{"count":0,"href":"https:\/\/portaltela.pt\/api\/wp\/v2\/posts\/461397\/revisions"}],"wp:featuredmedia":[{"embeddable":true,"href":"https:\/\/portaltela.pt\/api\/wp\/v2\/media\/461408"}],"wp:attachment":[{"href":"https:\/\/portaltela.pt\/api\/wp\/v2\/media?parent=461397"}],"wp:term":[{"taxonomy":"category","embeddable":true,"href":"https:\/\/portaltela.pt\/api\/wp\/v2\/categories?post=461397"},{"taxonomy":"post_tag","embeddable":true,"href":"https:\/\/portaltela.pt\/api\/wp\/v2\/tags?post=461397"}],"curies":[{"name":"wp","href":"https:\/\/api.w.org\/{rel}","templated":true}]}}