{"id":461394,"date":"2026-04-29T15:33:26","date_gmt":"2026-04-29T18:33:26","guid":{"rendered":"https:\/\/portaltela.pt\/noticias\/2026\/04\/29\/publico-recebe-duas-medalhas-de-bronze-e-cinco-premios-snd\/"},"modified":"2026-04-29T15:33:26","modified_gmt":"2026-04-29T18:33:26","slug":"publico-recebe-duas-medalhas-de-bronze-e-cinco-premios-snd","status":"publish","type":"post","link":"https:\/\/portaltela.pt\/noticias\/internacional\/2026\/04\/29\/publico-recebe-duas-medalhas-de-bronze-e-cinco-premios-snd\/","title":{"rendered":"P\u00daBLICO recebe duas medalhas de bronze e cinco pr\u00e9mios SND"},"content":{"rendered":"<p>O P\u00daBLICO foi distinguido na 47.\u00aa edi\u00e7\u00e3o dos pr\u00e9mios Best of News Design Creative Competition, promovidos pela Society for News Design (SDN). O galard\u00e3o reconhece trabalhos publicados em 2025 nas \u00e1reas de jornalismo visual, visualiza\u00e7\u00e3o de dados e storytelling.<\/p>\n<p>O reconhecimento contabiliza duas medalhas de bronze e cinco pr\u00e9mios de excel\u00eancia. As distin\u00e7\u00f5es destacam a qualidade do design e da narrativa da publica\u00e7\u00e3o, em diferentes formatos e conte\u00fados.<\/p>\n<p>O j\u00fari, composto por organiza\u00e7\u00f5es internacionais, valorizou a capacidade do P\u00daBLICO de apresentar informa\u00e7\u00e3o de forma atraente e acess\u00edvel, com forte foco na clareza e na leitura visual.<\/p>\n<h3>Design da P\u00e1gina do Artigo<\/h3>\n<p>Ficaram marcadas duas medalhas de bronze nesta categoria, uma delas pela pe\u00e7a Dislexia. Aprender a ler com um c\u00e9rebro que nos prega partidas, com assinatura de C\u00e1tia Mendon\u00e7a, Francisco Lopes, Gabriela Pedro e Sofia Neves. O j\u00fari elogiou a linguagem cativante e a integra\u00e7\u00e3o de ilustra\u00e7\u00e3o, fotografia e dados.<\/p>\n<p>A publica\u00e7\u00e3o tamb\u00e9m recebeu dois pr\u00e9mios de excel\u00eancia na \u00e1rea de Quest\u00f5es Sociais pela infografia Barracas na \u00e1rea de Lisboa: o regresso de um problema que nunca desapareceu, de Teresa Serafim, Joana Gon\u00e7alves, Daniel Rocha, C\u00e1tia Mendon\u00e7a, Francisco Lopes e Gabriela Pedro, e pelo trabalho multim\u00e9dia Do outro lado do muro, assinado por Joana Gon\u00e7alves, Jos\u00e9 Carvalheiro, Nuno Moura, Joana Bourgard e S\u00f3nia Matos.<\/p>\n<h3>Ilustra\u00e7\u00e3o e capa<\/h3>\n<p>O P\u00daBLICO conquistou ainda a medalha de bronze na categoria Ilustra\u00e7\u00e3o (Internacional) pela pe\u00e7a Gaza: para a hist\u00f3ria do horror, de Andr\u00e9 Carrilho, integrada no suplemento P2. O j\u00fari considerou a ilustra\u00e7\u00e3o muito impactante e com narrativa forte, destacando o uso de camadas de forma distinta. O mesmo trabalho obteve o pr\u00e9mio de excel\u00eancia pela capa do jornal de 5 de Outubro de 2025.<\/p>\n<h3>Edic\u0327\u00e3o impressa e Infografia (Desporto)<\/h3>\n<p>Na vertente de edi\u00e7\u00f5es impressas, houve reconhecimento pela primeira p\u00e1gina de 12 de Mar\u00e7o de 2025, dedicada \u00e0 queda do primeiro Governo de Lu\u00eds Montenegro. J\u00e1 na Infografia (Desporto), o j\u00fari atribuiu excel\u00eancia ao trabalho Cristiano Ronaldo, uma lenda que continua a desafiar os limites, publicado em 5 de Fevereiro de 2025.<\/p>\n<h3>Contexto e participa\u00e7\u00e3o<\/h3>\n<p>O P\u00daBLICO foi o \u00fanico jornal portugu\u00eas premiado neste ciclo, num concurso que contou com quase 4200 submiss\u00f5es e cerca de 1600 pr\u00e9mios atribu\u00eddos. Entre os vencedores internacionais destacam-se The New York Times, The Washington Post e The Straits Times. PMID<\/p>\n","protected":false},"excerpt":{"rendered":"<ul>\n<li>O P\u00daBLICO recebeu duas medalhas de bronze e cinco pr\u00e9mios de excel\u00eancia na 47.\u00aa edi\u00e7\u00e3o dos pr\u00e9mios Best of News Design da Society for News Design, para trabalhos publicados em 2025.<\/li>\n<li>Medalha de bronze na categoria Design da P\u00e1gina do Artigo (Sa\u00fade e Ci\u00eancia) pela infografia Dislexia. Aprender a ler com um c\u00e9rebro que nos prega partidas, de C\u00e1tia Mendon\u00e7a, Francisco Lopes, Gabriela Pedro e Sofia Neves.<\/li>\n<li>Dois pr\u00e9mios de excel\u00eancia na mesma categoria (Quest\u00f5es Sociais): Barracas na \u00e1rea de Lisboa: o regresso de um problema que nunca desapareceu; e Do outro lado do muro, multim\u00e9dia sobre crian\u00e7as que crescem com os pais presos.<\/li>\n<li>Medalha de bronze na categoria Ilustra\u00e7\u00e3o (Internacional) pela ilustra\u00e7\u00e3o Gaza: para a hist\u00f3ria do horror, de Andr\u00e9 Carrilho, com a capa do suplemento P2 de 5 de Outubro de 2025 tamb\u00e9m premiada.<\/li>\n<li>O P\u00daBLICO foi o \u00fanico jornal portugu\u00eas premiado; o j\u00fari destacou a participa\u00e7\u00e3o de quase quatro milentros de entradas e cerca de mil seiscentos pr\u00e9mios, com os t\u00edtulos mais galardoados a serem The New York Times, The Washington Post e The Straits Times.<\/li>\n<\/ul>\n","protected":false},"author":2,"featured_media":461402,"comment_status":"closed","ping_status":"closed","sticky":false,"template":"","format":"standard","meta":{"footnotes":""},"categories":[4,1],"tags":[8036,7995,8331,9948,9949,7221],"class_list":["post-461394","post","type-post","status-publish","format-standard","has-post-thumbnail","hentry","category-internacional","category-noticias","tag-_arte","tag-_imprensa","tag-_publico","tag-ilustracao-internacional","tag-infografia-desporto","tag-noticias"],"yoast_head":"<!-- This site is optimized with the Yoast SEO plugin v27.2 - https:\/\/yoast.com\/product\/yoast-seo-wordpress\/ -->\n<title>P\u00daBLICO recebe duas medalhas de bronze e cinco pr\u00e9mios SND - Portal Tela Portugal<\/title>\n<meta name=\"robots\" content=\"index, follow, max-snippet:-1, max-image-preview:large, max-video-preview:-1\" \/>\n<meta property=\"og:locale\" content=\"pt_PT\" \/>\n<meta property=\"og:type\" content=\"article\" \/>\n<meta property=\"og:title\" content=\"P\u00daBLICO recebe duas medalhas de bronze e cinco pr\u00e9mios SND - Portal Tela Portugal\" \/>\n<meta property=\"og:description\" content=\"O P\u00daBLICO recebeu duas medalhas de bronze e cinco pr\u00e9mios de excel\u00eancia na 47.\u00aa edi\u00e7\u00e3o dos pr\u00e9mios Best of News Design da Society for News Design, para trabalhos publicados em 2025. Medalha de bronze na categoria Design da P\u00e1gina do Artigo (Sa\u00fade e Ci\u00eancia) pela infografia Dislexia. Aprender a ler com um c\u00e9rebro que nos prega partidas, de C\u00e1tia Mendon\u00e7a, Francisco Lopes, Gabriela Pedro e Sofia Neves. Dois pr\u00e9mios de excel\u00eancia na mesma categoria (Quest\u00f5es Sociais): Barracas na \u00e1rea de Lisboa: o regresso de um problema que nunca desapareceu; e Do outro lado do muro, multim\u00e9dia sobre crian\u00e7as que crescem com os pais presos. Medalha de bronze na categoria Ilustra\u00e7\u00e3o (Internacional) pela ilustra\u00e7\u00e3o Gaza: para a hist\u00f3ria do horror, de Andr\u00e9 Carrilho, com a capa do suplemento P2 de 5 de Outubro de 2025 tamb\u00e9m premiada. O P\u00daBLICO foi o \u00fanico jornal portugu\u00eas premiado; o j\u00fari destacou a participa\u00e7\u00e3o de quase quatro milentros de entradas e cerca de mil seiscentos pr\u00e9mios, com os t\u00edtulos mais galardoados a serem The New York Times, The Washington Post e The Straits Times.\" \/>\n<meta property=\"og:url\" content=\"https:\/\/portaltela.pt\/noticias\/2026\/04\/29\/publico-recebe-duas-medalhas-de-bronze-e-cinco-premios-snd\/\" \/>\n<meta property=\"og:site_name\" content=\"Portal Tela Portugal\" \/>\n<meta property=\"article:published_time\" content=\"2026-04-29T18:33:26+00:00\" \/>\n<meta name=\"author\" content=\"Telinha\" \/>\n<meta name=\"twitter:card\" content=\"summary_large_image\" \/>\n<meta name=\"twitter:label1\" content=\"Escrito por\" \/>\n\t<meta name=\"twitter:data1\" content=\"Telinha\" \/>\n\t<meta name=\"twitter:label2\" content=\"Tempo estimado de leitura\" \/>\n\t<meta name=\"twitter:data2\" content=\"2 minutos\" \/>\n<script type=\"application\/ld+json\" class=\"yoast-schema-graph\">{\"@context\":\"https:\/\/schema.org\",\"@graph\":[{\"@type\":\"Article\",\"@id\":\"https:\/\/portaltela.pt\/noticias\/2026\/04\/29\/publico-recebe-duas-medalhas-de-bronze-e-cinco-premios-snd\/#article\",\"isPartOf\":{\"@id\":\"https:\/\/portaltela.pt\/noticias\/2026\/04\/29\/publico-recebe-duas-medalhas-de-bronze-e-cinco-premios-snd\/\"},\"author\":{\"name\":\"Telinha\",\"@id\":\"https:\/\/portaltela.pt\/#\/schema\/person\/c4278d4a6028830caff9ee44b42d32ed\"},\"headline\":\"P\u00daBLICO recebe duas medalhas de bronze e cinco pr\u00e9mios SND\",\"datePublished\":\"2026-04-29T18:33:26+00:00\",\"mainEntityOfPage\":{\"@id\":\"https:\/\/portaltela.pt\/noticias\/2026\/04\/29\/publico-recebe-duas-medalhas-de-bronze-e-cinco-premios-snd\/\"},\"wordCount\":439,\"image\":{\"@id\":\"https:\/\/portaltela.pt\/noticias\/2026\/04\/29\/publico-recebe-duas-medalhas-de-bronze-e-cinco-premios-snd\/#primaryimage\"},\"thumbnailUrl\":\"https:\/\/portaltela.pt\/s.01k8rhncp4jt1\/2026\/04\/2084983.jpg\",\"keywords\":[\"_arte\",\"_imprensa\",\"_p\u00fablico\",\"Ilustra\u00e7\u00e3o (Internacional)\",\"Infografia (Desporto)\",\"not\u00edcias\"],\"articleSection\":[\"Internacional\",\"Not\u00edcias\"],\"inLanguage\":\"pt-PT\"},{\"@type\":\"WebPage\",\"@id\":\"https:\/\/portaltela.pt\/noticias\/2026\/04\/29\/publico-recebe-duas-medalhas-de-bronze-e-cinco-premios-snd\/\",\"url\":\"https:\/\/portaltela.pt\/noticias\/2026\/04\/29\/publico-recebe-duas-medalhas-de-bronze-e-cinco-premios-snd\/\",\"name\":\"P\u00daBLICO recebe duas medalhas de bronze e cinco pr\u00e9mios SND - Portal Tela Portugal\",\"isPartOf\":{\"@id\":\"https:\/\/portaltela.pt\/#website\"},\"primaryImageOfPage\":{\"@id\":\"https:\/\/portaltela.pt\/noticias\/2026\/04\/29\/publico-recebe-duas-medalhas-de-bronze-e-cinco-premios-snd\/#primaryimage\"},\"image\":{\"@id\":\"https:\/\/portaltela.pt\/noticias\/2026\/04\/29\/publico-recebe-duas-medalhas-de-bronze-e-cinco-premios-snd\/#primaryimage\"},\"thumbnailUrl\":\"https:\/\/portaltela.pt\/s.01k8rhncp4jt1\/2026\/04\/2084983.jpg\",\"datePublished\":\"2026-04-29T18:33:26+00:00\",\"author\":{\"@id\":\"https:\/\/portaltela.pt\/#\/schema\/person\/c4278d4a6028830caff9ee44b42d32ed\"},\"breadcrumb\":{\"@id\":\"https:\/\/portaltela.pt\/noticias\/2026\/04\/29\/publico-recebe-duas-medalhas-de-bronze-e-cinco-premios-snd\/#breadcrumb\"},\"inLanguage\":\"pt-PT\",\"potentialAction\":[{\"@type\":\"ReadAction\",\"target\":[\"https:\/\/portaltela.pt\/noticias\/2026\/04\/29\/publico-recebe-duas-medalhas-de-bronze-e-cinco-premios-snd\/\"]}]},{\"@type\":\"ImageObject\",\"inLanguage\":\"pt-PT\",\"@id\":\"https:\/\/portaltela.pt\/noticias\/2026\/04\/29\/publico-recebe-duas-medalhas-de-bronze-e-cinco-premios-snd\/#primaryimage\",\"url\":\"https:\/\/portaltela.pt\/s.01k8rhncp4jt1\/2026\/04\/2084983.jpg\",\"contentUrl\":\"https:\/\/portaltela.pt\/s.01k8rhncp4jt1\/2026\/04\/2084983.jpg\",\"width\":796,\"height\":448,\"caption\":\"Ilustra\u00e7\u00e3o de uma das capas premiadas\"},{\"@type\":\"BreadcrumbList\",\"@id\":\"https:\/\/portaltela.pt\/noticias\/2026\/04\/29\/publico-recebe-duas-medalhas-de-bronze-e-cinco-premios-snd\/#breadcrumb\",\"itemListElement\":[{\"@type\":\"ListItem\",\"position\":1,\"name\":\"In\u00edcio\",\"item\":\"https:\/\/portaltela.pt\/\"},{\"@type\":\"ListItem\",\"position\":2,\"name\":\"P\u00daBLICO recebe duas medalhas de bronze e cinco pr\u00e9mios SND\"}]},{\"@type\":\"WebSite\",\"@id\":\"https:\/\/portaltela.pt\/#website\",\"url\":\"https:\/\/portaltela.pt\/\",\"name\":\"Portal Tela Portugal\",\"description\":\"\",\"potentialAction\":[{\"@type\":\"SearchAction\",\"target\":{\"@type\":\"EntryPoint\",\"urlTemplate\":\"https:\/\/portaltela.pt\/?s={search_term_string}\"},\"query-input\":{\"@type\":\"PropertyValueSpecification\",\"valueRequired\":true,\"valueName\":\"search_term_string\"}}],\"inLanguage\":\"pt-PT\"},{\"@type\":\"Person\",\"@id\":\"https:\/\/portaltela.pt\/#\/schema\/person\/c4278d4a6028830caff9ee44b42d32ed\",\"name\":\"Telinha\",\"image\":{\"@type\":\"ImageObject\",\"inLanguage\":\"pt-PT\",\"@id\":\"https:\/\/portaltela.pt\/s.01k8rhncp4jt1\/2025\/11\/talking-bot-125x125.png\",\"url\":\"https:\/\/portaltela.pt\/s.01k8rhncp4jt1\/2025\/11\/talking-bot-125x125.png\",\"contentUrl\":\"https:\/\/portaltela.pt\/s.01k8rhncp4jt1\/2025\/11\/talking-bot-125x125.png\",\"caption\":\"Telinha\"},\"sameAs\":[\"https:\/\/portaltela.pt\/\"],\"url\":\"https:\/\/portaltela.pt\/por\/367410592786\/\"}]}<\/script>\n<!-- \/ Yoast SEO plugin. -->","yoast_head_json":{"title":"P\u00daBLICO recebe duas medalhas de bronze e cinco pr\u00e9mios SND - Portal Tela Portugal","robots":{"index":"index","follow":"follow","max-snippet":"max-snippet:-1","max-image-preview":"max-image-preview:large","max-video-preview":"max-video-preview:-1"},"og_locale":"pt_PT","og_type":"article","og_title":"P\u00daBLICO recebe duas medalhas de bronze e cinco pr\u00e9mios SND - Portal Tela Portugal","og_description":"O P\u00daBLICO recebeu duas medalhas de bronze e cinco pr\u00e9mios de excel\u00eancia na 47.\u00aa edi\u00e7\u00e3o dos pr\u00e9mios Best of News Design da Society for News Design, para trabalhos publicados em 2025. Medalha de bronze na categoria Design da P\u00e1gina do Artigo (Sa\u00fade e Ci\u00eancia) pela infografia Dislexia. Aprender a ler com um c\u00e9rebro que nos prega partidas, de C\u00e1tia Mendon\u00e7a, Francisco Lopes, Gabriela Pedro e Sofia Neves. Dois pr\u00e9mios de excel\u00eancia na mesma categoria (Quest\u00f5es Sociais): Barracas na \u00e1rea de Lisboa: o regresso de um problema que nunca desapareceu; e Do outro lado do muro, multim\u00e9dia sobre crian\u00e7as que crescem com os pais presos. Medalha de bronze na categoria Ilustra\u00e7\u00e3o (Internacional) pela ilustra\u00e7\u00e3o Gaza: para a hist\u00f3ria do horror, de Andr\u00e9 Carrilho, com a capa do suplemento P2 de 5 de Outubro de 2025 tamb\u00e9m premiada. O P\u00daBLICO foi o \u00fanico jornal portugu\u00eas premiado; o j\u00fari destacou a participa\u00e7\u00e3o de quase quatro milentros de entradas e cerca de mil seiscentos pr\u00e9mios, com os t\u00edtulos mais galardoados a serem The New York Times, The Washington Post e The Straits Times.","og_url":"https:\/\/portaltela.pt\/noticias\/2026\/04\/29\/publico-recebe-duas-medalhas-de-bronze-e-cinco-premios-snd\/","og_site_name":"Portal Tela Portugal","article_published_time":"2026-04-29T18:33:26+00:00","author":"Telinha","twitter_card":"summary_large_image","twitter_misc":{"Escrito por":"Telinha","Tempo estimado de leitura":"2 minutos"},"schema":{"@context":"https:\/\/schema.org","@graph":[{"@type":"Article","@id":"https:\/\/portaltela.pt\/noticias\/2026\/04\/29\/publico-recebe-duas-medalhas-de-bronze-e-cinco-premios-snd\/#article","isPartOf":{"@id":"https:\/\/portaltela.pt\/noticias\/2026\/04\/29\/publico-recebe-duas-medalhas-de-bronze-e-cinco-premios-snd\/"},"author":{"name":"Telinha","@id":"https:\/\/portaltela.pt\/#\/schema\/person\/c4278d4a6028830caff9ee44b42d32ed"},"headline":"P\u00daBLICO recebe duas medalhas de bronze e cinco pr\u00e9mios SND","datePublished":"2026-04-29T18:33:26+00:00","mainEntityOfPage":{"@id":"https:\/\/portaltela.pt\/noticias\/2026\/04\/29\/publico-recebe-duas-medalhas-de-bronze-e-cinco-premios-snd\/"},"wordCount":439,"image":{"@id":"https:\/\/portaltela.pt\/noticias\/2026\/04\/29\/publico-recebe-duas-medalhas-de-bronze-e-cinco-premios-snd\/#primaryimage"},"thumbnailUrl":"https:\/\/portaltela.pt\/s.01k8rhncp4jt1\/2026\/04\/2084983.jpg","keywords":["_arte","_imprensa","_p\u00fablico","Ilustra\u00e7\u00e3o (Internacional)","Infografia (Desporto)","not\u00edcias"],"articleSection":["Internacional","Not\u00edcias"],"inLanguage":"pt-PT"},{"@type":"WebPage","@id":"https:\/\/portaltela.pt\/noticias\/2026\/04\/29\/publico-recebe-duas-medalhas-de-bronze-e-cinco-premios-snd\/","url":"https:\/\/portaltela.pt\/noticias\/2026\/04\/29\/publico-recebe-duas-medalhas-de-bronze-e-cinco-premios-snd\/","name":"P\u00daBLICO recebe duas medalhas de bronze e cinco pr\u00e9mios SND - Portal Tela Portugal","isPartOf":{"@id":"https:\/\/portaltela.pt\/#website"},"primaryImageOfPage":{"@id":"https:\/\/portaltela.pt\/noticias\/2026\/04\/29\/publico-recebe-duas-medalhas-de-bronze-e-cinco-premios-snd\/#primaryimage"},"image":{"@id":"https:\/\/portaltela.pt\/noticias\/2026\/04\/29\/publico-recebe-duas-medalhas-de-bronze-e-cinco-premios-snd\/#primaryimage"},"thumbnailUrl":"https:\/\/portaltela.pt\/s.01k8rhncp4jt1\/2026\/04\/2084983.jpg","datePublished":"2026-04-29T18:33:26+00:00","author":{"@id":"https:\/\/portaltela.pt\/#\/schema\/person\/c4278d4a6028830caff9ee44b42d32ed"},"breadcrumb":{"@id":"https:\/\/portaltela.pt\/noticias\/2026\/04\/29\/publico-recebe-duas-medalhas-de-bronze-e-cinco-premios-snd\/#breadcrumb"},"inLanguage":"pt-PT","potentialAction":[{"@type":"ReadAction","target":["https:\/\/portaltela.pt\/noticias\/2026\/04\/29\/publico-recebe-duas-medalhas-de-bronze-e-cinco-premios-snd\/"]}]},{"@type":"ImageObject","inLanguage":"pt-PT","@id":"https:\/\/portaltela.pt\/noticias\/2026\/04\/29\/publico-recebe-duas-medalhas-de-bronze-e-cinco-premios-snd\/#primaryimage","url":"https:\/\/portaltela.pt\/s.01k8rhncp4jt1\/2026\/04\/2084983.jpg","contentUrl":"https:\/\/portaltela.pt\/s.01k8rhncp4jt1\/2026\/04\/2084983.jpg","width":796,"height":448,"caption":"Ilustra\u00e7\u00e3o de uma das capas premiadas"},{"@type":"BreadcrumbList","@id":"https:\/\/portaltela.pt\/noticias\/2026\/04\/29\/publico-recebe-duas-medalhas-de-bronze-e-cinco-premios-snd\/#breadcrumb","itemListElement":[{"@type":"ListItem","position":1,"name":"In\u00edcio","item":"https:\/\/portaltela.pt\/"},{"@type":"ListItem","position":2,"name":"P\u00daBLICO recebe duas medalhas de bronze e cinco pr\u00e9mios SND"}]},{"@type":"WebSite","@id":"https:\/\/portaltela.pt\/#website","url":"https:\/\/portaltela.pt\/","name":"Portal Tela Portugal","description":"","potentialAction":[{"@type":"SearchAction","target":{"@type":"EntryPoint","urlTemplate":"https:\/\/portaltela.pt\/?s={search_term_string}"},"query-input":{"@type":"PropertyValueSpecification","valueRequired":true,"valueName":"search_term_string"}}],"inLanguage":"pt-PT"},{"@type":"Person","@id":"https:\/\/portaltela.pt\/#\/schema\/person\/c4278d4a6028830caff9ee44b42d32ed","name":"Telinha","image":{"@type":"ImageObject","inLanguage":"pt-PT","@id":"https:\/\/portaltela.pt\/s.01k8rhncp4jt1\/2025\/11\/talking-bot-125x125.png","url":"https:\/\/portaltela.pt\/s.01k8rhncp4jt1\/2025\/11\/talking-bot-125x125.png","contentUrl":"https:\/\/portaltela.pt\/s.01k8rhncp4jt1\/2025\/11\/talking-bot-125x125.png","caption":"Telinha"},"sameAs":["https:\/\/portaltela.pt\/"],"url":"https:\/\/portaltela.pt\/por\/367410592786\/"}]}},"_links":{"self":[{"href":"https:\/\/portaltela.pt\/api\/wp\/v2\/posts\/461394","targetHints":{"allow":["GET"]}}],"collection":[{"href":"https:\/\/portaltela.pt\/api\/wp\/v2\/posts"}],"about":[{"href":"https:\/\/portaltela.pt\/api\/wp\/v2\/types\/post"}],"author":[{"embeddable":true,"href":"https:\/\/portaltela.pt\/api\/wp\/v2\/users\/2"}],"replies":[{"embeddable":true,"href":"https:\/\/portaltela.pt\/api\/wp\/v2\/comments?post=461394"}],"version-history":[{"count":0,"href":"https:\/\/portaltela.pt\/api\/wp\/v2\/posts\/461394\/revisions"}],"wp:featuredmedia":[{"embeddable":true,"href":"https:\/\/portaltela.pt\/api\/wp\/v2\/media\/461402"}],"wp:attachment":[{"href":"https:\/\/portaltela.pt\/api\/wp\/v2\/media?parent=461394"}],"wp:term":[{"taxonomy":"category","embeddable":true,"href":"https:\/\/portaltela.pt\/api\/wp\/v2\/categories?post=461394"},{"taxonomy":"post_tag","embeddable":true,"href":"https:\/\/portaltela.pt\/api\/wp\/v2\/tags?post=461394"}],"curies":[{"name":"wp","href":"https:\/\/api.w.org\/{rel}","templated":true}]}}