{"id":461391,"date":"2026-04-29T15:33:20","date_gmt":"2026-04-29T18:33:20","guid":{"rendered":"https:\/\/portaltela.pt\/noticias\/2026\/04\/29\/ministerio-ordena-escolas-suspenderem-com-associacao-acusada-de-vender-cursos\/"},"modified":"2026-04-29T15:33:20","modified_gmt":"2026-04-29T18:33:20","slug":"ministerio-ordena-escolas-suspenderem-com-associacao-acusada-de-vender-cursos","status":"publish","type":"post","link":"https:\/\/portaltela.pt\/noticias\/politica\/2026\/04\/29\/ministerio-ordena-escolas-suspenderem-com-associacao-acusada-de-vender-cursos\/","title":{"rendered":"Minist\u00e9rio ordena escolas suspenderem com associa\u00e7\u00e3o acusada de vender cursos"},"content":{"rendered":"<p>O Minist\u00e9rio da Educa\u00e7\u00e3o ordenou \u00e0s escolas suspenderem toda colabora\u00e7\u00e3o ou atividade em curso associada \u00e0 Associa\u00e7\u00e3o Internacional Lus\u00f3fona para a Educa\u00e7\u00e3o (AILE). A decis\u00e3o integra orienta\u00e7\u00f5es da nova Ag\u00eancia para a Gest\u00e3o do Sistema Educativo (AGSE). IGEC acompanha o caso.<\/p>\n<p>A den\u00fancia foi publicada pelo jornal online P\u00e1gina Um, que acusa a AILE de usar escolas como plataforma de venda de cursos. O alegado m\u00e9todo inclui sess\u00f5es ao fim de semana com encarregados de educa\u00e7\u00e3o e propostas de matr\u00edcula com pagamento imediato.<\/p>\n<p>Segundo o relato, o processo come\u00e7a com um inqu\u00e9rito onde a AILE obt\u00e9m dados pessoais dos alunos. Segue a sele\u00e7\u00e3o de alguns para sess\u00f5es presenciais na escola, com press\u00e3o para fechar a participa\u00e7\u00e3o nos cursos.<\/p>\n<p>A sess\u00e3o comercial decorre sob o argumento de apoiar um programa educativo, com promessa de bolsa de forma\u00e7\u00e3o. Em alguns casos, \u00e9 pedido o pagamento de matr\u00edcula e de um kit inicial, com assinatura de contrato e autoriza\u00e7\u00e3o de d\u00e9bito direto.<\/p>\n<p>Em resposta ao P\u00daBLICO, o Minist\u00e9rio afirmou que solicitou esclarecimentos \u00e0 AGSE e ao Eduqa ap\u00f3s as queixas sobre a atua\u00e7\u00e3o da AILE em escolas p\u00fablicas. Ainda n\u00e3o houve resposta da associa\u00e7\u00e3o.<\/p>\n<p>A AGSE, em conjunto com o Eduqa, enviou diretrizes \u00e0s escolas e declarou desconhecer autoriza\u00e7\u00f5es para atividades da AILE em contexto escolar. Alega que a aprova\u00e7\u00e3o de inqu\u00e9ritos pela DGE foi apenas para fins de investiga\u00e7\u00e3o.<\/p>\n<p>O Eduqa j\u00e1 revogou essa autoriza\u00e7\u00e3o, por entender que os inqu\u00e9ritos n\u00e3o correspondiam aos fins anunciados. O minist\u00e9rio refor\u00e7ou que as escolas devem assegurar finalidades educativas nas atividades externas, protegendo dados dos alunos e encarregados de educa\u00e7\u00e3o.<\/p>\n<p>Contexto mais amplo<\/p>\n<p>No m\u00eas passado, o Governo criou um grupo de trabalho para avaliar casos de influ\u00eancia externa em escolas, ap\u00f3s den\u00fancias de influenciadores digitais. A Dire\u00e7\u00e3o-Geral da Educa\u00e7\u00e3o j\u00e1 tinha emitido uma checklist para orientar diretores.<\/p>\n","protected":false},"excerpt":{"rendered":"<ul>\n<li>A nova Ag\u00eancia para a Gest\u00e3o do Sistema Educativo (AGSE) determinou a suspens\u00e3o de qualquer colabora\u00e7\u00e3o ou atividade em curso associada \u00e0 Associa\u00e7\u00e3o Internacional Lus\u00f3fona para a Educa\u00e7\u00e3o (AILE) nas escolas; a Inspec\u00e7\u00e3o-Geral da Educa\u00e7\u00e3o e Ci\u00eancia (IGEC) acompanha o caso.<\/li>\n<li>A den\u00fancia, publicada pelo P\u00e1gina Um, acusa a AILE de usar escolas para vender cursos atrav\u00e9s do projeto &#8220;Aprender a Aprender&#8221;, com alegadas sess\u00f5es aos fins de semana para entrega de propostas pagas.<\/li>\n<li>O processo envolve inqu\u00e9ritos realizados pela AILE, que permitiram o acesso a dados de alunos; alguns encarregados de educa\u00e7\u00e3o foram convidados a sess\u00f5es presenciais para pagamento de matr\u00edcula e de um kit inicial.<\/li>\n<li>O Minist\u00e9rio da Educa\u00e7\u00e3o pediu esclarecimentos \u00e0 AGSE e ao Eduqa; a AGSE afirma n\u00e3o haver autoriza\u00e7\u00e3o para atividades da AILE em contexto escolar e que a permiss\u00e3o anterior foi apenas para fins de investiga\u00e7\u00e3o, revogada pelo Eduqa.<\/li>\n<li>As dire\u00e7\u00f5es escolares s\u00e3o lembradas de assegurar que as atividades externas tenham apenas finalidades educativas, sem promo\u00e7\u00e3o comercial, e de proteger os dados de alunos e encarregados de educa\u00e7\u00e3o.<\/li>\n<\/ul>\n","protected":false},"author":2,"featured_media":461395,"comment_status":"closed","ping_status":"closed","sticky":false,"template":"","format":"standard","meta":{"footnotes":""},"categories":[1,5],"tags":[1151,163,2153,2443,1878,6641],"class_list":["post-461391","post","type-post","status-publish","format-standard","has-post-thumbnail","hentry","category-noticias","category-politica","tag-associacao-criminosa","tag-educacao","tag-educacao-escolar","tag-educacao-publica","tag-inquerito-criminal","tag-protecao-de-dados"],"yoast_head":"<!-- This site is optimized with the Yoast SEO plugin v27.2 - https:\/\/yoast.com\/product\/yoast-seo-wordpress\/ -->\n<title>Minist\u00e9rio ordena escolas suspenderem com associa\u00e7\u00e3o acusada de vender cursos - Portal Tela Portugal<\/title>\n<meta name=\"robots\" content=\"index, follow, max-snippet:-1, max-image-preview:large, max-video-preview:-1\" \/>\n<meta property=\"og:locale\" content=\"pt_PT\" \/>\n<meta property=\"og:type\" content=\"article\" \/>\n<meta property=\"og:title\" content=\"Minist\u00e9rio ordena escolas suspenderem com associa\u00e7\u00e3o acusada de vender cursos - Portal Tela Portugal\" \/>\n<meta property=\"og:description\" content=\"A nova Ag\u00eancia para a Gest\u00e3o do Sistema Educativo (AGSE) determinou a suspens\u00e3o de qualquer colabora\u00e7\u00e3o ou atividade em curso associada \u00e0 Associa\u00e7\u00e3o Internacional Lus\u00f3fona para a Educa\u00e7\u00e3o (AILE) nas escolas; a Inspec\u00e7\u00e3o-Geral da Educa\u00e7\u00e3o e Ci\u00eancia (IGEC) acompanha o caso. A den\u00fancia, publicada pelo P\u00e1gina Um, acusa a AILE de usar escolas para vender cursos atrav\u00e9s do projeto &quot;Aprender a Aprender&quot;, com alegadas sess\u00f5es aos fins de semana para entrega de propostas pagas. O processo envolve inqu\u00e9ritos realizados pela AILE, que permitiram o acesso a dados de alunos; alguns encarregados de educa\u00e7\u00e3o foram convidados a sess\u00f5es presenciais para pagamento de matr\u00edcula e de um kit inicial. O Minist\u00e9rio da Educa\u00e7\u00e3o pediu esclarecimentos \u00e0 AGSE e ao Eduqa; a AGSE afirma n\u00e3o haver autoriza\u00e7\u00e3o para atividades da AILE em contexto escolar e que a permiss\u00e3o anterior foi apenas para fins de investiga\u00e7\u00e3o, revogada pelo Eduqa. As dire\u00e7\u00f5es escolares s\u00e3o lembradas de assegurar que as atividades externas tenham apenas finalidades educativas, sem promo\u00e7\u00e3o comercial, e de proteger os dados de alunos e encarregados de educa\u00e7\u00e3o.\" \/>\n<meta property=\"og:url\" content=\"https:\/\/portaltela.pt\/noticias\/2026\/04\/29\/ministerio-ordena-escolas-suspenderem-com-associacao-acusada-de-vender-cursos\/\" \/>\n<meta property=\"og:site_name\" content=\"Portal Tela Portugal\" \/>\n<meta property=\"article:published_time\" content=\"2026-04-29T18:33:20+00:00\" \/>\n<meta name=\"author\" content=\"Telinha\" \/>\n<meta name=\"twitter:card\" content=\"summary_large_image\" \/>\n<meta name=\"twitter:label1\" content=\"Escrito por\" \/>\n\t<meta name=\"twitter:data1\" content=\"Telinha\" \/>\n\t<meta name=\"twitter:label2\" content=\"Tempo estimado de leitura\" \/>\n\t<meta name=\"twitter:data2\" content=\"2 minutos\" \/>\n<script type=\"application\/ld+json\" class=\"yoast-schema-graph\">{\"@context\":\"https:\/\/schema.org\",\"@graph\":[{\"@type\":\"Article\",\"@id\":\"https:\/\/portaltela.pt\/noticias\/2026\/04\/29\/ministerio-ordena-escolas-suspenderem-com-associacao-acusada-de-vender-cursos\/#article\",\"isPartOf\":{\"@id\":\"https:\/\/portaltela.pt\/noticias\/2026\/04\/29\/ministerio-ordena-escolas-suspenderem-com-associacao-acusada-de-vender-cursos\/\"},\"author\":{\"name\":\"Telinha\",\"@id\":\"https:\/\/portaltela.pt\/#\/schema\/person\/c4278d4a6028830caff9ee44b42d32ed\"},\"headline\":\"Minist\u00e9rio ordena escolas suspenderem com associa\u00e7\u00e3o acusada de vender cursos\",\"datePublished\":\"2026-04-29T18:33:20+00:00\",\"mainEntityOfPage\":{\"@id\":\"https:\/\/portaltela.pt\/noticias\/2026\/04\/29\/ministerio-ordena-escolas-suspenderem-com-associacao-acusada-de-vender-cursos\/\"},\"wordCount\":362,\"image\":{\"@id\":\"https:\/\/portaltela.pt\/noticias\/2026\/04\/29\/ministerio-ordena-escolas-suspenderem-com-associacao-acusada-de-vender-cursos\/#primaryimage\"},\"thumbnailUrl\":\"https:\/\/portaltela.pt\/s.01k8rhncp4jt1\/2026\/04\/2084915.jpg\",\"keywords\":[\"associa\u00e7\u00e3o criminosa\",\"educa\u00e7\u00e3o\",\"educa\u00e7\u00e3o escolar\",\"educa\u00e7\u00e3o p\u00fablica\",\"inqu\u00e9rito criminal\",\"prote\u00e7\u00e3o de dados\"],\"articleSection\":[\"Not\u00edcias\",\"Pol\u00edtica\"],\"inLanguage\":\"pt-PT\"},{\"@type\":\"WebPage\",\"@id\":\"https:\/\/portaltela.pt\/noticias\/2026\/04\/29\/ministerio-ordena-escolas-suspenderem-com-associacao-acusada-de-vender-cursos\/\",\"url\":\"https:\/\/portaltela.pt\/noticias\/2026\/04\/29\/ministerio-ordena-escolas-suspenderem-com-associacao-acusada-de-vender-cursos\/\",\"name\":\"Minist\u00e9rio ordena escolas suspenderem com associa\u00e7\u00e3o acusada de vender cursos - Portal Tela Portugal\",\"isPartOf\":{\"@id\":\"https:\/\/portaltela.pt\/#website\"},\"primaryImageOfPage\":{\"@id\":\"https:\/\/portaltela.pt\/noticias\/2026\/04\/29\/ministerio-ordena-escolas-suspenderem-com-associacao-acusada-de-vender-cursos\/#primaryimage\"},\"image\":{\"@id\":\"https:\/\/portaltela.pt\/noticias\/2026\/04\/29\/ministerio-ordena-escolas-suspenderem-com-associacao-acusada-de-vender-cursos\/#primaryimage\"},\"thumbnailUrl\":\"https:\/\/portaltela.pt\/s.01k8rhncp4jt1\/2026\/04\/2084915.jpg\",\"datePublished\":\"2026-04-29T18:33:20+00:00\",\"author\":{\"@id\":\"https:\/\/portaltela.pt\/#\/schema\/person\/c4278d4a6028830caff9ee44b42d32ed\"},\"breadcrumb\":{\"@id\":\"https:\/\/portaltela.pt\/noticias\/2026\/04\/29\/ministerio-ordena-escolas-suspenderem-com-associacao-acusada-de-vender-cursos\/#breadcrumb\"},\"inLanguage\":\"pt-PT\",\"potentialAction\":[{\"@type\":\"ReadAction\",\"target\":[\"https:\/\/portaltela.pt\/noticias\/2026\/04\/29\/ministerio-ordena-escolas-suspenderem-com-associacao-acusada-de-vender-cursos\/\"]}]},{\"@type\":\"ImageObject\",\"inLanguage\":\"pt-PT\",\"@id\":\"https:\/\/portaltela.pt\/noticias\/2026\/04\/29\/ministerio-ordena-escolas-suspenderem-com-associacao-acusada-de-vender-cursos\/#primaryimage\",\"url\":\"https:\/\/portaltela.pt\/s.01k8rhncp4jt1\/2026\/04\/2084915.jpg\",\"contentUrl\":\"https:\/\/portaltela.pt\/s.01k8rhncp4jt1\/2026\/04\/2084915.jpg\",\"width\":796,\"height\":448,\"caption\":\"AGSE diz que direc\u00e7\u00f5es devem assegurar que a escola n\u00e3o \u00e9 utilizada para promo\u00e7\u00e3o comercial e que os direitos e dados dos alunos est\u00e3o protegidos\"},{\"@type\":\"BreadcrumbList\",\"@id\":\"https:\/\/portaltela.pt\/noticias\/2026\/04\/29\/ministerio-ordena-escolas-suspenderem-com-associacao-acusada-de-vender-cursos\/#breadcrumb\",\"itemListElement\":[{\"@type\":\"ListItem\",\"position\":1,\"name\":\"In\u00edcio\",\"item\":\"https:\/\/portaltela.pt\/\"},{\"@type\":\"ListItem\",\"position\":2,\"name\":\"Minist\u00e9rio ordena escolas suspenderem com associa\u00e7\u00e3o acusada de vender cursos\"}]},{\"@type\":\"WebSite\",\"@id\":\"https:\/\/portaltela.pt\/#website\",\"url\":\"https:\/\/portaltela.pt\/\",\"name\":\"Portal Tela Portugal\",\"description\":\"\",\"potentialAction\":[{\"@type\":\"SearchAction\",\"target\":{\"@type\":\"EntryPoint\",\"urlTemplate\":\"https:\/\/portaltela.pt\/?s={search_term_string}\"},\"query-input\":{\"@type\":\"PropertyValueSpecification\",\"valueRequired\":true,\"valueName\":\"search_term_string\"}}],\"inLanguage\":\"pt-PT\"},{\"@type\":\"Person\",\"@id\":\"https:\/\/portaltela.pt\/#\/schema\/person\/c4278d4a6028830caff9ee44b42d32ed\",\"name\":\"Telinha\",\"image\":{\"@type\":\"ImageObject\",\"inLanguage\":\"pt-PT\",\"@id\":\"https:\/\/portaltela.pt\/s.01k8rhncp4jt1\/2025\/11\/talking-bot-125x125.png\",\"url\":\"https:\/\/portaltela.pt\/s.01k8rhncp4jt1\/2025\/11\/talking-bot-125x125.png\",\"contentUrl\":\"https:\/\/portaltela.pt\/s.01k8rhncp4jt1\/2025\/11\/talking-bot-125x125.png\",\"caption\":\"Telinha\"},\"sameAs\":[\"https:\/\/portaltela.pt\/\"],\"url\":\"https:\/\/portaltela.pt\/por\/367410592786\/\"}]}<\/script>\n<!-- \/ Yoast SEO plugin. -->","yoast_head_json":{"title":"Minist\u00e9rio ordena escolas suspenderem com associa\u00e7\u00e3o acusada de vender cursos - Portal Tela Portugal","robots":{"index":"index","follow":"follow","max-snippet":"max-snippet:-1","max-image-preview":"max-image-preview:large","max-video-preview":"max-video-preview:-1"},"og_locale":"pt_PT","og_type":"article","og_title":"Minist\u00e9rio ordena escolas suspenderem com associa\u00e7\u00e3o acusada de vender cursos - Portal Tela Portugal","og_description":"A nova Ag\u00eancia para a Gest\u00e3o do Sistema Educativo (AGSE) determinou a suspens\u00e3o de qualquer colabora\u00e7\u00e3o ou atividade em curso associada \u00e0 Associa\u00e7\u00e3o Internacional Lus\u00f3fona para a Educa\u00e7\u00e3o (AILE) nas escolas; a Inspec\u00e7\u00e3o-Geral da Educa\u00e7\u00e3o e Ci\u00eancia (IGEC) acompanha o caso. A den\u00fancia, publicada pelo P\u00e1gina Um, acusa a AILE de usar escolas para vender cursos atrav\u00e9s do projeto \"Aprender a Aprender\", com alegadas sess\u00f5es aos fins de semana para entrega de propostas pagas. O processo envolve inqu\u00e9ritos realizados pela AILE, que permitiram o acesso a dados de alunos; alguns encarregados de educa\u00e7\u00e3o foram convidados a sess\u00f5es presenciais para pagamento de matr\u00edcula e de um kit inicial. O Minist\u00e9rio da Educa\u00e7\u00e3o pediu esclarecimentos \u00e0 AGSE e ao Eduqa; a AGSE afirma n\u00e3o haver autoriza\u00e7\u00e3o para atividades da AILE em contexto escolar e que a permiss\u00e3o anterior foi apenas para fins de investiga\u00e7\u00e3o, revogada pelo Eduqa. As dire\u00e7\u00f5es escolares s\u00e3o lembradas de assegurar que as atividades externas tenham apenas finalidades educativas, sem promo\u00e7\u00e3o comercial, e de proteger os dados de alunos e encarregados de educa\u00e7\u00e3o.","og_url":"https:\/\/portaltela.pt\/noticias\/2026\/04\/29\/ministerio-ordena-escolas-suspenderem-com-associacao-acusada-de-vender-cursos\/","og_site_name":"Portal Tela Portugal","article_published_time":"2026-04-29T18:33:20+00:00","author":"Telinha","twitter_card":"summary_large_image","twitter_misc":{"Escrito por":"Telinha","Tempo estimado de leitura":"2 minutos"},"schema":{"@context":"https:\/\/schema.org","@graph":[{"@type":"Article","@id":"https:\/\/portaltela.pt\/noticias\/2026\/04\/29\/ministerio-ordena-escolas-suspenderem-com-associacao-acusada-de-vender-cursos\/#article","isPartOf":{"@id":"https:\/\/portaltela.pt\/noticias\/2026\/04\/29\/ministerio-ordena-escolas-suspenderem-com-associacao-acusada-de-vender-cursos\/"},"author":{"name":"Telinha","@id":"https:\/\/portaltela.pt\/#\/schema\/person\/c4278d4a6028830caff9ee44b42d32ed"},"headline":"Minist\u00e9rio ordena escolas suspenderem com associa\u00e7\u00e3o acusada de vender cursos","datePublished":"2026-04-29T18:33:20+00:00","mainEntityOfPage":{"@id":"https:\/\/portaltela.pt\/noticias\/2026\/04\/29\/ministerio-ordena-escolas-suspenderem-com-associacao-acusada-de-vender-cursos\/"},"wordCount":362,"image":{"@id":"https:\/\/portaltela.pt\/noticias\/2026\/04\/29\/ministerio-ordena-escolas-suspenderem-com-associacao-acusada-de-vender-cursos\/#primaryimage"},"thumbnailUrl":"https:\/\/portaltela.pt\/s.01k8rhncp4jt1\/2026\/04\/2084915.jpg","keywords":["associa\u00e7\u00e3o criminosa","educa\u00e7\u00e3o","educa\u00e7\u00e3o escolar","educa\u00e7\u00e3o p\u00fablica","inqu\u00e9rito criminal","prote\u00e7\u00e3o de dados"],"articleSection":["Not\u00edcias","Pol\u00edtica"],"inLanguage":"pt-PT"},{"@type":"WebPage","@id":"https:\/\/portaltela.pt\/noticias\/2026\/04\/29\/ministerio-ordena-escolas-suspenderem-com-associacao-acusada-de-vender-cursos\/","url":"https:\/\/portaltela.pt\/noticias\/2026\/04\/29\/ministerio-ordena-escolas-suspenderem-com-associacao-acusada-de-vender-cursos\/","name":"Minist\u00e9rio ordena escolas suspenderem com associa\u00e7\u00e3o acusada de vender cursos - Portal Tela Portugal","isPartOf":{"@id":"https:\/\/portaltela.pt\/#website"},"primaryImageOfPage":{"@id":"https:\/\/portaltela.pt\/noticias\/2026\/04\/29\/ministerio-ordena-escolas-suspenderem-com-associacao-acusada-de-vender-cursos\/#primaryimage"},"image":{"@id":"https:\/\/portaltela.pt\/noticias\/2026\/04\/29\/ministerio-ordena-escolas-suspenderem-com-associacao-acusada-de-vender-cursos\/#primaryimage"},"thumbnailUrl":"https:\/\/portaltela.pt\/s.01k8rhncp4jt1\/2026\/04\/2084915.jpg","datePublished":"2026-04-29T18:33:20+00:00","author":{"@id":"https:\/\/portaltela.pt\/#\/schema\/person\/c4278d4a6028830caff9ee44b42d32ed"},"breadcrumb":{"@id":"https:\/\/portaltela.pt\/noticias\/2026\/04\/29\/ministerio-ordena-escolas-suspenderem-com-associacao-acusada-de-vender-cursos\/#breadcrumb"},"inLanguage":"pt-PT","potentialAction":[{"@type":"ReadAction","target":["https:\/\/portaltela.pt\/noticias\/2026\/04\/29\/ministerio-ordena-escolas-suspenderem-com-associacao-acusada-de-vender-cursos\/"]}]},{"@type":"ImageObject","inLanguage":"pt-PT","@id":"https:\/\/portaltela.pt\/noticias\/2026\/04\/29\/ministerio-ordena-escolas-suspenderem-com-associacao-acusada-de-vender-cursos\/#primaryimage","url":"https:\/\/portaltela.pt\/s.01k8rhncp4jt1\/2026\/04\/2084915.jpg","contentUrl":"https:\/\/portaltela.pt\/s.01k8rhncp4jt1\/2026\/04\/2084915.jpg","width":796,"height":448,"caption":"AGSE diz que direc\u00e7\u00f5es devem assegurar que a escola n\u00e3o \u00e9 utilizada para promo\u00e7\u00e3o comercial e que os direitos e dados dos alunos est\u00e3o protegidos"},{"@type":"BreadcrumbList","@id":"https:\/\/portaltela.pt\/noticias\/2026\/04\/29\/ministerio-ordena-escolas-suspenderem-com-associacao-acusada-de-vender-cursos\/#breadcrumb","itemListElement":[{"@type":"ListItem","position":1,"name":"In\u00edcio","item":"https:\/\/portaltela.pt\/"},{"@type":"ListItem","position":2,"name":"Minist\u00e9rio ordena escolas suspenderem com associa\u00e7\u00e3o acusada de vender cursos"}]},{"@type":"WebSite","@id":"https:\/\/portaltela.pt\/#website","url":"https:\/\/portaltela.pt\/","name":"Portal Tela Portugal","description":"","potentialAction":[{"@type":"SearchAction","target":{"@type":"EntryPoint","urlTemplate":"https:\/\/portaltela.pt\/?s={search_term_string}"},"query-input":{"@type":"PropertyValueSpecification","valueRequired":true,"valueName":"search_term_string"}}],"inLanguage":"pt-PT"},{"@type":"Person","@id":"https:\/\/portaltela.pt\/#\/schema\/person\/c4278d4a6028830caff9ee44b42d32ed","name":"Telinha","image":{"@type":"ImageObject","inLanguage":"pt-PT","@id":"https:\/\/portaltela.pt\/s.01k8rhncp4jt1\/2025\/11\/talking-bot-125x125.png","url":"https:\/\/portaltela.pt\/s.01k8rhncp4jt1\/2025\/11\/talking-bot-125x125.png","contentUrl":"https:\/\/portaltela.pt\/s.01k8rhncp4jt1\/2025\/11\/talking-bot-125x125.png","caption":"Telinha"},"sameAs":["https:\/\/portaltela.pt\/"],"url":"https:\/\/portaltela.pt\/por\/367410592786\/"}]}},"_links":{"self":[{"href":"https:\/\/portaltela.pt\/api\/wp\/v2\/posts\/461391","targetHints":{"allow":["GET"]}}],"collection":[{"href":"https:\/\/portaltela.pt\/api\/wp\/v2\/posts"}],"about":[{"href":"https:\/\/portaltela.pt\/api\/wp\/v2\/types\/post"}],"author":[{"embeddable":true,"href":"https:\/\/portaltela.pt\/api\/wp\/v2\/users\/2"}],"replies":[{"embeddable":true,"href":"https:\/\/portaltela.pt\/api\/wp\/v2\/comments?post=461391"}],"version-history":[{"count":0,"href":"https:\/\/portaltela.pt\/api\/wp\/v2\/posts\/461391\/revisions"}],"wp:featuredmedia":[{"embeddable":true,"href":"https:\/\/portaltela.pt\/api\/wp\/v2\/media\/461395"}],"wp:attachment":[{"href":"https:\/\/portaltela.pt\/api\/wp\/v2\/media?parent=461391"}],"wp:term":[{"taxonomy":"category","embeddable":true,"href":"https:\/\/portaltela.pt\/api\/wp\/v2\/categories?post=461391"},{"taxonomy":"post_tag","embeddable":true,"href":"https:\/\/portaltela.pt\/api\/wp\/v2\/tags?post=461391"}],"curies":[{"name":"wp","href":"https:\/\/api.w.org\/{rel}","templated":true}]}}