{"id":461370,"date":"2026-04-29T15:18:15","date_gmt":"2026-04-29T18:18:15","guid":{"rendered":"https:\/\/portaltela.pt\/noticias\/2026\/04\/29\/sporting-divulga-o-onze-para-o-jogo-com-o-tondela\/"},"modified":"2026-04-29T15:18:15","modified_gmt":"2026-04-29T18:18:15","slug":"sporting-divulga-o-onze-para-o-jogo-com-o-tondela","status":"publish","type":"post","link":"https:\/\/portaltela.pt\/desporto\/futebol\/2026\/04\/29\/sporting-divulga-o-onze-para-o-jogo-com-o-tondela\/","title":{"rendered":"Sporting divulga o onze para o jogo com o Tondela"},"content":{"rendered":"<p>O Sporting recebe o Tondela, esta quarta-feira, \u00e0s 20h15, em Alvalade, na 26.\u00aa jornada da Liga. A equipa de Rui Borges continua a lidar com v\u00e1rias baixas por les\u00e3o, o que levou a altera\u00e7\u00f5es no XI inicial, com Trinc\u00e3o a ser poupado e Luis Su\u00e1rez a manter-se na frente de ataque.<\/p>\n<p>Al\u00e9m das mudan\u00e7as na frente, o t\u00e9cnico vizinho a Rui Borges decidiu ajustar o meio-campo e a defesa. Os le\u00f5es alinham com uma adapta\u00e7\u00e3o que procura manter equil\u00edbrio entre defesa s\u00f3lida e solu\u00e7\u00f5es ofensivas.<\/p>\n<h3>Onzes iniciais<\/h3>\n<ul>\n<li>Sporting: Rui Silva; Vagiannidis, Eduardo Quaresma, Debast e Maxi Ara\u00fajo; Morita e Daniel Bragan\u00e7a; Geny Catamo, Pedro Gon\u00e7alves e Quenda; Luis Su\u00e1rez.<\/li>\n<li>Suplentes: Jo\u00e3o Virg\u00ednia, Diomande, Blopa, Ricardo Mangas, Kochorashvili, Nuno Santos, Trinc\u00e3o, Lu\u00eds Guilherme e Rafael Nel.<\/li>\n<\/ul>\n<h3>Onzes do Tondela<\/h3>\n<ul>\n<li>Tondela: Bernardo Fontes; Tiago Manso, Jo\u00e3o Silva, Christian Marques e Rodrigo Concei\u00e7\u00e3o; Juanse, Yaya Sithole e H\u00e9lder Tavares; Pedro Maranh\u00e3o, Ronny Lopes e Moudjatovic.<\/li>\n<li>Suplentes: Gabriel Sousa, Bebeto, Jo\u00e3o Afonso, Hodge, Kimpioka, Van der Heide, Hugo F\u00e9lix, Aiko e C\u00edcero.<\/li>\n<\/ul>\n","protected":false},"excerpt":{"rendered":"<ul>\n<li>Sporting recebe o Tondela em Alvalade \u00e0s 20h15, em jogo da 26.\u00aa jornada da I Liga.<\/li>\n<li>Rui Borges continua com v\u00e1rias baixas por les\u00e3o e fez altera\u00e7\u00f5es na equipa, poupando Trinc\u00e3o e devolvendo Luis Su\u00e1rez ao ataque.<\/li>\n<li>Onze do Sporting: Rui Silva; Vagiannidis, Eduardo Quaresma, Debast e Maxi Ara\u00faji; Morita e Daniel Bragan\u00e7a; Geny Catamo, Pedro Gon\u00e7alves, Quenda e Luis Su\u00e1rez.<\/li>\n<li>Suplentes do Sporting: Jo\u00e3o Virg\u00ednia, Diomande, Blopa, Ricardo Mangas, Kochorashvili, Nuno Santos, Trinc\u00e3o, Lu\u00eds Guilherme e Rafael Nel.<\/li>\n<li>Onze do Tondela: Bernardo Fontes; Tiago Manso, Jo\u00e3o Silva, Christian Marques e Rodrigo Concei\u00e7\u00e3o; Juanse, Yaya Sithole e H\u00e9lder Tavares; Pedro Maranh\u00e3o, Ronny Lopes e Moudjatovic. Suplentes: Gabriel Sousa, Bebeto, Jo\u00e3o Afonso, Hodge, Kimpioka, Van der Heide, Hugo F\u00e9lix, Aiko e C\u00edcero.<\/li>\n<\/ul>\n","protected":false},"author":2,"featured_media":461375,"comment_status":"closed","ping_status":"closed","sticky":false,"template":"","format":"standard","meta":{"footnotes":""},"categories":[21,24],"tags":[8655,7755,8526,4159,1652,1005],"class_list":["post-461370","post","type-post","status-publish","format-standard","has-post-thumbnail","hentry","category-desporto","category-futebol","tag-_1-liga","tag-_futebol","tag-_lesoes","tag-jogo","tag-sporting","tag-tondela"],"yoast_head":"<!-- This site is optimized with the Yoast SEO plugin v27.2 - https:\/\/yoast.com\/product\/yoast-seo-wordpress\/ -->\n<title>Sporting divulga o onze para o jogo com o Tondela - Portal Tela Portugal<\/title>\n<meta name=\"robots\" content=\"index, follow, max-snippet:-1, max-image-preview:large, max-video-preview:-1\" \/>\n<meta property=\"og:locale\" content=\"pt_PT\" \/>\n<meta property=\"og:type\" content=\"article\" \/>\n<meta property=\"og:title\" content=\"Sporting divulga o onze para o jogo com o Tondela - Portal Tela Portugal\" \/>\n<meta property=\"og:description\" content=\"Sporting recebe o Tondela em Alvalade \u00e0s 20h15, em jogo da 26.\u00aa jornada da I Liga. Rui Borges continua com v\u00e1rias baixas por les\u00e3o e fez altera\u00e7\u00f5es na equipa, poupando Trinc\u00e3o e devolvendo Luis Su\u00e1rez ao ataque. Onze do Sporting: Rui Silva; Vagiannidis, Eduardo Quaresma, Debast e Maxi Ara\u00faji; Morita e Daniel Bragan\u00e7a; Geny Catamo, Pedro Gon\u00e7alves, Quenda e Luis Su\u00e1rez. Suplentes do Sporting: Jo\u00e3o Virg\u00ednia, Diomande, Blopa, Ricardo Mangas, Kochorashvili, Nuno Santos, Trinc\u00e3o, Lu\u00eds Guilherme e Rafael Nel. Onze do Tondela: Bernardo Fontes; Tiago Manso, Jo\u00e3o Silva, Christian Marques e Rodrigo Concei\u00e7\u00e3o; Juanse, Yaya Sithole e H\u00e9lder Tavares; Pedro Maranh\u00e3o, Ronny Lopes e Moudjatovic. Suplentes: Gabriel Sousa, Bebeto, Jo\u00e3o Afonso, Hodge, Kimpioka, Van der Heide, Hugo F\u00e9lix, Aiko e C\u00edcero.\" \/>\n<meta property=\"og:url\" content=\"https:\/\/portaltela.pt\/noticias\/2026\/04\/29\/sporting-divulga-o-onze-para-o-jogo-com-o-tondela\/\" \/>\n<meta property=\"og:site_name\" content=\"Portal Tela Portugal\" \/>\n<meta property=\"article:published_time\" content=\"2026-04-29T18:18:15+00:00\" \/>\n<meta name=\"author\" content=\"Telinha\" \/>\n<meta name=\"twitter:card\" content=\"summary_large_image\" \/>\n<meta name=\"twitter:label1\" content=\"Escrito por\" \/>\n\t<meta name=\"twitter:data1\" content=\"Telinha\" \/>\n\t<meta name=\"twitter:label2\" content=\"Tempo estimado de leitura\" \/>\n\t<meta name=\"twitter:data2\" content=\"1 minuto\" \/>\n<script type=\"application\/ld+json\" class=\"yoast-schema-graph\">{\"@context\":\"https:\/\/schema.org\",\"@graph\":[{\"@type\":\"Article\",\"@id\":\"https:\/\/portaltela.pt\/noticias\/2026\/04\/29\/sporting-divulga-o-onze-para-o-jogo-com-o-tondela\/#article\",\"isPartOf\":{\"@id\":\"https:\/\/portaltela.pt\/noticias\/2026\/04\/29\/sporting-divulga-o-onze-para-o-jogo-com-o-tondela\/\"},\"author\":{\"name\":\"Telinha\",\"@id\":\"https:\/\/portaltela.pt\/#\/schema\/person\/c4278d4a6028830caff9ee44b42d32ed\"},\"headline\":\"Sporting divulga o onze para o jogo com o Tondela\",\"datePublished\":\"2026-04-29T18:18:15+00:00\",\"mainEntityOfPage\":{\"@id\":\"https:\/\/portaltela.pt\/noticias\/2026\/04\/29\/sporting-divulga-o-onze-para-o-jogo-com-o-tondela\/\"},\"wordCount\":205,\"image\":{\"@id\":\"https:\/\/portaltela.pt\/noticias\/2026\/04\/29\/sporting-divulga-o-onze-para-o-jogo-com-o-tondela\/#primaryimage\"},\"thumbnailUrl\":\"https:\/\/portaltela.pt\/s.01k8rhncp4jt1\/2026\/04\/image-1671.jpg\",\"keywords\":[\"_1. Liga\",\"_futebol\",\"_les\u00f5es\",\"jogo\",\"Sporting\",\"Tondela\"],\"articleSection\":[\"Desporto\",\"Futebol\"],\"inLanguage\":\"pt-PT\"},{\"@type\":\"WebPage\",\"@id\":\"https:\/\/portaltela.pt\/noticias\/2026\/04\/29\/sporting-divulga-o-onze-para-o-jogo-com-o-tondela\/\",\"url\":\"https:\/\/portaltela.pt\/noticias\/2026\/04\/29\/sporting-divulga-o-onze-para-o-jogo-com-o-tondela\/\",\"name\":\"Sporting divulga o onze para o jogo com o Tondela - Portal Tela Portugal\",\"isPartOf\":{\"@id\":\"https:\/\/portaltela.pt\/#website\"},\"primaryImageOfPage\":{\"@id\":\"https:\/\/portaltela.pt\/noticias\/2026\/04\/29\/sporting-divulga-o-onze-para-o-jogo-com-o-tondela\/#primaryimage\"},\"image\":{\"@id\":\"https:\/\/portaltela.pt\/noticias\/2026\/04\/29\/sporting-divulga-o-onze-para-o-jogo-com-o-tondela\/#primaryimage\"},\"thumbnailUrl\":\"https:\/\/portaltela.pt\/s.01k8rhncp4jt1\/2026\/04\/image-1671.jpg\",\"datePublished\":\"2026-04-29T18:18:15+00:00\",\"author\":{\"@id\":\"https:\/\/portaltela.pt\/#\/schema\/person\/c4278d4a6028830caff9ee44b42d32ed\"},\"breadcrumb\":{\"@id\":\"https:\/\/portaltela.pt\/noticias\/2026\/04\/29\/sporting-divulga-o-onze-para-o-jogo-com-o-tondela\/#breadcrumb\"},\"inLanguage\":\"pt-PT\",\"potentialAction\":[{\"@type\":\"ReadAction\",\"target\":[\"https:\/\/portaltela.pt\/noticias\/2026\/04\/29\/sporting-divulga-o-onze-para-o-jogo-com-o-tondela\/\"]}]},{\"@type\":\"ImageObject\",\"inLanguage\":\"pt-PT\",\"@id\":\"https:\/\/portaltela.pt\/noticias\/2026\/04\/29\/sporting-divulga-o-onze-para-o-jogo-com-o-tondela\/#primaryimage\",\"url\":\"https:\/\/portaltela.pt\/s.01k8rhncp4jt1\/2026\/04\/image-1671.jpg\",\"contentUrl\":\"https:\/\/portaltela.pt\/s.01k8rhncp4jt1\/2026\/04\/image-1671.jpg\",\"width\":796,\"height\":448,\"caption\":\"Sporting head coach Rui Borges (C) reacts during their Portuguese First League soccer match against AVS held at Clube Desportivo das Aves Stadium in Vila das Aves, Santo Tirso, Portugal, 26 April 2026. MANUEL FERNANDO ARA\u00daJO\/LUSA\"},{\"@type\":\"BreadcrumbList\",\"@id\":\"https:\/\/portaltela.pt\/noticias\/2026\/04\/29\/sporting-divulga-o-onze-para-o-jogo-com-o-tondela\/#breadcrumb\",\"itemListElement\":[{\"@type\":\"ListItem\",\"position\":1,\"name\":\"In\u00edcio\",\"item\":\"https:\/\/portaltela.pt\/\"},{\"@type\":\"ListItem\",\"position\":2,\"name\":\"Sporting divulga o onze para o jogo com o Tondela\"}]},{\"@type\":\"WebSite\",\"@id\":\"https:\/\/portaltela.pt\/#website\",\"url\":\"https:\/\/portaltela.pt\/\",\"name\":\"Portal Tela Portugal\",\"description\":\"\",\"potentialAction\":[{\"@type\":\"SearchAction\",\"target\":{\"@type\":\"EntryPoint\",\"urlTemplate\":\"https:\/\/portaltela.pt\/?s={search_term_string}\"},\"query-input\":{\"@type\":\"PropertyValueSpecification\",\"valueRequired\":true,\"valueName\":\"search_term_string\"}}],\"inLanguage\":\"pt-PT\"},{\"@type\":\"Person\",\"@id\":\"https:\/\/portaltela.pt\/#\/schema\/person\/c4278d4a6028830caff9ee44b42d32ed\",\"name\":\"Telinha\",\"image\":{\"@type\":\"ImageObject\",\"inLanguage\":\"pt-PT\",\"@id\":\"https:\/\/portaltela.pt\/s.01k8rhncp4jt1\/2025\/11\/talking-bot-125x125.png\",\"url\":\"https:\/\/portaltela.pt\/s.01k8rhncp4jt1\/2025\/11\/talking-bot-125x125.png\",\"contentUrl\":\"https:\/\/portaltela.pt\/s.01k8rhncp4jt1\/2025\/11\/talking-bot-125x125.png\",\"caption\":\"Telinha\"},\"sameAs\":[\"https:\/\/portaltela.pt\/\"],\"url\":\"https:\/\/portaltela.pt\/por\/367410592786\/\"}]}<\/script>\n<!-- \/ Yoast SEO plugin. -->","yoast_head_json":{"title":"Sporting divulga o onze para o jogo com o Tondela - Portal Tela Portugal","robots":{"index":"index","follow":"follow","max-snippet":"max-snippet:-1","max-image-preview":"max-image-preview:large","max-video-preview":"max-video-preview:-1"},"og_locale":"pt_PT","og_type":"article","og_title":"Sporting divulga o onze para o jogo com o Tondela - Portal Tela Portugal","og_description":"Sporting recebe o Tondela em Alvalade \u00e0s 20h15, em jogo da 26.\u00aa jornada da I Liga. Rui Borges continua com v\u00e1rias baixas por les\u00e3o e fez altera\u00e7\u00f5es na equipa, poupando Trinc\u00e3o e devolvendo Luis Su\u00e1rez ao ataque. Onze do Sporting: Rui Silva; Vagiannidis, Eduardo Quaresma, Debast e Maxi Ara\u00faji; Morita e Daniel Bragan\u00e7a; Geny Catamo, Pedro Gon\u00e7alves, Quenda e Luis Su\u00e1rez. Suplentes do Sporting: Jo\u00e3o Virg\u00ednia, Diomande, Blopa, Ricardo Mangas, Kochorashvili, Nuno Santos, Trinc\u00e3o, Lu\u00eds Guilherme e Rafael Nel. Onze do Tondela: Bernardo Fontes; Tiago Manso, Jo\u00e3o Silva, Christian Marques e Rodrigo Concei\u00e7\u00e3o; Juanse, Yaya Sithole e H\u00e9lder Tavares; Pedro Maranh\u00e3o, Ronny Lopes e Moudjatovic. Suplentes: Gabriel Sousa, Bebeto, Jo\u00e3o Afonso, Hodge, Kimpioka, Van der Heide, Hugo F\u00e9lix, Aiko e C\u00edcero.","og_url":"https:\/\/portaltela.pt\/noticias\/2026\/04\/29\/sporting-divulga-o-onze-para-o-jogo-com-o-tondela\/","og_site_name":"Portal Tela Portugal","article_published_time":"2026-04-29T18:18:15+00:00","author":"Telinha","twitter_card":"summary_large_image","twitter_misc":{"Escrito por":"Telinha","Tempo estimado de leitura":"1 minuto"},"schema":{"@context":"https:\/\/schema.org","@graph":[{"@type":"Article","@id":"https:\/\/portaltela.pt\/noticias\/2026\/04\/29\/sporting-divulga-o-onze-para-o-jogo-com-o-tondela\/#article","isPartOf":{"@id":"https:\/\/portaltela.pt\/noticias\/2026\/04\/29\/sporting-divulga-o-onze-para-o-jogo-com-o-tondela\/"},"author":{"name":"Telinha","@id":"https:\/\/portaltela.pt\/#\/schema\/person\/c4278d4a6028830caff9ee44b42d32ed"},"headline":"Sporting divulga o onze para o jogo com o Tondela","datePublished":"2026-04-29T18:18:15+00:00","mainEntityOfPage":{"@id":"https:\/\/portaltela.pt\/noticias\/2026\/04\/29\/sporting-divulga-o-onze-para-o-jogo-com-o-tondela\/"},"wordCount":205,"image":{"@id":"https:\/\/portaltela.pt\/noticias\/2026\/04\/29\/sporting-divulga-o-onze-para-o-jogo-com-o-tondela\/#primaryimage"},"thumbnailUrl":"https:\/\/portaltela.pt\/s.01k8rhncp4jt1\/2026\/04\/image-1671.jpg","keywords":["_1. Liga","_futebol","_les\u00f5es","jogo","Sporting","Tondela"],"articleSection":["Desporto","Futebol"],"inLanguage":"pt-PT"},{"@type":"WebPage","@id":"https:\/\/portaltela.pt\/noticias\/2026\/04\/29\/sporting-divulga-o-onze-para-o-jogo-com-o-tondela\/","url":"https:\/\/portaltela.pt\/noticias\/2026\/04\/29\/sporting-divulga-o-onze-para-o-jogo-com-o-tondela\/","name":"Sporting divulga o onze para o jogo com o Tondela - Portal Tela Portugal","isPartOf":{"@id":"https:\/\/portaltela.pt\/#website"},"primaryImageOfPage":{"@id":"https:\/\/portaltela.pt\/noticias\/2026\/04\/29\/sporting-divulga-o-onze-para-o-jogo-com-o-tondela\/#primaryimage"},"image":{"@id":"https:\/\/portaltela.pt\/noticias\/2026\/04\/29\/sporting-divulga-o-onze-para-o-jogo-com-o-tondela\/#primaryimage"},"thumbnailUrl":"https:\/\/portaltela.pt\/s.01k8rhncp4jt1\/2026\/04\/image-1671.jpg","datePublished":"2026-04-29T18:18:15+00:00","author":{"@id":"https:\/\/portaltela.pt\/#\/schema\/person\/c4278d4a6028830caff9ee44b42d32ed"},"breadcrumb":{"@id":"https:\/\/portaltela.pt\/noticias\/2026\/04\/29\/sporting-divulga-o-onze-para-o-jogo-com-o-tondela\/#breadcrumb"},"inLanguage":"pt-PT","potentialAction":[{"@type":"ReadAction","target":["https:\/\/portaltela.pt\/noticias\/2026\/04\/29\/sporting-divulga-o-onze-para-o-jogo-com-o-tondela\/"]}]},{"@type":"ImageObject","inLanguage":"pt-PT","@id":"https:\/\/portaltela.pt\/noticias\/2026\/04\/29\/sporting-divulga-o-onze-para-o-jogo-com-o-tondela\/#primaryimage","url":"https:\/\/portaltela.pt\/s.01k8rhncp4jt1\/2026\/04\/image-1671.jpg","contentUrl":"https:\/\/portaltela.pt\/s.01k8rhncp4jt1\/2026\/04\/image-1671.jpg","width":796,"height":448,"caption":"Sporting head coach Rui Borges (C) reacts during their Portuguese First League soccer match against AVS held at Clube Desportivo das Aves Stadium in Vila das Aves, Santo Tirso, Portugal, 26 April 2026. MANUEL FERNANDO ARA\u00daJO\/LUSA"},{"@type":"BreadcrumbList","@id":"https:\/\/portaltela.pt\/noticias\/2026\/04\/29\/sporting-divulga-o-onze-para-o-jogo-com-o-tondela\/#breadcrumb","itemListElement":[{"@type":"ListItem","position":1,"name":"In\u00edcio","item":"https:\/\/portaltela.pt\/"},{"@type":"ListItem","position":2,"name":"Sporting divulga o onze para o jogo com o Tondela"}]},{"@type":"WebSite","@id":"https:\/\/portaltela.pt\/#website","url":"https:\/\/portaltela.pt\/","name":"Portal Tela Portugal","description":"","potentialAction":[{"@type":"SearchAction","target":{"@type":"EntryPoint","urlTemplate":"https:\/\/portaltela.pt\/?s={search_term_string}"},"query-input":{"@type":"PropertyValueSpecification","valueRequired":true,"valueName":"search_term_string"}}],"inLanguage":"pt-PT"},{"@type":"Person","@id":"https:\/\/portaltela.pt\/#\/schema\/person\/c4278d4a6028830caff9ee44b42d32ed","name":"Telinha","image":{"@type":"ImageObject","inLanguage":"pt-PT","@id":"https:\/\/portaltela.pt\/s.01k8rhncp4jt1\/2025\/11\/talking-bot-125x125.png","url":"https:\/\/portaltela.pt\/s.01k8rhncp4jt1\/2025\/11\/talking-bot-125x125.png","contentUrl":"https:\/\/portaltela.pt\/s.01k8rhncp4jt1\/2025\/11\/talking-bot-125x125.png","caption":"Telinha"},"sameAs":["https:\/\/portaltela.pt\/"],"url":"https:\/\/portaltela.pt\/por\/367410592786\/"}]}},"_links":{"self":[{"href":"https:\/\/portaltela.pt\/api\/wp\/v2\/posts\/461370","targetHints":{"allow":["GET"]}}],"collection":[{"href":"https:\/\/portaltela.pt\/api\/wp\/v2\/posts"}],"about":[{"href":"https:\/\/portaltela.pt\/api\/wp\/v2\/types\/post"}],"author":[{"embeddable":true,"href":"https:\/\/portaltela.pt\/api\/wp\/v2\/users\/2"}],"replies":[{"embeddable":true,"href":"https:\/\/portaltela.pt\/api\/wp\/v2\/comments?post=461370"}],"version-history":[{"count":0,"href":"https:\/\/portaltela.pt\/api\/wp\/v2\/posts\/461370\/revisions"}],"wp:featuredmedia":[{"embeddable":true,"href":"https:\/\/portaltela.pt\/api\/wp\/v2\/media\/461375"}],"wp:attachment":[{"href":"https:\/\/portaltela.pt\/api\/wp\/v2\/media?parent=461370"}],"wp:term":[{"taxonomy":"category","embeddable":true,"href":"https:\/\/portaltela.pt\/api\/wp\/v2\/categories?post=461370"},{"taxonomy":"post_tag","embeddable":true,"href":"https:\/\/portaltela.pt\/api\/wp\/v2\/tags?post=461370"}],"curies":[{"name":"wp","href":"https:\/\/api.w.org\/{rel}","templated":true}]}}