{"id":461365,"date":"2026-04-29T15:04:12","date_gmt":"2026-04-29T18:04:12","guid":{"rendered":"https:\/\/portaltela.pt\/noticias\/2026\/04\/29\/tres-homens-roubam-e-agredem-dono-e-funcionario-de-restaurante-em-braga\/"},"modified":"2026-04-29T15:04:12","modified_gmt":"2026-04-29T18:04:12","slug":"tres-homens-roubam-e-agredem-dono-e-funcionario-de-restaurante-em-braga","status":"publish","type":"post","link":"https:\/\/portaltela.pt\/policia\/2026\/04\/29\/tres-homens-roubam-e-agredem-dono-e-funcionario-de-restaurante-em-braga\/","title":{"rendered":"Tr\u00eas homens roubam e agredem dono e funcion\u00e1rio de restaurante em Braga"},"content":{"rendered":"<p>Oito de manh\u00e3 n\u00e3o \u00e9 o hor\u00e1rio, mas a madrugada foi marcada por um assalto na Rua Engenheiro Afonso Jos\u00e9 Fonseca, em Braga. Tr\u00eas homens encapuzados roubaram o restaurante Tia Isabel e bateram no propriet\u00e1rio e num funcion\u00e1rio, levando uma soma consider\u00e1vel das receitas de v\u00e1rios dias. O Mercedes-Benz, alugado em Lisboa, foi usado na fuga.<\/p>\n<p>Pouco depois da meia-noite, o empres\u00e1rio e o trabalhador dirigiam-se a casa com uma mala contendo dinheiro e documentos. Ao entrarem nos apartamentos, depararam-se com a porta aberta. Encostaram-se \u00e0s escadas e foram atacados com uma faca, recebendo murros e sendo deitados ao ch\u00e3o. Ambos receberam assist\u00eancia no Hospital de Braga, com ferimentos ligeiros.<\/p>\n<p>Os assaltantes fugiram pela rua e, ao removerem as m\u00e1scaras, ficaram vis\u00edveis a uma testemunha que passava pelo local. A PSP de Braga foi acionada e j\u00e1 iniciou a investiga\u00e7\u00e3o. O restaurante Tia Isabel \u00e9 refer\u00eancia gastron\u00f3mica na cidade e integrou recentemente um espa\u00e7o de venda de comida para levar.<\/p>\n","protected":false},"excerpt":{"rendered":"<ul>\n<li>A PSP de Braga investiga um assalto ocorrido na madrugada de ter\u00e7a-feira na Rua Engenheiro Afonso Jos\u00e9 Fonseca, que vitimou o propriet\u00e1rio e um funcion\u00e1rio do restaurante Tia Isabel.<\/li>\n<li>Os tr\u00eas homens, encapuzados, abordaram o empres\u00e1rio e o trabalhador j\u00e1 dentro de casa, amea\u00e7aram com uma faca grande e agrediram ambos, que ficaram feridos e foram encaminhados ao Hospital de Braga com ferimentos ligeiros.<\/li>\n<li>Foi levada uma quantia avultada resultante das receitas de v\u00e1rios dias do estabelecimento.<\/li>\n<li>Os suspeitos fugiram num ve\u00edculo Mercedes-Benz alugado em Lisboa e abandonaram as m\u00e1scaras durante a fuga, o que permitiu a identifica\u00e7\u00e3o por uma testemunha.<\/li>\n<li>A PSP informou ter tomado conta da ocorr\u00eancia; o restaurante Tia Isabel \u00e9 uma refer\u00eancia em Braga e lan\u00e7ou recentemente um espa\u00e7o de venda de comida para fora.<\/li>\n<\/ul>\n","protected":false},"author":2,"featured_media":461367,"comment_status":"closed","ping_status":"closed","sticky":false,"template":"","format":"standard","meta":{"footnotes":""},"categories":[6907,6781],"tags":[7945,8784,7973,8239,8838,8066],"class_list":["post-461365","post","type-post","status-publish","format-standard","has-post-thumbnail","hentry","category-crime","category-policia","tag-_agressoes","tag-_assalto","tag-_braga","tag-_comercio","tag-_restauracao","tag-_roubo"],"yoast_head":"<!-- This site is optimized with the Yoast SEO plugin v27.2 - https:\/\/yoast.com\/product\/yoast-seo-wordpress\/ -->\n<title>Tr\u00eas homens roubam e agredem dono e funcion\u00e1rio de restaurante em Braga - Portal Tela Portugal<\/title>\n<meta name=\"robots\" content=\"index, follow, max-snippet:-1, max-image-preview:large, max-video-preview:-1\" \/>\n<meta property=\"og:locale\" content=\"pt_PT\" \/>\n<meta property=\"og:type\" content=\"article\" \/>\n<meta property=\"og:title\" content=\"Tr\u00eas homens roubam e agredem dono e funcion\u00e1rio de restaurante em Braga - Portal Tela Portugal\" \/>\n<meta property=\"og:description\" content=\"A PSP de Braga investiga um assalto ocorrido na madrugada de ter\u00e7a-feira na Rua Engenheiro Afonso Jos\u00e9 Fonseca, que vitimou o propriet\u00e1rio e um funcion\u00e1rio do restaurante Tia Isabel. Os tr\u00eas homens, encapuzados, abordaram o empres\u00e1rio e o trabalhador j\u00e1 dentro de casa, amea\u00e7aram com uma faca grande e agrediram ambos, que ficaram feridos e foram encaminhados ao Hospital de Braga com ferimentos ligeiros. Foi levada uma quantia avultada resultante das receitas de v\u00e1rios dias do estabelecimento. Os suspeitos fugiram num ve\u00edculo Mercedes-Benz alugado em Lisboa e abandonaram as m\u00e1scaras durante a fuga, o que permitiu a identifica\u00e7\u00e3o por uma testemunha. A PSP informou ter tomado conta da ocorr\u00eancia; o restaurante Tia Isabel \u00e9 uma refer\u00eancia em Braga e lan\u00e7ou recentemente um espa\u00e7o de venda de comida para fora.\" \/>\n<meta property=\"og:url\" content=\"https:\/\/portaltela.pt\/noticias\/2026\/04\/29\/tres-homens-roubam-e-agredem-dono-e-funcionario-de-restaurante-em-braga\/\" \/>\n<meta property=\"og:site_name\" content=\"Portal Tela Portugal\" \/>\n<meta property=\"article:published_time\" content=\"2026-04-29T18:04:12+00:00\" \/>\n<meta name=\"author\" content=\"Telinha\" \/>\n<meta name=\"twitter:card\" content=\"summary_large_image\" \/>\n<meta name=\"twitter:label1\" content=\"Escrito por\" \/>\n\t<meta name=\"twitter:data1\" content=\"Telinha\" \/>\n\t<meta name=\"twitter:label2\" content=\"Tempo estimado de leitura\" \/>\n\t<meta name=\"twitter:data2\" content=\"1 minuto\" \/>\n<script type=\"application\/ld+json\" class=\"yoast-schema-graph\">{\"@context\":\"https:\/\/schema.org\",\"@graph\":[{\"@type\":\"Article\",\"@id\":\"https:\/\/portaltela.pt\/noticias\/2026\/04\/29\/tres-homens-roubam-e-agredem-dono-e-funcionario-de-restaurante-em-braga\/#article\",\"isPartOf\":{\"@id\":\"https:\/\/portaltela.pt\/noticias\/2026\/04\/29\/tres-homens-roubam-e-agredem-dono-e-funcionario-de-restaurante-em-braga\/\"},\"author\":{\"name\":\"Telinha\",\"@id\":\"https:\/\/portaltela.pt\/#\/schema\/person\/c4278d4a6028830caff9ee44b42d32ed\"},\"headline\":\"Tr\u00eas homens roubam e agredem dono e funcion\u00e1rio de restaurante em Braga\",\"datePublished\":\"2026-04-29T18:04:12+00:00\",\"mainEntityOfPage\":{\"@id\":\"https:\/\/portaltela.pt\/noticias\/2026\/04\/29\/tres-homens-roubam-e-agredem-dono-e-funcionario-de-restaurante-em-braga\/\"},\"wordCount\":188,\"image\":{\"@id\":\"https:\/\/portaltela.pt\/noticias\/2026\/04\/29\/tres-homens-roubam-e-agredem-dono-e-funcionario-de-restaurante-em-braga\/#primaryimage\"},\"thumbnailUrl\":\"https:\/\/portaltela.pt\/s.01k8rhncp4jt1\/2026\/04\/image-1670.jpg\",\"keywords\":[\"_agress\u00f5es\",\"_assalto\",\"_Braga\",\"_com\u00e9rcio\",\"_restaura\u00e7\u00e3o\",\"_roubo\"],\"articleSection\":[\"Crime\",\"Pol\u00edcia\"],\"inLanguage\":\"pt-PT\"},{\"@type\":\"WebPage\",\"@id\":\"https:\/\/portaltela.pt\/noticias\/2026\/04\/29\/tres-homens-roubam-e-agredem-dono-e-funcionario-de-restaurante-em-braga\/\",\"url\":\"https:\/\/portaltela.pt\/noticias\/2026\/04\/29\/tres-homens-roubam-e-agredem-dono-e-funcionario-de-restaurante-em-braga\/\",\"name\":\"Tr\u00eas homens roubam e agredem dono e funcion\u00e1rio de restaurante em Braga - Portal Tela Portugal\",\"isPartOf\":{\"@id\":\"https:\/\/portaltela.pt\/#website\"},\"primaryImageOfPage\":{\"@id\":\"https:\/\/portaltela.pt\/noticias\/2026\/04\/29\/tres-homens-roubam-e-agredem-dono-e-funcionario-de-restaurante-em-braga\/#primaryimage\"},\"image\":{\"@id\":\"https:\/\/portaltela.pt\/noticias\/2026\/04\/29\/tres-homens-roubam-e-agredem-dono-e-funcionario-de-restaurante-em-braga\/#primaryimage\"},\"thumbnailUrl\":\"https:\/\/portaltela.pt\/s.01k8rhncp4jt1\/2026\/04\/image-1670.jpg\",\"datePublished\":\"2026-04-29T18:04:12+00:00\",\"author\":{\"@id\":\"https:\/\/portaltela.pt\/#\/schema\/person\/c4278d4a6028830caff9ee44b42d32ed\"},\"breadcrumb\":{\"@id\":\"https:\/\/portaltela.pt\/noticias\/2026\/04\/29\/tres-homens-roubam-e-agredem-dono-e-funcionario-de-restaurante-em-braga\/#breadcrumb\"},\"inLanguage\":\"pt-PT\",\"potentialAction\":[{\"@type\":\"ReadAction\",\"target\":[\"https:\/\/portaltela.pt\/noticias\/2026\/04\/29\/tres-homens-roubam-e-agredem-dono-e-funcionario-de-restaurante-em-braga\/\"]}]},{\"@type\":\"ImageObject\",\"inLanguage\":\"pt-PT\",\"@id\":\"https:\/\/portaltela.pt\/noticias\/2026\/04\/29\/tres-homens-roubam-e-agredem-dono-e-funcionario-de-restaurante-em-braga\/#primaryimage\",\"url\":\"https:\/\/portaltela.pt\/s.01k8rhncp4jt1\/2026\/04\/image-1670.jpg\",\"contentUrl\":\"https:\/\/portaltela.pt\/s.01k8rhncp4jt1\/2026\/04\/image-1670.jpg\",\"width\":796,\"height\":448,\"caption\":\"O restaurante Tia Isabel \u00e9 uma das refer\u00eancias gastron\u00f3micas de Braga e criou recentemente um novo espa\u00e7o de venda de comida para fora\"},{\"@type\":\"BreadcrumbList\",\"@id\":\"https:\/\/portaltela.pt\/noticias\/2026\/04\/29\/tres-homens-roubam-e-agredem-dono-e-funcionario-de-restaurante-em-braga\/#breadcrumb\",\"itemListElement\":[{\"@type\":\"ListItem\",\"position\":1,\"name\":\"In\u00edcio\",\"item\":\"https:\/\/portaltela.pt\/\"},{\"@type\":\"ListItem\",\"position\":2,\"name\":\"Tr\u00eas homens roubam e agredem dono e funcion\u00e1rio de restaurante em Braga\"}]},{\"@type\":\"WebSite\",\"@id\":\"https:\/\/portaltela.pt\/#website\",\"url\":\"https:\/\/portaltela.pt\/\",\"name\":\"Portal Tela Portugal\",\"description\":\"\",\"potentialAction\":[{\"@type\":\"SearchAction\",\"target\":{\"@type\":\"EntryPoint\",\"urlTemplate\":\"https:\/\/portaltela.pt\/?s={search_term_string}\"},\"query-input\":{\"@type\":\"PropertyValueSpecification\",\"valueRequired\":true,\"valueName\":\"search_term_string\"}}],\"inLanguage\":\"pt-PT\"},{\"@type\":\"Person\",\"@id\":\"https:\/\/portaltela.pt\/#\/schema\/person\/c4278d4a6028830caff9ee44b42d32ed\",\"name\":\"Telinha\",\"image\":{\"@type\":\"ImageObject\",\"inLanguage\":\"pt-PT\",\"@id\":\"https:\/\/portaltela.pt\/s.01k8rhncp4jt1\/2025\/11\/talking-bot-125x125.png\",\"url\":\"https:\/\/portaltela.pt\/s.01k8rhncp4jt1\/2025\/11\/talking-bot-125x125.png\",\"contentUrl\":\"https:\/\/portaltela.pt\/s.01k8rhncp4jt1\/2025\/11\/talking-bot-125x125.png\",\"caption\":\"Telinha\"},\"sameAs\":[\"https:\/\/portaltela.pt\/\"],\"url\":\"https:\/\/portaltela.pt\/por\/367410592786\/\"}]}<\/script>\n<!-- \/ Yoast SEO plugin. -->","yoast_head_json":{"title":"Tr\u00eas homens roubam e agredem dono e funcion\u00e1rio de restaurante em Braga - Portal Tela Portugal","robots":{"index":"index","follow":"follow","max-snippet":"max-snippet:-1","max-image-preview":"max-image-preview:large","max-video-preview":"max-video-preview:-1"},"og_locale":"pt_PT","og_type":"article","og_title":"Tr\u00eas homens roubam e agredem dono e funcion\u00e1rio de restaurante em Braga - Portal Tela Portugal","og_description":"A PSP de Braga investiga um assalto ocorrido na madrugada de ter\u00e7a-feira na Rua Engenheiro Afonso Jos\u00e9 Fonseca, que vitimou o propriet\u00e1rio e um funcion\u00e1rio do restaurante Tia Isabel. Os tr\u00eas homens, encapuzados, abordaram o empres\u00e1rio e o trabalhador j\u00e1 dentro de casa, amea\u00e7aram com uma faca grande e agrediram ambos, que ficaram feridos e foram encaminhados ao Hospital de Braga com ferimentos ligeiros. Foi levada uma quantia avultada resultante das receitas de v\u00e1rios dias do estabelecimento. Os suspeitos fugiram num ve\u00edculo Mercedes-Benz alugado em Lisboa e abandonaram as m\u00e1scaras durante a fuga, o que permitiu a identifica\u00e7\u00e3o por uma testemunha. A PSP informou ter tomado conta da ocorr\u00eancia; o restaurante Tia Isabel \u00e9 uma refer\u00eancia em Braga e lan\u00e7ou recentemente um espa\u00e7o de venda de comida para fora.","og_url":"https:\/\/portaltela.pt\/noticias\/2026\/04\/29\/tres-homens-roubam-e-agredem-dono-e-funcionario-de-restaurante-em-braga\/","og_site_name":"Portal Tela Portugal","article_published_time":"2026-04-29T18:04:12+00:00","author":"Telinha","twitter_card":"summary_large_image","twitter_misc":{"Escrito por":"Telinha","Tempo estimado de leitura":"1 minuto"},"schema":{"@context":"https:\/\/schema.org","@graph":[{"@type":"Article","@id":"https:\/\/portaltela.pt\/noticias\/2026\/04\/29\/tres-homens-roubam-e-agredem-dono-e-funcionario-de-restaurante-em-braga\/#article","isPartOf":{"@id":"https:\/\/portaltela.pt\/noticias\/2026\/04\/29\/tres-homens-roubam-e-agredem-dono-e-funcionario-de-restaurante-em-braga\/"},"author":{"name":"Telinha","@id":"https:\/\/portaltela.pt\/#\/schema\/person\/c4278d4a6028830caff9ee44b42d32ed"},"headline":"Tr\u00eas homens roubam e agredem dono e funcion\u00e1rio de restaurante em Braga","datePublished":"2026-04-29T18:04:12+00:00","mainEntityOfPage":{"@id":"https:\/\/portaltela.pt\/noticias\/2026\/04\/29\/tres-homens-roubam-e-agredem-dono-e-funcionario-de-restaurante-em-braga\/"},"wordCount":188,"image":{"@id":"https:\/\/portaltela.pt\/noticias\/2026\/04\/29\/tres-homens-roubam-e-agredem-dono-e-funcionario-de-restaurante-em-braga\/#primaryimage"},"thumbnailUrl":"https:\/\/portaltela.pt\/s.01k8rhncp4jt1\/2026\/04\/image-1670.jpg","keywords":["_agress\u00f5es","_assalto","_Braga","_com\u00e9rcio","_restaura\u00e7\u00e3o","_roubo"],"articleSection":["Crime","Pol\u00edcia"],"inLanguage":"pt-PT"},{"@type":"WebPage","@id":"https:\/\/portaltela.pt\/noticias\/2026\/04\/29\/tres-homens-roubam-e-agredem-dono-e-funcionario-de-restaurante-em-braga\/","url":"https:\/\/portaltela.pt\/noticias\/2026\/04\/29\/tres-homens-roubam-e-agredem-dono-e-funcionario-de-restaurante-em-braga\/","name":"Tr\u00eas homens roubam e agredem dono e funcion\u00e1rio de restaurante em Braga - Portal Tela Portugal","isPartOf":{"@id":"https:\/\/portaltela.pt\/#website"},"primaryImageOfPage":{"@id":"https:\/\/portaltela.pt\/noticias\/2026\/04\/29\/tres-homens-roubam-e-agredem-dono-e-funcionario-de-restaurante-em-braga\/#primaryimage"},"image":{"@id":"https:\/\/portaltela.pt\/noticias\/2026\/04\/29\/tres-homens-roubam-e-agredem-dono-e-funcionario-de-restaurante-em-braga\/#primaryimage"},"thumbnailUrl":"https:\/\/portaltela.pt\/s.01k8rhncp4jt1\/2026\/04\/image-1670.jpg","datePublished":"2026-04-29T18:04:12+00:00","author":{"@id":"https:\/\/portaltela.pt\/#\/schema\/person\/c4278d4a6028830caff9ee44b42d32ed"},"breadcrumb":{"@id":"https:\/\/portaltela.pt\/noticias\/2026\/04\/29\/tres-homens-roubam-e-agredem-dono-e-funcionario-de-restaurante-em-braga\/#breadcrumb"},"inLanguage":"pt-PT","potentialAction":[{"@type":"ReadAction","target":["https:\/\/portaltela.pt\/noticias\/2026\/04\/29\/tres-homens-roubam-e-agredem-dono-e-funcionario-de-restaurante-em-braga\/"]}]},{"@type":"ImageObject","inLanguage":"pt-PT","@id":"https:\/\/portaltela.pt\/noticias\/2026\/04\/29\/tres-homens-roubam-e-agredem-dono-e-funcionario-de-restaurante-em-braga\/#primaryimage","url":"https:\/\/portaltela.pt\/s.01k8rhncp4jt1\/2026\/04\/image-1670.jpg","contentUrl":"https:\/\/portaltela.pt\/s.01k8rhncp4jt1\/2026\/04\/image-1670.jpg","width":796,"height":448,"caption":"O restaurante Tia Isabel \u00e9 uma das refer\u00eancias gastron\u00f3micas de Braga e criou recentemente um novo espa\u00e7o de venda de comida para fora"},{"@type":"BreadcrumbList","@id":"https:\/\/portaltela.pt\/noticias\/2026\/04\/29\/tres-homens-roubam-e-agredem-dono-e-funcionario-de-restaurante-em-braga\/#breadcrumb","itemListElement":[{"@type":"ListItem","position":1,"name":"In\u00edcio","item":"https:\/\/portaltela.pt\/"},{"@type":"ListItem","position":2,"name":"Tr\u00eas homens roubam e agredem dono e funcion\u00e1rio de restaurante em Braga"}]},{"@type":"WebSite","@id":"https:\/\/portaltela.pt\/#website","url":"https:\/\/portaltela.pt\/","name":"Portal Tela Portugal","description":"","potentialAction":[{"@type":"SearchAction","target":{"@type":"EntryPoint","urlTemplate":"https:\/\/portaltela.pt\/?s={search_term_string}"},"query-input":{"@type":"PropertyValueSpecification","valueRequired":true,"valueName":"search_term_string"}}],"inLanguage":"pt-PT"},{"@type":"Person","@id":"https:\/\/portaltela.pt\/#\/schema\/person\/c4278d4a6028830caff9ee44b42d32ed","name":"Telinha","image":{"@type":"ImageObject","inLanguage":"pt-PT","@id":"https:\/\/portaltela.pt\/s.01k8rhncp4jt1\/2025\/11\/talking-bot-125x125.png","url":"https:\/\/portaltela.pt\/s.01k8rhncp4jt1\/2025\/11\/talking-bot-125x125.png","contentUrl":"https:\/\/portaltela.pt\/s.01k8rhncp4jt1\/2025\/11\/talking-bot-125x125.png","caption":"Telinha"},"sameAs":["https:\/\/portaltela.pt\/"],"url":"https:\/\/portaltela.pt\/por\/367410592786\/"}]}},"_links":{"self":[{"href":"https:\/\/portaltela.pt\/api\/wp\/v2\/posts\/461365","targetHints":{"allow":["GET"]}}],"collection":[{"href":"https:\/\/portaltela.pt\/api\/wp\/v2\/posts"}],"about":[{"href":"https:\/\/portaltela.pt\/api\/wp\/v2\/types\/post"}],"author":[{"embeddable":true,"href":"https:\/\/portaltela.pt\/api\/wp\/v2\/users\/2"}],"replies":[{"embeddable":true,"href":"https:\/\/portaltela.pt\/api\/wp\/v2\/comments?post=461365"}],"version-history":[{"count":0,"href":"https:\/\/portaltela.pt\/api\/wp\/v2\/posts\/461365\/revisions"}],"wp:featuredmedia":[{"embeddable":true,"href":"https:\/\/portaltela.pt\/api\/wp\/v2\/media\/461367"}],"wp:attachment":[{"href":"https:\/\/portaltela.pt\/api\/wp\/v2\/media?parent=461365"}],"wp:term":[{"taxonomy":"category","embeddable":true,"href":"https:\/\/portaltela.pt\/api\/wp\/v2\/categories?post=461365"},{"taxonomy":"post_tag","embeddable":true,"href":"https:\/\/portaltela.pt\/api\/wp\/v2\/tags?post=461365"}],"curies":[{"name":"wp","href":"https:\/\/api.w.org\/{rel}","templated":true}]}}