{"id":461363,"date":"2026-04-29T15:04:08","date_gmt":"2026-04-29T18:04:08","guid":{"rendered":"https:\/\/portaltela.pt\/noticias\/2026\/04\/29\/alvaro-santos-pereira-vende-acoes-adquiridas-em-janeiro\/"},"modified":"2026-04-29T15:04:08","modified_gmt":"2026-04-29T18:04:08","slug":"alvaro-santos-pereira-vende-acoes-adquiridas-em-janeiro","status":"publish","type":"post","link":"https:\/\/portaltela.pt\/noticias\/economia\/2026\/04\/29\/alvaro-santos-pereira-vende-acoes-adquiridas-em-janeiro\/","title":{"rendered":"\u00c1lvaro Santos Pereira vende a\u00e7\u00f5es adquiridas em janeiro"},"content":{"rendered":"<p>O Banco de Portugal revelou que o governador \u00c1lvaro Santos Pereira teve de desfazer a maioria das a\u00e7\u00f5es que comprou em dezembro de 2025, e tamb\u00e9m vendeu ativos adquiridos em janeiro de 2026. O registo pertence \u00e0 comunica\u00e7\u00e3o de interesses ao BCE e \u00e0 Entidade para a Transpar\u00eancia.<\/p>\n<p>Segundo o banco central, em janeiro de 2026 o governador comprou a\u00e7\u00f5es da Nestl\u00e9 e da The Navigator Company, e refor\u00e7ou posi\u00e7\u00f5es na Galp Energia e na Jer\u00f3nimo Martins. As opera\u00e7\u00f5es ficaram refletidas na comunica\u00e7\u00e3o para o BCE.<\/p>\n<p>A comunica\u00e7\u00e3o indica ainda que as transa\u00e7\u00f5es com ativos n\u00e3o sujeitas \u00e0 supervis\u00e3o do Banco de Portugal foram comunicadas atempadamente ao BCE, no \u00e2mbito do exerc\u00edcio anual de declara\u00e7\u00e3o de interesses de 2026.<\/p>\n<p>O jornal P\u00fablico havia noticiado, na semana passada, que Santos Pereira adquirir a\u00e7\u00f5es da Galp e da Jer\u00f3nimo Martins em dezembro de 2025, dois meses ap\u00f3s tomar posse, e que estas teriam ficado registadas em janeiro.<\/p>\n<p>Ap\u00f3s a an\u00e1lise do BCE, o governador teve de reverter as transa\u00e7\u00f5es, segundo o Banco de Portugal. O processo de regulariza\u00e7\u00e3o foi definido pela institui\u00e7\u00e3o financeira europeia.<\/p>\n<p>O banco central acrescenta que Santos Pereira decidiu doar as mais-valias geradas com a venda das a\u00e7\u00f5es para uma institui\u00e7\u00e3o de responsabilidade social, como parte da regulariza\u00e7\u00e3o.<\/p>\n<p>N\u00e3o foram tornados p\u00fablicos os valores envolvidos nas aquisi\u00e7\u00f5es nem os montantes obtidos com as vendas. As informa\u00e7\u00f5es sobre o patrim\u00f3nio s\u00e3o apresentadas pela Entidade para a Transpar\u00eancia.<\/p>\n","protected":false},"excerpt":{"rendered":"<ul>\n<li>O governador do Banco de Portugal, \u00c1lvaro Santos Pereira, teve de alienar a\u00e7\u00f5es de empresas cotadas que comprou em janeiro de 2026, para al\u00e9m das que adquiriu em dezembro de 2025.<\/li>\n<li>Em janeiro de 2026, as a\u00e7\u00f5es compradas inclu\u00edram Nestl\u00e9 e The Navigator Company, SA, com refor\u00e7os em Galp Energia SGPS, SA e Jer\u00f3nimo Martins SGPS, SA.<\/li>\n<li>O BCE informou que, ap\u00f3s a an\u00e1lise, as aquisi\u00e7\u00f5es n\u00e3o podiam manter-se, tendo-se feito a regulariza\u00e7\u00e3o com a aliena\u00e7\u00e3o at\u00e9 ao final de junho de 2026.<\/li>\n<li>O governador comunicou atempadamente estas opera\u00e7\u00f5es ao BCE e tamb\u00e9m prestou informa\u00e7\u00f5es sobre o seu patrim\u00f3nio \u00e0 Entidade para a Transpar\u00eancia a 15 de janeiro de 2026.<\/li>\n<li>A doa\u00e7\u00e3o das mais-valias resultantes da venda foi feita a uma institui\u00e7\u00e3o de responsabilidade social; o Banco de Portugal n\u00e3o revelou os valores envolvidos.<\/li>\n<\/ul>\n","protected":false},"author":2,"featured_media":461368,"comment_status":"closed","ping_status":"closed","sticky":false,"template":"","format":"standard","meta":{"footnotes":""},"categories":[2,6735],"tags":[3177,733,5334,34,2832,332],"class_list":["post-461363","post","type-post","status-publish","format-standard","has-post-thumbnail","hentry","category-economia","category-negocios","tag-autoridade-publica","tag-financas-publicas","tag-gestao-publica","tag-governo","tag-politica","tag-transparencia"],"yoast_head":"<!-- This site is optimized with the Yoast SEO plugin v27.2 - https:\/\/yoast.com\/product\/yoast-seo-wordpress\/ -->\n<title>\u00c1lvaro Santos Pereira vende a\u00e7\u00f5es adquiridas em janeiro - Portal Tela Portugal<\/title>\n<meta name=\"robots\" content=\"index, follow, max-snippet:-1, max-image-preview:large, max-video-preview:-1\" \/>\n<meta property=\"og:locale\" content=\"pt_PT\" \/>\n<meta property=\"og:type\" content=\"article\" \/>\n<meta property=\"og:title\" content=\"\u00c1lvaro Santos Pereira vende a\u00e7\u00f5es adquiridas em janeiro - Portal Tela Portugal\" \/>\n<meta property=\"og:description\" content=\"O governador do Banco de Portugal, \u00c1lvaro Santos Pereira, teve de alienar a\u00e7\u00f5es de empresas cotadas que comprou em janeiro de 2026, para al\u00e9m das que adquiriu em dezembro de 2025. Em janeiro de 2026, as a\u00e7\u00f5es compradas inclu\u00edram Nestl\u00e9 e The Navigator Company, SA, com refor\u00e7os em Galp Energia SGPS, SA e Jer\u00f3nimo Martins SGPS, SA. O BCE informou que, ap\u00f3s a an\u00e1lise, as aquisi\u00e7\u00f5es n\u00e3o podiam manter-se, tendo-se feito a regulariza\u00e7\u00e3o com a aliena\u00e7\u00e3o at\u00e9 ao final de junho de 2026. O governador comunicou atempadamente estas opera\u00e7\u00f5es ao BCE e tamb\u00e9m prestou informa\u00e7\u00f5es sobre o seu patrim\u00f3nio \u00e0 Entidade para a Transpar\u00eancia a 15 de janeiro de 2026. A doa\u00e7\u00e3o das mais-valias resultantes da venda foi feita a uma institui\u00e7\u00e3o de responsabilidade social; o Banco de Portugal n\u00e3o revelou os valores envolvidos.\" \/>\n<meta property=\"og:url\" content=\"https:\/\/portaltela.pt\/noticias\/2026\/04\/29\/alvaro-santos-pereira-vende-acoes-adquiridas-em-janeiro\/\" \/>\n<meta property=\"og:site_name\" content=\"Portal Tela Portugal\" \/>\n<meta property=\"article:published_time\" content=\"2026-04-29T18:04:08+00:00\" \/>\n<meta name=\"author\" content=\"Telinha\" \/>\n<meta name=\"twitter:card\" content=\"summary_large_image\" \/>\n<meta name=\"twitter:label1\" content=\"Escrito por\" \/>\n\t<meta name=\"twitter:data1\" content=\"Telinha\" \/>\n\t<meta name=\"twitter:label2\" content=\"Tempo estimado de leitura\" \/>\n\t<meta name=\"twitter:data2\" content=\"1 minuto\" \/>\n<script type=\"application\/ld+json\" class=\"yoast-schema-graph\">{\"@context\":\"https:\/\/schema.org\",\"@graph\":[{\"@type\":\"Article\",\"@id\":\"https:\/\/portaltela.pt\/noticias\/2026\/04\/29\/alvaro-santos-pereira-vende-acoes-adquiridas-em-janeiro\/#article\",\"isPartOf\":{\"@id\":\"https:\/\/portaltela.pt\/noticias\/2026\/04\/29\/alvaro-santos-pereira-vende-acoes-adquiridas-em-janeiro\/\"},\"author\":{\"name\":\"Telinha\",\"@id\":\"https:\/\/portaltela.pt\/#\/schema\/person\/c4278d4a6028830caff9ee44b42d32ed\"},\"headline\":\"\u00c1lvaro Santos Pereira vende a\u00e7\u00f5es adquiridas em janeiro\",\"datePublished\":\"2026-04-29T18:04:08+00:00\",\"mainEntityOfPage\":{\"@id\":\"https:\/\/portaltela.pt\/noticias\/2026\/04\/29\/alvaro-santos-pereira-vende-acoes-adquiridas-em-janeiro\/\"},\"wordCount\":273,\"image\":{\"@id\":\"https:\/\/portaltela.pt\/noticias\/2026\/04\/29\/alvaro-santos-pereira-vende-acoes-adquiridas-em-janeiro\/#primaryimage\"},\"thumbnailUrl\":\"https:\/\/portaltela.pt\/s.01k8rhncp4jt1\/2026\/04\/image-1670.jpg\",\"keywords\":[\"autoridade p\u00fablica\",\"finan\u00e7as p\u00fablicas\",\"gest\u00e3o p\u00fablica\",\"governo\",\"pol\u00edtica\",\"transpar\u00eancia\"],\"articleSection\":[\"Economia\",\"Neg\u00f3cios\"],\"inLanguage\":\"pt-PT\"},{\"@type\":\"WebPage\",\"@id\":\"https:\/\/portaltela.pt\/noticias\/2026\/04\/29\/alvaro-santos-pereira-vende-acoes-adquiridas-em-janeiro\/\",\"url\":\"https:\/\/portaltela.pt\/noticias\/2026\/04\/29\/alvaro-santos-pereira-vende-acoes-adquiridas-em-janeiro\/\",\"name\":\"\u00c1lvaro Santos Pereira vende a\u00e7\u00f5es adquiridas em janeiro - Portal Tela Portugal\",\"isPartOf\":{\"@id\":\"https:\/\/portaltela.pt\/#website\"},\"primaryImageOfPage\":{\"@id\":\"https:\/\/portaltela.pt\/noticias\/2026\/04\/29\/alvaro-santos-pereira-vende-acoes-adquiridas-em-janeiro\/#primaryimage\"},\"image\":{\"@id\":\"https:\/\/portaltela.pt\/noticias\/2026\/04\/29\/alvaro-santos-pereira-vende-acoes-adquiridas-em-janeiro\/#primaryimage\"},\"thumbnailUrl\":\"https:\/\/portaltela.pt\/s.01k8rhncp4jt1\/2026\/04\/image-1670.jpg\",\"datePublished\":\"2026-04-29T18:04:08+00:00\",\"author\":{\"@id\":\"https:\/\/portaltela.pt\/#\/schema\/person\/c4278d4a6028830caff9ee44b42d32ed\"},\"breadcrumb\":{\"@id\":\"https:\/\/portaltela.pt\/noticias\/2026\/04\/29\/alvaro-santos-pereira-vende-acoes-adquiridas-em-janeiro\/#breadcrumb\"},\"inLanguage\":\"pt-PT\",\"potentialAction\":[{\"@type\":\"ReadAction\",\"target\":[\"https:\/\/portaltela.pt\/noticias\/2026\/04\/29\/alvaro-santos-pereira-vende-acoes-adquiridas-em-janeiro\/\"]}]},{\"@type\":\"ImageObject\",\"inLanguage\":\"pt-PT\",\"@id\":\"https:\/\/portaltela.pt\/noticias\/2026\/04\/29\/alvaro-santos-pereira-vende-acoes-adquiridas-em-janeiro\/#primaryimage\",\"url\":\"https:\/\/portaltela.pt\/s.01k8rhncp4jt1\/2026\/04\/image-1670.jpg\",\"contentUrl\":\"https:\/\/portaltela.pt\/s.01k8rhncp4jt1\/2026\/04\/image-1670.jpg\",\"width\":796,\"height\":448,\"caption\":\"Ap\u00f3s a an\u00e1lise do BCE, o governador teve de reverter as transa\u00e7\u00f5es\"},{\"@type\":\"BreadcrumbList\",\"@id\":\"https:\/\/portaltela.pt\/noticias\/2026\/04\/29\/alvaro-santos-pereira-vende-acoes-adquiridas-em-janeiro\/#breadcrumb\",\"itemListElement\":[{\"@type\":\"ListItem\",\"position\":1,\"name\":\"In\u00edcio\",\"item\":\"https:\/\/portaltela.pt\/\"},{\"@type\":\"ListItem\",\"position\":2,\"name\":\"\u00c1lvaro Santos Pereira vende a\u00e7\u00f5es adquiridas em janeiro\"}]},{\"@type\":\"WebSite\",\"@id\":\"https:\/\/portaltela.pt\/#website\",\"url\":\"https:\/\/portaltela.pt\/\",\"name\":\"Portal Tela Portugal\",\"description\":\"\",\"potentialAction\":[{\"@type\":\"SearchAction\",\"target\":{\"@type\":\"EntryPoint\",\"urlTemplate\":\"https:\/\/portaltela.pt\/?s={search_term_string}\"},\"query-input\":{\"@type\":\"PropertyValueSpecification\",\"valueRequired\":true,\"valueName\":\"search_term_string\"}}],\"inLanguage\":\"pt-PT\"},{\"@type\":\"Person\",\"@id\":\"https:\/\/portaltela.pt\/#\/schema\/person\/c4278d4a6028830caff9ee44b42d32ed\",\"name\":\"Telinha\",\"image\":{\"@type\":\"ImageObject\",\"inLanguage\":\"pt-PT\",\"@id\":\"https:\/\/portaltela.pt\/s.01k8rhncp4jt1\/2025\/11\/talking-bot-125x125.png\",\"url\":\"https:\/\/portaltela.pt\/s.01k8rhncp4jt1\/2025\/11\/talking-bot-125x125.png\",\"contentUrl\":\"https:\/\/portaltela.pt\/s.01k8rhncp4jt1\/2025\/11\/talking-bot-125x125.png\",\"caption\":\"Telinha\"},\"sameAs\":[\"https:\/\/portaltela.pt\/\"],\"url\":\"https:\/\/portaltela.pt\/por\/367410592786\/\"}]}<\/script>\n<!-- \/ Yoast SEO plugin. -->","yoast_head_json":{"title":"\u00c1lvaro Santos Pereira vende a\u00e7\u00f5es adquiridas em janeiro - Portal Tela Portugal","robots":{"index":"index","follow":"follow","max-snippet":"max-snippet:-1","max-image-preview":"max-image-preview:large","max-video-preview":"max-video-preview:-1"},"og_locale":"pt_PT","og_type":"article","og_title":"\u00c1lvaro Santos Pereira vende a\u00e7\u00f5es adquiridas em janeiro - Portal Tela Portugal","og_description":"O governador do Banco de Portugal, \u00c1lvaro Santos Pereira, teve de alienar a\u00e7\u00f5es de empresas cotadas que comprou em janeiro de 2026, para al\u00e9m das que adquiriu em dezembro de 2025. Em janeiro de 2026, as a\u00e7\u00f5es compradas inclu\u00edram Nestl\u00e9 e The Navigator Company, SA, com refor\u00e7os em Galp Energia SGPS, SA e Jer\u00f3nimo Martins SGPS, SA. O BCE informou que, ap\u00f3s a an\u00e1lise, as aquisi\u00e7\u00f5es n\u00e3o podiam manter-se, tendo-se feito a regulariza\u00e7\u00e3o com a aliena\u00e7\u00e3o at\u00e9 ao final de junho de 2026. O governador comunicou atempadamente estas opera\u00e7\u00f5es ao BCE e tamb\u00e9m prestou informa\u00e7\u00f5es sobre o seu patrim\u00f3nio \u00e0 Entidade para a Transpar\u00eancia a 15 de janeiro de 2026. A doa\u00e7\u00e3o das mais-valias resultantes da venda foi feita a uma institui\u00e7\u00e3o de responsabilidade social; o Banco de Portugal n\u00e3o revelou os valores envolvidos.","og_url":"https:\/\/portaltela.pt\/noticias\/2026\/04\/29\/alvaro-santos-pereira-vende-acoes-adquiridas-em-janeiro\/","og_site_name":"Portal Tela Portugal","article_published_time":"2026-04-29T18:04:08+00:00","author":"Telinha","twitter_card":"summary_large_image","twitter_misc":{"Escrito por":"Telinha","Tempo estimado de leitura":"1 minuto"},"schema":{"@context":"https:\/\/schema.org","@graph":[{"@type":"Article","@id":"https:\/\/portaltela.pt\/noticias\/2026\/04\/29\/alvaro-santos-pereira-vende-acoes-adquiridas-em-janeiro\/#article","isPartOf":{"@id":"https:\/\/portaltela.pt\/noticias\/2026\/04\/29\/alvaro-santos-pereira-vende-acoes-adquiridas-em-janeiro\/"},"author":{"name":"Telinha","@id":"https:\/\/portaltela.pt\/#\/schema\/person\/c4278d4a6028830caff9ee44b42d32ed"},"headline":"\u00c1lvaro Santos Pereira vende a\u00e7\u00f5es adquiridas em janeiro","datePublished":"2026-04-29T18:04:08+00:00","mainEntityOfPage":{"@id":"https:\/\/portaltela.pt\/noticias\/2026\/04\/29\/alvaro-santos-pereira-vende-acoes-adquiridas-em-janeiro\/"},"wordCount":273,"image":{"@id":"https:\/\/portaltela.pt\/noticias\/2026\/04\/29\/alvaro-santos-pereira-vende-acoes-adquiridas-em-janeiro\/#primaryimage"},"thumbnailUrl":"https:\/\/portaltela.pt\/s.01k8rhncp4jt1\/2026\/04\/image-1670.jpg","keywords":["autoridade p\u00fablica","finan\u00e7as p\u00fablicas","gest\u00e3o p\u00fablica","governo","pol\u00edtica","transpar\u00eancia"],"articleSection":["Economia","Neg\u00f3cios"],"inLanguage":"pt-PT"},{"@type":"WebPage","@id":"https:\/\/portaltela.pt\/noticias\/2026\/04\/29\/alvaro-santos-pereira-vende-acoes-adquiridas-em-janeiro\/","url":"https:\/\/portaltela.pt\/noticias\/2026\/04\/29\/alvaro-santos-pereira-vende-acoes-adquiridas-em-janeiro\/","name":"\u00c1lvaro Santos Pereira vende a\u00e7\u00f5es adquiridas em janeiro - Portal Tela Portugal","isPartOf":{"@id":"https:\/\/portaltela.pt\/#website"},"primaryImageOfPage":{"@id":"https:\/\/portaltela.pt\/noticias\/2026\/04\/29\/alvaro-santos-pereira-vende-acoes-adquiridas-em-janeiro\/#primaryimage"},"image":{"@id":"https:\/\/portaltela.pt\/noticias\/2026\/04\/29\/alvaro-santos-pereira-vende-acoes-adquiridas-em-janeiro\/#primaryimage"},"thumbnailUrl":"https:\/\/portaltela.pt\/s.01k8rhncp4jt1\/2026\/04\/image-1670.jpg","datePublished":"2026-04-29T18:04:08+00:00","author":{"@id":"https:\/\/portaltela.pt\/#\/schema\/person\/c4278d4a6028830caff9ee44b42d32ed"},"breadcrumb":{"@id":"https:\/\/portaltela.pt\/noticias\/2026\/04\/29\/alvaro-santos-pereira-vende-acoes-adquiridas-em-janeiro\/#breadcrumb"},"inLanguage":"pt-PT","potentialAction":[{"@type":"ReadAction","target":["https:\/\/portaltela.pt\/noticias\/2026\/04\/29\/alvaro-santos-pereira-vende-acoes-adquiridas-em-janeiro\/"]}]},{"@type":"ImageObject","inLanguage":"pt-PT","@id":"https:\/\/portaltela.pt\/noticias\/2026\/04\/29\/alvaro-santos-pereira-vende-acoes-adquiridas-em-janeiro\/#primaryimage","url":"https:\/\/portaltela.pt\/s.01k8rhncp4jt1\/2026\/04\/image-1670.jpg","contentUrl":"https:\/\/portaltela.pt\/s.01k8rhncp4jt1\/2026\/04\/image-1670.jpg","width":796,"height":448,"caption":"Ap\u00f3s a an\u00e1lise do BCE, o governador teve de reverter as transa\u00e7\u00f5es"},{"@type":"BreadcrumbList","@id":"https:\/\/portaltela.pt\/noticias\/2026\/04\/29\/alvaro-santos-pereira-vende-acoes-adquiridas-em-janeiro\/#breadcrumb","itemListElement":[{"@type":"ListItem","position":1,"name":"In\u00edcio","item":"https:\/\/portaltela.pt\/"},{"@type":"ListItem","position":2,"name":"\u00c1lvaro Santos Pereira vende a\u00e7\u00f5es adquiridas em janeiro"}]},{"@type":"WebSite","@id":"https:\/\/portaltela.pt\/#website","url":"https:\/\/portaltela.pt\/","name":"Portal Tela Portugal","description":"","potentialAction":[{"@type":"SearchAction","target":{"@type":"EntryPoint","urlTemplate":"https:\/\/portaltela.pt\/?s={search_term_string}"},"query-input":{"@type":"PropertyValueSpecification","valueRequired":true,"valueName":"search_term_string"}}],"inLanguage":"pt-PT"},{"@type":"Person","@id":"https:\/\/portaltela.pt\/#\/schema\/person\/c4278d4a6028830caff9ee44b42d32ed","name":"Telinha","image":{"@type":"ImageObject","inLanguage":"pt-PT","@id":"https:\/\/portaltela.pt\/s.01k8rhncp4jt1\/2025\/11\/talking-bot-125x125.png","url":"https:\/\/portaltela.pt\/s.01k8rhncp4jt1\/2025\/11\/talking-bot-125x125.png","contentUrl":"https:\/\/portaltela.pt\/s.01k8rhncp4jt1\/2025\/11\/talking-bot-125x125.png","caption":"Telinha"},"sameAs":["https:\/\/portaltela.pt\/"],"url":"https:\/\/portaltela.pt\/por\/367410592786\/"}]}},"_links":{"self":[{"href":"https:\/\/portaltela.pt\/api\/wp\/v2\/posts\/461363","targetHints":{"allow":["GET"]}}],"collection":[{"href":"https:\/\/portaltela.pt\/api\/wp\/v2\/posts"}],"about":[{"href":"https:\/\/portaltela.pt\/api\/wp\/v2\/types\/post"}],"author":[{"embeddable":true,"href":"https:\/\/portaltela.pt\/api\/wp\/v2\/users\/2"}],"replies":[{"embeddable":true,"href":"https:\/\/portaltela.pt\/api\/wp\/v2\/comments?post=461363"}],"version-history":[{"count":0,"href":"https:\/\/portaltela.pt\/api\/wp\/v2\/posts\/461363\/revisions"}],"wp:featuredmedia":[{"embeddable":true,"href":"https:\/\/portaltela.pt\/api\/wp\/v2\/media\/461368"}],"wp:attachment":[{"href":"https:\/\/portaltela.pt\/api\/wp\/v2\/media?parent=461363"}],"wp:term":[{"taxonomy":"category","embeddable":true,"href":"https:\/\/portaltela.pt\/api\/wp\/v2\/categories?post=461363"},{"taxonomy":"post_tag","embeddable":true,"href":"https:\/\/portaltela.pt\/api\/wp\/v2\/tags?post=461363"}],"curies":[{"name":"wp","href":"https:\/\/api.w.org\/{rel}","templated":true}]}}