{"id":461362,"date":"2026-04-29T15:04:03","date_gmt":"2026-04-29T18:04:03","guid":{"rendered":"https:\/\/portaltela.pt\/noticias\/2026\/04\/29\/montenegro-atrai-empresas-da-diaspora-com-custos-de-energia-mais-baixos\/"},"modified":"2026-04-29T15:04:03","modified_gmt":"2026-04-29T18:04:03","slug":"montenegro-atrai-empresas-da-diaspora-com-custos-de-energia-mais-baixos","status":"publish","type":"post","link":"https:\/\/portaltela.pt\/noticias\/economia\/2026\/04\/29\/montenegro-atrai-empresas-da-diaspora-com-custos-de-energia-mais-baixos\/","title":{"rendered":"Montenegro atrai empresas da di\u00e1spora com custos de energia mais baixos"},"content":{"rendered":"<p>Portugal \u00e9 apresentado como um pa\u00eds energeticamente competitivo, com custos entre os mais baixos da Europa, disse o primeiro-ministro Lu\u00eds Montenegro. A afirma\u00e7\u00e3o foi feita na abertura do f\u00f3rum Portugal Na\u00e7\u00e3o Global, no Centro Cultural de Bel\u00e9m, em Lisboa.<\/p>\n<p>Montenegro sublinhou que a atratividade do territ\u00f3rio, incluindo o Interior, depende mais da coopera\u00e7\u00e3o entre regi\u00f5es do que da localiza\u00e7\u00e3o geogr\u00e1fica. O objetivo do evento \u00e9 sensibilizar a di\u00e1spora portuguesa para investir no pa\u00eds.<\/p>\n<p>O chefe do Governo vincou que a autonomia energ\u00e9tica \u00e9 um vector de soberania nacional e crucial para atrair investimento. Disse ainda que, no passado, o pre\u00e7o da energia prejudicava a competitividade e que reduzir essa depend\u00eancia \u00e9 ben\u00e9fico para o pa\u00eds.<\/p>\n<p>O f\u00f3rum, que re\u00fane empres\u00e1rios, tecn\u00f3logos e membros da comunidade luso-diasp\u00f3rica, pretende promover oportunidades de investimento e parcerias estrat\u00e9gicas em Portugal. A iniciativa acontece num momento de estreitamento de la\u00e7os com comunidades portuguesas no estrangeiro.<\/p>\n","protected":false},"excerpt":{"rendered":"<ul>\n<li>O primeiro-ministro, Lu\u00eds Montenegro, afirmou que Portugal \u00e9 energeticamente \u201caltamente competitivo\u201d, com um dos \u201ccustos mais baixos\u201d da Europa.<\/li>\n<li>Montenegro refor\u00e7ou a necessidade de valorizar todo o territ\u00f3rio, incluindo o Interior, cuja atratividade depende mais da coopera\u00e7\u00e3o do que da localiza\u00e7\u00e3o.<\/li>\n<li>A declara\u00e7\u00e3o ocorreu na abertura do f\u00f3rum \u201cPortugal Na\u00e7\u00e3o Global\u201d, no Centro Cultural de Bel\u00e9m, em Lisboa, destinado a atrair investimento da di\u00e1spora portuguesa.<\/li>\n<li>O chefe do Executivo destacou a autonomia energ\u00e9tica como fator de soberania e essencial para a atra\u00e7\u00e3o de investimento, sublinhando que menos depend\u00eancia face ao pre\u00e7o da energia melhora a competitividade.<\/li>\n<\/ul>\n","protected":false},"author":2,"featured_media":461366,"comment_status":"closed","ping_status":"closed","sticky":false,"template":"","format":"standard","meta":{"footnotes":""},"categories":[2,6735],"tags":[8380,7991,7775,8865,8114,8517],"class_list":["post-461362","post","type-post","status-publish","format-standard","has-post-thumbnail","hentry","category-economia","category-negocios","tag-_comunidades-portuguesas","tag-_cooperacao-internacional","tag-_energia","tag-_interior-centro","tag-_investimento","tag-_soberania-energetica"],"yoast_head":"<!-- This site is optimized with the Yoast SEO plugin v27.2 - https:\/\/yoast.com\/product\/yoast-seo-wordpress\/ -->\n<title>Montenegro atrai empresas da di\u00e1spora com custos de energia mais baixos - Portal Tela Portugal<\/title>\n<meta name=\"robots\" content=\"index, follow, max-snippet:-1, max-image-preview:large, max-video-preview:-1\" \/>\n<meta property=\"og:locale\" content=\"pt_PT\" \/>\n<meta property=\"og:type\" content=\"article\" \/>\n<meta property=\"og:title\" content=\"Montenegro atrai empresas da di\u00e1spora com custos de energia mais baixos - Portal Tela Portugal\" \/>\n<meta property=\"og:description\" content=\"O primeiro-ministro, Lu\u00eds Montenegro, afirmou que Portugal \u00e9 energeticamente \u201caltamente competitivo\u201d, com um dos \u201ccustos mais baixos\u201d da Europa. Montenegro refor\u00e7ou a necessidade de valorizar todo o territ\u00f3rio, incluindo o Interior, cuja atratividade depende mais da coopera\u00e7\u00e3o do que da localiza\u00e7\u00e3o. A declara\u00e7\u00e3o ocorreu na abertura do f\u00f3rum \u201cPortugal Na\u00e7\u00e3o Global\u201d, no Centro Cultural de Bel\u00e9m, em Lisboa, destinado a atrair investimento da di\u00e1spora portuguesa. O chefe do Executivo destacou a autonomia energ\u00e9tica como fator de soberania e essencial para a atra\u00e7\u00e3o de investimento, sublinhando que menos depend\u00eancia face ao pre\u00e7o da energia melhora a competitividade.\" \/>\n<meta property=\"og:url\" content=\"https:\/\/portaltela.pt\/noticias\/2026\/04\/29\/montenegro-atrai-empresas-da-diaspora-com-custos-de-energia-mais-baixos\/\" \/>\n<meta property=\"og:site_name\" content=\"Portal Tela Portugal\" \/>\n<meta property=\"article:published_time\" content=\"2026-04-29T18:04:03+00:00\" \/>\n<meta name=\"author\" content=\"Telinha\" \/>\n<meta name=\"twitter:card\" content=\"summary_large_image\" \/>\n<meta name=\"twitter:label1\" content=\"Escrito por\" \/>\n\t<meta name=\"twitter:data1\" content=\"Telinha\" \/>\n\t<meta name=\"twitter:label2\" content=\"Tempo estimado de leitura\" \/>\n\t<meta name=\"twitter:data2\" content=\"1 minuto\" \/>\n<script type=\"application\/ld+json\" class=\"yoast-schema-graph\">{\"@context\":\"https:\/\/schema.org\",\"@graph\":[{\"@type\":\"Article\",\"@id\":\"https:\/\/portaltela.pt\/noticias\/2026\/04\/29\/montenegro-atrai-empresas-da-diaspora-com-custos-de-energia-mais-baixos\/#article\",\"isPartOf\":{\"@id\":\"https:\/\/portaltela.pt\/noticias\/2026\/04\/29\/montenegro-atrai-empresas-da-diaspora-com-custos-de-energia-mais-baixos\/\"},\"author\":{\"name\":\"Telinha\",\"@id\":\"https:\/\/portaltela.pt\/#\/schema\/person\/c4278d4a6028830caff9ee44b42d32ed\"},\"headline\":\"Montenegro atrai empresas da di\u00e1spora com custos de energia mais baixos\",\"datePublished\":\"2026-04-29T18:04:03+00:00\",\"mainEntityOfPage\":{\"@id\":\"https:\/\/portaltela.pt\/noticias\/2026\/04\/29\/montenegro-atrai-empresas-da-diaspora-com-custos-de-energia-mais-baixos\/\"},\"wordCount\":183,\"image\":{\"@id\":\"https:\/\/portaltela.pt\/noticias\/2026\/04\/29\/montenegro-atrai-empresas-da-diaspora-com-custos-de-energia-mais-baixos\/#primaryimage\"},\"thumbnailUrl\":\"https:\/\/portaltela.pt\/s.01k8rhncp4jt1\/2026\/04\/b6f139e3-6e17-48fa-911a-ce93c2038c7e_1200x675.jpg\",\"keywords\":[\"_comunidades portuguesas\",\"_coopera\u00e7\u00e3o internacional\",\"_energia\",\"_Interior Centro\",\"_investimento\",\"_soberania energ\u00e9tica\"],\"articleSection\":[\"Economia\",\"Neg\u00f3cios\"],\"inLanguage\":\"pt-PT\"},{\"@type\":\"WebPage\",\"@id\":\"https:\/\/portaltela.pt\/noticias\/2026\/04\/29\/montenegro-atrai-empresas-da-diaspora-com-custos-de-energia-mais-baixos\/\",\"url\":\"https:\/\/portaltela.pt\/noticias\/2026\/04\/29\/montenegro-atrai-empresas-da-diaspora-com-custos-de-energia-mais-baixos\/\",\"name\":\"Montenegro atrai empresas da di\u00e1spora com custos de energia mais baixos - Portal Tela Portugal\",\"isPartOf\":{\"@id\":\"https:\/\/portaltela.pt\/#website\"},\"primaryImageOfPage\":{\"@id\":\"https:\/\/portaltela.pt\/noticias\/2026\/04\/29\/montenegro-atrai-empresas-da-diaspora-com-custos-de-energia-mais-baixos\/#primaryimage\"},\"image\":{\"@id\":\"https:\/\/portaltela.pt\/noticias\/2026\/04\/29\/montenegro-atrai-empresas-da-diaspora-com-custos-de-energia-mais-baixos\/#primaryimage\"},\"thumbnailUrl\":\"https:\/\/portaltela.pt\/s.01k8rhncp4jt1\/2026\/04\/b6f139e3-6e17-48fa-911a-ce93c2038c7e_1200x675.jpg\",\"datePublished\":\"2026-04-29T18:04:03+00:00\",\"author\":{\"@id\":\"https:\/\/portaltela.pt\/#\/schema\/person\/c4278d4a6028830caff9ee44b42d32ed\"},\"breadcrumb\":{\"@id\":\"https:\/\/portaltela.pt\/noticias\/2026\/04\/29\/montenegro-atrai-empresas-da-diaspora-com-custos-de-energia-mais-baixos\/#breadcrumb\"},\"inLanguage\":\"pt-PT\",\"potentialAction\":[{\"@type\":\"ReadAction\",\"target\":[\"https:\/\/portaltela.pt\/noticias\/2026\/04\/29\/montenegro-atrai-empresas-da-diaspora-com-custos-de-energia-mais-baixos\/\"]}]},{\"@type\":\"ImageObject\",\"inLanguage\":\"pt-PT\",\"@id\":\"https:\/\/portaltela.pt\/noticias\/2026\/04\/29\/montenegro-atrai-empresas-da-diaspora-com-custos-de-energia-mais-baixos\/#primaryimage\",\"url\":\"https:\/\/portaltela.pt\/s.01k8rhncp4jt1\/2026\/04\/b6f139e3-6e17-48fa-911a-ce93c2038c7e_1200x675.jpg\",\"contentUrl\":\"https:\/\/portaltela.pt\/s.01k8rhncp4jt1\/2026\/04\/b6f139e3-6e17-48fa-911a-ce93c2038c7e_1200x675.jpg\",\"width\":796,\"height\":448,\"caption\":\"F\u00f3rum \\\"Portugal Na\u00e7\u00e3o Global\\\" re\u00fane empresas da di\u00e1spora e nacionais\"},{\"@type\":\"BreadcrumbList\",\"@id\":\"https:\/\/portaltela.pt\/noticias\/2026\/04\/29\/montenegro-atrai-empresas-da-diaspora-com-custos-de-energia-mais-baixos\/#breadcrumb\",\"itemListElement\":[{\"@type\":\"ListItem\",\"position\":1,\"name\":\"In\u00edcio\",\"item\":\"https:\/\/portaltela.pt\/\"},{\"@type\":\"ListItem\",\"position\":2,\"name\":\"Montenegro atrai empresas da di\u00e1spora com custos de energia mais baixos\"}]},{\"@type\":\"WebSite\",\"@id\":\"https:\/\/portaltela.pt\/#website\",\"url\":\"https:\/\/portaltela.pt\/\",\"name\":\"Portal Tela Portugal\",\"description\":\"\",\"potentialAction\":[{\"@type\":\"SearchAction\",\"target\":{\"@type\":\"EntryPoint\",\"urlTemplate\":\"https:\/\/portaltela.pt\/?s={search_term_string}\"},\"query-input\":{\"@type\":\"PropertyValueSpecification\",\"valueRequired\":true,\"valueName\":\"search_term_string\"}}],\"inLanguage\":\"pt-PT\"},{\"@type\":\"Person\",\"@id\":\"https:\/\/portaltela.pt\/#\/schema\/person\/c4278d4a6028830caff9ee44b42d32ed\",\"name\":\"Telinha\",\"image\":{\"@type\":\"ImageObject\",\"inLanguage\":\"pt-PT\",\"@id\":\"https:\/\/portaltela.pt\/s.01k8rhncp4jt1\/2025\/11\/talking-bot-125x125.png\",\"url\":\"https:\/\/portaltela.pt\/s.01k8rhncp4jt1\/2025\/11\/talking-bot-125x125.png\",\"contentUrl\":\"https:\/\/portaltela.pt\/s.01k8rhncp4jt1\/2025\/11\/talking-bot-125x125.png\",\"caption\":\"Telinha\"},\"sameAs\":[\"https:\/\/portaltela.pt\/\"],\"url\":\"https:\/\/portaltela.pt\/por\/367410592786\/\"}]}<\/script>\n<!-- \/ Yoast SEO plugin. -->","yoast_head_json":{"title":"Montenegro atrai empresas da di\u00e1spora com custos de energia mais baixos - Portal Tela Portugal","robots":{"index":"index","follow":"follow","max-snippet":"max-snippet:-1","max-image-preview":"max-image-preview:large","max-video-preview":"max-video-preview:-1"},"og_locale":"pt_PT","og_type":"article","og_title":"Montenegro atrai empresas da di\u00e1spora com custos de energia mais baixos - Portal Tela Portugal","og_description":"O primeiro-ministro, Lu\u00eds Montenegro, afirmou que Portugal \u00e9 energeticamente \u201caltamente competitivo\u201d, com um dos \u201ccustos mais baixos\u201d da Europa. Montenegro refor\u00e7ou a necessidade de valorizar todo o territ\u00f3rio, incluindo o Interior, cuja atratividade depende mais da coopera\u00e7\u00e3o do que da localiza\u00e7\u00e3o. A declara\u00e7\u00e3o ocorreu na abertura do f\u00f3rum \u201cPortugal Na\u00e7\u00e3o Global\u201d, no Centro Cultural de Bel\u00e9m, em Lisboa, destinado a atrair investimento da di\u00e1spora portuguesa. O chefe do Executivo destacou a autonomia energ\u00e9tica como fator de soberania e essencial para a atra\u00e7\u00e3o de investimento, sublinhando que menos depend\u00eancia face ao pre\u00e7o da energia melhora a competitividade.","og_url":"https:\/\/portaltela.pt\/noticias\/2026\/04\/29\/montenegro-atrai-empresas-da-diaspora-com-custos-de-energia-mais-baixos\/","og_site_name":"Portal Tela Portugal","article_published_time":"2026-04-29T18:04:03+00:00","author":"Telinha","twitter_card":"summary_large_image","twitter_misc":{"Escrito por":"Telinha","Tempo estimado de leitura":"1 minuto"},"schema":{"@context":"https:\/\/schema.org","@graph":[{"@type":"Article","@id":"https:\/\/portaltela.pt\/noticias\/2026\/04\/29\/montenegro-atrai-empresas-da-diaspora-com-custos-de-energia-mais-baixos\/#article","isPartOf":{"@id":"https:\/\/portaltela.pt\/noticias\/2026\/04\/29\/montenegro-atrai-empresas-da-diaspora-com-custos-de-energia-mais-baixos\/"},"author":{"name":"Telinha","@id":"https:\/\/portaltela.pt\/#\/schema\/person\/c4278d4a6028830caff9ee44b42d32ed"},"headline":"Montenegro atrai empresas da di\u00e1spora com custos de energia mais baixos","datePublished":"2026-04-29T18:04:03+00:00","mainEntityOfPage":{"@id":"https:\/\/portaltela.pt\/noticias\/2026\/04\/29\/montenegro-atrai-empresas-da-diaspora-com-custos-de-energia-mais-baixos\/"},"wordCount":183,"image":{"@id":"https:\/\/portaltela.pt\/noticias\/2026\/04\/29\/montenegro-atrai-empresas-da-diaspora-com-custos-de-energia-mais-baixos\/#primaryimage"},"thumbnailUrl":"https:\/\/portaltela.pt\/s.01k8rhncp4jt1\/2026\/04\/b6f139e3-6e17-48fa-911a-ce93c2038c7e_1200x675.jpg","keywords":["_comunidades portuguesas","_coopera\u00e7\u00e3o internacional","_energia","_Interior Centro","_investimento","_soberania energ\u00e9tica"],"articleSection":["Economia","Neg\u00f3cios"],"inLanguage":"pt-PT"},{"@type":"WebPage","@id":"https:\/\/portaltela.pt\/noticias\/2026\/04\/29\/montenegro-atrai-empresas-da-diaspora-com-custos-de-energia-mais-baixos\/","url":"https:\/\/portaltela.pt\/noticias\/2026\/04\/29\/montenegro-atrai-empresas-da-diaspora-com-custos-de-energia-mais-baixos\/","name":"Montenegro atrai empresas da di\u00e1spora com custos de energia mais baixos - Portal Tela Portugal","isPartOf":{"@id":"https:\/\/portaltela.pt\/#website"},"primaryImageOfPage":{"@id":"https:\/\/portaltela.pt\/noticias\/2026\/04\/29\/montenegro-atrai-empresas-da-diaspora-com-custos-de-energia-mais-baixos\/#primaryimage"},"image":{"@id":"https:\/\/portaltela.pt\/noticias\/2026\/04\/29\/montenegro-atrai-empresas-da-diaspora-com-custos-de-energia-mais-baixos\/#primaryimage"},"thumbnailUrl":"https:\/\/portaltela.pt\/s.01k8rhncp4jt1\/2026\/04\/b6f139e3-6e17-48fa-911a-ce93c2038c7e_1200x675.jpg","datePublished":"2026-04-29T18:04:03+00:00","author":{"@id":"https:\/\/portaltela.pt\/#\/schema\/person\/c4278d4a6028830caff9ee44b42d32ed"},"breadcrumb":{"@id":"https:\/\/portaltela.pt\/noticias\/2026\/04\/29\/montenegro-atrai-empresas-da-diaspora-com-custos-de-energia-mais-baixos\/#breadcrumb"},"inLanguage":"pt-PT","potentialAction":[{"@type":"ReadAction","target":["https:\/\/portaltela.pt\/noticias\/2026\/04\/29\/montenegro-atrai-empresas-da-diaspora-com-custos-de-energia-mais-baixos\/"]}]},{"@type":"ImageObject","inLanguage":"pt-PT","@id":"https:\/\/portaltela.pt\/noticias\/2026\/04\/29\/montenegro-atrai-empresas-da-diaspora-com-custos-de-energia-mais-baixos\/#primaryimage","url":"https:\/\/portaltela.pt\/s.01k8rhncp4jt1\/2026\/04\/b6f139e3-6e17-48fa-911a-ce93c2038c7e_1200x675.jpg","contentUrl":"https:\/\/portaltela.pt\/s.01k8rhncp4jt1\/2026\/04\/b6f139e3-6e17-48fa-911a-ce93c2038c7e_1200x675.jpg","width":796,"height":448,"caption":"F\u00f3rum \"Portugal Na\u00e7\u00e3o Global\" re\u00fane empresas da di\u00e1spora e nacionais"},{"@type":"BreadcrumbList","@id":"https:\/\/portaltela.pt\/noticias\/2026\/04\/29\/montenegro-atrai-empresas-da-diaspora-com-custos-de-energia-mais-baixos\/#breadcrumb","itemListElement":[{"@type":"ListItem","position":1,"name":"In\u00edcio","item":"https:\/\/portaltela.pt\/"},{"@type":"ListItem","position":2,"name":"Montenegro atrai empresas da di\u00e1spora com custos de energia mais baixos"}]},{"@type":"WebSite","@id":"https:\/\/portaltela.pt\/#website","url":"https:\/\/portaltela.pt\/","name":"Portal Tela Portugal","description":"","potentialAction":[{"@type":"SearchAction","target":{"@type":"EntryPoint","urlTemplate":"https:\/\/portaltela.pt\/?s={search_term_string}"},"query-input":{"@type":"PropertyValueSpecification","valueRequired":true,"valueName":"search_term_string"}}],"inLanguage":"pt-PT"},{"@type":"Person","@id":"https:\/\/portaltela.pt\/#\/schema\/person\/c4278d4a6028830caff9ee44b42d32ed","name":"Telinha","image":{"@type":"ImageObject","inLanguage":"pt-PT","@id":"https:\/\/portaltela.pt\/s.01k8rhncp4jt1\/2025\/11\/talking-bot-125x125.png","url":"https:\/\/portaltela.pt\/s.01k8rhncp4jt1\/2025\/11\/talking-bot-125x125.png","contentUrl":"https:\/\/portaltela.pt\/s.01k8rhncp4jt1\/2025\/11\/talking-bot-125x125.png","caption":"Telinha"},"sameAs":["https:\/\/portaltela.pt\/"],"url":"https:\/\/portaltela.pt\/por\/367410592786\/"}]}},"_links":{"self":[{"href":"https:\/\/portaltela.pt\/api\/wp\/v2\/posts\/461362","targetHints":{"allow":["GET"]}}],"collection":[{"href":"https:\/\/portaltela.pt\/api\/wp\/v2\/posts"}],"about":[{"href":"https:\/\/portaltela.pt\/api\/wp\/v2\/types\/post"}],"author":[{"embeddable":true,"href":"https:\/\/portaltela.pt\/api\/wp\/v2\/users\/2"}],"replies":[{"embeddable":true,"href":"https:\/\/portaltela.pt\/api\/wp\/v2\/comments?post=461362"}],"version-history":[{"count":0,"href":"https:\/\/portaltela.pt\/api\/wp\/v2\/posts\/461362\/revisions"}],"wp:featuredmedia":[{"embeddable":true,"href":"https:\/\/portaltela.pt\/api\/wp\/v2\/media\/461366"}],"wp:attachment":[{"href":"https:\/\/portaltela.pt\/api\/wp\/v2\/media?parent=461362"}],"wp:term":[{"taxonomy":"category","embeddable":true,"href":"https:\/\/portaltela.pt\/api\/wp\/v2\/categories?post=461362"},{"taxonomy":"post_tag","embeddable":true,"href":"https:\/\/portaltela.pt\/api\/wp\/v2\/tags?post=461362"}],"curies":[{"name":"wp","href":"https:\/\/api.w.org\/{rel}","templated":true}]}}