{"id":461350,"date":"2026-04-29T15:03:39","date_gmt":"2026-04-29T18:03:39","guid":{"rendered":"https:\/\/portaltela.pt\/noticias\/2026\/04\/29\/benfica-contesta-a-nomeacao-de-gustavo-correia\/"},"modified":"2026-04-29T15:03:39","modified_gmt":"2026-04-29T18:03:39","slug":"benfica-contesta-a-nomeacao-de-gustavo-correia","status":"publish","type":"post","link":"https:\/\/portaltela.pt\/desporto\/futebol\/2026\/04\/29\/benfica-contesta-a-nomeacao-de-gustavo-correia\/","title":{"rendered":"Benfica contesta a nomea\u00e7\u00e3o de Gustavo Correia"},"content":{"rendered":"<p>O Benfica ficou surpreendido e revoltado com a nomea\u00e7\u00e3o de Gustavo Correia para dirigir o Famalic\u00e3o-Benfica, marcado para o pr\u00f3ximo s\u00e1bado. O \u00e1rbitro da AF Porto apitou o Benfica-Ca\u00e7a Pia, que terminou empatado 2-2, gerando pol\u00e9mica.<\/p>\n<p>Na altura, Jos\u00e9 Mourinho criticou duramente Correia, que foi alvo de cr\u00edticas vitoriais de M\u00e1rio Branco, diretor-desportivo dos encarnados, desde o relvado at\u00e9 ao t\u00fanel de acesso ao balne\u00e1rio. A rea\u00e7\u00e3o gerou penaliza\u00e7\u00e3o para o dirigente.<\/p>\n<p>Rui Costa tamb\u00e9m comentou publicamente o tema, questionando a atua\u00e7\u00e3o do \u00e1rbitro e do VAR num pen\u00e1lti discutido. O l\u00edder do clube exigiu maior respeito pelas regras e criticou decis\u00f5es tomadas em campo.<\/p>\n<p>O lance envolvendo o \u00e1rbitro e o VAR Jo\u00e3o Bento ficou na mem\u00f3ria: m\u00e3o na bola de Ant\u00f3nio Silva, que gerou controv\u00e9rsia por ter batido na perna do central. Numa altura em que o Benfica luta pelo segundo lugar.<\/p>\n<p>Os respons\u00e1veis encarnados entendem que a nomea\u00e7\u00e3o \u00e9 inadequada numa fase crucial da \u00e9poca, quando o Benfica depende apenas de si para o 2.\u00ba posto. O objetivo \u00e9 assegurar presen\u00e7a na pr\u00f3xima edi\u00e7\u00e3o da Champions.<\/p>\n","protected":false},"excerpt":{"rendered":"<ul>\n<li>O Benfica ficou surpreendido e revoltado com a nomea\u00e7\u00e3o de Gustavo Correia para dirigir o Famalic\u00e3o-Benfica, jogo da pr\u00f3xima jornada da Liga.<\/li>\n<li>Correia foi o \u00e1rbitro do Benfica-Casa Pia, encontro que terminou empatado em dois gols e gerou grande pol\u00e9mica, com cr\u00edticas de Jos\u00e9 Mourinho e mensagens ao diretor-desportivo M\u00e1rio Branco; Rui Costa tamb\u00e9m comentou o assunto.<\/li>\n<li>O pen\u00e1lti controverso marcado por m\u00e3o de Ant\u00f3nio Silva, ap\u00f3s toque na perna do defesa, esteve no centro da contesta\u00e7\u00e3o encarnada, que apontou para influ\u00eancia do \u00e1rbitro e do VAR Jo\u00e3o Bento.<\/li>\n<li>Os respons\u00e1veis do Benfica dizem sentir-se desconfort\u00e1veis com a escolha para o duelo do Minho, numa fase em que a equipa depende de si para manter o segundo lugar e o acesso \u00e0 Liga dos Campe\u00f5es.<\/li>\n<\/ul>\n","protected":false},"author":2,"featured_media":461357,"comment_status":"closed","ping_status":"closed","sticky":false,"template":"","format":"standard","meta":{"footnotes":""},"categories":[21,24],"tags":[4143,1336,1946,1396,32,1700],"class_list":["post-461350","post","type-post","status-publish","format-standard","has-post-thumbnail","hentry","category-desporto","category-futebol","tag-1-liga","tag-arbitro","tag-benfica","tag-famalicao","tag-futebol","tag-videoarbitragem"],"yoast_head":"<!-- This site is optimized with the Yoast SEO plugin v27.2 - https:\/\/yoast.com\/product\/yoast-seo-wordpress\/ -->\n<title>Benfica contesta a nomea\u00e7\u00e3o de Gustavo Correia - Portal Tela Portugal<\/title>\n<meta name=\"robots\" content=\"index, follow, max-snippet:-1, max-image-preview:large, max-video-preview:-1\" \/>\n<meta property=\"og:locale\" content=\"pt_PT\" \/>\n<meta property=\"og:type\" content=\"article\" \/>\n<meta property=\"og:title\" content=\"Benfica contesta a nomea\u00e7\u00e3o de Gustavo Correia - Portal Tela Portugal\" \/>\n<meta property=\"og:description\" content=\"O Benfica ficou surpreendido e revoltado com a nomea\u00e7\u00e3o de Gustavo Correia para dirigir o Famalic\u00e3o-Benfica, jogo da pr\u00f3xima jornada da Liga. Correia foi o \u00e1rbitro do Benfica-Casa Pia, encontro que terminou empatado em dois gols e gerou grande pol\u00e9mica, com cr\u00edticas de Jos\u00e9 Mourinho e mensagens ao diretor-desportivo M\u00e1rio Branco; Rui Costa tamb\u00e9m comentou o assunto. O pen\u00e1lti controverso marcado por m\u00e3o de Ant\u00f3nio Silva, ap\u00f3s toque na perna do defesa, esteve no centro da contesta\u00e7\u00e3o encarnada, que apontou para influ\u00eancia do \u00e1rbitro e do VAR Jo\u00e3o Bento. Os respons\u00e1veis do Benfica dizem sentir-se desconfort\u00e1veis com a escolha para o duelo do Minho, numa fase em que a equipa depende de si para manter o segundo lugar e o acesso \u00e0 Liga dos Campe\u00f5es.\" \/>\n<meta property=\"og:url\" content=\"https:\/\/portaltela.pt\/noticias\/2026\/04\/29\/benfica-contesta-a-nomeacao-de-gustavo-correia\/\" \/>\n<meta property=\"og:site_name\" content=\"Portal Tela Portugal\" \/>\n<meta property=\"article:published_time\" content=\"2026-04-29T18:03:39+00:00\" \/>\n<meta name=\"author\" content=\"Telinha\" \/>\n<meta name=\"twitter:card\" content=\"summary_large_image\" \/>\n<meta name=\"twitter:label1\" content=\"Escrito por\" \/>\n\t<meta name=\"twitter:data1\" content=\"Telinha\" \/>\n\t<meta name=\"twitter:label2\" content=\"Tempo estimado de leitura\" \/>\n\t<meta name=\"twitter:data2\" content=\"1 minuto\" \/>\n<script type=\"application\/ld+json\" class=\"yoast-schema-graph\">{\"@context\":\"https:\/\/schema.org\",\"@graph\":[{\"@type\":\"Article\",\"@id\":\"https:\/\/portaltela.pt\/noticias\/2026\/04\/29\/benfica-contesta-a-nomeacao-de-gustavo-correia\/#article\",\"isPartOf\":{\"@id\":\"https:\/\/portaltela.pt\/noticias\/2026\/04\/29\/benfica-contesta-a-nomeacao-de-gustavo-correia\/\"},\"author\":{\"name\":\"Telinha\",\"@id\":\"https:\/\/portaltela.pt\/#\/schema\/person\/c4278d4a6028830caff9ee44b42d32ed\"},\"headline\":\"Benfica contesta a nomea\u00e7\u00e3o de Gustavo Correia\",\"datePublished\":\"2026-04-29T18:03:39+00:00\",\"mainEntityOfPage\":{\"@id\":\"https:\/\/portaltela.pt\/noticias\/2026\/04\/29\/benfica-contesta-a-nomeacao-de-gustavo-correia\/\"},\"wordCount\":211,\"image\":{\"@id\":\"https:\/\/portaltela.pt\/noticias\/2026\/04\/29\/benfica-contesta-a-nomeacao-de-gustavo-correia\/#primaryimage\"},\"thumbnailUrl\":\"https:\/\/portaltela.pt\/s.01k8rhncp4jt1\/2026\/04\/img_920x518uu2026-04-29-18-55-51-2435959.jpg\",\"keywords\":[\"1. Liga\",\"\u00e1rbitro\",\"Benfica\",\"Famalic\u00e3o\",\"futebol\",\"Videoarbitragem\"],\"articleSection\":[\"Desporto\",\"Futebol\"],\"inLanguage\":\"pt-PT\"},{\"@type\":\"WebPage\",\"@id\":\"https:\/\/portaltela.pt\/noticias\/2026\/04\/29\/benfica-contesta-a-nomeacao-de-gustavo-correia\/\",\"url\":\"https:\/\/portaltela.pt\/noticias\/2026\/04\/29\/benfica-contesta-a-nomeacao-de-gustavo-correia\/\",\"name\":\"Benfica contesta a nomea\u00e7\u00e3o de Gustavo Correia - Portal Tela Portugal\",\"isPartOf\":{\"@id\":\"https:\/\/portaltela.pt\/#website\"},\"primaryImageOfPage\":{\"@id\":\"https:\/\/portaltela.pt\/noticias\/2026\/04\/29\/benfica-contesta-a-nomeacao-de-gustavo-correia\/#primaryimage\"},\"image\":{\"@id\":\"https:\/\/portaltela.pt\/noticias\/2026\/04\/29\/benfica-contesta-a-nomeacao-de-gustavo-correia\/#primaryimage\"},\"thumbnailUrl\":\"https:\/\/portaltela.pt\/s.01k8rhncp4jt1\/2026\/04\/img_920x518uu2026-04-29-18-55-51-2435959.jpg\",\"datePublished\":\"2026-04-29T18:03:39+00:00\",\"author\":{\"@id\":\"https:\/\/portaltela.pt\/#\/schema\/person\/c4278d4a6028830caff9ee44b42d32ed\"},\"breadcrumb\":{\"@id\":\"https:\/\/portaltela.pt\/noticias\/2026\/04\/29\/benfica-contesta-a-nomeacao-de-gustavo-correia\/#breadcrumb\"},\"inLanguage\":\"pt-PT\",\"potentialAction\":[{\"@type\":\"ReadAction\",\"target\":[\"https:\/\/portaltela.pt\/noticias\/2026\/04\/29\/benfica-contesta-a-nomeacao-de-gustavo-correia\/\"]}]},{\"@type\":\"ImageObject\",\"inLanguage\":\"pt-PT\",\"@id\":\"https:\/\/portaltela.pt\/noticias\/2026\/04\/29\/benfica-contesta-a-nomeacao-de-gustavo-correia\/#primaryimage\",\"url\":\"https:\/\/portaltela.pt\/s.01k8rhncp4jt1\/2026\/04\/img_920x518uu2026-04-29-18-55-51-2435959.jpg\",\"contentUrl\":\"https:\/\/portaltela.pt\/s.01k8rhncp4jt1\/2026\/04\/img_920x518uu2026-04-29-18-55-51-2435959.jpg\",\"width\":796,\"height\":448,\"caption\":\"Gustavo Correia arbitra Famalic\u00e3o-Benfica ap\u00f3s pol\u00e9mica no Benfica-Casa Pia\"},{\"@type\":\"BreadcrumbList\",\"@id\":\"https:\/\/portaltela.pt\/noticias\/2026\/04\/29\/benfica-contesta-a-nomeacao-de-gustavo-correia\/#breadcrumb\",\"itemListElement\":[{\"@type\":\"ListItem\",\"position\":1,\"name\":\"In\u00edcio\",\"item\":\"https:\/\/portaltela.pt\/\"},{\"@type\":\"ListItem\",\"position\":2,\"name\":\"Benfica contesta a nomea\u00e7\u00e3o de Gustavo Correia\"}]},{\"@type\":\"WebSite\",\"@id\":\"https:\/\/portaltela.pt\/#website\",\"url\":\"https:\/\/portaltela.pt\/\",\"name\":\"Portal Tela Portugal\",\"description\":\"\",\"potentialAction\":[{\"@type\":\"SearchAction\",\"target\":{\"@type\":\"EntryPoint\",\"urlTemplate\":\"https:\/\/portaltela.pt\/?s={search_term_string}\"},\"query-input\":{\"@type\":\"PropertyValueSpecification\",\"valueRequired\":true,\"valueName\":\"search_term_string\"}}],\"inLanguage\":\"pt-PT\"},{\"@type\":\"Person\",\"@id\":\"https:\/\/portaltela.pt\/#\/schema\/person\/c4278d4a6028830caff9ee44b42d32ed\",\"name\":\"Telinha\",\"image\":{\"@type\":\"ImageObject\",\"inLanguage\":\"pt-PT\",\"@id\":\"https:\/\/portaltela.pt\/s.01k8rhncp4jt1\/2025\/11\/talking-bot-125x125.png\",\"url\":\"https:\/\/portaltela.pt\/s.01k8rhncp4jt1\/2025\/11\/talking-bot-125x125.png\",\"contentUrl\":\"https:\/\/portaltela.pt\/s.01k8rhncp4jt1\/2025\/11\/talking-bot-125x125.png\",\"caption\":\"Telinha\"},\"sameAs\":[\"https:\/\/portaltela.pt\/\"],\"url\":\"https:\/\/portaltela.pt\/por\/367410592786\/\"}]}<\/script>\n<!-- \/ Yoast SEO plugin. -->","yoast_head_json":{"title":"Benfica contesta a nomea\u00e7\u00e3o de Gustavo Correia - Portal Tela Portugal","robots":{"index":"index","follow":"follow","max-snippet":"max-snippet:-1","max-image-preview":"max-image-preview:large","max-video-preview":"max-video-preview:-1"},"og_locale":"pt_PT","og_type":"article","og_title":"Benfica contesta a nomea\u00e7\u00e3o de Gustavo Correia - Portal Tela Portugal","og_description":"O Benfica ficou surpreendido e revoltado com a nomea\u00e7\u00e3o de Gustavo Correia para dirigir o Famalic\u00e3o-Benfica, jogo da pr\u00f3xima jornada da Liga. Correia foi o \u00e1rbitro do Benfica-Casa Pia, encontro que terminou empatado em dois gols e gerou grande pol\u00e9mica, com cr\u00edticas de Jos\u00e9 Mourinho e mensagens ao diretor-desportivo M\u00e1rio Branco; Rui Costa tamb\u00e9m comentou o assunto. O pen\u00e1lti controverso marcado por m\u00e3o de Ant\u00f3nio Silva, ap\u00f3s toque na perna do defesa, esteve no centro da contesta\u00e7\u00e3o encarnada, que apontou para influ\u00eancia do \u00e1rbitro e do VAR Jo\u00e3o Bento. Os respons\u00e1veis do Benfica dizem sentir-se desconfort\u00e1veis com a escolha para o duelo do Minho, numa fase em que a equipa depende de si para manter o segundo lugar e o acesso \u00e0 Liga dos Campe\u00f5es.","og_url":"https:\/\/portaltela.pt\/noticias\/2026\/04\/29\/benfica-contesta-a-nomeacao-de-gustavo-correia\/","og_site_name":"Portal Tela Portugal","article_published_time":"2026-04-29T18:03:39+00:00","author":"Telinha","twitter_card":"summary_large_image","twitter_misc":{"Escrito por":"Telinha","Tempo estimado de leitura":"1 minuto"},"schema":{"@context":"https:\/\/schema.org","@graph":[{"@type":"Article","@id":"https:\/\/portaltela.pt\/noticias\/2026\/04\/29\/benfica-contesta-a-nomeacao-de-gustavo-correia\/#article","isPartOf":{"@id":"https:\/\/portaltela.pt\/noticias\/2026\/04\/29\/benfica-contesta-a-nomeacao-de-gustavo-correia\/"},"author":{"name":"Telinha","@id":"https:\/\/portaltela.pt\/#\/schema\/person\/c4278d4a6028830caff9ee44b42d32ed"},"headline":"Benfica contesta a nomea\u00e7\u00e3o de Gustavo Correia","datePublished":"2026-04-29T18:03:39+00:00","mainEntityOfPage":{"@id":"https:\/\/portaltela.pt\/noticias\/2026\/04\/29\/benfica-contesta-a-nomeacao-de-gustavo-correia\/"},"wordCount":211,"image":{"@id":"https:\/\/portaltela.pt\/noticias\/2026\/04\/29\/benfica-contesta-a-nomeacao-de-gustavo-correia\/#primaryimage"},"thumbnailUrl":"https:\/\/portaltela.pt\/s.01k8rhncp4jt1\/2026\/04\/img_920x518uu2026-04-29-18-55-51-2435959.jpg","keywords":["1. Liga","\u00e1rbitro","Benfica","Famalic\u00e3o","futebol","Videoarbitragem"],"articleSection":["Desporto","Futebol"],"inLanguage":"pt-PT"},{"@type":"WebPage","@id":"https:\/\/portaltela.pt\/noticias\/2026\/04\/29\/benfica-contesta-a-nomeacao-de-gustavo-correia\/","url":"https:\/\/portaltela.pt\/noticias\/2026\/04\/29\/benfica-contesta-a-nomeacao-de-gustavo-correia\/","name":"Benfica contesta a nomea\u00e7\u00e3o de Gustavo Correia - Portal Tela Portugal","isPartOf":{"@id":"https:\/\/portaltela.pt\/#website"},"primaryImageOfPage":{"@id":"https:\/\/portaltela.pt\/noticias\/2026\/04\/29\/benfica-contesta-a-nomeacao-de-gustavo-correia\/#primaryimage"},"image":{"@id":"https:\/\/portaltela.pt\/noticias\/2026\/04\/29\/benfica-contesta-a-nomeacao-de-gustavo-correia\/#primaryimage"},"thumbnailUrl":"https:\/\/portaltela.pt\/s.01k8rhncp4jt1\/2026\/04\/img_920x518uu2026-04-29-18-55-51-2435959.jpg","datePublished":"2026-04-29T18:03:39+00:00","author":{"@id":"https:\/\/portaltela.pt\/#\/schema\/person\/c4278d4a6028830caff9ee44b42d32ed"},"breadcrumb":{"@id":"https:\/\/portaltela.pt\/noticias\/2026\/04\/29\/benfica-contesta-a-nomeacao-de-gustavo-correia\/#breadcrumb"},"inLanguage":"pt-PT","potentialAction":[{"@type":"ReadAction","target":["https:\/\/portaltela.pt\/noticias\/2026\/04\/29\/benfica-contesta-a-nomeacao-de-gustavo-correia\/"]}]},{"@type":"ImageObject","inLanguage":"pt-PT","@id":"https:\/\/portaltela.pt\/noticias\/2026\/04\/29\/benfica-contesta-a-nomeacao-de-gustavo-correia\/#primaryimage","url":"https:\/\/portaltela.pt\/s.01k8rhncp4jt1\/2026\/04\/img_920x518uu2026-04-29-18-55-51-2435959.jpg","contentUrl":"https:\/\/portaltela.pt\/s.01k8rhncp4jt1\/2026\/04\/img_920x518uu2026-04-29-18-55-51-2435959.jpg","width":796,"height":448,"caption":"Gustavo Correia arbitra Famalic\u00e3o-Benfica ap\u00f3s pol\u00e9mica no Benfica-Casa Pia"},{"@type":"BreadcrumbList","@id":"https:\/\/portaltela.pt\/noticias\/2026\/04\/29\/benfica-contesta-a-nomeacao-de-gustavo-correia\/#breadcrumb","itemListElement":[{"@type":"ListItem","position":1,"name":"In\u00edcio","item":"https:\/\/portaltela.pt\/"},{"@type":"ListItem","position":2,"name":"Benfica contesta a nomea\u00e7\u00e3o de Gustavo Correia"}]},{"@type":"WebSite","@id":"https:\/\/portaltela.pt\/#website","url":"https:\/\/portaltela.pt\/","name":"Portal Tela Portugal","description":"","potentialAction":[{"@type":"SearchAction","target":{"@type":"EntryPoint","urlTemplate":"https:\/\/portaltela.pt\/?s={search_term_string}"},"query-input":{"@type":"PropertyValueSpecification","valueRequired":true,"valueName":"search_term_string"}}],"inLanguage":"pt-PT"},{"@type":"Person","@id":"https:\/\/portaltela.pt\/#\/schema\/person\/c4278d4a6028830caff9ee44b42d32ed","name":"Telinha","image":{"@type":"ImageObject","inLanguage":"pt-PT","@id":"https:\/\/portaltela.pt\/s.01k8rhncp4jt1\/2025\/11\/talking-bot-125x125.png","url":"https:\/\/portaltela.pt\/s.01k8rhncp4jt1\/2025\/11\/talking-bot-125x125.png","contentUrl":"https:\/\/portaltela.pt\/s.01k8rhncp4jt1\/2025\/11\/talking-bot-125x125.png","caption":"Telinha"},"sameAs":["https:\/\/portaltela.pt\/"],"url":"https:\/\/portaltela.pt\/por\/367410592786\/"}]}},"_links":{"self":[{"href":"https:\/\/portaltela.pt\/api\/wp\/v2\/posts\/461350","targetHints":{"allow":["GET"]}}],"collection":[{"href":"https:\/\/portaltela.pt\/api\/wp\/v2\/posts"}],"about":[{"href":"https:\/\/portaltela.pt\/api\/wp\/v2\/types\/post"}],"author":[{"embeddable":true,"href":"https:\/\/portaltela.pt\/api\/wp\/v2\/users\/2"}],"replies":[{"embeddable":true,"href":"https:\/\/portaltela.pt\/api\/wp\/v2\/comments?post=461350"}],"version-history":[{"count":0,"href":"https:\/\/portaltela.pt\/api\/wp\/v2\/posts\/461350\/revisions"}],"wp:featuredmedia":[{"embeddable":true,"href":"https:\/\/portaltela.pt\/api\/wp\/v2\/media\/461357"}],"wp:attachment":[{"href":"https:\/\/portaltela.pt\/api\/wp\/v2\/media?parent=461350"}],"wp:term":[{"taxonomy":"category","embeddable":true,"href":"https:\/\/portaltela.pt\/api\/wp\/v2\/categories?post=461350"},{"taxonomy":"post_tag","embeddable":true,"href":"https:\/\/portaltela.pt\/api\/wp\/v2\/tags?post=461350"}],"curies":[{"name":"wp","href":"https:\/\/api.w.org\/{rel}","templated":true}]}}