{"id":461347,"date":"2026-04-29T15:03:35","date_gmt":"2026-04-29T18:03:35","guid":{"rendered":"https:\/\/portaltela.pt\/noticias\/2026\/04\/29\/europol-prende-280-suspeitos-em-operacao-contra-violencia-por-encomenda\/"},"modified":"2026-04-29T15:03:35","modified_gmt":"2026-04-29T18:03:35","slug":"europol-prende-280-suspeitos-em-operacao-contra-violencia-por-encomenda","status":"publish","type":"post","link":"https:\/\/portaltela.pt\/seguranca\/2026\/04\/29\/europol-prende-280-suspeitos-em-operacao-contra-violencia-por-encomenda\/","title":{"rendered":"Europol prende 280 suspeitos em opera\u00e7\u00e3o contra viol\u00eancia por encomenda"},"content":{"rendered":"<p>A Europol anunciou que, no \u00e2mbito do grupo de trabalho Grimm, foram efetuadas 280 deten\u00e7\u00f5es em 11 pa\u00edses europeus no seu primeiro ano. A opera\u00e7\u00e3o visa combater a chamada viol\u00eancia por encomenda, pr\u00e1tica em que criminosos utilizam terceiros para cometer atos de viol\u00eancia mediante recrutamento online.<\/p>\n<p>Ao todo, o grupo identificou mais de 1.400 pessoas ligadas a este neg\u00f3cio crimininal, com uso de redes sociais e aplica\u00e7\u00f5es de mensagens para recrutar e coordenar agress\u00f5es, homic\u00eddios e outros crimes. A iniciativa arrancou em abril de 2025 e envolve coopera\u00e7\u00e3o entre a Europol e as autoridades de 11 Estados-membros.<\/p>\n<p>Entre os detidos, destaca-se um cidad\u00e3o neerland\u00eas suspeito de ter feito de condutor de fuga para dois menores alegadamente implicados numa s\u00e9rie de explos\u00f5es na Alemanha, em julho e agosto de 2025. Em janeiro, um menor foi detido na Su\u00e9cia por alegado envolvimento num tiroteio junto a uma pris\u00e3o na Dinamarca.<\/p>\n<p>O programa Grimm teve tamb\u00e9m, em janeiro, a deten\u00e7\u00e3o de um menor na Su\u00e9cia por envolvimento num tiroteio junto a uma pris\u00e3o neerlandesa. A Europol publicou informa\u00e7\u00f5es sobre tr\u00eas homens procurados atrav\u00e9s da plataforma Os Mais Procurados da UE, dois na Su\u00e9cia e um na Alemanha, ligados a crimes de viol\u00eancia como servi\u00e7o.<\/p>\n<p>A plataforma Os Mais Procurados da UE \u00e9 usada para localiza\u00e7\u00e3o de fugitivos. Em comunicado separado, a Europol informou que o Grimm funciona com a participa\u00e7\u00e3o de B\u00e9lgica, Dinamarca, Fran\u00e7a, Finl\u00e2ndia, Alemanha, Isl\u00e2ndia, Pa\u00edses Baixos, Noruega, Espanha, Su\u00e9cia e Reino Unido.<\/p>\n","protected":false},"excerpt":{"rendered":"<ul>\n<li>A task force Grimm, criada em abril de 2025 pela Europol com a participa\u00e7\u00e3o de onze pa\u00edses europeus, fez 280 deten\u00e7\u00f5es no seu primeiro ano.<\/li>\n<li>O grupo identificou mais de 1.400 pessoas ligadas \u00e0 pr\u00e1tica da \u201cviol\u00eancia por encomenda\u201d, um servi\u00e7o que facilita atos de viol\u00eancia atrav\u00e9s de redes online.<\/li>\n<li>A iniciativa envolve B\u00e9lgica, Dinamarca, Fran\u00e7a, Finl\u00e2ndia, Alemanha, Isl\u00e2ndia, Pa\u00edses Baixos, Noruega, Espanha, Su\u00e9cia e Reino Unido.<\/li>\n<li>Entre os detidos est\u00e1 um cidad\u00e3o neerland\u00eas acusado de ser o condutor de fuga de dois menores alegadamente respons\u00e1veis por explos\u00f5es na Alemanha em 2025; em janeiro, um menor foi detido na Su\u00e9cia por alegado envolvimento num tiroteio perto de uma pris\u00e3o na Holanda.<\/li>\n<li>A Europol publicou nos seus sites os tr\u00eas mais procurados ligados a redes de viol\u00eancia como servi\u00e7o: dois suecos e um alem\u00e3o, com crimes que incluem homic\u00eddio, tr\u00e1fico de droga e branqueamento de capitais.<\/li>\n<\/ul>\n","protected":false},"author":2,"featured_media":461349,"comment_status":"closed","ping_status":"closed","sticky":false,"template":"","format":"standard","meta":{"footnotes":""},"categories":[7374,6779],"tags":[7991,8272,8004,7985,8056,8273],"class_list":["post-461347","post","type-post","status-publish","format-standard","has-post-thumbnail","hentry","category-criminalidade","category-seguranca","tag-_cooperacao-internacional","tag-_crime-internacional","tag-_europa","tag-_organizacao-criminosa","tag-_uniao-europeia","tag-_violencia"],"yoast_head":"<!-- This site is optimized with the Yoast SEO plugin v27.2 - https:\/\/yoast.com\/product\/yoast-seo-wordpress\/ -->\n<title>Europol prende 280 suspeitos em opera\u00e7\u00e3o contra viol\u00eancia por encomenda - Portal Tela Portugal<\/title>\n<meta name=\"robots\" content=\"index, follow, max-snippet:-1, max-image-preview:large, max-video-preview:-1\" \/>\n<meta property=\"og:locale\" content=\"pt_PT\" \/>\n<meta property=\"og:type\" content=\"article\" \/>\n<meta property=\"og:title\" content=\"Europol prende 280 suspeitos em opera\u00e7\u00e3o contra viol\u00eancia por encomenda - Portal Tela Portugal\" \/>\n<meta property=\"og:description\" content=\"A task force Grimm, criada em abril de 2025 pela Europol com a participa\u00e7\u00e3o de onze pa\u00edses europeus, fez 280 deten\u00e7\u00f5es no seu primeiro ano. O grupo identificou mais de 1.400 pessoas ligadas \u00e0 pr\u00e1tica da \u201cviol\u00eancia por encomenda\u201d, um servi\u00e7o que facilita atos de viol\u00eancia atrav\u00e9s de redes online. A iniciativa envolve B\u00e9lgica, Dinamarca, Fran\u00e7a, Finl\u00e2ndia, Alemanha, Isl\u00e2ndia, Pa\u00edses Baixos, Noruega, Espanha, Su\u00e9cia e Reino Unido. Entre os detidos est\u00e1 um cidad\u00e3o neerland\u00eas acusado de ser o condutor de fuga de dois menores alegadamente respons\u00e1veis por explos\u00f5es na Alemanha em 2025; em janeiro, um menor foi detido na Su\u00e9cia por alegado envolvimento num tiroteio perto de uma pris\u00e3o na Holanda. A Europol publicou nos seus sites os tr\u00eas mais procurados ligados a redes de viol\u00eancia como servi\u00e7o: dois suecos e um alem\u00e3o, com crimes que incluem homic\u00eddio, tr\u00e1fico de droga e branqueamento de capitais.\" \/>\n<meta property=\"og:url\" content=\"https:\/\/portaltela.pt\/noticias\/2026\/04\/29\/europol-prende-280-suspeitos-em-operacao-contra-violencia-por-encomenda\/\" \/>\n<meta property=\"og:site_name\" content=\"Portal Tela Portugal\" \/>\n<meta property=\"article:published_time\" content=\"2026-04-29T18:03:35+00:00\" \/>\n<meta name=\"author\" content=\"Telinha\" \/>\n<meta name=\"twitter:card\" content=\"summary_large_image\" \/>\n<meta name=\"twitter:label1\" content=\"Escrito por\" \/>\n\t<meta name=\"twitter:data1\" content=\"Telinha\" \/>\n\t<meta name=\"twitter:label2\" content=\"Tempo estimado de leitura\" \/>\n\t<meta name=\"twitter:data2\" content=\"1 minuto\" \/>\n<script type=\"application\/ld+json\" class=\"yoast-schema-graph\">{\"@context\":\"https:\/\/schema.org\",\"@graph\":[{\"@type\":\"Article\",\"@id\":\"https:\/\/portaltela.pt\/noticias\/2026\/04\/29\/europol-prende-280-suspeitos-em-operacao-contra-violencia-por-encomenda\/#article\",\"isPartOf\":{\"@id\":\"https:\/\/portaltela.pt\/noticias\/2026\/04\/29\/europol-prende-280-suspeitos-em-operacao-contra-violencia-por-encomenda\/\"},\"author\":{\"name\":\"Telinha\",\"@id\":\"https:\/\/portaltela.pt\/#\/schema\/person\/c4278d4a6028830caff9ee44b42d32ed\"},\"headline\":\"Europol prende 280 suspeitos em opera\u00e7\u00e3o contra viol\u00eancia por encomenda\",\"datePublished\":\"2026-04-29T18:03:35+00:00\",\"mainEntityOfPage\":{\"@id\":\"https:\/\/portaltela.pt\/noticias\/2026\/04\/29\/europol-prende-280-suspeitos-em-operacao-contra-violencia-por-encomenda\/\"},\"wordCount\":281,\"image\":{\"@id\":\"https:\/\/portaltela.pt\/noticias\/2026\/04\/29\/europol-prende-280-suspeitos-em-operacao-contra-violencia-por-encomenda\/#primaryimage\"},\"thumbnailUrl\":\"https:\/\/portaltela.pt\/s.01k8rhncp4jt1\/2026\/04\/1536x864_cmsv2_8e19c0f1-7a69-556c-be75-f1d9bbf5cb3d-9741255.jpg\",\"keywords\":[\"_coopera\u00e7\u00e3o internacional\",\"_crime internacional\",\"_Europa\",\"_organiza\u00e7\u00e3o criminosa\",\"_Uni\u00e3o Europeia\",\"_viol\u00eancia\"],\"articleSection\":[\"Criminalidade\",\"Seguran\u00e7a\"],\"inLanguage\":\"pt-PT\"},{\"@type\":\"WebPage\",\"@id\":\"https:\/\/portaltela.pt\/noticias\/2026\/04\/29\/europol-prende-280-suspeitos-em-operacao-contra-violencia-por-encomenda\/\",\"url\":\"https:\/\/portaltela.pt\/noticias\/2026\/04\/29\/europol-prende-280-suspeitos-em-operacao-contra-violencia-por-encomenda\/\",\"name\":\"Europol prende 280 suspeitos em opera\u00e7\u00e3o contra viol\u00eancia por encomenda - Portal Tela Portugal\",\"isPartOf\":{\"@id\":\"https:\/\/portaltela.pt\/#website\"},\"primaryImageOfPage\":{\"@id\":\"https:\/\/portaltela.pt\/noticias\/2026\/04\/29\/europol-prende-280-suspeitos-em-operacao-contra-violencia-por-encomenda\/#primaryimage\"},\"image\":{\"@id\":\"https:\/\/portaltela.pt\/noticias\/2026\/04\/29\/europol-prende-280-suspeitos-em-operacao-contra-violencia-por-encomenda\/#primaryimage\"},\"thumbnailUrl\":\"https:\/\/portaltela.pt\/s.01k8rhncp4jt1\/2026\/04\/1536x864_cmsv2_8e19c0f1-7a69-556c-be75-f1d9bbf5cb3d-9741255.jpg\",\"datePublished\":\"2026-04-29T18:03:35+00:00\",\"author\":{\"@id\":\"https:\/\/portaltela.pt\/#\/schema\/person\/c4278d4a6028830caff9ee44b42d32ed\"},\"breadcrumb\":{\"@id\":\"https:\/\/portaltela.pt\/noticias\/2026\/04\/29\/europol-prende-280-suspeitos-em-operacao-contra-violencia-por-encomenda\/#breadcrumb\"},\"inLanguage\":\"pt-PT\",\"potentialAction\":[{\"@type\":\"ReadAction\",\"target\":[\"https:\/\/portaltela.pt\/noticias\/2026\/04\/29\/europol-prende-280-suspeitos-em-operacao-contra-violencia-por-encomenda\/\"]}]},{\"@type\":\"ImageObject\",\"inLanguage\":\"pt-PT\",\"@id\":\"https:\/\/portaltela.pt\/noticias\/2026\/04\/29\/europol-prende-280-suspeitos-em-operacao-contra-violencia-por-encomenda\/#primaryimage\",\"url\":\"https:\/\/portaltela.pt\/s.01k8rhncp4jt1\/2026\/04\/1536x864_cmsv2_8e19c0f1-7a69-556c-be75-f1d9bbf5cb3d-9741255.jpg\",\"contentUrl\":\"https:\/\/portaltela.pt\/s.01k8rhncp4jt1\/2026\/04\/1536x864_cmsv2_8e19c0f1-7a69-556c-be75-f1d9bbf5cb3d-9741255.jpg\",\"width\":796,\"height\":448,\"caption\":\"Sede da Europol em Haia, 10 de outubro de 2018\"},{\"@type\":\"BreadcrumbList\",\"@id\":\"https:\/\/portaltela.pt\/noticias\/2026\/04\/29\/europol-prende-280-suspeitos-em-operacao-contra-violencia-por-encomenda\/#breadcrumb\",\"itemListElement\":[{\"@type\":\"ListItem\",\"position\":1,\"name\":\"In\u00edcio\",\"item\":\"https:\/\/portaltela.pt\/\"},{\"@type\":\"ListItem\",\"position\":2,\"name\":\"Europol prende 280 suspeitos em opera\u00e7\u00e3o contra viol\u00eancia por encomenda\"}]},{\"@type\":\"WebSite\",\"@id\":\"https:\/\/portaltela.pt\/#website\",\"url\":\"https:\/\/portaltela.pt\/\",\"name\":\"Portal Tela Portugal\",\"description\":\"\",\"potentialAction\":[{\"@type\":\"SearchAction\",\"target\":{\"@type\":\"EntryPoint\",\"urlTemplate\":\"https:\/\/portaltela.pt\/?s={search_term_string}\"},\"query-input\":{\"@type\":\"PropertyValueSpecification\",\"valueRequired\":true,\"valueName\":\"search_term_string\"}}],\"inLanguage\":\"pt-PT\"},{\"@type\":\"Person\",\"@id\":\"https:\/\/portaltela.pt\/#\/schema\/person\/c4278d4a6028830caff9ee44b42d32ed\",\"name\":\"Telinha\",\"image\":{\"@type\":\"ImageObject\",\"inLanguage\":\"pt-PT\",\"@id\":\"https:\/\/portaltela.pt\/s.01k8rhncp4jt1\/2025\/11\/talking-bot-125x125.png\",\"url\":\"https:\/\/portaltela.pt\/s.01k8rhncp4jt1\/2025\/11\/talking-bot-125x125.png\",\"contentUrl\":\"https:\/\/portaltela.pt\/s.01k8rhncp4jt1\/2025\/11\/talking-bot-125x125.png\",\"caption\":\"Telinha\"},\"sameAs\":[\"https:\/\/portaltela.pt\/\"],\"url\":\"https:\/\/portaltela.pt\/por\/367410592786\/\"}]}<\/script>\n<!-- \/ Yoast SEO plugin. -->","yoast_head_json":{"title":"Europol prende 280 suspeitos em opera\u00e7\u00e3o contra viol\u00eancia por encomenda - Portal Tela Portugal","robots":{"index":"index","follow":"follow","max-snippet":"max-snippet:-1","max-image-preview":"max-image-preview:large","max-video-preview":"max-video-preview:-1"},"og_locale":"pt_PT","og_type":"article","og_title":"Europol prende 280 suspeitos em opera\u00e7\u00e3o contra viol\u00eancia por encomenda - Portal Tela Portugal","og_description":"A task force Grimm, criada em abril de 2025 pela Europol com a participa\u00e7\u00e3o de onze pa\u00edses europeus, fez 280 deten\u00e7\u00f5es no seu primeiro ano. O grupo identificou mais de 1.400 pessoas ligadas \u00e0 pr\u00e1tica da \u201cviol\u00eancia por encomenda\u201d, um servi\u00e7o que facilita atos de viol\u00eancia atrav\u00e9s de redes online. A iniciativa envolve B\u00e9lgica, Dinamarca, Fran\u00e7a, Finl\u00e2ndia, Alemanha, Isl\u00e2ndia, Pa\u00edses Baixos, Noruega, Espanha, Su\u00e9cia e Reino Unido. Entre os detidos est\u00e1 um cidad\u00e3o neerland\u00eas acusado de ser o condutor de fuga de dois menores alegadamente respons\u00e1veis por explos\u00f5es na Alemanha em 2025; em janeiro, um menor foi detido na Su\u00e9cia por alegado envolvimento num tiroteio perto de uma pris\u00e3o na Holanda. A Europol publicou nos seus sites os tr\u00eas mais procurados ligados a redes de viol\u00eancia como servi\u00e7o: dois suecos e um alem\u00e3o, com crimes que incluem homic\u00eddio, tr\u00e1fico de droga e branqueamento de capitais.","og_url":"https:\/\/portaltela.pt\/noticias\/2026\/04\/29\/europol-prende-280-suspeitos-em-operacao-contra-violencia-por-encomenda\/","og_site_name":"Portal Tela Portugal","article_published_time":"2026-04-29T18:03:35+00:00","author":"Telinha","twitter_card":"summary_large_image","twitter_misc":{"Escrito por":"Telinha","Tempo estimado de leitura":"1 minuto"},"schema":{"@context":"https:\/\/schema.org","@graph":[{"@type":"Article","@id":"https:\/\/portaltela.pt\/noticias\/2026\/04\/29\/europol-prende-280-suspeitos-em-operacao-contra-violencia-por-encomenda\/#article","isPartOf":{"@id":"https:\/\/portaltela.pt\/noticias\/2026\/04\/29\/europol-prende-280-suspeitos-em-operacao-contra-violencia-por-encomenda\/"},"author":{"name":"Telinha","@id":"https:\/\/portaltela.pt\/#\/schema\/person\/c4278d4a6028830caff9ee44b42d32ed"},"headline":"Europol prende 280 suspeitos em opera\u00e7\u00e3o contra viol\u00eancia por encomenda","datePublished":"2026-04-29T18:03:35+00:00","mainEntityOfPage":{"@id":"https:\/\/portaltela.pt\/noticias\/2026\/04\/29\/europol-prende-280-suspeitos-em-operacao-contra-violencia-por-encomenda\/"},"wordCount":281,"image":{"@id":"https:\/\/portaltela.pt\/noticias\/2026\/04\/29\/europol-prende-280-suspeitos-em-operacao-contra-violencia-por-encomenda\/#primaryimage"},"thumbnailUrl":"https:\/\/portaltela.pt\/s.01k8rhncp4jt1\/2026\/04\/1536x864_cmsv2_8e19c0f1-7a69-556c-be75-f1d9bbf5cb3d-9741255.jpg","keywords":["_coopera\u00e7\u00e3o internacional","_crime internacional","_Europa","_organiza\u00e7\u00e3o criminosa","_Uni\u00e3o Europeia","_viol\u00eancia"],"articleSection":["Criminalidade","Seguran\u00e7a"],"inLanguage":"pt-PT"},{"@type":"WebPage","@id":"https:\/\/portaltela.pt\/noticias\/2026\/04\/29\/europol-prende-280-suspeitos-em-operacao-contra-violencia-por-encomenda\/","url":"https:\/\/portaltela.pt\/noticias\/2026\/04\/29\/europol-prende-280-suspeitos-em-operacao-contra-violencia-por-encomenda\/","name":"Europol prende 280 suspeitos em opera\u00e7\u00e3o contra viol\u00eancia por encomenda - Portal Tela Portugal","isPartOf":{"@id":"https:\/\/portaltela.pt\/#website"},"primaryImageOfPage":{"@id":"https:\/\/portaltela.pt\/noticias\/2026\/04\/29\/europol-prende-280-suspeitos-em-operacao-contra-violencia-por-encomenda\/#primaryimage"},"image":{"@id":"https:\/\/portaltela.pt\/noticias\/2026\/04\/29\/europol-prende-280-suspeitos-em-operacao-contra-violencia-por-encomenda\/#primaryimage"},"thumbnailUrl":"https:\/\/portaltela.pt\/s.01k8rhncp4jt1\/2026\/04\/1536x864_cmsv2_8e19c0f1-7a69-556c-be75-f1d9bbf5cb3d-9741255.jpg","datePublished":"2026-04-29T18:03:35+00:00","author":{"@id":"https:\/\/portaltela.pt\/#\/schema\/person\/c4278d4a6028830caff9ee44b42d32ed"},"breadcrumb":{"@id":"https:\/\/portaltela.pt\/noticias\/2026\/04\/29\/europol-prende-280-suspeitos-em-operacao-contra-violencia-por-encomenda\/#breadcrumb"},"inLanguage":"pt-PT","potentialAction":[{"@type":"ReadAction","target":["https:\/\/portaltela.pt\/noticias\/2026\/04\/29\/europol-prende-280-suspeitos-em-operacao-contra-violencia-por-encomenda\/"]}]},{"@type":"ImageObject","inLanguage":"pt-PT","@id":"https:\/\/portaltela.pt\/noticias\/2026\/04\/29\/europol-prende-280-suspeitos-em-operacao-contra-violencia-por-encomenda\/#primaryimage","url":"https:\/\/portaltela.pt\/s.01k8rhncp4jt1\/2026\/04\/1536x864_cmsv2_8e19c0f1-7a69-556c-be75-f1d9bbf5cb3d-9741255.jpg","contentUrl":"https:\/\/portaltela.pt\/s.01k8rhncp4jt1\/2026\/04\/1536x864_cmsv2_8e19c0f1-7a69-556c-be75-f1d9bbf5cb3d-9741255.jpg","width":796,"height":448,"caption":"Sede da Europol em Haia, 10 de outubro de 2018"},{"@type":"BreadcrumbList","@id":"https:\/\/portaltela.pt\/noticias\/2026\/04\/29\/europol-prende-280-suspeitos-em-operacao-contra-violencia-por-encomenda\/#breadcrumb","itemListElement":[{"@type":"ListItem","position":1,"name":"In\u00edcio","item":"https:\/\/portaltela.pt\/"},{"@type":"ListItem","position":2,"name":"Europol prende 280 suspeitos em opera\u00e7\u00e3o contra viol\u00eancia por encomenda"}]},{"@type":"WebSite","@id":"https:\/\/portaltela.pt\/#website","url":"https:\/\/portaltela.pt\/","name":"Portal Tela Portugal","description":"","potentialAction":[{"@type":"SearchAction","target":{"@type":"EntryPoint","urlTemplate":"https:\/\/portaltela.pt\/?s={search_term_string}"},"query-input":{"@type":"PropertyValueSpecification","valueRequired":true,"valueName":"search_term_string"}}],"inLanguage":"pt-PT"},{"@type":"Person","@id":"https:\/\/portaltela.pt\/#\/schema\/person\/c4278d4a6028830caff9ee44b42d32ed","name":"Telinha","image":{"@type":"ImageObject","inLanguage":"pt-PT","@id":"https:\/\/portaltela.pt\/s.01k8rhncp4jt1\/2025\/11\/talking-bot-125x125.png","url":"https:\/\/portaltela.pt\/s.01k8rhncp4jt1\/2025\/11\/talking-bot-125x125.png","contentUrl":"https:\/\/portaltela.pt\/s.01k8rhncp4jt1\/2025\/11\/talking-bot-125x125.png","caption":"Telinha"},"sameAs":["https:\/\/portaltela.pt\/"],"url":"https:\/\/portaltela.pt\/por\/367410592786\/"}]}},"_links":{"self":[{"href":"https:\/\/portaltela.pt\/api\/wp\/v2\/posts\/461347","targetHints":{"allow":["GET"]}}],"collection":[{"href":"https:\/\/portaltela.pt\/api\/wp\/v2\/posts"}],"about":[{"href":"https:\/\/portaltela.pt\/api\/wp\/v2\/types\/post"}],"author":[{"embeddable":true,"href":"https:\/\/portaltela.pt\/api\/wp\/v2\/users\/2"}],"replies":[{"embeddable":true,"href":"https:\/\/portaltela.pt\/api\/wp\/v2\/comments?post=461347"}],"version-history":[{"count":0,"href":"https:\/\/portaltela.pt\/api\/wp\/v2\/posts\/461347\/revisions"}],"wp:featuredmedia":[{"embeddable":true,"href":"https:\/\/portaltela.pt\/api\/wp\/v2\/media\/461349"}],"wp:attachment":[{"href":"https:\/\/portaltela.pt\/api\/wp\/v2\/media?parent=461347"}],"wp:term":[{"taxonomy":"category","embeddable":true,"href":"https:\/\/portaltela.pt\/api\/wp\/v2\/categories?post=461347"},{"taxonomy":"post_tag","embeddable":true,"href":"https:\/\/portaltela.pt\/api\/wp\/v2\/tags?post=461347"}],"curies":[{"name":"wp","href":"https:\/\/api.w.org\/{rel}","templated":true}]}}