{"id":461337,"date":"2026-04-29T14:48:06","date_gmt":"2026-04-29T17:48:06","guid":{"rendered":"https:\/\/portaltela.pt\/noticias\/2026\/04\/29\/cna-afirma-que-ptrr-ficou-muito-aquem-do-necessario-para-o-agro-florestal\/"},"modified":"2026-04-29T14:48:06","modified_gmt":"2026-04-29T17:48:06","slug":"cna-afirma-que-ptrr-ficou-muito-aquem-do-necessario-para-o-agro-florestal","status":"publish","type":"post","link":"https:\/\/portaltela.pt\/noticias\/economia\/2026\/04\/29\/cna-afirma-que-ptrr-ficou-muito-aquem-do-necessario-para-o-agro-florestal\/","title":{"rendered":"CNA afirma que PTRR ficou muito aqu\u00e9m do necess\u00e1rio para o agro-florestal"},"content":{"rendered":"<p>A CNA afirmou que o novo PTRR do Governo traz poucas novidades e fica aqu\u00e9m do necess\u00e1rio para impulsionar o setor agro-florestal. A associa\u00e7\u00e3o aponta que as a\u00e7\u00f5es se repetem em planos j\u00e1 existentes, com promessas de investimento que n\u00e3o se materializam.<\/p>\n<p>Segundo a CNA, o Governo n\u00e3o pode adiar o apoio aos preju\u00edzos provocados pelas intemp\u00e9ries. Defende o alargamento da ajuda simplificada para 15.000 euros e a inclus\u00e3o de culturas tempor\u00e1rias.<\/p>\n<p>A confedera\u00e7\u00e3o tamb\u00e9m alerta para a urg\u00eancia de retirar madeira das matas e criar parques de rece\u00e7\u00e3o com pre\u00e7os que garantam rendimento aos produtores.<\/p>\n<h3>Pontos-chave do PTRR segundo a CNA<\/h3>\n<p>A CNA teme falta de verbas para o setor agr\u00edcola, uma vez que o PTRR depende de fundos externos e n\u00e3o tem fundos pr\u00f3prios. Refere que o PEPAC j\u00e1 tem taxa de comprometimento elevada e o pr\u00f3ximo Quadro Financeiro ainda n\u00e3o est\u00e1 definido.<\/p>\n<p>A associa\u00e7\u00e3o acusa uma aparente desacelera\u00e7\u00e3o na execu\u00e7\u00e3o de rubricas, em especial a Mitiga\u00e7\u00e3o do Risco Agr\u00edcola, com o montante de 1,2 mil milh\u00f5es de euros at\u00e9 2034 considerado insuficiente face ao apoio anual do PEPAC.<\/p>\n<p>Tamb\u00e9m questiona a constru\u00e7\u00e3o de quatro barragens at\u00e9 2034, dizendo que j\u00e1 estavam previstas noutros planos desde 2007 e que n\u00e3o representa uma acelera\u00e7\u00e3o.<\/p>\n<h3>Medidas e prioridades solicitadas pela CNA<\/h3>\n<p>A CNA exorta \u00e0 cria\u00e7\u00e3o de seguros agr\u00edcolas p\u00fablicos, ao refor\u00e7o dos circuitos curtos de comercializa\u00e7\u00e3o e ao lan\u00e7amento de um programa de abastecimento de cantinas p\u00fablicas com produ\u00e7\u00e3o local.<\/p>\n<p>O objetivo \u00e9 que, at\u00e9 2030, cerca de 30% da alimenta\u00e7\u00e3o nas cantinas p\u00fablicas tenha origem na agricultura familiar. A dire\u00e7\u00e3o da CNA critica a aus\u00eancia de refer\u00eancia ao Estatuto da Agricultura Familiar no PTRR.<\/p>\n<p>A associa\u00e7\u00e3o reafirma a necessidade de apoiar o setor para combater o despovoamento e fortalecer a pequena e m\u00e9dia agricultura.<\/p>\n","protected":false},"excerpt":{"rendered":"<ul>\n<li>A CNA afirmou que o novo PTRR do Governo trouxe poucas novidades e ficou muito aqu\u00e9m do necess\u00e1rio para o setor agro-florestal.<\/li>\n<li>A nota refere promessas de milh\u00f5es que tendem a n\u00e3o sair do papel e alerta para medidas j\u00e1 existentes repetidas em an\u00fancios.<\/li>\n<li>A CNA defende apoio aos preju\u00edzos dos agricultores com intemp\u00e9ries, incluindo o alargamento da ajuda simplificada para os 15.000 euros e a inclus\u00e3o das culturas tempor\u00e1rias.<\/li>\n<li>No que diz respeito \u00e0 floresta, pediu a retirada de madeira das matas, cria\u00e7\u00e3o de parques de rece\u00e7\u00e3o e pre\u00e7os definidos para garantir rendimento aos produtores.<\/li>\n<li>A confedera\u00e7\u00e3o teme falta de verbas para o setor, cita que o PTRR depende de fundos externos, aponta a press\u00e3o de que o PEPAC j\u00e1 est\u00e1 com mais de 100% de comprometimento e comenta a prevista constru\u00e7\u00e3o de quatro barragens at\u00e9 2034 e a necessidade de seguros agr\u00edcolas p\u00fablicos e de maior apoio a circuitos curtos.<\/li>\n<\/ul>\n","protected":false},"author":2,"featured_media":461341,"comment_status":"closed","ping_status":"closed","sticky":false,"template":"","format":"standard","meta":{"footnotes":""},"categories":[2,6735],"tags":[7883,7979,9943,8598,8033,8114],"class_list":["post-461337","post","type-post","status-publish","format-standard","has-post-thumbnail","hentry","category-economia","category-negocios","tag-_agricultura","tag-_agroalimentar","tag-_agroflorestal","tag-_agropecuaria","tag-_alimentacao","tag-_investimento"],"yoast_head":"<!-- This site is optimized with the Yoast SEO plugin v27.2 - https:\/\/yoast.com\/product\/yoast-seo-wordpress\/ -->\n<title>CNA afirma que PTRR ficou muito aqu\u00e9m do necess\u00e1rio para o agro-florestal - Portal Tela Portugal<\/title>\n<meta name=\"robots\" content=\"index, follow, max-snippet:-1, max-image-preview:large, max-video-preview:-1\" \/>\n<meta property=\"og:locale\" content=\"pt_PT\" \/>\n<meta property=\"og:type\" content=\"article\" \/>\n<meta property=\"og:title\" content=\"CNA afirma que PTRR ficou muito aqu\u00e9m do necess\u00e1rio para o agro-florestal - Portal Tela Portugal\" \/>\n<meta property=\"og:description\" content=\"A CNA afirmou que o novo PTRR do Governo trouxe poucas novidades e ficou muito aqu\u00e9m do necess\u00e1rio para o setor agro-florestal. A nota refere promessas de milh\u00f5es que tendem a n\u00e3o sair do papel e alerta para medidas j\u00e1 existentes repetidas em an\u00fancios. A CNA defende apoio aos preju\u00edzos dos agricultores com intemp\u00e9ries, incluindo o alargamento da ajuda simplificada para os 15.000 euros e a inclus\u00e3o das culturas tempor\u00e1rias. No que diz respeito \u00e0 floresta, pediu a retirada de madeira das matas, cria\u00e7\u00e3o de parques de rece\u00e7\u00e3o e pre\u00e7os definidos para garantir rendimento aos produtores. A confedera\u00e7\u00e3o teme falta de verbas para o setor, cita que o PTRR depende de fundos externos, aponta a press\u00e3o de que o PEPAC j\u00e1 est\u00e1 com mais de 100% de comprometimento e comenta a prevista constru\u00e7\u00e3o de quatro barragens at\u00e9 2034 e a necessidade de seguros agr\u00edcolas p\u00fablicos e de maior apoio a circuitos curtos.\" \/>\n<meta property=\"og:url\" content=\"https:\/\/portaltela.pt\/noticias\/2026\/04\/29\/cna-afirma-que-ptrr-ficou-muito-aquem-do-necessario-para-o-agro-florestal\/\" \/>\n<meta property=\"og:site_name\" content=\"Portal Tela Portugal\" \/>\n<meta property=\"article:published_time\" content=\"2026-04-29T17:48:06+00:00\" \/>\n<meta name=\"author\" content=\"Telinha\" \/>\n<meta name=\"twitter:card\" content=\"summary_large_image\" \/>\n<meta name=\"twitter:label1\" content=\"Escrito por\" \/>\n\t<meta name=\"twitter:data1\" content=\"Telinha\" \/>\n\t<meta name=\"twitter:label2\" content=\"Tempo estimado de leitura\" \/>\n\t<meta name=\"twitter:data2\" content=\"2 minutos\" \/>\n<script type=\"application\/ld+json\" class=\"yoast-schema-graph\">{\"@context\":\"https:\/\/schema.org\",\"@graph\":[{\"@type\":\"Article\",\"@id\":\"https:\/\/portaltela.pt\/noticias\/2026\/04\/29\/cna-afirma-que-ptrr-ficou-muito-aquem-do-necessario-para-o-agro-florestal\/#article\",\"isPartOf\":{\"@id\":\"https:\/\/portaltela.pt\/noticias\/2026\/04\/29\/cna-afirma-que-ptrr-ficou-muito-aquem-do-necessario-para-o-agro-florestal\/\"},\"author\":{\"name\":\"Telinha\",\"@id\":\"https:\/\/portaltela.pt\/#\/schema\/person\/c4278d4a6028830caff9ee44b42d32ed\"},\"headline\":\"CNA afirma que PTRR ficou muito aqu\u00e9m do necess\u00e1rio para o agro-florestal\",\"datePublished\":\"2026-04-29T17:48:06+00:00\",\"mainEntityOfPage\":{\"@id\":\"https:\/\/portaltela.pt\/noticias\/2026\/04\/29\/cna-afirma-que-ptrr-ficou-muito-aquem-do-necessario-para-o-agro-florestal\/\"},\"wordCount\":346,\"image\":{\"@id\":\"https:\/\/portaltela.pt\/noticias\/2026\/04\/29\/cna-afirma-que-ptrr-ficou-muito-aquem-do-necessario-para-o-agro-florestal\/#primaryimage\"},\"thumbnailUrl\":\"https:\/\/portaltela.pt\/s.01k8rhncp4jt1\/2026\/04\/img_1280x721uu2015-12-29-16-49-00-504686.jpg\",\"keywords\":[\"_agricultura\",\"_agroalimentar\",\"_agroflorestal\",\"_agropecu\u00e1ria\",\"_alimenta\u00e7\u00e3o\",\"_investimento\"],\"articleSection\":[\"Economia\",\"Neg\u00f3cios\"],\"inLanguage\":\"pt-PT\"},{\"@type\":\"WebPage\",\"@id\":\"https:\/\/portaltela.pt\/noticias\/2026\/04\/29\/cna-afirma-que-ptrr-ficou-muito-aquem-do-necessario-para-o-agro-florestal\/\",\"url\":\"https:\/\/portaltela.pt\/noticias\/2026\/04\/29\/cna-afirma-que-ptrr-ficou-muito-aquem-do-necessario-para-o-agro-florestal\/\",\"name\":\"CNA afirma que PTRR ficou muito aqu\u00e9m do necess\u00e1rio para o agro-florestal - Portal Tela Portugal\",\"isPartOf\":{\"@id\":\"https:\/\/portaltela.pt\/#website\"},\"primaryImageOfPage\":{\"@id\":\"https:\/\/portaltela.pt\/noticias\/2026\/04\/29\/cna-afirma-que-ptrr-ficou-muito-aquem-do-necessario-para-o-agro-florestal\/#primaryimage\"},\"image\":{\"@id\":\"https:\/\/portaltela.pt\/noticias\/2026\/04\/29\/cna-afirma-que-ptrr-ficou-muito-aquem-do-necessario-para-o-agro-florestal\/#primaryimage\"},\"thumbnailUrl\":\"https:\/\/portaltela.pt\/s.01k8rhncp4jt1\/2026\/04\/img_1280x721uu2015-12-29-16-49-00-504686.jpg\",\"datePublished\":\"2026-04-29T17:48:06+00:00\",\"author\":{\"@id\":\"https:\/\/portaltela.pt\/#\/schema\/person\/c4278d4a6028830caff9ee44b42d32ed\"},\"breadcrumb\":{\"@id\":\"https:\/\/portaltela.pt\/noticias\/2026\/04\/29\/cna-afirma-que-ptrr-ficou-muito-aquem-do-necessario-para-o-agro-florestal\/#breadcrumb\"},\"inLanguage\":\"pt-PT\",\"potentialAction\":[{\"@type\":\"ReadAction\",\"target\":[\"https:\/\/portaltela.pt\/noticias\/2026\/04\/29\/cna-afirma-que-ptrr-ficou-muito-aquem-do-necessario-para-o-agro-florestal\/\"]}]},{\"@type\":\"ImageObject\",\"inLanguage\":\"pt-PT\",\"@id\":\"https:\/\/portaltela.pt\/noticias\/2026\/04\/29\/cna-afirma-que-ptrr-ficou-muito-aquem-do-necessario-para-o-agro-florestal\/#primaryimage\",\"url\":\"https:\/\/portaltela.pt\/s.01k8rhncp4jt1\/2026\/04\/img_1280x721uu2015-12-29-16-49-00-504686.jpg\",\"contentUrl\":\"https:\/\/portaltela.pt\/s.01k8rhncp4jt1\/2026\/04\/img_1280x721uu2015-12-29-16-49-00-504686.jpg\",\"width\":796,\"height\":448,\"caption\":\"Confedera\u00e7\u00e3o Nacional da Agricultura, CNA\"},{\"@type\":\"BreadcrumbList\",\"@id\":\"https:\/\/portaltela.pt\/noticias\/2026\/04\/29\/cna-afirma-que-ptrr-ficou-muito-aquem-do-necessario-para-o-agro-florestal\/#breadcrumb\",\"itemListElement\":[{\"@type\":\"ListItem\",\"position\":1,\"name\":\"In\u00edcio\",\"item\":\"https:\/\/portaltela.pt\/\"},{\"@type\":\"ListItem\",\"position\":2,\"name\":\"CNA afirma que PTRR ficou muito aqu\u00e9m do necess\u00e1rio para o agro-florestal\"}]},{\"@type\":\"WebSite\",\"@id\":\"https:\/\/portaltela.pt\/#website\",\"url\":\"https:\/\/portaltela.pt\/\",\"name\":\"Portal Tela Portugal\",\"description\":\"\",\"potentialAction\":[{\"@type\":\"SearchAction\",\"target\":{\"@type\":\"EntryPoint\",\"urlTemplate\":\"https:\/\/portaltela.pt\/?s={search_term_string}\"},\"query-input\":{\"@type\":\"PropertyValueSpecification\",\"valueRequired\":true,\"valueName\":\"search_term_string\"}}],\"inLanguage\":\"pt-PT\"},{\"@type\":\"Person\",\"@id\":\"https:\/\/portaltela.pt\/#\/schema\/person\/c4278d4a6028830caff9ee44b42d32ed\",\"name\":\"Telinha\",\"image\":{\"@type\":\"ImageObject\",\"inLanguage\":\"pt-PT\",\"@id\":\"https:\/\/portaltela.pt\/s.01k8rhncp4jt1\/2025\/11\/talking-bot-125x125.png\",\"url\":\"https:\/\/portaltela.pt\/s.01k8rhncp4jt1\/2025\/11\/talking-bot-125x125.png\",\"contentUrl\":\"https:\/\/portaltela.pt\/s.01k8rhncp4jt1\/2025\/11\/talking-bot-125x125.png\",\"caption\":\"Telinha\"},\"sameAs\":[\"https:\/\/portaltela.pt\/\"],\"url\":\"https:\/\/portaltela.pt\/por\/367410592786\/\"}]}<\/script>\n<!-- \/ Yoast SEO plugin. -->","yoast_head_json":{"title":"CNA afirma que PTRR ficou muito aqu\u00e9m do necess\u00e1rio para o agro-florestal - Portal Tela Portugal","robots":{"index":"index","follow":"follow","max-snippet":"max-snippet:-1","max-image-preview":"max-image-preview:large","max-video-preview":"max-video-preview:-1"},"og_locale":"pt_PT","og_type":"article","og_title":"CNA afirma que PTRR ficou muito aqu\u00e9m do necess\u00e1rio para o agro-florestal - Portal Tela Portugal","og_description":"A CNA afirmou que o novo PTRR do Governo trouxe poucas novidades e ficou muito aqu\u00e9m do necess\u00e1rio para o setor agro-florestal. A nota refere promessas de milh\u00f5es que tendem a n\u00e3o sair do papel e alerta para medidas j\u00e1 existentes repetidas em an\u00fancios. A CNA defende apoio aos preju\u00edzos dos agricultores com intemp\u00e9ries, incluindo o alargamento da ajuda simplificada para os 15.000 euros e a inclus\u00e3o das culturas tempor\u00e1rias. No que diz respeito \u00e0 floresta, pediu a retirada de madeira das matas, cria\u00e7\u00e3o de parques de rece\u00e7\u00e3o e pre\u00e7os definidos para garantir rendimento aos produtores. A confedera\u00e7\u00e3o teme falta de verbas para o setor, cita que o PTRR depende de fundos externos, aponta a press\u00e3o de que o PEPAC j\u00e1 est\u00e1 com mais de 100% de comprometimento e comenta a prevista constru\u00e7\u00e3o de quatro barragens at\u00e9 2034 e a necessidade de seguros agr\u00edcolas p\u00fablicos e de maior apoio a circuitos curtos.","og_url":"https:\/\/portaltela.pt\/noticias\/2026\/04\/29\/cna-afirma-que-ptrr-ficou-muito-aquem-do-necessario-para-o-agro-florestal\/","og_site_name":"Portal Tela Portugal","article_published_time":"2026-04-29T17:48:06+00:00","author":"Telinha","twitter_card":"summary_large_image","twitter_misc":{"Escrito por":"Telinha","Tempo estimado de leitura":"2 minutos"},"schema":{"@context":"https:\/\/schema.org","@graph":[{"@type":"Article","@id":"https:\/\/portaltela.pt\/noticias\/2026\/04\/29\/cna-afirma-que-ptrr-ficou-muito-aquem-do-necessario-para-o-agro-florestal\/#article","isPartOf":{"@id":"https:\/\/portaltela.pt\/noticias\/2026\/04\/29\/cna-afirma-que-ptrr-ficou-muito-aquem-do-necessario-para-o-agro-florestal\/"},"author":{"name":"Telinha","@id":"https:\/\/portaltela.pt\/#\/schema\/person\/c4278d4a6028830caff9ee44b42d32ed"},"headline":"CNA afirma que PTRR ficou muito aqu\u00e9m do necess\u00e1rio para o agro-florestal","datePublished":"2026-04-29T17:48:06+00:00","mainEntityOfPage":{"@id":"https:\/\/portaltela.pt\/noticias\/2026\/04\/29\/cna-afirma-que-ptrr-ficou-muito-aquem-do-necessario-para-o-agro-florestal\/"},"wordCount":346,"image":{"@id":"https:\/\/portaltela.pt\/noticias\/2026\/04\/29\/cna-afirma-que-ptrr-ficou-muito-aquem-do-necessario-para-o-agro-florestal\/#primaryimage"},"thumbnailUrl":"https:\/\/portaltela.pt\/s.01k8rhncp4jt1\/2026\/04\/img_1280x721uu2015-12-29-16-49-00-504686.jpg","keywords":["_agricultura","_agroalimentar","_agroflorestal","_agropecu\u00e1ria","_alimenta\u00e7\u00e3o","_investimento"],"articleSection":["Economia","Neg\u00f3cios"],"inLanguage":"pt-PT"},{"@type":"WebPage","@id":"https:\/\/portaltela.pt\/noticias\/2026\/04\/29\/cna-afirma-que-ptrr-ficou-muito-aquem-do-necessario-para-o-agro-florestal\/","url":"https:\/\/portaltela.pt\/noticias\/2026\/04\/29\/cna-afirma-que-ptrr-ficou-muito-aquem-do-necessario-para-o-agro-florestal\/","name":"CNA afirma que PTRR ficou muito aqu\u00e9m do necess\u00e1rio para o agro-florestal - Portal Tela Portugal","isPartOf":{"@id":"https:\/\/portaltela.pt\/#website"},"primaryImageOfPage":{"@id":"https:\/\/portaltela.pt\/noticias\/2026\/04\/29\/cna-afirma-que-ptrr-ficou-muito-aquem-do-necessario-para-o-agro-florestal\/#primaryimage"},"image":{"@id":"https:\/\/portaltela.pt\/noticias\/2026\/04\/29\/cna-afirma-que-ptrr-ficou-muito-aquem-do-necessario-para-o-agro-florestal\/#primaryimage"},"thumbnailUrl":"https:\/\/portaltela.pt\/s.01k8rhncp4jt1\/2026\/04\/img_1280x721uu2015-12-29-16-49-00-504686.jpg","datePublished":"2026-04-29T17:48:06+00:00","author":{"@id":"https:\/\/portaltela.pt\/#\/schema\/person\/c4278d4a6028830caff9ee44b42d32ed"},"breadcrumb":{"@id":"https:\/\/portaltela.pt\/noticias\/2026\/04\/29\/cna-afirma-que-ptrr-ficou-muito-aquem-do-necessario-para-o-agro-florestal\/#breadcrumb"},"inLanguage":"pt-PT","potentialAction":[{"@type":"ReadAction","target":["https:\/\/portaltela.pt\/noticias\/2026\/04\/29\/cna-afirma-que-ptrr-ficou-muito-aquem-do-necessario-para-o-agro-florestal\/"]}]},{"@type":"ImageObject","inLanguage":"pt-PT","@id":"https:\/\/portaltela.pt\/noticias\/2026\/04\/29\/cna-afirma-que-ptrr-ficou-muito-aquem-do-necessario-para-o-agro-florestal\/#primaryimage","url":"https:\/\/portaltela.pt\/s.01k8rhncp4jt1\/2026\/04\/img_1280x721uu2015-12-29-16-49-00-504686.jpg","contentUrl":"https:\/\/portaltela.pt\/s.01k8rhncp4jt1\/2026\/04\/img_1280x721uu2015-12-29-16-49-00-504686.jpg","width":796,"height":448,"caption":"Confedera\u00e7\u00e3o Nacional da Agricultura, CNA"},{"@type":"BreadcrumbList","@id":"https:\/\/portaltela.pt\/noticias\/2026\/04\/29\/cna-afirma-que-ptrr-ficou-muito-aquem-do-necessario-para-o-agro-florestal\/#breadcrumb","itemListElement":[{"@type":"ListItem","position":1,"name":"In\u00edcio","item":"https:\/\/portaltela.pt\/"},{"@type":"ListItem","position":2,"name":"CNA afirma que PTRR ficou muito aqu\u00e9m do necess\u00e1rio para o agro-florestal"}]},{"@type":"WebSite","@id":"https:\/\/portaltela.pt\/#website","url":"https:\/\/portaltela.pt\/","name":"Portal Tela Portugal","description":"","potentialAction":[{"@type":"SearchAction","target":{"@type":"EntryPoint","urlTemplate":"https:\/\/portaltela.pt\/?s={search_term_string}"},"query-input":{"@type":"PropertyValueSpecification","valueRequired":true,"valueName":"search_term_string"}}],"inLanguage":"pt-PT"},{"@type":"Person","@id":"https:\/\/portaltela.pt\/#\/schema\/person\/c4278d4a6028830caff9ee44b42d32ed","name":"Telinha","image":{"@type":"ImageObject","inLanguage":"pt-PT","@id":"https:\/\/portaltela.pt\/s.01k8rhncp4jt1\/2025\/11\/talking-bot-125x125.png","url":"https:\/\/portaltela.pt\/s.01k8rhncp4jt1\/2025\/11\/talking-bot-125x125.png","contentUrl":"https:\/\/portaltela.pt\/s.01k8rhncp4jt1\/2025\/11\/talking-bot-125x125.png","caption":"Telinha"},"sameAs":["https:\/\/portaltela.pt\/"],"url":"https:\/\/portaltela.pt\/por\/367410592786\/"}]}},"_links":{"self":[{"href":"https:\/\/portaltela.pt\/api\/wp\/v2\/posts\/461337","targetHints":{"allow":["GET"]}}],"collection":[{"href":"https:\/\/portaltela.pt\/api\/wp\/v2\/posts"}],"about":[{"href":"https:\/\/portaltela.pt\/api\/wp\/v2\/types\/post"}],"author":[{"embeddable":true,"href":"https:\/\/portaltela.pt\/api\/wp\/v2\/users\/2"}],"replies":[{"embeddable":true,"href":"https:\/\/portaltela.pt\/api\/wp\/v2\/comments?post=461337"}],"version-history":[{"count":0,"href":"https:\/\/portaltela.pt\/api\/wp\/v2\/posts\/461337\/revisions"}],"wp:featuredmedia":[{"embeddable":true,"href":"https:\/\/portaltela.pt\/api\/wp\/v2\/media\/461341"}],"wp:attachment":[{"href":"https:\/\/portaltela.pt\/api\/wp\/v2\/media?parent=461337"}],"wp:term":[{"taxonomy":"category","embeddable":true,"href":"https:\/\/portaltela.pt\/api\/wp\/v2\/categories?post=461337"},{"taxonomy":"post_tag","embeddable":true,"href":"https:\/\/portaltela.pt\/api\/wp\/v2\/tags?post=461337"}],"curies":[{"name":"wp","href":"https:\/\/api.w.org\/{rel}","templated":true}]}}