{"id":461320,"date":"2026-04-29T14:33:30","date_gmt":"2026-04-29T17:33:30","guid":{"rendered":"https:\/\/portaltela.pt\/noticias\/2026\/04\/29\/presidente-da-colombia-diz-que-combustiveis-fosseis-sao-suicidio-do-capitalismo\/"},"modified":"2026-04-29T14:33:30","modified_gmt":"2026-04-29T17:33:30","slug":"presidente-da-colombia-diz-que-combustiveis-fosseis-sao-suicidio-do-capitalismo","status":"publish","type":"post","link":"https:\/\/portaltela.pt\/noticias\/2026\/04\/29\/presidente-da-colombia-diz-que-combustiveis-fosseis-sao-suicidio-do-capitalismo\/","title":{"rendered":"Presidente da Col\u00f4mbia diz que combust\u00edveis f\u00f3sseis s\u00e3o suic\u00eddio do capitalismo"},"content":{"rendered":"<p>O Presidente da Col\u00f4mbia, Gustavo Petro, discursou na confer\u00eancia de Santa Marta dedicada \u00e0 transi\u00e7\u00e3o dos combust\u00edveis f\u00f3sseis. O evento, em parceria entre Col\u00f4mbia e Pa\u00edses Baixos, ocorre de forma paralela \u00e0s negocia\u00e7\u00f5es da UNFCCC e procura acelerar o abandono de carv\u00e3o, petr\u00f3leo e g\u00e1s. O tom foi firme, alinhado com metas clim\u00e1ticas globais.<\/p>\n<p>Durante o primeiro dia do segmento de alto n\u00edvel, Petro apelou a um abandono progressivo dos combust\u00edveis f\u00f3sseis para assegurar independ\u00eancia energ\u00e9tica. O debate re\u00fane l\u00edderes, cientistas e ativistas para discutir caminhos e prazos. A confer\u00eancia visa apresentar um roteiro para a COP30, j\u00e1 que as delega\u00e7\u00f5es buscam ferramentas para reduzir emiss\u00f5es.<\/p>\n<h3>Participantes e contexto<\/h3>\n<p>Wopke Hoekstra, comiss\u00e1rio europeu do Clima, insistiu na necessidade de abandonar energias f\u00f3sseis para cumprir compromissos de emiss\u00f5es do Acordo de Paris. Do lado colombiano, Irene V\u00e9lez destacou que f\u00f3sseis sustentam economias neocoloniais e destacaram vulnerabilidades estruturais. A UE, por seu turno, pondera pol\u00edticas sobre metano e explora\u00e7\u00e3o energ\u00e9tica.<\/p>\n<h3>Ci\u00eancia e caminhos para a transi\u00e7\u00e3o<\/h3>\n<p>Especialistas presentes defenderam a redu\u00e7\u00e3o global de emiss\u00f5es em 5% ao ano para manter o aquecimento abaixo de 1,5 graus. Johan Rockstr\u00f6m refor\u00e7ou a urg\u00eancia e apresentou uma colabora\u00e7\u00e3o cient\u00edfica internacional para apoiar a transi\u00e7\u00e3o energ\u00e9tica. Din\u00e2micas pol\u00edticas e ambientais continuam a influenciar decis\u00f5es nacionais e regionais.<\/p>\n<h3>Perspetivas futuras<\/h3>\n<p>A confer\u00eancia de Santa Marta continua hoje e prepara a pr\u00f3xima edi\u00e7\u00e3o, prevista para in\u00edcio de 2027, organizada por Tuvalu com apoio de pa\u00edses do Sul Global. O objetivo \u00e9 consolidar compromissos de transi\u00e7\u00e3o e manter o foco em a\u00e7\u00f5es concretas para reduzir a depend\u00eancia de combust\u00edveis f\u00f3sseis.<\/p>\n","protected":false},"excerpt":{"rendered":"<ul>\n<li>O Presidente colombiano Gustavo Petro afirmou que o modelo de capitalismo \u00e9 \u201csuicida\u201d ao depender de combust\u00edveis f\u00f3sseis, durante a Confer\u00eancia para a Transi\u00e7\u00e3o dos Combust\u00edveis F\u00f3sseis em Santa Marta.<\/li>\n<li>A confer\u00eancia, organizada pela Col\u00f4mbia e pelos Pa\u00edses Baixos, visa encurtar a dist\u00e2ncia entre discursos e a\u00e7\u00f5es para abandonar carv\u00e3o, petr\u00f3leo e g\u00e1s natural.<\/li>\n<li>O comiss\u00e1rio europeu do Clima, Wopke Hoekstra, defendeu abandonar energias f\u00f3sseis para alcan\u00e7ar independ\u00eancia energ\u00e9tica e cumprir os compromissos do Acordo de Paris, num contexto de debates sobre emiss\u00f5es e avalia\u00e7\u00e3o global.<\/li>\n<li>Cientistas alertaram para a urg\u00eancia da transi\u00e7\u00e3o, com Johan Rockstr\u00f6m a afirmar que \u00e9 preciso reduzir as emiss\u00f5es globais em pelo menos 5% ao ano para manter o objetivo de 1,5 graus Celsius, apoiando uma coopera\u00e7\u00e3o cient\u00edfica internacional.<\/li>\n<li>A organiza\u00e7\u00e3o de nova confer\u00eancia j\u00e1 est\u00e1 marcada para in\u00edcio de 2027, com Tuvalu a assumir a organiza\u00e7\u00e3o, em conjunto com outros pa\u00edses do Sul Global.<\/li>\n<\/ul>\n","protected":false},"author":2,"featured_media":461326,"comment_status":"closed","ping_status":"closed","sticky":false,"template":"","format":"standard","meta":{"footnotes":""},"categories":[7380,1],"tags":[167,256,7073,174,1809,5156],"class_list":["post-461320","post","type-post","status-publish","format-standard","has-post-thumbnail","hentry","category-clima","category-noticias","tag-ambiente","tag-cooperacao-internacional","tag-emissoes","tag-energia","tag-paises-baixos","tag-transicao-climatica"],"yoast_head":"<!-- This site is optimized with the Yoast SEO plugin v27.2 - https:\/\/yoast.com\/product\/yoast-seo-wordpress\/ -->\n<title>Presidente da Col\u00f4mbia diz que combust\u00edveis f\u00f3sseis s\u00e3o suic\u00eddio do capitalismo - Portal Tela Portugal<\/title>\n<meta name=\"robots\" content=\"index, follow, max-snippet:-1, max-image-preview:large, max-video-preview:-1\" \/>\n<meta property=\"og:locale\" content=\"pt_PT\" \/>\n<meta property=\"og:type\" content=\"article\" \/>\n<meta property=\"og:title\" content=\"Presidente da Col\u00f4mbia diz que combust\u00edveis f\u00f3sseis s\u00e3o suic\u00eddio do capitalismo - Portal Tela Portugal\" \/>\n<meta property=\"og:description\" content=\"O Presidente colombiano Gustavo Petro afirmou que o modelo de capitalismo \u00e9 \u201csuicida\u201d ao depender de combust\u00edveis f\u00f3sseis, durante a Confer\u00eancia para a Transi\u00e7\u00e3o dos Combust\u00edveis F\u00f3sseis em Santa Marta. A confer\u00eancia, organizada pela Col\u00f4mbia e pelos Pa\u00edses Baixos, visa encurtar a dist\u00e2ncia entre discursos e a\u00e7\u00f5es para abandonar carv\u00e3o, petr\u00f3leo e g\u00e1s natural. O comiss\u00e1rio europeu do Clima, Wopke Hoekstra, defendeu abandonar energias f\u00f3sseis para alcan\u00e7ar independ\u00eancia energ\u00e9tica e cumprir os compromissos do Acordo de Paris, num contexto de debates sobre emiss\u00f5es e avalia\u00e7\u00e3o global. Cientistas alertaram para a urg\u00eancia da transi\u00e7\u00e3o, com Johan Rockstr\u00f6m a afirmar que \u00e9 preciso reduzir as emiss\u00f5es globais em pelo menos 5% ao ano para manter o objetivo de 1,5 graus Celsius, apoiando uma coopera\u00e7\u00e3o cient\u00edfica internacional. A organiza\u00e7\u00e3o de nova confer\u00eancia j\u00e1 est\u00e1 marcada para in\u00edcio de 2027, com Tuvalu a assumir a organiza\u00e7\u00e3o, em conjunto com outros pa\u00edses do Sul Global.\" \/>\n<meta property=\"og:url\" content=\"https:\/\/portaltela.pt\/noticias\/2026\/04\/29\/presidente-da-colombia-diz-que-combustiveis-fosseis-sao-suicidio-do-capitalismo\/\" \/>\n<meta property=\"og:site_name\" content=\"Portal Tela Portugal\" \/>\n<meta property=\"article:published_time\" content=\"2026-04-29T17:33:30+00:00\" \/>\n<meta name=\"author\" content=\"Telinha\" \/>\n<meta name=\"twitter:card\" content=\"summary_large_image\" \/>\n<meta name=\"twitter:label1\" content=\"Escrito por\" \/>\n\t<meta name=\"twitter:data1\" content=\"Telinha\" \/>\n\t<meta name=\"twitter:label2\" content=\"Tempo estimado de leitura\" \/>\n\t<meta name=\"twitter:data2\" content=\"2 minutos\" \/>\n<script type=\"application\/ld+json\" class=\"yoast-schema-graph\">{\"@context\":\"https:\/\/schema.org\",\"@graph\":[{\"@type\":\"Article\",\"@id\":\"https:\/\/portaltela.pt\/noticias\/2026\/04\/29\/presidente-da-colombia-diz-que-combustiveis-fosseis-sao-suicidio-do-capitalismo\/#article\",\"isPartOf\":{\"@id\":\"https:\/\/portaltela.pt\/noticias\/2026\/04\/29\/presidente-da-colombia-diz-que-combustiveis-fosseis-sao-suicidio-do-capitalismo\/\"},\"author\":{\"name\":\"Telinha\",\"@id\":\"https:\/\/portaltela.pt\/#\/schema\/person\/c4278d4a6028830caff9ee44b42d32ed\"},\"headline\":\"Presidente da Col\u00f4mbia diz que combust\u00edveis f\u00f3sseis s\u00e3o suic\u00eddio do capitalismo\",\"datePublished\":\"2026-04-29T17:33:30+00:00\",\"mainEntityOfPage\":{\"@id\":\"https:\/\/portaltela.pt\/noticias\/2026\/04\/29\/presidente-da-colombia-diz-que-combustiveis-fosseis-sao-suicidio-do-capitalismo\/\"},\"wordCount\":326,\"image\":{\"@id\":\"https:\/\/portaltela.pt\/noticias\/2026\/04\/29\/presidente-da-colombia-diz-que-combustiveis-fosseis-sao-suicidio-do-capitalismo\/#primaryimage\"},\"thumbnailUrl\":\"https:\/\/portaltela.pt\/s.01k8rhncp4jt1\/2026\/04\/2084957.jpg\",\"keywords\":[\"ambiente\",\"coopera\u00e7\u00e3o internacional\",\"emiss\u00f5es\",\"energia\",\"Pa\u00edses Baixos\",\"Transi\u00e7\u00e3o Clim\u00e1tica\"],\"articleSection\":[\"Clima\",\"Not\u00edcias\"],\"inLanguage\":\"pt-PT\"},{\"@type\":\"WebPage\",\"@id\":\"https:\/\/portaltela.pt\/noticias\/2026\/04\/29\/presidente-da-colombia-diz-que-combustiveis-fosseis-sao-suicidio-do-capitalismo\/\",\"url\":\"https:\/\/portaltela.pt\/noticias\/2026\/04\/29\/presidente-da-colombia-diz-que-combustiveis-fosseis-sao-suicidio-do-capitalismo\/\",\"name\":\"Presidente da Col\u00f4mbia diz que combust\u00edveis f\u00f3sseis s\u00e3o suic\u00eddio do capitalismo - Portal Tela Portugal\",\"isPartOf\":{\"@id\":\"https:\/\/portaltela.pt\/#website\"},\"primaryImageOfPage\":{\"@id\":\"https:\/\/portaltela.pt\/noticias\/2026\/04\/29\/presidente-da-colombia-diz-que-combustiveis-fosseis-sao-suicidio-do-capitalismo\/#primaryimage\"},\"image\":{\"@id\":\"https:\/\/portaltela.pt\/noticias\/2026\/04\/29\/presidente-da-colombia-diz-que-combustiveis-fosseis-sao-suicidio-do-capitalismo\/#primaryimage\"},\"thumbnailUrl\":\"https:\/\/portaltela.pt\/s.01k8rhncp4jt1\/2026\/04\/2084957.jpg\",\"datePublished\":\"2026-04-29T17:33:30+00:00\",\"author\":{\"@id\":\"https:\/\/portaltela.pt\/#\/schema\/person\/c4278d4a6028830caff9ee44b42d32ed\"},\"breadcrumb\":{\"@id\":\"https:\/\/portaltela.pt\/noticias\/2026\/04\/29\/presidente-da-colombia-diz-que-combustiveis-fosseis-sao-suicidio-do-capitalismo\/#breadcrumb\"},\"inLanguage\":\"pt-PT\",\"potentialAction\":[{\"@type\":\"ReadAction\",\"target\":[\"https:\/\/portaltela.pt\/noticias\/2026\/04\/29\/presidente-da-colombia-diz-que-combustiveis-fosseis-sao-suicidio-do-capitalismo\/\"]}]},{\"@type\":\"ImageObject\",\"inLanguage\":\"pt-PT\",\"@id\":\"https:\/\/portaltela.pt\/noticias\/2026\/04\/29\/presidente-da-colombia-diz-que-combustiveis-fosseis-sao-suicidio-do-capitalismo\/#primaryimage\",\"url\":\"https:\/\/portaltela.pt\/s.01k8rhncp4jt1\/2026\/04\/2084957.jpg\",\"contentUrl\":\"https:\/\/portaltela.pt\/s.01k8rhncp4jt1\/2026\/04\/2084957.jpg\",\"width\":796,\"height\":448,\"caption\":\"O Presidente colombiano Gustavo Petro a discursar na confer\u00eancia de Santa Marta sobre a transi\u00e7\u00e3o para o abandono dos combust\u00edveis f\u00f3sseis\"},{\"@type\":\"BreadcrumbList\",\"@id\":\"https:\/\/portaltela.pt\/noticias\/2026\/04\/29\/presidente-da-colombia-diz-que-combustiveis-fosseis-sao-suicidio-do-capitalismo\/#breadcrumb\",\"itemListElement\":[{\"@type\":\"ListItem\",\"position\":1,\"name\":\"In\u00edcio\",\"item\":\"https:\/\/portaltela.pt\/\"},{\"@type\":\"ListItem\",\"position\":2,\"name\":\"Presidente da Col\u00f4mbia diz que combust\u00edveis f\u00f3sseis s\u00e3o suic\u00eddio do capitalismo\"}]},{\"@type\":\"WebSite\",\"@id\":\"https:\/\/portaltela.pt\/#website\",\"url\":\"https:\/\/portaltela.pt\/\",\"name\":\"Portal Tela Portugal\",\"description\":\"\",\"potentialAction\":[{\"@type\":\"SearchAction\",\"target\":{\"@type\":\"EntryPoint\",\"urlTemplate\":\"https:\/\/portaltela.pt\/?s={search_term_string}\"},\"query-input\":{\"@type\":\"PropertyValueSpecification\",\"valueRequired\":true,\"valueName\":\"search_term_string\"}}],\"inLanguage\":\"pt-PT\"},{\"@type\":\"Person\",\"@id\":\"https:\/\/portaltela.pt\/#\/schema\/person\/c4278d4a6028830caff9ee44b42d32ed\",\"name\":\"Telinha\",\"image\":{\"@type\":\"ImageObject\",\"inLanguage\":\"pt-PT\",\"@id\":\"https:\/\/portaltela.pt\/s.01k8rhncp4jt1\/2025\/11\/talking-bot-125x125.png\",\"url\":\"https:\/\/portaltela.pt\/s.01k8rhncp4jt1\/2025\/11\/talking-bot-125x125.png\",\"contentUrl\":\"https:\/\/portaltela.pt\/s.01k8rhncp4jt1\/2025\/11\/talking-bot-125x125.png\",\"caption\":\"Telinha\"},\"sameAs\":[\"https:\/\/portaltela.pt\/\"],\"url\":\"https:\/\/portaltela.pt\/por\/367410592786\/\"}]}<\/script>\n<!-- \/ Yoast SEO plugin. -->","yoast_head_json":{"title":"Presidente da Col\u00f4mbia diz que combust\u00edveis f\u00f3sseis s\u00e3o suic\u00eddio do capitalismo - Portal Tela Portugal","robots":{"index":"index","follow":"follow","max-snippet":"max-snippet:-1","max-image-preview":"max-image-preview:large","max-video-preview":"max-video-preview:-1"},"og_locale":"pt_PT","og_type":"article","og_title":"Presidente da Col\u00f4mbia diz que combust\u00edveis f\u00f3sseis s\u00e3o suic\u00eddio do capitalismo - Portal Tela Portugal","og_description":"O Presidente colombiano Gustavo Petro afirmou que o modelo de capitalismo \u00e9 \u201csuicida\u201d ao depender de combust\u00edveis f\u00f3sseis, durante a Confer\u00eancia para a Transi\u00e7\u00e3o dos Combust\u00edveis F\u00f3sseis em Santa Marta. A confer\u00eancia, organizada pela Col\u00f4mbia e pelos Pa\u00edses Baixos, visa encurtar a dist\u00e2ncia entre discursos e a\u00e7\u00f5es para abandonar carv\u00e3o, petr\u00f3leo e g\u00e1s natural. O comiss\u00e1rio europeu do Clima, Wopke Hoekstra, defendeu abandonar energias f\u00f3sseis para alcan\u00e7ar independ\u00eancia energ\u00e9tica e cumprir os compromissos do Acordo de Paris, num contexto de debates sobre emiss\u00f5es e avalia\u00e7\u00e3o global. Cientistas alertaram para a urg\u00eancia da transi\u00e7\u00e3o, com Johan Rockstr\u00f6m a afirmar que \u00e9 preciso reduzir as emiss\u00f5es globais em pelo menos 5% ao ano para manter o objetivo de 1,5 graus Celsius, apoiando uma coopera\u00e7\u00e3o cient\u00edfica internacional. A organiza\u00e7\u00e3o de nova confer\u00eancia j\u00e1 est\u00e1 marcada para in\u00edcio de 2027, com Tuvalu a assumir a organiza\u00e7\u00e3o, em conjunto com outros pa\u00edses do Sul Global.","og_url":"https:\/\/portaltela.pt\/noticias\/2026\/04\/29\/presidente-da-colombia-diz-que-combustiveis-fosseis-sao-suicidio-do-capitalismo\/","og_site_name":"Portal Tela Portugal","article_published_time":"2026-04-29T17:33:30+00:00","author":"Telinha","twitter_card":"summary_large_image","twitter_misc":{"Escrito por":"Telinha","Tempo estimado de leitura":"2 minutos"},"schema":{"@context":"https:\/\/schema.org","@graph":[{"@type":"Article","@id":"https:\/\/portaltela.pt\/noticias\/2026\/04\/29\/presidente-da-colombia-diz-que-combustiveis-fosseis-sao-suicidio-do-capitalismo\/#article","isPartOf":{"@id":"https:\/\/portaltela.pt\/noticias\/2026\/04\/29\/presidente-da-colombia-diz-que-combustiveis-fosseis-sao-suicidio-do-capitalismo\/"},"author":{"name":"Telinha","@id":"https:\/\/portaltela.pt\/#\/schema\/person\/c4278d4a6028830caff9ee44b42d32ed"},"headline":"Presidente da Col\u00f4mbia diz que combust\u00edveis f\u00f3sseis s\u00e3o suic\u00eddio do capitalismo","datePublished":"2026-04-29T17:33:30+00:00","mainEntityOfPage":{"@id":"https:\/\/portaltela.pt\/noticias\/2026\/04\/29\/presidente-da-colombia-diz-que-combustiveis-fosseis-sao-suicidio-do-capitalismo\/"},"wordCount":326,"image":{"@id":"https:\/\/portaltela.pt\/noticias\/2026\/04\/29\/presidente-da-colombia-diz-que-combustiveis-fosseis-sao-suicidio-do-capitalismo\/#primaryimage"},"thumbnailUrl":"https:\/\/portaltela.pt\/s.01k8rhncp4jt1\/2026\/04\/2084957.jpg","keywords":["ambiente","coopera\u00e7\u00e3o internacional","emiss\u00f5es","energia","Pa\u00edses Baixos","Transi\u00e7\u00e3o Clim\u00e1tica"],"articleSection":["Clima","Not\u00edcias"],"inLanguage":"pt-PT"},{"@type":"WebPage","@id":"https:\/\/portaltela.pt\/noticias\/2026\/04\/29\/presidente-da-colombia-diz-que-combustiveis-fosseis-sao-suicidio-do-capitalismo\/","url":"https:\/\/portaltela.pt\/noticias\/2026\/04\/29\/presidente-da-colombia-diz-que-combustiveis-fosseis-sao-suicidio-do-capitalismo\/","name":"Presidente da Col\u00f4mbia diz que combust\u00edveis f\u00f3sseis s\u00e3o suic\u00eddio do capitalismo - Portal Tela Portugal","isPartOf":{"@id":"https:\/\/portaltela.pt\/#website"},"primaryImageOfPage":{"@id":"https:\/\/portaltela.pt\/noticias\/2026\/04\/29\/presidente-da-colombia-diz-que-combustiveis-fosseis-sao-suicidio-do-capitalismo\/#primaryimage"},"image":{"@id":"https:\/\/portaltela.pt\/noticias\/2026\/04\/29\/presidente-da-colombia-diz-que-combustiveis-fosseis-sao-suicidio-do-capitalismo\/#primaryimage"},"thumbnailUrl":"https:\/\/portaltela.pt\/s.01k8rhncp4jt1\/2026\/04\/2084957.jpg","datePublished":"2026-04-29T17:33:30+00:00","author":{"@id":"https:\/\/portaltela.pt\/#\/schema\/person\/c4278d4a6028830caff9ee44b42d32ed"},"breadcrumb":{"@id":"https:\/\/portaltela.pt\/noticias\/2026\/04\/29\/presidente-da-colombia-diz-que-combustiveis-fosseis-sao-suicidio-do-capitalismo\/#breadcrumb"},"inLanguage":"pt-PT","potentialAction":[{"@type":"ReadAction","target":["https:\/\/portaltela.pt\/noticias\/2026\/04\/29\/presidente-da-colombia-diz-que-combustiveis-fosseis-sao-suicidio-do-capitalismo\/"]}]},{"@type":"ImageObject","inLanguage":"pt-PT","@id":"https:\/\/portaltela.pt\/noticias\/2026\/04\/29\/presidente-da-colombia-diz-que-combustiveis-fosseis-sao-suicidio-do-capitalismo\/#primaryimage","url":"https:\/\/portaltela.pt\/s.01k8rhncp4jt1\/2026\/04\/2084957.jpg","contentUrl":"https:\/\/portaltela.pt\/s.01k8rhncp4jt1\/2026\/04\/2084957.jpg","width":796,"height":448,"caption":"O Presidente colombiano Gustavo Petro a discursar na confer\u00eancia de Santa Marta sobre a transi\u00e7\u00e3o para o abandono dos combust\u00edveis f\u00f3sseis"},{"@type":"BreadcrumbList","@id":"https:\/\/portaltela.pt\/noticias\/2026\/04\/29\/presidente-da-colombia-diz-que-combustiveis-fosseis-sao-suicidio-do-capitalismo\/#breadcrumb","itemListElement":[{"@type":"ListItem","position":1,"name":"In\u00edcio","item":"https:\/\/portaltela.pt\/"},{"@type":"ListItem","position":2,"name":"Presidente da Col\u00f4mbia diz que combust\u00edveis f\u00f3sseis s\u00e3o suic\u00eddio do capitalismo"}]},{"@type":"WebSite","@id":"https:\/\/portaltela.pt\/#website","url":"https:\/\/portaltela.pt\/","name":"Portal Tela Portugal","description":"","potentialAction":[{"@type":"SearchAction","target":{"@type":"EntryPoint","urlTemplate":"https:\/\/portaltela.pt\/?s={search_term_string}"},"query-input":{"@type":"PropertyValueSpecification","valueRequired":true,"valueName":"search_term_string"}}],"inLanguage":"pt-PT"},{"@type":"Person","@id":"https:\/\/portaltela.pt\/#\/schema\/person\/c4278d4a6028830caff9ee44b42d32ed","name":"Telinha","image":{"@type":"ImageObject","inLanguage":"pt-PT","@id":"https:\/\/portaltela.pt\/s.01k8rhncp4jt1\/2025\/11\/talking-bot-125x125.png","url":"https:\/\/portaltela.pt\/s.01k8rhncp4jt1\/2025\/11\/talking-bot-125x125.png","contentUrl":"https:\/\/portaltela.pt\/s.01k8rhncp4jt1\/2025\/11\/talking-bot-125x125.png","caption":"Telinha"},"sameAs":["https:\/\/portaltela.pt\/"],"url":"https:\/\/portaltela.pt\/por\/367410592786\/"}]}},"_links":{"self":[{"href":"https:\/\/portaltela.pt\/api\/wp\/v2\/posts\/461320","targetHints":{"allow":["GET"]}}],"collection":[{"href":"https:\/\/portaltela.pt\/api\/wp\/v2\/posts"}],"about":[{"href":"https:\/\/portaltela.pt\/api\/wp\/v2\/types\/post"}],"author":[{"embeddable":true,"href":"https:\/\/portaltela.pt\/api\/wp\/v2\/users\/2"}],"replies":[{"embeddable":true,"href":"https:\/\/portaltela.pt\/api\/wp\/v2\/comments?post=461320"}],"version-history":[{"count":0,"href":"https:\/\/portaltela.pt\/api\/wp\/v2\/posts\/461320\/revisions"}],"wp:featuredmedia":[{"embeddable":true,"href":"https:\/\/portaltela.pt\/api\/wp\/v2\/media\/461326"}],"wp:attachment":[{"href":"https:\/\/portaltela.pt\/api\/wp\/v2\/media?parent=461320"}],"wp:term":[{"taxonomy":"category","embeddable":true,"href":"https:\/\/portaltela.pt\/api\/wp\/v2\/categories?post=461320"},{"taxonomy":"post_tag","embeddable":true,"href":"https:\/\/portaltela.pt\/api\/wp\/v2\/tags?post=461320"}],"curies":[{"name":"wp","href":"https:\/\/api.w.org\/{rel}","templated":true}]}}