{"id":461319,"date":"2026-04-29T14:33:28","date_gmt":"2026-04-29T17:33:28","guid":{"rendered":"https:\/\/portaltela.pt\/noticias\/2026\/04\/29\/prisao-efetiva-ocorreu-em-apenas-13-das-condenacoes-por-corrupcao-em-2025\/"},"modified":"2026-04-29T14:33:28","modified_gmt":"2026-04-29T17:33:28","slug":"prisao-efetiva-ocorreu-em-apenas-13-das-condenacoes-por-corrupcao-em-2025","status":"publish","type":"post","link":"https:\/\/portaltela.pt\/noticias\/2026\/04\/29\/prisao-efetiva-ocorreu-em-apenas-13-das-condenacoes-por-corrupcao-em-2025\/","title":{"rendered":"Pris\u00e3o efetiva ocorreu em apenas 13% das condena\u00e7\u00f5es por corrup\u00e7\u00e3o em 2025"},"content":{"rendered":"<p>A pris\u00e3o efetiva representou apenas 13% das condena\u00e7\u00f5es por crimes de corrup\u00e7\u00e3o e infra\u00e7\u00f5es conexas julgados em 2025. O dado consta no relat\u00f3rio anual do Mecanismo Nacional Anticorrup\u00e7\u00e3o (MENAC) relativo a 2025, divulgado nesta quarta-feira e entregue no parlamento ao presidente da Assembleia da Rep\u00fablica. Baseia-se em informa\u00e7\u00f5es do Conselho Superior da Magistratura (CSM).<\/p>\n<p>Segundo o MENAC, 68 arguidos foram condenados a penas de pris\u00e3o efetiva, enquanto 280 foram absolvidos, 208 receberam condena\u00e7\u00e3o com pena suspensa e 101 tiveram condena\u00e7\u00e3o com pena de multa. Os n\u00fameros indicam uma tend\u00eancia de san\u00e7\u00f5es mayoritariamente n\u00e3o privativas da liberdade e uma elevada taxa de absolvi\u00e7\u00f5es.<\/p>\n<p>Processos com maior dura\u00e7\u00e3o est\u00e3o associados a crimes como participa\u00e7\u00e3o econ\u00f4mica em neg\u00f3cio, peculato e recebimento ou oferta indevidos de vantagem, com dura\u00e7\u00f5es entre 84 e 89 meses. J\u00e1 os casos mais r\u00e1pidos dizem respeito a fraude na obten\u00e7\u00e3o de subs\u00eddio e corrup\u00e7\u00e3o ativa, com prazos entre 16 e 29 meses. O relat\u00f3rio aponta ainda que crimes de corrup\u00e7\u00e3o s\u00e3o os mais dif\u00edceis de provar e costumam terminar em arquivamentos.<\/p>\n<p>A reportagem tamb\u00e9m aponta que, de modo geral, os processos por corrup\u00e7\u00e3o levam, em m\u00e9dia, tr\u00eas anos desde o in\u00edcio at\u00e9 ao despacho final. Pode levar 2,5 anos at\u00e9 um arquivamento, mais de quatro para acusa\u00e7\u00e3o e at\u00e9 10 para recurso ou confirma\u00e7\u00e3o de condena\u00e7\u00e3o em segunda inst\u00e2ncia.<\/p>\n<p>O MENAC aponta a complexidade intr\u00ednseca da dete\u00e7\u00e3o e investiga\u00e7\u00e3o como fator que explica a dura\u00e7\u00e3o. Observa ainda um padr\u00e3o sancionat\u00f3rio com maior incid\u00eancia de penas n\u00e3o privativas da liberdade e uma baixa aplica\u00e7\u00e3o da pris\u00e3o efetiva, associada a uma elevada taxa de absolvi\u00e7\u00f5es. O relat\u00f3rio associa estas tend\u00eancias a dificuldades estruturais na investiga\u00e7\u00e3o e na prova.<\/p>\n<p>Outra linha relevante aponta para o crescimento do recurso \u00e0 arbitragem na resolu\u00e7\u00e3o de lit\u00edgios com o Estado, sobretudo em \u00e1reas com elevado risco de corrup\u00e7\u00e3o, como a contrata\u00e7\u00e3o p\u00fablica. O MENAC defende maior transpar\u00eancia e probidade nesses conflitos.<\/p>\n<p>Sobre a Entidade do Tesouro e Finan\u00e7as, que desde 2025 passou a monitorizar riscos financeiros de parcerias p\u00fablico-privadas (PPP), o relat\u00f3rio observa foco nas PPP rodovi\u00e1rias. Os lit\u00edgios identificados s\u00e3o duradouros e multissetoriais, sugerindo a necessidade de maior aten\u00e7\u00e3o a estes contratos, em termos de transpar\u00eancia e clareza.<\/p>\n","protected":false},"excerpt":{"rendered":"<ul>\n<li>A pris\u00e3o efetiva representou 13% das condena\u00e7\u00f5es por corrup\u00e7\u00e3o e infra\u00e7\u00f5es conexas em 2025, com a maioria dos arguidos absolvidos ou condenados a penas n\u00e3o privativas de liberdade; apenas 68 arguidos foram condenados a pris\u00e3o efetiva.<\/li>\n<li>No total, 280 foram absolvidos, 208 condenados a pena suspensa e 101 a multa, segundo o relat\u00f3rio do Mecanismo Nacional Anticorrup\u00e7\u00e3o (MENAC) de 2025, com base em dados do Conselho Superior da Magistratura (CSM).<\/li>\n<li>Os crimes com processos mais longos s\u00e3o participa\u00e7\u00e3o econ\u00f3mica em neg\u00f3cio, peculato e recebimento ou oferta indevidos de vantagem (84 a 89 meses); j\u00e1 os mais r\u00e1pidos dizem respeito a fraude na obten\u00e7\u00e3o de subs\u00eddio e corrup\u00e7\u00e3o ativa (16 a 29 meses).<\/li>\n<li>A dura\u00e7\u00e3o m\u00e9dia dos processos por corrup\u00e7\u00e3o e infra\u00e7\u00f5es associadas \u00e9 de cerca de tr\u00eas anos, com arquivamento poss\u00edvel ap\u00f3s 2,5 anos, acusa\u00e7\u00e3o ap\u00f3s mais de quatro e decis\u00e3o em segunda inst\u00e2ncia at\u00e9 10 anos.<\/li>\n<li>O MENAC aponta complexidade na dete\u00e7\u00e3o e prova destes delitos, maior uso de penas n\u00e3o privativas de liberdade e elevada taxa de absolvi\u00e7\u00e3o, al\u00e9m de indicar maior recurso \u00e0 arbitragem para lit\u00edgios com o Estado e enfatizar aten\u00e7\u00e3o refor\u00e7ada a contratos de parcerias p\u00fablico-privadas (PPP).<\/li>\n<\/ul>\n","protected":false},"author":2,"featured_media":461322,"comment_status":"closed","ping_status":"closed","sticky":false,"template":"","format":"standard","meta":{"footnotes":""},"categories":[6815,1],"tags":[7931,8668,8623,8052,7960,8615],"class_list":["post-461319","post","type-post","status-publish","format-standard","has-post-thumbnail","hentry","category-justica","category-noticias","tag-_arbitragem","tag-_condenacao","tag-_contratos-publicos","tag-_corrupcao","tag-_investigacao-criminal","tag-_transparencia-publica"],"yoast_head":"<!-- This site is optimized with the Yoast SEO plugin v27.2 - https:\/\/yoast.com\/product\/yoast-seo-wordpress\/ -->\n<title>Pris\u00e3o efetiva ocorreu em apenas 13% das condena\u00e7\u00f5es por corrup\u00e7\u00e3o em 2025 - Portal Tela Portugal<\/title>\n<meta name=\"robots\" content=\"index, follow, max-snippet:-1, max-image-preview:large, max-video-preview:-1\" \/>\n<meta property=\"og:locale\" content=\"pt_PT\" \/>\n<meta property=\"og:type\" content=\"article\" \/>\n<meta property=\"og:title\" content=\"Pris\u00e3o efetiva ocorreu em apenas 13% das condena\u00e7\u00f5es por corrup\u00e7\u00e3o em 2025 - Portal Tela Portugal\" \/>\n<meta property=\"og:description\" content=\"A pris\u00e3o efetiva representou 13% das condena\u00e7\u00f5es por corrup\u00e7\u00e3o e infra\u00e7\u00f5es conexas em 2025, com a maioria dos arguidos absolvidos ou condenados a penas n\u00e3o privativas de liberdade; apenas 68 arguidos foram condenados a pris\u00e3o efetiva. No total, 280 foram absolvidos, 208 condenados a pena suspensa e 101 a multa, segundo o relat\u00f3rio do Mecanismo Nacional Anticorrup\u00e7\u00e3o (MENAC) de 2025, com base em dados do Conselho Superior da Magistratura (CSM). Os crimes com processos mais longos s\u00e3o participa\u00e7\u00e3o econ\u00f3mica em neg\u00f3cio, peculato e recebimento ou oferta indevidos de vantagem (84 a 89 meses); j\u00e1 os mais r\u00e1pidos dizem respeito a fraude na obten\u00e7\u00e3o de subs\u00eddio e corrup\u00e7\u00e3o ativa (16 a 29 meses). A dura\u00e7\u00e3o m\u00e9dia dos processos por corrup\u00e7\u00e3o e infra\u00e7\u00f5es associadas \u00e9 de cerca de tr\u00eas anos, com arquivamento poss\u00edvel ap\u00f3s 2,5 anos, acusa\u00e7\u00e3o ap\u00f3s mais de quatro e decis\u00e3o em segunda inst\u00e2ncia at\u00e9 10 anos. O MENAC aponta complexidade na dete\u00e7\u00e3o e prova destes delitos, maior uso de penas n\u00e3o privativas de liberdade e elevada taxa de absolvi\u00e7\u00e3o, al\u00e9m de indicar maior recurso \u00e0 arbitragem para lit\u00edgios com o Estado e enfatizar aten\u00e7\u00e3o refor\u00e7ada a contratos de parcerias p\u00fablico-privadas (PPP).\" \/>\n<meta property=\"og:url\" content=\"https:\/\/portaltela.pt\/noticias\/2026\/04\/29\/prisao-efetiva-ocorreu-em-apenas-13-das-condenacoes-por-corrupcao-em-2025\/\" \/>\n<meta property=\"og:site_name\" content=\"Portal Tela Portugal\" \/>\n<meta property=\"article:published_time\" content=\"2026-04-29T17:33:28+00:00\" \/>\n<meta name=\"author\" content=\"Telinha\" \/>\n<meta name=\"twitter:card\" content=\"summary_large_image\" \/>\n<meta name=\"twitter:label1\" content=\"Escrito por\" \/>\n\t<meta name=\"twitter:data1\" content=\"Telinha\" \/>\n\t<meta name=\"twitter:label2\" content=\"Tempo estimado de leitura\" \/>\n\t<meta name=\"twitter:data2\" content=\"2 minutos\" \/>\n<script type=\"application\/ld+json\" class=\"yoast-schema-graph\">{\"@context\":\"https:\/\/schema.org\",\"@graph\":[{\"@type\":\"Article\",\"@id\":\"https:\/\/portaltela.pt\/noticias\/2026\/04\/29\/prisao-efetiva-ocorreu-em-apenas-13-das-condenacoes-por-corrupcao-em-2025\/#article\",\"isPartOf\":{\"@id\":\"https:\/\/portaltela.pt\/noticias\/2026\/04\/29\/prisao-efetiva-ocorreu-em-apenas-13-das-condenacoes-por-corrupcao-em-2025\/\"},\"author\":{\"name\":\"Telinha\",\"@id\":\"https:\/\/portaltela.pt\/#\/schema\/person\/c4278d4a6028830caff9ee44b42d32ed\"},\"headline\":\"Pris\u00e3o efetiva ocorreu em apenas 13% das condena\u00e7\u00f5es por corrup\u00e7\u00e3o em 2025\",\"datePublished\":\"2026-04-29T17:33:28+00:00\",\"mainEntityOfPage\":{\"@id\":\"https:\/\/portaltela.pt\/noticias\/2026\/04\/29\/prisao-efetiva-ocorreu-em-apenas-13-das-condenacoes-por-corrupcao-em-2025\/\"},\"wordCount\":429,\"image\":{\"@id\":\"https:\/\/portaltela.pt\/noticias\/2026\/04\/29\/prisao-efetiva-ocorreu-em-apenas-13-das-condenacoes-por-corrupcao-em-2025\/#primaryimage\"},\"thumbnailUrl\":\"https:\/\/portaltela.pt\/s.01k8rhncp4jt1\/2026\/04\/img_1500x1000uu2020-05-25-20-10-19-944915.jpg\",\"keywords\":[\"_arbitragem\",\"_condena\u00e7\u00e3o\",\"_contratos p\u00fablicos\",\"_corrup\u00e7\u00e3o\",\"_investiga\u00e7\u00e3o criminal\",\"_transpar\u00eancia p\u00fablica\"],\"articleSection\":[\"Justi\u00e7a\",\"Not\u00edcias\"],\"inLanguage\":\"pt-PT\"},{\"@type\":\"WebPage\",\"@id\":\"https:\/\/portaltela.pt\/noticias\/2026\/04\/29\/prisao-efetiva-ocorreu-em-apenas-13-das-condenacoes-por-corrupcao-em-2025\/\",\"url\":\"https:\/\/portaltela.pt\/noticias\/2026\/04\/29\/prisao-efetiva-ocorreu-em-apenas-13-das-condenacoes-por-corrupcao-em-2025\/\",\"name\":\"Pris\u00e3o efetiva ocorreu em apenas 13% das condena\u00e7\u00f5es por corrup\u00e7\u00e3o em 2025 - Portal Tela Portugal\",\"isPartOf\":{\"@id\":\"https:\/\/portaltela.pt\/#website\"},\"primaryImageOfPage\":{\"@id\":\"https:\/\/portaltela.pt\/noticias\/2026\/04\/29\/prisao-efetiva-ocorreu-em-apenas-13-das-condenacoes-por-corrupcao-em-2025\/#primaryimage\"},\"image\":{\"@id\":\"https:\/\/portaltela.pt\/noticias\/2026\/04\/29\/prisao-efetiva-ocorreu-em-apenas-13-das-condenacoes-por-corrupcao-em-2025\/#primaryimage\"},\"thumbnailUrl\":\"https:\/\/portaltela.pt\/s.01k8rhncp4jt1\/2026\/04\/img_1500x1000uu2020-05-25-20-10-19-944915.jpg\",\"datePublished\":\"2026-04-29T17:33:28+00:00\",\"author\":{\"@id\":\"https:\/\/portaltela.pt\/#\/schema\/person\/c4278d4a6028830caff9ee44b42d32ed\"},\"breadcrumb\":{\"@id\":\"https:\/\/portaltela.pt\/noticias\/2026\/04\/29\/prisao-efetiva-ocorreu-em-apenas-13-das-condenacoes-por-corrupcao-em-2025\/#breadcrumb\"},\"inLanguage\":\"pt-PT\",\"potentialAction\":[{\"@type\":\"ReadAction\",\"target\":[\"https:\/\/portaltela.pt\/noticias\/2026\/04\/29\/prisao-efetiva-ocorreu-em-apenas-13-das-condenacoes-por-corrupcao-em-2025\/\"]}]},{\"@type\":\"ImageObject\",\"inLanguage\":\"pt-PT\",\"@id\":\"https:\/\/portaltela.pt\/noticias\/2026\/04\/29\/prisao-efetiva-ocorreu-em-apenas-13-das-condenacoes-por-corrupcao-em-2025\/#primaryimage\",\"url\":\"https:\/\/portaltela.pt\/s.01k8rhncp4jt1\/2026\/04\/img_1500x1000uu2020-05-25-20-10-19-944915.jpg\",\"contentUrl\":\"https:\/\/portaltela.pt\/s.01k8rhncp4jt1\/2026\/04\/img_1500x1000uu2020-05-25-20-10-19-944915.jpg\",\"width\":796,\"height\":448,\"caption\":\"Pris\u00e3o\"},{\"@type\":\"BreadcrumbList\",\"@id\":\"https:\/\/portaltela.pt\/noticias\/2026\/04\/29\/prisao-efetiva-ocorreu-em-apenas-13-das-condenacoes-por-corrupcao-em-2025\/#breadcrumb\",\"itemListElement\":[{\"@type\":\"ListItem\",\"position\":1,\"name\":\"In\u00edcio\",\"item\":\"https:\/\/portaltela.pt\/\"},{\"@type\":\"ListItem\",\"position\":2,\"name\":\"Pris\u00e3o efetiva ocorreu em apenas 13% das condena\u00e7\u00f5es por corrup\u00e7\u00e3o em 2025\"}]},{\"@type\":\"WebSite\",\"@id\":\"https:\/\/portaltela.pt\/#website\",\"url\":\"https:\/\/portaltela.pt\/\",\"name\":\"Portal Tela Portugal\",\"description\":\"\",\"potentialAction\":[{\"@type\":\"SearchAction\",\"target\":{\"@type\":\"EntryPoint\",\"urlTemplate\":\"https:\/\/portaltela.pt\/?s={search_term_string}\"},\"query-input\":{\"@type\":\"PropertyValueSpecification\",\"valueRequired\":true,\"valueName\":\"search_term_string\"}}],\"inLanguage\":\"pt-PT\"},{\"@type\":\"Person\",\"@id\":\"https:\/\/portaltela.pt\/#\/schema\/person\/c4278d4a6028830caff9ee44b42d32ed\",\"name\":\"Telinha\",\"image\":{\"@type\":\"ImageObject\",\"inLanguage\":\"pt-PT\",\"@id\":\"https:\/\/portaltela.pt\/s.01k8rhncp4jt1\/2025\/11\/talking-bot-125x125.png\",\"url\":\"https:\/\/portaltela.pt\/s.01k8rhncp4jt1\/2025\/11\/talking-bot-125x125.png\",\"contentUrl\":\"https:\/\/portaltela.pt\/s.01k8rhncp4jt1\/2025\/11\/talking-bot-125x125.png\",\"caption\":\"Telinha\"},\"sameAs\":[\"https:\/\/portaltela.pt\/\"],\"url\":\"https:\/\/portaltela.pt\/por\/367410592786\/\"}]}<\/script>\n<!-- \/ Yoast SEO plugin. -->","yoast_head_json":{"title":"Pris\u00e3o efetiva ocorreu em apenas 13% das condena\u00e7\u00f5es por corrup\u00e7\u00e3o em 2025 - Portal Tela Portugal","robots":{"index":"index","follow":"follow","max-snippet":"max-snippet:-1","max-image-preview":"max-image-preview:large","max-video-preview":"max-video-preview:-1"},"og_locale":"pt_PT","og_type":"article","og_title":"Pris\u00e3o efetiva ocorreu em apenas 13% das condena\u00e7\u00f5es por corrup\u00e7\u00e3o em 2025 - Portal Tela Portugal","og_description":"A pris\u00e3o efetiva representou 13% das condena\u00e7\u00f5es por corrup\u00e7\u00e3o e infra\u00e7\u00f5es conexas em 2025, com a maioria dos arguidos absolvidos ou condenados a penas n\u00e3o privativas de liberdade; apenas 68 arguidos foram condenados a pris\u00e3o efetiva. No total, 280 foram absolvidos, 208 condenados a pena suspensa e 101 a multa, segundo o relat\u00f3rio do Mecanismo Nacional Anticorrup\u00e7\u00e3o (MENAC) de 2025, com base em dados do Conselho Superior da Magistratura (CSM). Os crimes com processos mais longos s\u00e3o participa\u00e7\u00e3o econ\u00f3mica em neg\u00f3cio, peculato e recebimento ou oferta indevidos de vantagem (84 a 89 meses); j\u00e1 os mais r\u00e1pidos dizem respeito a fraude na obten\u00e7\u00e3o de subs\u00eddio e corrup\u00e7\u00e3o ativa (16 a 29 meses). A dura\u00e7\u00e3o m\u00e9dia dos processos por corrup\u00e7\u00e3o e infra\u00e7\u00f5es associadas \u00e9 de cerca de tr\u00eas anos, com arquivamento poss\u00edvel ap\u00f3s 2,5 anos, acusa\u00e7\u00e3o ap\u00f3s mais de quatro e decis\u00e3o em segunda inst\u00e2ncia at\u00e9 10 anos. O MENAC aponta complexidade na dete\u00e7\u00e3o e prova destes delitos, maior uso de penas n\u00e3o privativas de liberdade e elevada taxa de absolvi\u00e7\u00e3o, al\u00e9m de indicar maior recurso \u00e0 arbitragem para lit\u00edgios com o Estado e enfatizar aten\u00e7\u00e3o refor\u00e7ada a contratos de parcerias p\u00fablico-privadas (PPP).","og_url":"https:\/\/portaltela.pt\/noticias\/2026\/04\/29\/prisao-efetiva-ocorreu-em-apenas-13-das-condenacoes-por-corrupcao-em-2025\/","og_site_name":"Portal Tela Portugal","article_published_time":"2026-04-29T17:33:28+00:00","author":"Telinha","twitter_card":"summary_large_image","twitter_misc":{"Escrito por":"Telinha","Tempo estimado de leitura":"2 minutos"},"schema":{"@context":"https:\/\/schema.org","@graph":[{"@type":"Article","@id":"https:\/\/portaltela.pt\/noticias\/2026\/04\/29\/prisao-efetiva-ocorreu-em-apenas-13-das-condenacoes-por-corrupcao-em-2025\/#article","isPartOf":{"@id":"https:\/\/portaltela.pt\/noticias\/2026\/04\/29\/prisao-efetiva-ocorreu-em-apenas-13-das-condenacoes-por-corrupcao-em-2025\/"},"author":{"name":"Telinha","@id":"https:\/\/portaltela.pt\/#\/schema\/person\/c4278d4a6028830caff9ee44b42d32ed"},"headline":"Pris\u00e3o efetiva ocorreu em apenas 13% das condena\u00e7\u00f5es por corrup\u00e7\u00e3o em 2025","datePublished":"2026-04-29T17:33:28+00:00","mainEntityOfPage":{"@id":"https:\/\/portaltela.pt\/noticias\/2026\/04\/29\/prisao-efetiva-ocorreu-em-apenas-13-das-condenacoes-por-corrupcao-em-2025\/"},"wordCount":429,"image":{"@id":"https:\/\/portaltela.pt\/noticias\/2026\/04\/29\/prisao-efetiva-ocorreu-em-apenas-13-das-condenacoes-por-corrupcao-em-2025\/#primaryimage"},"thumbnailUrl":"https:\/\/portaltela.pt\/s.01k8rhncp4jt1\/2026\/04\/img_1500x1000uu2020-05-25-20-10-19-944915.jpg","keywords":["_arbitragem","_condena\u00e7\u00e3o","_contratos p\u00fablicos","_corrup\u00e7\u00e3o","_investiga\u00e7\u00e3o criminal","_transpar\u00eancia p\u00fablica"],"articleSection":["Justi\u00e7a","Not\u00edcias"],"inLanguage":"pt-PT"},{"@type":"WebPage","@id":"https:\/\/portaltela.pt\/noticias\/2026\/04\/29\/prisao-efetiva-ocorreu-em-apenas-13-das-condenacoes-por-corrupcao-em-2025\/","url":"https:\/\/portaltela.pt\/noticias\/2026\/04\/29\/prisao-efetiva-ocorreu-em-apenas-13-das-condenacoes-por-corrupcao-em-2025\/","name":"Pris\u00e3o efetiva ocorreu em apenas 13% das condena\u00e7\u00f5es por corrup\u00e7\u00e3o em 2025 - Portal Tela Portugal","isPartOf":{"@id":"https:\/\/portaltela.pt\/#website"},"primaryImageOfPage":{"@id":"https:\/\/portaltela.pt\/noticias\/2026\/04\/29\/prisao-efetiva-ocorreu-em-apenas-13-das-condenacoes-por-corrupcao-em-2025\/#primaryimage"},"image":{"@id":"https:\/\/portaltela.pt\/noticias\/2026\/04\/29\/prisao-efetiva-ocorreu-em-apenas-13-das-condenacoes-por-corrupcao-em-2025\/#primaryimage"},"thumbnailUrl":"https:\/\/portaltela.pt\/s.01k8rhncp4jt1\/2026\/04\/img_1500x1000uu2020-05-25-20-10-19-944915.jpg","datePublished":"2026-04-29T17:33:28+00:00","author":{"@id":"https:\/\/portaltela.pt\/#\/schema\/person\/c4278d4a6028830caff9ee44b42d32ed"},"breadcrumb":{"@id":"https:\/\/portaltela.pt\/noticias\/2026\/04\/29\/prisao-efetiva-ocorreu-em-apenas-13-das-condenacoes-por-corrupcao-em-2025\/#breadcrumb"},"inLanguage":"pt-PT","potentialAction":[{"@type":"ReadAction","target":["https:\/\/portaltela.pt\/noticias\/2026\/04\/29\/prisao-efetiva-ocorreu-em-apenas-13-das-condenacoes-por-corrupcao-em-2025\/"]}]},{"@type":"ImageObject","inLanguage":"pt-PT","@id":"https:\/\/portaltela.pt\/noticias\/2026\/04\/29\/prisao-efetiva-ocorreu-em-apenas-13-das-condenacoes-por-corrupcao-em-2025\/#primaryimage","url":"https:\/\/portaltela.pt\/s.01k8rhncp4jt1\/2026\/04\/img_1500x1000uu2020-05-25-20-10-19-944915.jpg","contentUrl":"https:\/\/portaltela.pt\/s.01k8rhncp4jt1\/2026\/04\/img_1500x1000uu2020-05-25-20-10-19-944915.jpg","width":796,"height":448,"caption":"Pris\u00e3o"},{"@type":"BreadcrumbList","@id":"https:\/\/portaltela.pt\/noticias\/2026\/04\/29\/prisao-efetiva-ocorreu-em-apenas-13-das-condenacoes-por-corrupcao-em-2025\/#breadcrumb","itemListElement":[{"@type":"ListItem","position":1,"name":"In\u00edcio","item":"https:\/\/portaltela.pt\/"},{"@type":"ListItem","position":2,"name":"Pris\u00e3o efetiva ocorreu em apenas 13% das condena\u00e7\u00f5es por corrup\u00e7\u00e3o em 2025"}]},{"@type":"WebSite","@id":"https:\/\/portaltela.pt\/#website","url":"https:\/\/portaltela.pt\/","name":"Portal Tela Portugal","description":"","potentialAction":[{"@type":"SearchAction","target":{"@type":"EntryPoint","urlTemplate":"https:\/\/portaltela.pt\/?s={search_term_string}"},"query-input":{"@type":"PropertyValueSpecification","valueRequired":true,"valueName":"search_term_string"}}],"inLanguage":"pt-PT"},{"@type":"Person","@id":"https:\/\/portaltela.pt\/#\/schema\/person\/c4278d4a6028830caff9ee44b42d32ed","name":"Telinha","image":{"@type":"ImageObject","inLanguage":"pt-PT","@id":"https:\/\/portaltela.pt\/s.01k8rhncp4jt1\/2025\/11\/talking-bot-125x125.png","url":"https:\/\/portaltela.pt\/s.01k8rhncp4jt1\/2025\/11\/talking-bot-125x125.png","contentUrl":"https:\/\/portaltela.pt\/s.01k8rhncp4jt1\/2025\/11\/talking-bot-125x125.png","caption":"Telinha"},"sameAs":["https:\/\/portaltela.pt\/"],"url":"https:\/\/portaltela.pt\/por\/367410592786\/"}]}},"_links":{"self":[{"href":"https:\/\/portaltela.pt\/api\/wp\/v2\/posts\/461319","targetHints":{"allow":["GET"]}}],"collection":[{"href":"https:\/\/portaltela.pt\/api\/wp\/v2\/posts"}],"about":[{"href":"https:\/\/portaltela.pt\/api\/wp\/v2\/types\/post"}],"author":[{"embeddable":true,"href":"https:\/\/portaltela.pt\/api\/wp\/v2\/users\/2"}],"replies":[{"embeddable":true,"href":"https:\/\/portaltela.pt\/api\/wp\/v2\/comments?post=461319"}],"version-history":[{"count":0,"href":"https:\/\/portaltela.pt\/api\/wp\/v2\/posts\/461319\/revisions"}],"wp:featuredmedia":[{"embeddable":true,"href":"https:\/\/portaltela.pt\/api\/wp\/v2\/media\/461322"}],"wp:attachment":[{"href":"https:\/\/portaltela.pt\/api\/wp\/v2\/media?parent=461319"}],"wp:term":[{"taxonomy":"category","embeddable":true,"href":"https:\/\/portaltela.pt\/api\/wp\/v2\/categories?post=461319"},{"taxonomy":"post_tag","embeddable":true,"href":"https:\/\/portaltela.pt\/api\/wp\/v2\/tags?post=461319"}],"curies":[{"name":"wp","href":"https:\/\/api.w.org\/{rel}","templated":true}]}}