{"id":461308,"date":"2026-04-29T14:33:15","date_gmt":"2026-04-29T17:33:15","guid":{"rendered":"https:\/\/portaltela.pt\/noticias\/2026\/04\/29\/junta-de-belem-denuncia-festa-do-25-de-abril-a-policia-e-questiona-pcp\/"},"modified":"2026-04-29T14:33:15","modified_gmt":"2026-04-29T17:33:15","slug":"junta-de-belem-denuncia-festa-do-25-de-abril-a-policia-e-questiona-pcp","status":"publish","type":"post","link":"https:\/\/portaltela.pt\/sociedade\/2026\/04\/29\/junta-de-belem-denuncia-festa-do-25-de-abril-a-policia-e-questiona-pcp\/","title":{"rendered":"Junta de Bel\u00e9m denuncia festa do 25 de Abril \u00e0 pol\u00edcia e questiona PCP"},"content":{"rendered":"<p>A Junta de Bel\u00e9m denunciou \u00e0 pol\u00edcia a realiza\u00e7\u00e3o de uma festa do 25 de Abril no Largo da Princesa, em Bel\u00e9m, na tarde de 23 de Abril. O evento estava prestes a come\u00e7ar quando uma brigada da Pol\u00edcia Municipal de Lisboa chegou ao local para saber quem tinha autorizado a celebra\u00e7\u00e3o, ainda antes do seu in\u00edcio.<\/p>\n<p>As comemora\u00e7\u00f5es, promovidas por uma comiss\u00e3o de cidad\u00e3os, tinham sido autorizadas pela C\u00e2mara de Lisboa e pela PSP. Contudo, a visita policial surgiu no momento dos preparativos finais, quando os organizadores estavam a ultimar pormenores.<\/p>\n<p>Mais tarde, o presidente da junta questionou publicamente se o PCP teria organizado o evento, buscando esclarecer se houve envolvimento do partido na organiza\u00e7\u00e3o da festividade. A Junta de Bel\u00e9m n\u00e3o revelou novas informa\u00e7\u00f5es adicionais sobre o assunto.<\/p>\n<h3>Desdobramentos<\/h3>\n<p>A ocorr\u00eancia ocorre no contexto de controlo de atividades p\u00fablicas autorizadas pelos \u00f3rg\u00e3os municipais. A pol\u00edcia municipal limitou-se a confirmar ter solicitado informa\u00e7\u00f5es aos organizadores, sem adiantar detalhes sobre san\u00e7\u00f5es ou investiga\u00e7\u00f5es. O PCP n\u00e3o se pronunciou de forma direta sobre a organiza\u00e7\u00e3o do evento.<\/p>\n","protected":false},"excerpt":{"rendered":"<ul>\n<li>A Junta de Bel\u00e9m denunciou \u00e0 pol\u00edcia uma festa do 25 de Abril organizada por uma comiss\u00e3o de cidad\u00e3os.<\/li>\n<li>Os festejos foram autorizados pela C\u00e2mara de Lisboa e pela Pol\u00edcia de Seguran\u00e7a P\u00fablica (PSP) e realizavam-se no Largo da Princesa, em Bel\u00e9m.<\/li>\n<li>Uma brigada da Pol\u00edcia Municipal de Lisboa visitou o local ao final da tarde de quinta-feira, 23 de Abril, durante os preparativos.<\/li>\n<li>Os agentes questionaram os organizadores sobre quem tinha autorizado o evento.<\/li>\n<li>Mais tarde, o presidente da junta Questionou se o Partido Comunista Portugu\u00eas (PCP) ter\u00e1 organizado a festa.<\/li>\n<\/ul>\n","protected":false},"author":2,"featured_media":461325,"comment_status":"closed","ping_status":"closed","sticky":false,"template":"","format":"standard","meta":{"footnotes":""},"categories":[7384,6871],"tags":[9063,7974,9297,8902,7913,8041],"class_list":["post-461308","post","type-post","status-publish","format-standard","has-post-thumbnail","hentry","category-curiosidades","category-sociedade","tag-_25-de-abril","tag-_lisboa","tag-_pcp","tag-_policia-municipal","tag-_politica","tag-_psp"],"yoast_head":"<!-- This site is optimized with the Yoast SEO plugin v27.2 - https:\/\/yoast.com\/product\/yoast-seo-wordpress\/ -->\n<title>Junta de Bel\u00e9m denuncia festa do 25 de Abril \u00e0 pol\u00edcia e questiona PCP - Portal Tela Portugal<\/title>\n<meta name=\"robots\" content=\"index, follow, max-snippet:-1, max-image-preview:large, max-video-preview:-1\" \/>\n<meta property=\"og:locale\" content=\"pt_PT\" \/>\n<meta property=\"og:type\" content=\"article\" \/>\n<meta property=\"og:title\" content=\"Junta de Bel\u00e9m denuncia festa do 25 de Abril \u00e0 pol\u00edcia e questiona PCP - Portal Tela Portugal\" \/>\n<meta property=\"og:description\" content=\"A Junta de Bel\u00e9m denunciou \u00e0 pol\u00edcia uma festa do 25 de Abril organizada por uma comiss\u00e3o de cidad\u00e3os. Os festejos foram autorizados pela C\u00e2mara de Lisboa e pela Pol\u00edcia de Seguran\u00e7a P\u00fablica (PSP) e realizavam-se no Largo da Princesa, em Bel\u00e9m. Uma brigada da Pol\u00edcia Municipal de Lisboa visitou o local ao final da tarde de quinta-feira, 23 de Abril, durante os preparativos. Os agentes questionaram os organizadores sobre quem tinha autorizado o evento. Mais tarde, o presidente da junta Questionou se o Partido Comunista Portugu\u00eas (PCP) ter\u00e1 organizado a festa.\" \/>\n<meta property=\"og:url\" content=\"https:\/\/portaltela.pt\/noticias\/2026\/04\/29\/junta-de-belem-denuncia-festa-do-25-de-abril-a-policia-e-questiona-pcp\/\" \/>\n<meta property=\"og:site_name\" content=\"Portal Tela Portugal\" \/>\n<meta property=\"article:published_time\" content=\"2026-04-29T17:33:15+00:00\" \/>\n<meta name=\"author\" content=\"Telinha\" \/>\n<meta name=\"twitter:card\" content=\"summary_large_image\" \/>\n<meta name=\"twitter:label1\" content=\"Escrito por\" \/>\n\t<meta name=\"twitter:data1\" content=\"Telinha\" \/>\n\t<meta name=\"twitter:label2\" content=\"Tempo estimado de leitura\" \/>\n\t<meta name=\"twitter:data2\" content=\"1 minuto\" \/>\n<script type=\"application\/ld+json\" class=\"yoast-schema-graph\">{\"@context\":\"https:\/\/schema.org\",\"@graph\":[{\"@type\":\"Article\",\"@id\":\"https:\/\/portaltela.pt\/noticias\/2026\/04\/29\/junta-de-belem-denuncia-festa-do-25-de-abril-a-policia-e-questiona-pcp\/#article\",\"isPartOf\":{\"@id\":\"https:\/\/portaltela.pt\/noticias\/2026\/04\/29\/junta-de-belem-denuncia-festa-do-25-de-abril-a-policia-e-questiona-pcp\/\"},\"author\":{\"name\":\"Telinha\",\"@id\":\"https:\/\/portaltela.pt\/#\/schema\/person\/c4278d4a6028830caff9ee44b42d32ed\"},\"headline\":\"Junta de Bel\u00e9m denuncia festa do 25 de Abril \u00e0 pol\u00edcia e questiona PCP\",\"datePublished\":\"2026-04-29T17:33:15+00:00\",\"mainEntityOfPage\":{\"@id\":\"https:\/\/portaltela.pt\/noticias\/2026\/04\/29\/junta-de-belem-denuncia-festa-do-25-de-abril-a-policia-e-questiona-pcp\/\"},\"wordCount\":212,\"image\":{\"@id\":\"https:\/\/portaltela.pt\/noticias\/2026\/04\/29\/junta-de-belem-denuncia-festa-do-25-de-abril-a-policia-e-questiona-pcp\/#primaryimage\"},\"thumbnailUrl\":\"https:\/\/portaltela.pt\/s.01k8rhncp4jt1\/2026\/04\/2084956.jpg\",\"keywords\":[\"_25 de Abril\",\"_Lisboa\",\"_PCP\",\"_pol\u00edcia municipal\",\"_pol\u00edtica\",\"_PSP\"],\"articleSection\":[\"Curiosidades\",\"Sociedade\"],\"inLanguage\":\"pt-PT\"},{\"@type\":\"WebPage\",\"@id\":\"https:\/\/portaltela.pt\/noticias\/2026\/04\/29\/junta-de-belem-denuncia-festa-do-25-de-abril-a-policia-e-questiona-pcp\/\",\"url\":\"https:\/\/portaltela.pt\/noticias\/2026\/04\/29\/junta-de-belem-denuncia-festa-do-25-de-abril-a-policia-e-questiona-pcp\/\",\"name\":\"Junta de Bel\u00e9m denuncia festa do 25 de Abril \u00e0 pol\u00edcia e questiona PCP - Portal Tela Portugal\",\"isPartOf\":{\"@id\":\"https:\/\/portaltela.pt\/#website\"},\"primaryImageOfPage\":{\"@id\":\"https:\/\/portaltela.pt\/noticias\/2026\/04\/29\/junta-de-belem-denuncia-festa-do-25-de-abril-a-policia-e-questiona-pcp\/#primaryimage\"},\"image\":{\"@id\":\"https:\/\/portaltela.pt\/noticias\/2026\/04\/29\/junta-de-belem-denuncia-festa-do-25-de-abril-a-policia-e-questiona-pcp\/#primaryimage\"},\"thumbnailUrl\":\"https:\/\/portaltela.pt\/s.01k8rhncp4jt1\/2026\/04\/2084956.jpg\",\"datePublished\":\"2026-04-29T17:33:15+00:00\",\"author\":{\"@id\":\"https:\/\/portaltela.pt\/#\/schema\/person\/c4278d4a6028830caff9ee44b42d32ed\"},\"breadcrumb\":{\"@id\":\"https:\/\/portaltela.pt\/noticias\/2026\/04\/29\/junta-de-belem-denuncia-festa-do-25-de-abril-a-policia-e-questiona-pcp\/#breadcrumb\"},\"inLanguage\":\"pt-PT\",\"potentialAction\":[{\"@type\":\"ReadAction\",\"target\":[\"https:\/\/portaltela.pt\/noticias\/2026\/04\/29\/junta-de-belem-denuncia-festa-do-25-de-abril-a-policia-e-questiona-pcp\/\"]}]},{\"@type\":\"ImageObject\",\"inLanguage\":\"pt-PT\",\"@id\":\"https:\/\/portaltela.pt\/noticias\/2026\/04\/29\/junta-de-belem-denuncia-festa-do-25-de-abril-a-policia-e-questiona-pcp\/#primaryimage\",\"url\":\"https:\/\/portaltela.pt\/s.01k8rhncp4jt1\/2026\/04\/2084956.jpg\",\"contentUrl\":\"https:\/\/portaltela.pt\/s.01k8rhncp4jt1\/2026\/04\/2084956.jpg\",\"width\":796,\"height\":448,\"caption\":\"Comemora\u00e7\u00f5es do 25 de Abril em Bel\u00e9m motivaram den\u00fancia da junta de freguesia \u00e0 Pol\u00edcia Municipal\"},{\"@type\":\"BreadcrumbList\",\"@id\":\"https:\/\/portaltela.pt\/noticias\/2026\/04\/29\/junta-de-belem-denuncia-festa-do-25-de-abril-a-policia-e-questiona-pcp\/#breadcrumb\",\"itemListElement\":[{\"@type\":\"ListItem\",\"position\":1,\"name\":\"In\u00edcio\",\"item\":\"https:\/\/portaltela.pt\/\"},{\"@type\":\"ListItem\",\"position\":2,\"name\":\"Junta de Bel\u00e9m denuncia festa do 25 de Abril \u00e0 pol\u00edcia e questiona PCP\"}]},{\"@type\":\"WebSite\",\"@id\":\"https:\/\/portaltela.pt\/#website\",\"url\":\"https:\/\/portaltela.pt\/\",\"name\":\"Portal Tela Portugal\",\"description\":\"\",\"potentialAction\":[{\"@type\":\"SearchAction\",\"target\":{\"@type\":\"EntryPoint\",\"urlTemplate\":\"https:\/\/portaltela.pt\/?s={search_term_string}\"},\"query-input\":{\"@type\":\"PropertyValueSpecification\",\"valueRequired\":true,\"valueName\":\"search_term_string\"}}],\"inLanguage\":\"pt-PT\"},{\"@type\":\"Person\",\"@id\":\"https:\/\/portaltela.pt\/#\/schema\/person\/c4278d4a6028830caff9ee44b42d32ed\",\"name\":\"Telinha\",\"image\":{\"@type\":\"ImageObject\",\"inLanguage\":\"pt-PT\",\"@id\":\"https:\/\/portaltela.pt\/s.01k8rhncp4jt1\/2025\/11\/talking-bot-125x125.png\",\"url\":\"https:\/\/portaltela.pt\/s.01k8rhncp4jt1\/2025\/11\/talking-bot-125x125.png\",\"contentUrl\":\"https:\/\/portaltela.pt\/s.01k8rhncp4jt1\/2025\/11\/talking-bot-125x125.png\",\"caption\":\"Telinha\"},\"sameAs\":[\"https:\/\/portaltela.pt\/\"],\"url\":\"https:\/\/portaltela.pt\/por\/367410592786\/\"}]}<\/script>\n<!-- \/ Yoast SEO plugin. -->","yoast_head_json":{"title":"Junta de Bel\u00e9m denuncia festa do 25 de Abril \u00e0 pol\u00edcia e questiona PCP - Portal Tela Portugal","robots":{"index":"index","follow":"follow","max-snippet":"max-snippet:-1","max-image-preview":"max-image-preview:large","max-video-preview":"max-video-preview:-1"},"og_locale":"pt_PT","og_type":"article","og_title":"Junta de Bel\u00e9m denuncia festa do 25 de Abril \u00e0 pol\u00edcia e questiona PCP - Portal Tela Portugal","og_description":"A Junta de Bel\u00e9m denunciou \u00e0 pol\u00edcia uma festa do 25 de Abril organizada por uma comiss\u00e3o de cidad\u00e3os. Os festejos foram autorizados pela C\u00e2mara de Lisboa e pela Pol\u00edcia de Seguran\u00e7a P\u00fablica (PSP) e realizavam-se no Largo da Princesa, em Bel\u00e9m. Uma brigada da Pol\u00edcia Municipal de Lisboa visitou o local ao final da tarde de quinta-feira, 23 de Abril, durante os preparativos. Os agentes questionaram os organizadores sobre quem tinha autorizado o evento. Mais tarde, o presidente da junta Questionou se o Partido Comunista Portugu\u00eas (PCP) ter\u00e1 organizado a festa.","og_url":"https:\/\/portaltela.pt\/noticias\/2026\/04\/29\/junta-de-belem-denuncia-festa-do-25-de-abril-a-policia-e-questiona-pcp\/","og_site_name":"Portal Tela Portugal","article_published_time":"2026-04-29T17:33:15+00:00","author":"Telinha","twitter_card":"summary_large_image","twitter_misc":{"Escrito por":"Telinha","Tempo estimado de leitura":"1 minuto"},"schema":{"@context":"https:\/\/schema.org","@graph":[{"@type":"Article","@id":"https:\/\/portaltela.pt\/noticias\/2026\/04\/29\/junta-de-belem-denuncia-festa-do-25-de-abril-a-policia-e-questiona-pcp\/#article","isPartOf":{"@id":"https:\/\/portaltela.pt\/noticias\/2026\/04\/29\/junta-de-belem-denuncia-festa-do-25-de-abril-a-policia-e-questiona-pcp\/"},"author":{"name":"Telinha","@id":"https:\/\/portaltela.pt\/#\/schema\/person\/c4278d4a6028830caff9ee44b42d32ed"},"headline":"Junta de Bel\u00e9m denuncia festa do 25 de Abril \u00e0 pol\u00edcia e questiona PCP","datePublished":"2026-04-29T17:33:15+00:00","mainEntityOfPage":{"@id":"https:\/\/portaltela.pt\/noticias\/2026\/04\/29\/junta-de-belem-denuncia-festa-do-25-de-abril-a-policia-e-questiona-pcp\/"},"wordCount":212,"image":{"@id":"https:\/\/portaltela.pt\/noticias\/2026\/04\/29\/junta-de-belem-denuncia-festa-do-25-de-abril-a-policia-e-questiona-pcp\/#primaryimage"},"thumbnailUrl":"https:\/\/portaltela.pt\/s.01k8rhncp4jt1\/2026\/04\/2084956.jpg","keywords":["_25 de Abril","_Lisboa","_PCP","_pol\u00edcia municipal","_pol\u00edtica","_PSP"],"articleSection":["Curiosidades","Sociedade"],"inLanguage":"pt-PT"},{"@type":"WebPage","@id":"https:\/\/portaltela.pt\/noticias\/2026\/04\/29\/junta-de-belem-denuncia-festa-do-25-de-abril-a-policia-e-questiona-pcp\/","url":"https:\/\/portaltela.pt\/noticias\/2026\/04\/29\/junta-de-belem-denuncia-festa-do-25-de-abril-a-policia-e-questiona-pcp\/","name":"Junta de Bel\u00e9m denuncia festa do 25 de Abril \u00e0 pol\u00edcia e questiona PCP - Portal Tela Portugal","isPartOf":{"@id":"https:\/\/portaltela.pt\/#website"},"primaryImageOfPage":{"@id":"https:\/\/portaltela.pt\/noticias\/2026\/04\/29\/junta-de-belem-denuncia-festa-do-25-de-abril-a-policia-e-questiona-pcp\/#primaryimage"},"image":{"@id":"https:\/\/portaltela.pt\/noticias\/2026\/04\/29\/junta-de-belem-denuncia-festa-do-25-de-abril-a-policia-e-questiona-pcp\/#primaryimage"},"thumbnailUrl":"https:\/\/portaltela.pt\/s.01k8rhncp4jt1\/2026\/04\/2084956.jpg","datePublished":"2026-04-29T17:33:15+00:00","author":{"@id":"https:\/\/portaltela.pt\/#\/schema\/person\/c4278d4a6028830caff9ee44b42d32ed"},"breadcrumb":{"@id":"https:\/\/portaltela.pt\/noticias\/2026\/04\/29\/junta-de-belem-denuncia-festa-do-25-de-abril-a-policia-e-questiona-pcp\/#breadcrumb"},"inLanguage":"pt-PT","potentialAction":[{"@type":"ReadAction","target":["https:\/\/portaltela.pt\/noticias\/2026\/04\/29\/junta-de-belem-denuncia-festa-do-25-de-abril-a-policia-e-questiona-pcp\/"]}]},{"@type":"ImageObject","inLanguage":"pt-PT","@id":"https:\/\/portaltela.pt\/noticias\/2026\/04\/29\/junta-de-belem-denuncia-festa-do-25-de-abril-a-policia-e-questiona-pcp\/#primaryimage","url":"https:\/\/portaltela.pt\/s.01k8rhncp4jt1\/2026\/04\/2084956.jpg","contentUrl":"https:\/\/portaltela.pt\/s.01k8rhncp4jt1\/2026\/04\/2084956.jpg","width":796,"height":448,"caption":"Comemora\u00e7\u00f5es do 25 de Abril em Bel\u00e9m motivaram den\u00fancia da junta de freguesia \u00e0 Pol\u00edcia Municipal"},{"@type":"BreadcrumbList","@id":"https:\/\/portaltela.pt\/noticias\/2026\/04\/29\/junta-de-belem-denuncia-festa-do-25-de-abril-a-policia-e-questiona-pcp\/#breadcrumb","itemListElement":[{"@type":"ListItem","position":1,"name":"In\u00edcio","item":"https:\/\/portaltela.pt\/"},{"@type":"ListItem","position":2,"name":"Junta de Bel\u00e9m denuncia festa do 25 de Abril \u00e0 pol\u00edcia e questiona PCP"}]},{"@type":"WebSite","@id":"https:\/\/portaltela.pt\/#website","url":"https:\/\/portaltela.pt\/","name":"Portal Tela Portugal","description":"","potentialAction":[{"@type":"SearchAction","target":{"@type":"EntryPoint","urlTemplate":"https:\/\/portaltela.pt\/?s={search_term_string}"},"query-input":{"@type":"PropertyValueSpecification","valueRequired":true,"valueName":"search_term_string"}}],"inLanguage":"pt-PT"},{"@type":"Person","@id":"https:\/\/portaltela.pt\/#\/schema\/person\/c4278d4a6028830caff9ee44b42d32ed","name":"Telinha","image":{"@type":"ImageObject","inLanguage":"pt-PT","@id":"https:\/\/portaltela.pt\/s.01k8rhncp4jt1\/2025\/11\/talking-bot-125x125.png","url":"https:\/\/portaltela.pt\/s.01k8rhncp4jt1\/2025\/11\/talking-bot-125x125.png","contentUrl":"https:\/\/portaltela.pt\/s.01k8rhncp4jt1\/2025\/11\/talking-bot-125x125.png","caption":"Telinha"},"sameAs":["https:\/\/portaltela.pt\/"],"url":"https:\/\/portaltela.pt\/por\/367410592786\/"}]}},"_links":{"self":[{"href":"https:\/\/portaltela.pt\/api\/wp\/v2\/posts\/461308","targetHints":{"allow":["GET"]}}],"collection":[{"href":"https:\/\/portaltela.pt\/api\/wp\/v2\/posts"}],"about":[{"href":"https:\/\/portaltela.pt\/api\/wp\/v2\/types\/post"}],"author":[{"embeddable":true,"href":"https:\/\/portaltela.pt\/api\/wp\/v2\/users\/2"}],"replies":[{"embeddable":true,"href":"https:\/\/portaltela.pt\/api\/wp\/v2\/comments?post=461308"}],"version-history":[{"count":0,"href":"https:\/\/portaltela.pt\/api\/wp\/v2\/posts\/461308\/revisions"}],"wp:featuredmedia":[{"embeddable":true,"href":"https:\/\/portaltela.pt\/api\/wp\/v2\/media\/461325"}],"wp:attachment":[{"href":"https:\/\/portaltela.pt\/api\/wp\/v2\/media?parent=461308"}],"wp:term":[{"taxonomy":"category","embeddable":true,"href":"https:\/\/portaltela.pt\/api\/wp\/v2\/categories?post=461308"},{"taxonomy":"post_tag","embeddable":true,"href":"https:\/\/portaltela.pt\/api\/wp\/v2\/tags?post=461308"}],"curies":[{"name":"wp","href":"https:\/\/api.w.org\/{rel}","templated":true}]}}