{"id":461307,"date":"2026-04-29T14:33:13","date_gmt":"2026-04-29T17:33:13","guid":{"rendered":"https:\/\/portaltela.pt\/noticias\/2026\/04\/29\/william-e-kate-celebram-15-anos-de-casamento-e-divulgam-foto-inedita\/"},"modified":"2026-04-29T14:33:13","modified_gmt":"2026-04-29T17:33:13","slug":"william-e-kate-celebram-15-anos-de-casamento-e-divulgam-foto-inedita","status":"publish","type":"post","link":"https:\/\/portaltela.pt\/celebridades\/2026\/04\/29\/william-e-kate-celebram-15-anos-de-casamento-e-divulgam-foto-inedita\/","title":{"rendered":"William e Kate celebram 15 anos de casamento e divulgam foto in\u00e9dita"},"content":{"rendered":"<p>William e Kate Middleton celebram 15 anos de casamento e partilham foto in\u00e9dita nas redes sociais. A not\u00edcia indica que os pr\u00edncipes de Gales assinalaram a data esta quarta-feira, com uma imagem de fam\u00edlia publicada no Instagram oficial. A foto mostra-os com os tr\u00eas filhos.<\/p>\n<p>A imagem foi captada durante f\u00e9rias recentes na Cornualha. Na foto, o casal est\u00e1 deitado na relva, descal\u00e7os, acompanhado pelos filhos George, Charlotte e Louis.<\/p>\n<p>Kate segura a m\u00e3o de Louis, o mais novo, enquanto William aparece junto \u00e0 cadela Orla, uma cocker spaniel, e a outro c\u00e3o, de que se afirma ser um novo membro da fam\u00edlia.<\/p>\n<p>Segundo a imprensa internacional, as celebra\u00e7\u00f5es dever\u00e3o decorrer de forma reservada, em Forest Lodge, resid\u00eancia do casal, onde pretendem assinalar o anivers\u00e1rio em fam\u00edlia.<\/p>\n","protected":false},"excerpt":{"rendered":"<ul>\n<li>William e Kate Middleton celebram 15 anos de casamento e partilharam uma foto in\u00e9dita nas redes sociais.<\/li>\n<li>A cerim\u00f3nia de casamento ocorreu a 29 de abril de 2011 na Abadia de Westminster, em Londres, com cerca de duas mil pessoas presentes.<\/li>\n<li>A fotografia atual mostra a fam\u00edlia na Cornualha, com George, Charlotte e Louis, todos descal\u00e7os, num momento descontra\u00eddo.<\/li>\n<li>A legenda da publica\u00e7\u00e3o l\u00ea \u201cA comemorar 15 anos de casamento\u201d.<\/li>\n<li>As celebra\u00e7\u00f5es devem decorrer de forma reservada, na resid\u00eancia de Forest Lodge, com os filhos.<\/li>\n<\/ul>\n","protected":false},"author":2,"featured_media":461314,"comment_status":"closed","ping_status":"closed","sticky":false,"template":"","format":"standard","meta":{"footnotes":""},"categories":[6675],"tags":[87,76,64,40,2111,2318],"class_list":["post-461307","post","type-post","status-publish","format-standard","has-post-thumbnail","hentry","category-celebridades","tag-casamento","tag-celebridades","tag-familia","tag-pessoas","tag-reino-unido","tag-sociedade"],"yoast_head":"<!-- This site is optimized with the Yoast SEO plugin v27.2 - https:\/\/yoast.com\/product\/yoast-seo-wordpress\/ -->\n<title>William e Kate celebram 15 anos de casamento e divulgam foto in\u00e9dita - Portal Tela Portugal<\/title>\n<meta name=\"robots\" content=\"index, follow, max-snippet:-1, max-image-preview:large, max-video-preview:-1\" \/>\n<meta property=\"og:locale\" content=\"pt_PT\" \/>\n<meta property=\"og:type\" content=\"article\" \/>\n<meta property=\"og:title\" content=\"William e Kate celebram 15 anos de casamento e divulgam foto in\u00e9dita - Portal Tela Portugal\" \/>\n<meta property=\"og:description\" content=\"William e Kate Middleton celebram 15 anos de casamento e partilharam uma foto in\u00e9dita nas redes sociais. A cerim\u00f3nia de casamento ocorreu a 29 de abril de 2011 na Abadia de Westminster, em Londres, com cerca de duas mil pessoas presentes. A fotografia atual mostra a fam\u00edlia na Cornualha, com George, Charlotte e Louis, todos descal\u00e7os, num momento descontra\u00eddo. A legenda da publica\u00e7\u00e3o l\u00ea \u201cA comemorar 15 anos de casamento\u201d. As celebra\u00e7\u00f5es devem decorrer de forma reservada, na resid\u00eancia de Forest Lodge, com os filhos.\" \/>\n<meta property=\"og:url\" content=\"https:\/\/portaltela.pt\/noticias\/2026\/04\/29\/william-e-kate-celebram-15-anos-de-casamento-e-divulgam-foto-inedita\/\" \/>\n<meta property=\"og:site_name\" content=\"Portal Tela Portugal\" \/>\n<meta property=\"article:published_time\" content=\"2026-04-29T17:33:13+00:00\" \/>\n<meta name=\"author\" content=\"Telinha\" \/>\n<meta name=\"twitter:card\" content=\"summary_large_image\" \/>\n<meta name=\"twitter:label1\" content=\"Escrito por\" \/>\n\t<meta name=\"twitter:data1\" content=\"Telinha\" \/>\n\t<meta name=\"twitter:label2\" content=\"Tempo estimado de leitura\" \/>\n\t<meta name=\"twitter:data2\" content=\"1 minuto\" \/>\n<script type=\"application\/ld+json\" class=\"yoast-schema-graph\">{\"@context\":\"https:\/\/schema.org\",\"@graph\":[{\"@type\":\"Article\",\"@id\":\"https:\/\/portaltela.pt\/noticias\/2026\/04\/29\/william-e-kate-celebram-15-anos-de-casamento-e-divulgam-foto-inedita\/#article\",\"isPartOf\":{\"@id\":\"https:\/\/portaltela.pt\/noticias\/2026\/04\/29\/william-e-kate-celebram-15-anos-de-casamento-e-divulgam-foto-inedita\/\"},\"author\":{\"name\":\"Telinha\",\"@id\":\"https:\/\/portaltela.pt\/#\/schema\/person\/c4278d4a6028830caff9ee44b42d32ed\"},\"headline\":\"William e Kate celebram 15 anos de casamento e divulgam foto in\u00e9dita\",\"datePublished\":\"2026-04-29T17:33:13+00:00\",\"mainEntityOfPage\":{\"@id\":\"https:\/\/portaltela.pt\/noticias\/2026\/04\/29\/william-e-kate-celebram-15-anos-de-casamento-e-divulgam-foto-inedita\/\"},\"wordCount\":152,\"image\":{\"@id\":\"https:\/\/portaltela.pt\/noticias\/2026\/04\/29\/william-e-kate-celebram-15-anos-de-casamento-e-divulgam-foto-inedita\/#primaryimage\"},\"thumbnailUrl\":\"https:\/\/portaltela.pt\/s.01k8rhncp4jt1\/2026\/04\/img_1280x718uu2025-09-18-12-20-13-2236008.jpg\",\"keywords\":[\"casamento\",\"celebridades\",\"fam\u00edlia\",\"pessoas\",\"Reino Unido\",\"sociedade\"],\"articleSection\":[\"Celebridades\"],\"inLanguage\":\"pt-PT\"},{\"@type\":\"WebPage\",\"@id\":\"https:\/\/portaltela.pt\/noticias\/2026\/04\/29\/william-e-kate-celebram-15-anos-de-casamento-e-divulgam-foto-inedita\/\",\"url\":\"https:\/\/portaltela.pt\/noticias\/2026\/04\/29\/william-e-kate-celebram-15-anos-de-casamento-e-divulgam-foto-inedita\/\",\"name\":\"William e Kate celebram 15 anos de casamento e divulgam foto in\u00e9dita - Portal Tela Portugal\",\"isPartOf\":{\"@id\":\"https:\/\/portaltela.pt\/#website\"},\"primaryImageOfPage\":{\"@id\":\"https:\/\/portaltela.pt\/noticias\/2026\/04\/29\/william-e-kate-celebram-15-anos-de-casamento-e-divulgam-foto-inedita\/#primaryimage\"},\"image\":{\"@id\":\"https:\/\/portaltela.pt\/noticias\/2026\/04\/29\/william-e-kate-celebram-15-anos-de-casamento-e-divulgam-foto-inedita\/#primaryimage\"},\"thumbnailUrl\":\"https:\/\/portaltela.pt\/s.01k8rhncp4jt1\/2026\/04\/img_1280x718uu2025-09-18-12-20-13-2236008.jpg\",\"datePublished\":\"2026-04-29T17:33:13+00:00\",\"author\":{\"@id\":\"https:\/\/portaltela.pt\/#\/schema\/person\/c4278d4a6028830caff9ee44b42d32ed\"},\"breadcrumb\":{\"@id\":\"https:\/\/portaltela.pt\/noticias\/2026\/04\/29\/william-e-kate-celebram-15-anos-de-casamento-e-divulgam-foto-inedita\/#breadcrumb\"},\"inLanguage\":\"pt-PT\",\"potentialAction\":[{\"@type\":\"ReadAction\",\"target\":[\"https:\/\/portaltela.pt\/noticias\/2026\/04\/29\/william-e-kate-celebram-15-anos-de-casamento-e-divulgam-foto-inedita\/\"]}]},{\"@type\":\"ImageObject\",\"inLanguage\":\"pt-PT\",\"@id\":\"https:\/\/portaltela.pt\/noticias\/2026\/04\/29\/william-e-kate-celebram-15-anos-de-casamento-e-divulgam-foto-inedita\/#primaryimage\",\"url\":\"https:\/\/portaltela.pt\/s.01k8rhncp4jt1\/2026\/04\/img_1280x718uu2025-09-18-12-20-13-2236008.jpg\",\"contentUrl\":\"https:\/\/portaltela.pt\/s.01k8rhncp4jt1\/2026\/04\/img_1280x718uu2025-09-18-12-20-13-2236008.jpg\",\"width\":796,\"height\":448,\"caption\":\"William e Kate marcam presen\u00e7a num banquete de Estado no Castelo de Windsor\"},{\"@type\":\"BreadcrumbList\",\"@id\":\"https:\/\/portaltela.pt\/noticias\/2026\/04\/29\/william-e-kate-celebram-15-anos-de-casamento-e-divulgam-foto-inedita\/#breadcrumb\",\"itemListElement\":[{\"@type\":\"ListItem\",\"position\":1,\"name\":\"In\u00edcio\",\"item\":\"https:\/\/portaltela.pt\/\"},{\"@type\":\"ListItem\",\"position\":2,\"name\":\"William e Kate celebram 15 anos de casamento e divulgam foto in\u00e9dita\"}]},{\"@type\":\"WebSite\",\"@id\":\"https:\/\/portaltela.pt\/#website\",\"url\":\"https:\/\/portaltela.pt\/\",\"name\":\"Portal Tela Portugal\",\"description\":\"\",\"potentialAction\":[{\"@type\":\"SearchAction\",\"target\":{\"@type\":\"EntryPoint\",\"urlTemplate\":\"https:\/\/portaltela.pt\/?s={search_term_string}\"},\"query-input\":{\"@type\":\"PropertyValueSpecification\",\"valueRequired\":true,\"valueName\":\"search_term_string\"}}],\"inLanguage\":\"pt-PT\"},{\"@type\":\"Person\",\"@id\":\"https:\/\/portaltela.pt\/#\/schema\/person\/c4278d4a6028830caff9ee44b42d32ed\",\"name\":\"Telinha\",\"image\":{\"@type\":\"ImageObject\",\"inLanguage\":\"pt-PT\",\"@id\":\"https:\/\/portaltela.pt\/s.01k8rhncp4jt1\/2025\/11\/talking-bot-125x125.png\",\"url\":\"https:\/\/portaltela.pt\/s.01k8rhncp4jt1\/2025\/11\/talking-bot-125x125.png\",\"contentUrl\":\"https:\/\/portaltela.pt\/s.01k8rhncp4jt1\/2025\/11\/talking-bot-125x125.png\",\"caption\":\"Telinha\"},\"sameAs\":[\"https:\/\/portaltela.pt\/\"],\"url\":\"https:\/\/portaltela.pt\/por\/367410592786\/\"}]}<\/script>\n<!-- \/ Yoast SEO plugin. -->","yoast_head_json":{"title":"William e Kate celebram 15 anos de casamento e divulgam foto in\u00e9dita - Portal Tela Portugal","robots":{"index":"index","follow":"follow","max-snippet":"max-snippet:-1","max-image-preview":"max-image-preview:large","max-video-preview":"max-video-preview:-1"},"og_locale":"pt_PT","og_type":"article","og_title":"William e Kate celebram 15 anos de casamento e divulgam foto in\u00e9dita - Portal Tela Portugal","og_description":"William e Kate Middleton celebram 15 anos de casamento e partilharam uma foto in\u00e9dita nas redes sociais. A cerim\u00f3nia de casamento ocorreu a 29 de abril de 2011 na Abadia de Westminster, em Londres, com cerca de duas mil pessoas presentes. A fotografia atual mostra a fam\u00edlia na Cornualha, com George, Charlotte e Louis, todos descal\u00e7os, num momento descontra\u00eddo. A legenda da publica\u00e7\u00e3o l\u00ea \u201cA comemorar 15 anos de casamento\u201d. As celebra\u00e7\u00f5es devem decorrer de forma reservada, na resid\u00eancia de Forest Lodge, com os filhos.","og_url":"https:\/\/portaltela.pt\/noticias\/2026\/04\/29\/william-e-kate-celebram-15-anos-de-casamento-e-divulgam-foto-inedita\/","og_site_name":"Portal Tela Portugal","article_published_time":"2026-04-29T17:33:13+00:00","author":"Telinha","twitter_card":"summary_large_image","twitter_misc":{"Escrito por":"Telinha","Tempo estimado de leitura":"1 minuto"},"schema":{"@context":"https:\/\/schema.org","@graph":[{"@type":"Article","@id":"https:\/\/portaltela.pt\/noticias\/2026\/04\/29\/william-e-kate-celebram-15-anos-de-casamento-e-divulgam-foto-inedita\/#article","isPartOf":{"@id":"https:\/\/portaltela.pt\/noticias\/2026\/04\/29\/william-e-kate-celebram-15-anos-de-casamento-e-divulgam-foto-inedita\/"},"author":{"name":"Telinha","@id":"https:\/\/portaltela.pt\/#\/schema\/person\/c4278d4a6028830caff9ee44b42d32ed"},"headline":"William e Kate celebram 15 anos de casamento e divulgam foto in\u00e9dita","datePublished":"2026-04-29T17:33:13+00:00","mainEntityOfPage":{"@id":"https:\/\/portaltela.pt\/noticias\/2026\/04\/29\/william-e-kate-celebram-15-anos-de-casamento-e-divulgam-foto-inedita\/"},"wordCount":152,"image":{"@id":"https:\/\/portaltela.pt\/noticias\/2026\/04\/29\/william-e-kate-celebram-15-anos-de-casamento-e-divulgam-foto-inedita\/#primaryimage"},"thumbnailUrl":"https:\/\/portaltela.pt\/s.01k8rhncp4jt1\/2026\/04\/img_1280x718uu2025-09-18-12-20-13-2236008.jpg","keywords":["casamento","celebridades","fam\u00edlia","pessoas","Reino Unido","sociedade"],"articleSection":["Celebridades"],"inLanguage":"pt-PT"},{"@type":"WebPage","@id":"https:\/\/portaltela.pt\/noticias\/2026\/04\/29\/william-e-kate-celebram-15-anos-de-casamento-e-divulgam-foto-inedita\/","url":"https:\/\/portaltela.pt\/noticias\/2026\/04\/29\/william-e-kate-celebram-15-anos-de-casamento-e-divulgam-foto-inedita\/","name":"William e Kate celebram 15 anos de casamento e divulgam foto in\u00e9dita - Portal Tela Portugal","isPartOf":{"@id":"https:\/\/portaltela.pt\/#website"},"primaryImageOfPage":{"@id":"https:\/\/portaltela.pt\/noticias\/2026\/04\/29\/william-e-kate-celebram-15-anos-de-casamento-e-divulgam-foto-inedita\/#primaryimage"},"image":{"@id":"https:\/\/portaltela.pt\/noticias\/2026\/04\/29\/william-e-kate-celebram-15-anos-de-casamento-e-divulgam-foto-inedita\/#primaryimage"},"thumbnailUrl":"https:\/\/portaltela.pt\/s.01k8rhncp4jt1\/2026\/04\/img_1280x718uu2025-09-18-12-20-13-2236008.jpg","datePublished":"2026-04-29T17:33:13+00:00","author":{"@id":"https:\/\/portaltela.pt\/#\/schema\/person\/c4278d4a6028830caff9ee44b42d32ed"},"breadcrumb":{"@id":"https:\/\/portaltela.pt\/noticias\/2026\/04\/29\/william-e-kate-celebram-15-anos-de-casamento-e-divulgam-foto-inedita\/#breadcrumb"},"inLanguage":"pt-PT","potentialAction":[{"@type":"ReadAction","target":["https:\/\/portaltela.pt\/noticias\/2026\/04\/29\/william-e-kate-celebram-15-anos-de-casamento-e-divulgam-foto-inedita\/"]}]},{"@type":"ImageObject","inLanguage":"pt-PT","@id":"https:\/\/portaltela.pt\/noticias\/2026\/04\/29\/william-e-kate-celebram-15-anos-de-casamento-e-divulgam-foto-inedita\/#primaryimage","url":"https:\/\/portaltela.pt\/s.01k8rhncp4jt1\/2026\/04\/img_1280x718uu2025-09-18-12-20-13-2236008.jpg","contentUrl":"https:\/\/portaltela.pt\/s.01k8rhncp4jt1\/2026\/04\/img_1280x718uu2025-09-18-12-20-13-2236008.jpg","width":796,"height":448,"caption":"William e Kate marcam presen\u00e7a num banquete de Estado no Castelo de Windsor"},{"@type":"BreadcrumbList","@id":"https:\/\/portaltela.pt\/noticias\/2026\/04\/29\/william-e-kate-celebram-15-anos-de-casamento-e-divulgam-foto-inedita\/#breadcrumb","itemListElement":[{"@type":"ListItem","position":1,"name":"In\u00edcio","item":"https:\/\/portaltela.pt\/"},{"@type":"ListItem","position":2,"name":"William e Kate celebram 15 anos de casamento e divulgam foto in\u00e9dita"}]},{"@type":"WebSite","@id":"https:\/\/portaltela.pt\/#website","url":"https:\/\/portaltela.pt\/","name":"Portal Tela Portugal","description":"","potentialAction":[{"@type":"SearchAction","target":{"@type":"EntryPoint","urlTemplate":"https:\/\/portaltela.pt\/?s={search_term_string}"},"query-input":{"@type":"PropertyValueSpecification","valueRequired":true,"valueName":"search_term_string"}}],"inLanguage":"pt-PT"},{"@type":"Person","@id":"https:\/\/portaltela.pt\/#\/schema\/person\/c4278d4a6028830caff9ee44b42d32ed","name":"Telinha","image":{"@type":"ImageObject","inLanguage":"pt-PT","@id":"https:\/\/portaltela.pt\/s.01k8rhncp4jt1\/2025\/11\/talking-bot-125x125.png","url":"https:\/\/portaltela.pt\/s.01k8rhncp4jt1\/2025\/11\/talking-bot-125x125.png","contentUrl":"https:\/\/portaltela.pt\/s.01k8rhncp4jt1\/2025\/11\/talking-bot-125x125.png","caption":"Telinha"},"sameAs":["https:\/\/portaltela.pt\/"],"url":"https:\/\/portaltela.pt\/por\/367410592786\/"}]}},"_links":{"self":[{"href":"https:\/\/portaltela.pt\/api\/wp\/v2\/posts\/461307","targetHints":{"allow":["GET"]}}],"collection":[{"href":"https:\/\/portaltela.pt\/api\/wp\/v2\/posts"}],"about":[{"href":"https:\/\/portaltela.pt\/api\/wp\/v2\/types\/post"}],"author":[{"embeddable":true,"href":"https:\/\/portaltela.pt\/api\/wp\/v2\/users\/2"}],"replies":[{"embeddable":true,"href":"https:\/\/portaltela.pt\/api\/wp\/v2\/comments?post=461307"}],"version-history":[{"count":0,"href":"https:\/\/portaltela.pt\/api\/wp\/v2\/posts\/461307\/revisions"}],"wp:featuredmedia":[{"embeddable":true,"href":"https:\/\/portaltela.pt\/api\/wp\/v2\/media\/461314"}],"wp:attachment":[{"href":"https:\/\/portaltela.pt\/api\/wp\/v2\/media?parent=461307"}],"wp:term":[{"taxonomy":"category","embeddable":true,"href":"https:\/\/portaltela.pt\/api\/wp\/v2\/categories?post=461307"},{"taxonomy":"post_tag","embeddable":true,"href":"https:\/\/portaltela.pt\/api\/wp\/v2\/tags?post=461307"}],"curies":[{"name":"wp","href":"https:\/\/api.w.org\/{rel}","templated":true}]}}