{"id":461306,"date":"2026-04-29T14:33:13","date_gmt":"2026-04-29T17:33:13","guid":{"rendered":"https:\/\/portaltela.pt\/noticias\/2026\/04\/29\/seguro-defende-fim-da-unanimidade-na-ue-e-atlantico-nao-e-so-eua\/"},"modified":"2026-04-29T14:33:13","modified_gmt":"2026-04-29T17:33:13","slug":"seguro-defende-fim-da-unanimidade-na-ue-e-atlantico-nao-e-so-eua","status":"publish","type":"post","link":"https:\/\/portaltela.pt\/politica-internacional\/2026\/04\/29\/seguro-defende-fim-da-unanimidade-na-ue-e-atlantico-nao-e-so-eua\/","title":{"rendered":"Seguro defende fim da unanimidade na UE e Atl\u00e2ntico n\u00e3o \u00e9 s\u00f3 EUA"},"content":{"rendered":"<p>O Presidente da Rep\u00fablica defendeu nesta quinta-feira o aprofundamento pol\u00edtico da Uni\u00e3o Europeia atrav\u00e9s de reformas institucionais que incluam o fim da regra da unanimidade em alguns dom\u00ednios. O an\u00fancio foi feito no encerramento do F\u00f3rum La Toja \u2013 V\u00ednculo Atl\u00e2ntico, na Funda\u00e7\u00e3o Calouste Gulbenkian, em Lisboa.<\/p>\n<p>Ant\u00f3nio Jos\u00e9 Seguro pediu refor\u00e7ar a autonomia europeia em tecnologia e energia, e chamou a Europa a repensar o seu posicionamento atl\u00e2ntico para l\u00e1 dos Estados Unidos. O chefe de Estado sublinhou a necessidade de uma UE capaz de falar com uma voz cred\u00edvel na pol\u00edtica externa e de mobilizar recursos \u00e0 escala dos desafios atuais.<\/p>\n<h3>Rumo a reformas institucionais<\/h3>\n<p>Segurou que a Europa n\u00e3o pode continuar a depender de mecanismos do s\u00e9culo XX. Defendeu o abandono progressivo da unanimidade em dom\u00ednios onde a paralisia custa mais do que decis\u00f5es imperfeitas. A ideia \u00e9 criar uma estrutura institucional mais s\u00f3lida, eficiente e com recursos pr\u00f3prios.<\/p>\n<p>O Presidente destacou ainda que a seguran\u00e7a europeia requer coordena\u00e7\u00e3o, investimento e uma vis\u00e3o comum. Defendeu a promo\u00e7\u00e3o da autonomia tecnol\u00f3gica europeia, o refor\u00e7o de sistemas cient\u00edficos e o desenvolvimento de tecnologia de duplo uso para liderar as grandes transforma\u00e7\u00f5es digitais.<\/p>\n<h3>A prioridade energ\u00e9tica<\/h3>\n<p>Na \u00e1rea energ\u00e9tica, o Presidente apontou para a redu\u00e7\u00e3o de depend\u00eancias externas e para acelerar a transi\u00e7\u00e3o para fontes sustent\u00e1veis. Esta vertente \u00e9 apresentada como uma quest\u00e3o de soberania, n\u00e3o apenas ambiental, para garantir estabilidade e capacidade de decis\u00e3o da UE.<\/p>\n<h3>Rela\u00e7\u00f5es transatl\u00e2nticas e novas parcerias<\/h3>\n<p>Em pol\u00edtica externa, o chefe de Estado afirmou que a rela\u00e7\u00e3o com os EUA continua a ser um eixo estruturante da pol\u00edtica europeia e que a NATO permanece necess\u00e1ria. Por\u00e9m, refor\u00e7ou que as rela\u00e7\u00f5es transatl\u00e2nticas devem evoluir para uma parceria entre iguais.<\/p>\n<p>Seguro tamb\u00e9m criticou a ideia de que o Atl\u00e2ntico come\u00e7a em Lisboa e termina em Nova Iorque. Enfatizou a recente aproxima\u00e7\u00e3o entre o Canad\u00e1 e a Europa como uma oportunidade que n\u00e3o deve ser desperdi\u00e7ada, defendendo uma cimeira UE-Canad\u00e1 com resultados reais, n\u00e3o apenas diplomacia.<\/p>\n<h3>Conclus\u00e3o<\/h3>\n<p>O Presidente da Rep\u00fablica advertiu que a Europa precisa escolher entre ser sujeito da Hist\u00f3ria ou estar \u00e0 merc\u00ea de decis\u00f5es externas. O discurso encerrou-se com a defesa de uma Europa soberana, capaz de decidir e agir com os seus interesses e valores.<\/p>\n","protected":false},"excerpt":{"rendered":"<ul>\n<li>O Presidente da Rep\u00fablica defende reformas institucionais da Uni\u00e3o Europeia, incluindo o fim da regra da unanimidade em alguns dom\u00ednios, para refor\u00e7ar autonomia tecnol\u00f3gica e energ\u00e9tica.<\/li>\n<li>Prop\u00f5e que a Europa repense o Atl\u00e2ntico, olhando para l\u00e1 dos Estados Unidos e fortalecendo rela\u00e7\u00f5es com democracias como o Canad\u00e1.<\/li>\n<li>Aponta para um arranjo institucional s\u00f3lido, capaz de decidir com voz cred\u00edvel em pol\u00edtica externa e de mobilizar recursos \u00e0 escala dos desafios.<\/li>\n<li>Enfatiza a necessidade de autonomia estrat\u00e9gica europeia, com menos depend\u00eancia externa, transi\u00e7\u00e3o energ\u00e9tica r\u00e1pida e investimento em tecnologia de duplo uso.<\/li>\n<li>Mant\u00e9m a rela\u00e7\u00e3o com os Estados Unidos como eixo da pol\u00edtica externa, defende a NATO e uma parceria transatl\u00e2ntica baseada em igualdade de interesses e valores.<\/li>\n<\/ul>\n","protected":false},"author":2,"featured_media":461315,"comment_status":"closed","ping_status":"closed","sticky":false,"template":"","format":"standard","meta":{"footnotes":""},"categories":[1,7127],"tags":[7775,8004,7962,7946,7899,8056],"class_list":["post-461306","post","type-post","status-publish","format-standard","has-post-thumbnail","hentry","category-noticias","category-politica-internacional","tag-_energia","tag-_europa","tag-_politica-externa","tag-_relacoes-internacionais","tag-_seguranca-internacional","tag-_uniao-europeia"],"yoast_head":"<!-- This site is optimized with the Yoast SEO plugin v27.2 - https:\/\/yoast.com\/product\/yoast-seo-wordpress\/ -->\n<title>Seguro defende fim da unanimidade na UE e Atl\u00e2ntico n\u00e3o \u00e9 s\u00f3 EUA - Portal Tela Portugal<\/title>\n<meta name=\"robots\" content=\"index, follow, max-snippet:-1, max-image-preview:large, max-video-preview:-1\" \/>\n<meta property=\"og:locale\" content=\"pt_PT\" \/>\n<meta property=\"og:type\" content=\"article\" \/>\n<meta property=\"og:title\" content=\"Seguro defende fim da unanimidade na UE e Atl\u00e2ntico n\u00e3o \u00e9 s\u00f3 EUA - Portal Tela Portugal\" \/>\n<meta property=\"og:description\" content=\"O Presidente da Rep\u00fablica defende reformas institucionais da Uni\u00e3o Europeia, incluindo o fim da regra da unanimidade em alguns dom\u00ednios, para refor\u00e7ar autonomia tecnol\u00f3gica e energ\u00e9tica. Prop\u00f5e que a Europa repense o Atl\u00e2ntico, olhando para l\u00e1 dos Estados Unidos e fortalecendo rela\u00e7\u00f5es com democracias como o Canad\u00e1. Aponta para um arranjo institucional s\u00f3lido, capaz de decidir com voz cred\u00edvel em pol\u00edtica externa e de mobilizar recursos \u00e0 escala dos desafios. Enfatiza a necessidade de autonomia estrat\u00e9gica europeia, com menos depend\u00eancia externa, transi\u00e7\u00e3o energ\u00e9tica r\u00e1pida e investimento em tecnologia de duplo uso. Mant\u00e9m a rela\u00e7\u00e3o com os Estados Unidos como eixo da pol\u00edtica externa, defende a NATO e uma parceria transatl\u00e2ntica baseada em igualdade de interesses e valores.\" \/>\n<meta property=\"og:url\" content=\"https:\/\/portaltela.pt\/noticias\/2026\/04\/29\/seguro-defende-fim-da-unanimidade-na-ue-e-atlantico-nao-e-so-eua\/\" \/>\n<meta property=\"og:site_name\" content=\"Portal Tela Portugal\" \/>\n<meta property=\"article:published_time\" content=\"2026-04-29T17:33:13+00:00\" \/>\n<meta name=\"author\" content=\"Telinha\" \/>\n<meta name=\"twitter:card\" content=\"summary_large_image\" \/>\n<meta name=\"twitter:label1\" content=\"Escrito por\" \/>\n\t<meta name=\"twitter:data1\" content=\"Telinha\" \/>\n\t<meta name=\"twitter:label2\" content=\"Tempo estimado de leitura\" \/>\n\t<meta name=\"twitter:data2\" content=\"2 minutos\" \/>\n<script type=\"application\/ld+json\" class=\"yoast-schema-graph\">{\"@context\":\"https:\/\/schema.org\",\"@graph\":[{\"@type\":\"Article\",\"@id\":\"https:\/\/portaltela.pt\/noticias\/2026\/04\/29\/seguro-defende-fim-da-unanimidade-na-ue-e-atlantico-nao-e-so-eua\/#article\",\"isPartOf\":{\"@id\":\"https:\/\/portaltela.pt\/noticias\/2026\/04\/29\/seguro-defende-fim-da-unanimidade-na-ue-e-atlantico-nao-e-so-eua\/\"},\"author\":{\"name\":\"Telinha\",\"@id\":\"https:\/\/portaltela.pt\/#\/schema\/person\/c4278d4a6028830caff9ee44b42d32ed\"},\"headline\":\"Seguro defende fim da unanimidade na UE e Atl\u00e2ntico n\u00e3o \u00e9 s\u00f3 EUA\",\"datePublished\":\"2026-04-29T17:33:13+00:00\",\"mainEntityOfPage\":{\"@id\":\"https:\/\/portaltela.pt\/noticias\/2026\/04\/29\/seguro-defende-fim-da-unanimidade-na-ue-e-atlantico-nao-e-so-eua\/\"},\"wordCount\":441,\"image\":{\"@id\":\"https:\/\/portaltela.pt\/noticias\/2026\/04\/29\/seguro-defende-fim-da-unanimidade-na-ue-e-atlantico-nao-e-so-eua\/#primaryimage\"},\"thumbnailUrl\":\"https:\/\/portaltela.pt\/s.01k8rhncp4jt1\/2026\/04\/2084989.jpg\",\"keywords\":[\"_energia\",\"_Europa\",\"_pol\u00edtica externa\",\"_rela\u00e7\u00f5es internacionais\",\"_seguran\u00e7a internacional\",\"_Uni\u00e3o Europeia\"],\"articleSection\":[\"Not\u00edcias\",\"Pol\u00edtica Internacional\"],\"inLanguage\":\"pt-PT\"},{\"@type\":\"WebPage\",\"@id\":\"https:\/\/portaltela.pt\/noticias\/2026\/04\/29\/seguro-defende-fim-da-unanimidade-na-ue-e-atlantico-nao-e-so-eua\/\",\"url\":\"https:\/\/portaltela.pt\/noticias\/2026\/04\/29\/seguro-defende-fim-da-unanimidade-na-ue-e-atlantico-nao-e-so-eua\/\",\"name\":\"Seguro defende fim da unanimidade na UE e Atl\u00e2ntico n\u00e3o \u00e9 s\u00f3 EUA - Portal Tela Portugal\",\"isPartOf\":{\"@id\":\"https:\/\/portaltela.pt\/#website\"},\"primaryImageOfPage\":{\"@id\":\"https:\/\/portaltela.pt\/noticias\/2026\/04\/29\/seguro-defende-fim-da-unanimidade-na-ue-e-atlantico-nao-e-so-eua\/#primaryimage\"},\"image\":{\"@id\":\"https:\/\/portaltela.pt\/noticias\/2026\/04\/29\/seguro-defende-fim-da-unanimidade-na-ue-e-atlantico-nao-e-so-eua\/#primaryimage\"},\"thumbnailUrl\":\"https:\/\/portaltela.pt\/s.01k8rhncp4jt1\/2026\/04\/2084989.jpg\",\"datePublished\":\"2026-04-29T17:33:13+00:00\",\"author\":{\"@id\":\"https:\/\/portaltela.pt\/#\/schema\/person\/c4278d4a6028830caff9ee44b42d32ed\"},\"breadcrumb\":{\"@id\":\"https:\/\/portaltela.pt\/noticias\/2026\/04\/29\/seguro-defende-fim-da-unanimidade-na-ue-e-atlantico-nao-e-so-eua\/#breadcrumb\"},\"inLanguage\":\"pt-PT\",\"potentialAction\":[{\"@type\":\"ReadAction\",\"target\":[\"https:\/\/portaltela.pt\/noticias\/2026\/04\/29\/seguro-defende-fim-da-unanimidade-na-ue-e-atlantico-nao-e-so-eua\/\"]}]},{\"@type\":\"ImageObject\",\"inLanguage\":\"pt-PT\",\"@id\":\"https:\/\/portaltela.pt\/noticias\/2026\/04\/29\/seguro-defende-fim-da-unanimidade-na-ue-e-atlantico-nao-e-so-eua\/#primaryimage\",\"url\":\"https:\/\/portaltela.pt\/s.01k8rhncp4jt1\/2026\/04\/2084989.jpg\",\"contentUrl\":\"https:\/\/portaltela.pt\/s.01k8rhncp4jt1\/2026\/04\/2084989.jpg\",\"width\":796,\"height\":448,\"caption\":\"Ant\u00f3nio Jos\u00e9 Seguro no encerramento do F\u00f3rum La Toja \u2013 V\u00ednculo Atl\u00e2ntico, na Funda\u00e7\u00e3o Calouste Gulbenkian, em Lisboa\"},{\"@type\":\"BreadcrumbList\",\"@id\":\"https:\/\/portaltela.pt\/noticias\/2026\/04\/29\/seguro-defende-fim-da-unanimidade-na-ue-e-atlantico-nao-e-so-eua\/#breadcrumb\",\"itemListElement\":[{\"@type\":\"ListItem\",\"position\":1,\"name\":\"In\u00edcio\",\"item\":\"https:\/\/portaltela.pt\/\"},{\"@type\":\"ListItem\",\"position\":2,\"name\":\"Seguro defende fim da unanimidade na UE e Atl\u00e2ntico n\u00e3o \u00e9 s\u00f3 EUA\"}]},{\"@type\":\"WebSite\",\"@id\":\"https:\/\/portaltela.pt\/#website\",\"url\":\"https:\/\/portaltela.pt\/\",\"name\":\"Portal Tela Portugal\",\"description\":\"\",\"potentialAction\":[{\"@type\":\"SearchAction\",\"target\":{\"@type\":\"EntryPoint\",\"urlTemplate\":\"https:\/\/portaltela.pt\/?s={search_term_string}\"},\"query-input\":{\"@type\":\"PropertyValueSpecification\",\"valueRequired\":true,\"valueName\":\"search_term_string\"}}],\"inLanguage\":\"pt-PT\"},{\"@type\":\"Person\",\"@id\":\"https:\/\/portaltela.pt\/#\/schema\/person\/c4278d4a6028830caff9ee44b42d32ed\",\"name\":\"Telinha\",\"image\":{\"@type\":\"ImageObject\",\"inLanguage\":\"pt-PT\",\"@id\":\"https:\/\/portaltela.pt\/s.01k8rhncp4jt1\/2025\/11\/talking-bot-125x125.png\",\"url\":\"https:\/\/portaltela.pt\/s.01k8rhncp4jt1\/2025\/11\/talking-bot-125x125.png\",\"contentUrl\":\"https:\/\/portaltela.pt\/s.01k8rhncp4jt1\/2025\/11\/talking-bot-125x125.png\",\"caption\":\"Telinha\"},\"sameAs\":[\"https:\/\/portaltela.pt\/\"],\"url\":\"https:\/\/portaltela.pt\/por\/367410592786\/\"}]}<\/script>\n<!-- \/ Yoast SEO plugin. -->","yoast_head_json":{"title":"Seguro defende fim da unanimidade na UE e Atl\u00e2ntico n\u00e3o \u00e9 s\u00f3 EUA - Portal Tela Portugal","robots":{"index":"index","follow":"follow","max-snippet":"max-snippet:-1","max-image-preview":"max-image-preview:large","max-video-preview":"max-video-preview:-1"},"og_locale":"pt_PT","og_type":"article","og_title":"Seguro defende fim da unanimidade na UE e Atl\u00e2ntico n\u00e3o \u00e9 s\u00f3 EUA - Portal Tela Portugal","og_description":"O Presidente da Rep\u00fablica defende reformas institucionais da Uni\u00e3o Europeia, incluindo o fim da regra da unanimidade em alguns dom\u00ednios, para refor\u00e7ar autonomia tecnol\u00f3gica e energ\u00e9tica. Prop\u00f5e que a Europa repense o Atl\u00e2ntico, olhando para l\u00e1 dos Estados Unidos e fortalecendo rela\u00e7\u00f5es com democracias como o Canad\u00e1. Aponta para um arranjo institucional s\u00f3lido, capaz de decidir com voz cred\u00edvel em pol\u00edtica externa e de mobilizar recursos \u00e0 escala dos desafios. Enfatiza a necessidade de autonomia estrat\u00e9gica europeia, com menos depend\u00eancia externa, transi\u00e7\u00e3o energ\u00e9tica r\u00e1pida e investimento em tecnologia de duplo uso. Mant\u00e9m a rela\u00e7\u00e3o com os Estados Unidos como eixo da pol\u00edtica externa, defende a NATO e uma parceria transatl\u00e2ntica baseada em igualdade de interesses e valores.","og_url":"https:\/\/portaltela.pt\/noticias\/2026\/04\/29\/seguro-defende-fim-da-unanimidade-na-ue-e-atlantico-nao-e-so-eua\/","og_site_name":"Portal Tela Portugal","article_published_time":"2026-04-29T17:33:13+00:00","author":"Telinha","twitter_card":"summary_large_image","twitter_misc":{"Escrito por":"Telinha","Tempo estimado de leitura":"2 minutos"},"schema":{"@context":"https:\/\/schema.org","@graph":[{"@type":"Article","@id":"https:\/\/portaltela.pt\/noticias\/2026\/04\/29\/seguro-defende-fim-da-unanimidade-na-ue-e-atlantico-nao-e-so-eua\/#article","isPartOf":{"@id":"https:\/\/portaltela.pt\/noticias\/2026\/04\/29\/seguro-defende-fim-da-unanimidade-na-ue-e-atlantico-nao-e-so-eua\/"},"author":{"name":"Telinha","@id":"https:\/\/portaltela.pt\/#\/schema\/person\/c4278d4a6028830caff9ee44b42d32ed"},"headline":"Seguro defende fim da unanimidade na UE e Atl\u00e2ntico n\u00e3o \u00e9 s\u00f3 EUA","datePublished":"2026-04-29T17:33:13+00:00","mainEntityOfPage":{"@id":"https:\/\/portaltela.pt\/noticias\/2026\/04\/29\/seguro-defende-fim-da-unanimidade-na-ue-e-atlantico-nao-e-so-eua\/"},"wordCount":441,"image":{"@id":"https:\/\/portaltela.pt\/noticias\/2026\/04\/29\/seguro-defende-fim-da-unanimidade-na-ue-e-atlantico-nao-e-so-eua\/#primaryimage"},"thumbnailUrl":"https:\/\/portaltela.pt\/s.01k8rhncp4jt1\/2026\/04\/2084989.jpg","keywords":["_energia","_Europa","_pol\u00edtica externa","_rela\u00e7\u00f5es internacionais","_seguran\u00e7a internacional","_Uni\u00e3o Europeia"],"articleSection":["Not\u00edcias","Pol\u00edtica Internacional"],"inLanguage":"pt-PT"},{"@type":"WebPage","@id":"https:\/\/portaltela.pt\/noticias\/2026\/04\/29\/seguro-defende-fim-da-unanimidade-na-ue-e-atlantico-nao-e-so-eua\/","url":"https:\/\/portaltela.pt\/noticias\/2026\/04\/29\/seguro-defende-fim-da-unanimidade-na-ue-e-atlantico-nao-e-so-eua\/","name":"Seguro defende fim da unanimidade na UE e Atl\u00e2ntico n\u00e3o \u00e9 s\u00f3 EUA - Portal Tela Portugal","isPartOf":{"@id":"https:\/\/portaltela.pt\/#website"},"primaryImageOfPage":{"@id":"https:\/\/portaltela.pt\/noticias\/2026\/04\/29\/seguro-defende-fim-da-unanimidade-na-ue-e-atlantico-nao-e-so-eua\/#primaryimage"},"image":{"@id":"https:\/\/portaltela.pt\/noticias\/2026\/04\/29\/seguro-defende-fim-da-unanimidade-na-ue-e-atlantico-nao-e-so-eua\/#primaryimage"},"thumbnailUrl":"https:\/\/portaltela.pt\/s.01k8rhncp4jt1\/2026\/04\/2084989.jpg","datePublished":"2026-04-29T17:33:13+00:00","author":{"@id":"https:\/\/portaltela.pt\/#\/schema\/person\/c4278d4a6028830caff9ee44b42d32ed"},"breadcrumb":{"@id":"https:\/\/portaltela.pt\/noticias\/2026\/04\/29\/seguro-defende-fim-da-unanimidade-na-ue-e-atlantico-nao-e-so-eua\/#breadcrumb"},"inLanguage":"pt-PT","potentialAction":[{"@type":"ReadAction","target":["https:\/\/portaltela.pt\/noticias\/2026\/04\/29\/seguro-defende-fim-da-unanimidade-na-ue-e-atlantico-nao-e-so-eua\/"]}]},{"@type":"ImageObject","inLanguage":"pt-PT","@id":"https:\/\/portaltela.pt\/noticias\/2026\/04\/29\/seguro-defende-fim-da-unanimidade-na-ue-e-atlantico-nao-e-so-eua\/#primaryimage","url":"https:\/\/portaltela.pt\/s.01k8rhncp4jt1\/2026\/04\/2084989.jpg","contentUrl":"https:\/\/portaltela.pt\/s.01k8rhncp4jt1\/2026\/04\/2084989.jpg","width":796,"height":448,"caption":"Ant\u00f3nio Jos\u00e9 Seguro no encerramento do F\u00f3rum La Toja \u2013 V\u00ednculo Atl\u00e2ntico, na Funda\u00e7\u00e3o Calouste Gulbenkian, em Lisboa"},{"@type":"BreadcrumbList","@id":"https:\/\/portaltela.pt\/noticias\/2026\/04\/29\/seguro-defende-fim-da-unanimidade-na-ue-e-atlantico-nao-e-so-eua\/#breadcrumb","itemListElement":[{"@type":"ListItem","position":1,"name":"In\u00edcio","item":"https:\/\/portaltela.pt\/"},{"@type":"ListItem","position":2,"name":"Seguro defende fim da unanimidade na UE e Atl\u00e2ntico n\u00e3o \u00e9 s\u00f3 EUA"}]},{"@type":"WebSite","@id":"https:\/\/portaltela.pt\/#website","url":"https:\/\/portaltela.pt\/","name":"Portal Tela Portugal","description":"","potentialAction":[{"@type":"SearchAction","target":{"@type":"EntryPoint","urlTemplate":"https:\/\/portaltela.pt\/?s={search_term_string}"},"query-input":{"@type":"PropertyValueSpecification","valueRequired":true,"valueName":"search_term_string"}}],"inLanguage":"pt-PT"},{"@type":"Person","@id":"https:\/\/portaltela.pt\/#\/schema\/person\/c4278d4a6028830caff9ee44b42d32ed","name":"Telinha","image":{"@type":"ImageObject","inLanguage":"pt-PT","@id":"https:\/\/portaltela.pt\/s.01k8rhncp4jt1\/2025\/11\/talking-bot-125x125.png","url":"https:\/\/portaltela.pt\/s.01k8rhncp4jt1\/2025\/11\/talking-bot-125x125.png","contentUrl":"https:\/\/portaltela.pt\/s.01k8rhncp4jt1\/2025\/11\/talking-bot-125x125.png","caption":"Telinha"},"sameAs":["https:\/\/portaltela.pt\/"],"url":"https:\/\/portaltela.pt\/por\/367410592786\/"}]}},"_links":{"self":[{"href":"https:\/\/portaltela.pt\/api\/wp\/v2\/posts\/461306","targetHints":{"allow":["GET"]}}],"collection":[{"href":"https:\/\/portaltela.pt\/api\/wp\/v2\/posts"}],"about":[{"href":"https:\/\/portaltela.pt\/api\/wp\/v2\/types\/post"}],"author":[{"embeddable":true,"href":"https:\/\/portaltela.pt\/api\/wp\/v2\/users\/2"}],"replies":[{"embeddable":true,"href":"https:\/\/portaltela.pt\/api\/wp\/v2\/comments?post=461306"}],"version-history":[{"count":0,"href":"https:\/\/portaltela.pt\/api\/wp\/v2\/posts\/461306\/revisions"}],"wp:featuredmedia":[{"embeddable":true,"href":"https:\/\/portaltela.pt\/api\/wp\/v2\/media\/461315"}],"wp:attachment":[{"href":"https:\/\/portaltela.pt\/api\/wp\/v2\/media?parent=461306"}],"wp:term":[{"taxonomy":"category","embeddable":true,"href":"https:\/\/portaltela.pt\/api\/wp\/v2\/categories?post=461306"},{"taxonomy":"post_tag","embeddable":true,"href":"https:\/\/portaltela.pt\/api\/wp\/v2\/tags?post=461306"}],"curies":[{"name":"wp","href":"https:\/\/api.w.org\/{rel}","templated":true}]}}