{"id":461305,"date":"2026-04-29T14:33:12","date_gmt":"2026-04-29T17:33:12","guid":{"rendered":"https:\/\/portaltela.pt\/noticias\/2026\/04\/29\/quinta-feira-com-jazz-e-encenacao-de-rei-lear\/"},"modified":"2026-04-29T14:33:12","modified_gmt":"2026-04-29T17:33:12","slug":"quinta-feira-com-jazz-e-encenacao-de-rei-lear","status":"publish","type":"post","link":"https:\/\/portaltela.pt\/musica\/2026\/04\/29\/quinta-feira-com-jazz-e-encenacao-de-rei-lear\/","title":{"rendered":"Quinta-feira com jazz e encena\u00e7\u00e3o de Rei Lear"},"content":{"rendered":"<p>O festival de Jazz de Valado dos Frades volta a iluminar a regi\u00e3o Centro com a 29\u00aa edi\u00e7\u00e3o, que decorre entre 26 de abril e 6 de junho. O cartaz valoriza m\u00fasicos nacionais e projetos emergentes, com atua\u00e7\u00f5es em v\u00e1rios espa\u00e7os da Nazar\u00e9 e arredores. A programa\u00e7\u00e3o inclui nomes como Kassa Overall, Ana Bacalhau &amp; Big Band municipal, J\u00e9ssica Pina e trios de Abe R\u00e1bade, M\u00e1rio Costa e Eug\u00e9nia Contente, entre outros. Homenagens aos centen\u00e1rios Miles Davis e John Coltrane enchem o alinhamento.<\/p>\n<p>No palco principal, M\u00e1rio Laginha apresenta o novo disco Retorno, num concerto a 30 de abril no Cineteatro Messias, em Mealhada. O pianista nasce em Lisboa em 1960 e associa t\u00e9cnica apurada a uma est\u00e9tica po\u00e9tica, numa noite que marca o Dia Internacional do Jazz.<\/p>\n<h3>Festival de Jazz de Valado dos Frades<\/h3>\n<p>A mostra acontece em locais diversos da regi\u00e3o, com entradas que v\u00e3o de gratuito a 10 euros. O festival destaca a divulga\u00e7\u00e3o de m\u00fasicos nacionais e de novos projetos, mantendo uma programa\u00e7\u00e3o diversa ao longo de 42 dias.<\/p>\n<h3>Os Cl\u00e1ssicos d\u2019A Tarumba: Mahagonny<\/h3>\n<p>No Porto, o Museu das Marionetas acolhe a exposi\u00e7\u00e3o relacionada com a obra de Brecht, em exibi\u00e7\u00e3o de 4 de fevereiro a 27 de setembro. A mostra revisita o elenco de figuras criadas para a pe\u00e7a, com ensaios e fotografias de cena.<\/p>\n<h3>Mazgani<\/h3>\n<p>A cidade de Lisboa recebe Mazgani no Audit\u00f3rio Carlos Paredes, a 30 de abril, \u00e0s 21h. O m\u00fasico apresenta Cidade de Cinema, sexto \u00e1lbum da sua discografia e o primeiro totalmente cantado em portugu\u00eas. O trabalho, editado em outubro de 2024, inclui temas como A chama e Frente leste.<\/p>\n<h3>Casa<\/h3>\n<p>No Teatro Meridional, em Lisboa, ocorrem apresenta\u00e7\u00f5es a 29 e 30 de abril, \u00e0s 21h. O programa Casa envolve quatro pe\u00e7as de seis core\u00f3grafos, apresentadas pela Companhia Portuguesa de Bailado Contempor\u00e2neo, com pe\u00e7as de C\u00e9sar Fernandes, Andr\u00e9 Mesquita, Miguel Santos, Beatriz Mira, Tiago Barreiros, V\u00e2nia Doutel Vaz.<\/p>\n<h3>Rei Lear<\/h3>\n<p>Em Faro, o Teatro Lethes recebe a pe\u00e7a de Shakespeare em 30 de abril, \u00e0s 21h. A Companhia do Chapit\u00f4 apresenta uma adapta\u00e7\u00e3o minimalista, com tr\u00eas int\u00e9rpretes \u2014 Carlos Pereira, Susana Nunes e Tiago Viegas \u2014 em cena, dirigidos por Jos\u00e9 C. Garcia. O enredo foca trai\u00e7\u00e3o, poder, ambi\u00e7\u00e3o e loucura na trag\u00e9dia.<\/p>\n","protected":false},"excerpt":{"rendered":"<ul>\n<li>O Festival de Jazz de Valado dos Frades, na Nazar\u00e9, decorre de 26 de abril a 6 de junho, com entrada gratuita a 10 euros e destaque para m\u00fasicos nacionais e novos projetos, na 29.\u00aa edi\u00e7\u00e3o.<\/li>\n<li>Em Mealhada, o Cineteatro Messias recebe M\u00e1rio Laginha a 30 de abril, \u00e0s 21h30 (maiores de 6 anos; 5\u20ac), para apresentar o disco Retorno, marco do regresso a concertos a solo.<\/li>\n<li>Os Cl\u00e1ssicos d\u2019A Tarumba, em Porto no Museu das Marionetas, exp\u00f5em Mahagonny \u2014 Aqui Tudo \u00c9 Permitido de 4 de fevereiro a 27 de setembro, com hor\u00e1rios variados e bilheteira de 3,50\u20ac (2,50\u20ac para crian\u00e7as at\u00e9 aos 12 anos).<\/li>\n<li>Mazgani atua em Lisboa no Audit\u00f3rio Carlos Paredes a 30 de abril, \u00e0s 21h (maiores de 6 anos; 12,50\u20ac), com o \u00e1lbum Cidade de Cinema, lan\u00e7ado em outubro de 2024 e cantado integralmente em portugu\u00eas.<\/li>\n<li>Rei Lear chega ao Teatro Lethes, em Faro, a 30 de abril, \u00e0s 21h (maiores de 14; 10\u20ac), numa encena\u00e7\u00e3o minimalista da Companhia do Chapit\u00f4, dirigida por Jos\u00e9 C. Garcia.<\/li>\n<\/ul>\n","protected":false},"author":2,"featured_media":461312,"comment_status":"closed","ping_status":"closed","sticky":false,"template":"","format":"standard","meta":{"footnotes":""},"categories":[7375,6676],"tags":[3674,981,1316,122,894,119],"class_list":["post-461305","post","type-post","status-publish","format-standard","has-post-thumbnail","hentry","category-cultura","category-musica","tag-festival","tag-lisboa","tag-mealhada","tag-musica","tag-nazare","tag-teatro"],"yoast_head":"<!-- This site is optimized with the Yoast SEO plugin v27.2 - https:\/\/yoast.com\/product\/yoast-seo-wordpress\/ -->\n<title>Quinta-feira com jazz e encena\u00e7\u00e3o de Rei Lear - Portal Tela Portugal<\/title>\n<meta name=\"robots\" content=\"index, follow, max-snippet:-1, max-image-preview:large, max-video-preview:-1\" \/>\n<meta property=\"og:locale\" content=\"pt_PT\" \/>\n<meta property=\"og:type\" content=\"article\" \/>\n<meta property=\"og:title\" content=\"Quinta-feira com jazz e encena\u00e7\u00e3o de Rei Lear - Portal Tela Portugal\" \/>\n<meta property=\"og:description\" content=\"O Festival de Jazz de Valado dos Frades, na Nazar\u00e9, decorre de 26 de abril a 6 de junho, com entrada gratuita a 10 euros e destaque para m\u00fasicos nacionais e novos projetos, na 29.\u00aa edi\u00e7\u00e3o. Em Mealhada, o Cineteatro Messias recebe M\u00e1rio Laginha a 30 de abril, \u00e0s 21h30 (maiores de 6 anos; 5\u20ac), para apresentar o disco Retorno, marco do regresso a concertos a solo. Os Cl\u00e1ssicos d\u2019A Tarumba, em Porto no Museu das Marionetas, exp\u00f5em Mahagonny \u2014 Aqui Tudo \u00c9 Permitido de 4 de fevereiro a 27 de setembro, com hor\u00e1rios variados e bilheteira de 3,50\u20ac (2,50\u20ac para crian\u00e7as at\u00e9 aos 12 anos). Mazgani atua em Lisboa no Audit\u00f3rio Carlos Paredes a 30 de abril, \u00e0s 21h (maiores de 6 anos; 12,50\u20ac), com o \u00e1lbum Cidade de Cinema, lan\u00e7ado em outubro de 2024 e cantado integralmente em portugu\u00eas. Rei Lear chega ao Teatro Lethes, em Faro, a 30 de abril, \u00e0s 21h (maiores de 14; 10\u20ac), numa encena\u00e7\u00e3o minimalista da Companhia do Chapit\u00f4, dirigida por Jos\u00e9 C. Garcia.\" \/>\n<meta property=\"og:url\" content=\"https:\/\/portaltela.pt\/noticias\/2026\/04\/29\/quinta-feira-com-jazz-e-encenacao-de-rei-lear\/\" \/>\n<meta property=\"og:site_name\" content=\"Portal Tela Portugal\" \/>\n<meta property=\"article:published_time\" content=\"2026-04-29T17:33:12+00:00\" \/>\n<meta name=\"author\" content=\"Telinha\" \/>\n<meta name=\"twitter:card\" content=\"summary_large_image\" \/>\n<meta name=\"twitter:label1\" content=\"Escrito por\" \/>\n\t<meta name=\"twitter:data1\" content=\"Telinha\" \/>\n\t<meta name=\"twitter:label2\" content=\"Tempo estimado de leitura\" \/>\n\t<meta name=\"twitter:data2\" content=\"2 minutos\" \/>\n<script type=\"application\/ld+json\" class=\"yoast-schema-graph\">{\"@context\":\"https:\/\/schema.org\",\"@graph\":[{\"@type\":\"Article\",\"@id\":\"https:\/\/portaltela.pt\/noticias\/2026\/04\/29\/quinta-feira-com-jazz-e-encenacao-de-rei-lear\/#article\",\"isPartOf\":{\"@id\":\"https:\/\/portaltela.pt\/noticias\/2026\/04\/29\/quinta-feira-com-jazz-e-encenacao-de-rei-lear\/\"},\"author\":{\"name\":\"Telinha\",\"@id\":\"https:\/\/portaltela.pt\/#\/schema\/person\/c4278d4a6028830caff9ee44b42d32ed\"},\"headline\":\"Quinta-feira com jazz e encena\u00e7\u00e3o de Rei Lear\",\"datePublished\":\"2026-04-29T17:33:12+00:00\",\"mainEntityOfPage\":{\"@id\":\"https:\/\/portaltela.pt\/noticias\/2026\/04\/29\/quinta-feira-com-jazz-e-encenacao-de-rei-lear\/\"},\"wordCount\":409,\"image\":{\"@id\":\"https:\/\/portaltela.pt\/noticias\/2026\/04\/29\/quinta-feira-com-jazz-e-encenacao-de-rei-lear\/#primaryimage\"},\"thumbnailUrl\":\"https:\/\/portaltela.pt\/s.01k8rhncp4jt1\/2026\/04\/2085013.jpg\",\"keywords\":[\"festival\",\"Lisboa\",\"Mealhada\",\"m\u00fasica\",\"Nazar\u00e9\",\"teatro\"],\"articleSection\":[\"Cultura\",\"M\u00fasica\"],\"inLanguage\":\"pt-PT\"},{\"@type\":\"WebPage\",\"@id\":\"https:\/\/portaltela.pt\/noticias\/2026\/04\/29\/quinta-feira-com-jazz-e-encenacao-de-rei-lear\/\",\"url\":\"https:\/\/portaltela.pt\/noticias\/2026\/04\/29\/quinta-feira-com-jazz-e-encenacao-de-rei-lear\/\",\"name\":\"Quinta-feira com jazz e encena\u00e7\u00e3o de Rei Lear - Portal Tela Portugal\",\"isPartOf\":{\"@id\":\"https:\/\/portaltela.pt\/#website\"},\"primaryImageOfPage\":{\"@id\":\"https:\/\/portaltela.pt\/noticias\/2026\/04\/29\/quinta-feira-com-jazz-e-encenacao-de-rei-lear\/#primaryimage\"},\"image\":{\"@id\":\"https:\/\/portaltela.pt\/noticias\/2026\/04\/29\/quinta-feira-com-jazz-e-encenacao-de-rei-lear\/#primaryimage\"},\"thumbnailUrl\":\"https:\/\/portaltela.pt\/s.01k8rhncp4jt1\/2026\/04\/2085013.jpg\",\"datePublished\":\"2026-04-29T17:33:12+00:00\",\"author\":{\"@id\":\"https:\/\/portaltela.pt\/#\/schema\/person\/c4278d4a6028830caff9ee44b42d32ed\"},\"breadcrumb\":{\"@id\":\"https:\/\/portaltela.pt\/noticias\/2026\/04\/29\/quinta-feira-com-jazz-e-encenacao-de-rei-lear\/#breadcrumb\"},\"inLanguage\":\"pt-PT\",\"potentialAction\":[{\"@type\":\"ReadAction\",\"target\":[\"https:\/\/portaltela.pt\/noticias\/2026\/04\/29\/quinta-feira-com-jazz-e-encenacao-de-rei-lear\/\"]}]},{\"@type\":\"ImageObject\",\"inLanguage\":\"pt-PT\",\"@id\":\"https:\/\/portaltela.pt\/noticias\/2026\/04\/29\/quinta-feira-com-jazz-e-encenacao-de-rei-lear\/#primaryimage\",\"url\":\"https:\/\/portaltela.pt\/s.01k8rhncp4jt1\/2026\/04\/2085013.jpg\",\"contentUrl\":\"https:\/\/portaltela.pt\/s.01k8rhncp4jt1\/2026\/04\/2085013.jpg\",\"width\":796,\"height\":448,\"caption\":\"J\u00e9ssica Pina marca presen\u00e7a no Festival de Jazz de Valado dos Frades\"},{\"@type\":\"BreadcrumbList\",\"@id\":\"https:\/\/portaltela.pt\/noticias\/2026\/04\/29\/quinta-feira-com-jazz-e-encenacao-de-rei-lear\/#breadcrumb\",\"itemListElement\":[{\"@type\":\"ListItem\",\"position\":1,\"name\":\"In\u00edcio\",\"item\":\"https:\/\/portaltela.pt\/\"},{\"@type\":\"ListItem\",\"position\":2,\"name\":\"Quinta-feira com jazz e encena\u00e7\u00e3o de Rei Lear\"}]},{\"@type\":\"WebSite\",\"@id\":\"https:\/\/portaltela.pt\/#website\",\"url\":\"https:\/\/portaltela.pt\/\",\"name\":\"Portal Tela Portugal\",\"description\":\"\",\"potentialAction\":[{\"@type\":\"SearchAction\",\"target\":{\"@type\":\"EntryPoint\",\"urlTemplate\":\"https:\/\/portaltela.pt\/?s={search_term_string}\"},\"query-input\":{\"@type\":\"PropertyValueSpecification\",\"valueRequired\":true,\"valueName\":\"search_term_string\"}}],\"inLanguage\":\"pt-PT\"},{\"@type\":\"Person\",\"@id\":\"https:\/\/portaltela.pt\/#\/schema\/person\/c4278d4a6028830caff9ee44b42d32ed\",\"name\":\"Telinha\",\"image\":{\"@type\":\"ImageObject\",\"inLanguage\":\"pt-PT\",\"@id\":\"https:\/\/portaltela.pt\/s.01k8rhncp4jt1\/2025\/11\/talking-bot-125x125.png\",\"url\":\"https:\/\/portaltela.pt\/s.01k8rhncp4jt1\/2025\/11\/talking-bot-125x125.png\",\"contentUrl\":\"https:\/\/portaltela.pt\/s.01k8rhncp4jt1\/2025\/11\/talking-bot-125x125.png\",\"caption\":\"Telinha\"},\"sameAs\":[\"https:\/\/portaltela.pt\/\"],\"url\":\"https:\/\/portaltela.pt\/por\/367410592786\/\"}]}<\/script>\n<!-- \/ Yoast SEO plugin. -->","yoast_head_json":{"title":"Quinta-feira com jazz e encena\u00e7\u00e3o de Rei Lear - Portal Tela Portugal","robots":{"index":"index","follow":"follow","max-snippet":"max-snippet:-1","max-image-preview":"max-image-preview:large","max-video-preview":"max-video-preview:-1"},"og_locale":"pt_PT","og_type":"article","og_title":"Quinta-feira com jazz e encena\u00e7\u00e3o de Rei Lear - Portal Tela Portugal","og_description":"O Festival de Jazz de Valado dos Frades, na Nazar\u00e9, decorre de 26 de abril a 6 de junho, com entrada gratuita a 10 euros e destaque para m\u00fasicos nacionais e novos projetos, na 29.\u00aa edi\u00e7\u00e3o. Em Mealhada, o Cineteatro Messias recebe M\u00e1rio Laginha a 30 de abril, \u00e0s 21h30 (maiores de 6 anos; 5\u20ac), para apresentar o disco Retorno, marco do regresso a concertos a solo. Os Cl\u00e1ssicos d\u2019A Tarumba, em Porto no Museu das Marionetas, exp\u00f5em Mahagonny \u2014 Aqui Tudo \u00c9 Permitido de 4 de fevereiro a 27 de setembro, com hor\u00e1rios variados e bilheteira de 3,50\u20ac (2,50\u20ac para crian\u00e7as at\u00e9 aos 12 anos). Mazgani atua em Lisboa no Audit\u00f3rio Carlos Paredes a 30 de abril, \u00e0s 21h (maiores de 6 anos; 12,50\u20ac), com o \u00e1lbum Cidade de Cinema, lan\u00e7ado em outubro de 2024 e cantado integralmente em portugu\u00eas. Rei Lear chega ao Teatro Lethes, em Faro, a 30 de abril, \u00e0s 21h (maiores de 14; 10\u20ac), numa encena\u00e7\u00e3o minimalista da Companhia do Chapit\u00f4, dirigida por Jos\u00e9 C. Garcia.","og_url":"https:\/\/portaltela.pt\/noticias\/2026\/04\/29\/quinta-feira-com-jazz-e-encenacao-de-rei-lear\/","og_site_name":"Portal Tela Portugal","article_published_time":"2026-04-29T17:33:12+00:00","author":"Telinha","twitter_card":"summary_large_image","twitter_misc":{"Escrito por":"Telinha","Tempo estimado de leitura":"2 minutos"},"schema":{"@context":"https:\/\/schema.org","@graph":[{"@type":"Article","@id":"https:\/\/portaltela.pt\/noticias\/2026\/04\/29\/quinta-feira-com-jazz-e-encenacao-de-rei-lear\/#article","isPartOf":{"@id":"https:\/\/portaltela.pt\/noticias\/2026\/04\/29\/quinta-feira-com-jazz-e-encenacao-de-rei-lear\/"},"author":{"name":"Telinha","@id":"https:\/\/portaltela.pt\/#\/schema\/person\/c4278d4a6028830caff9ee44b42d32ed"},"headline":"Quinta-feira com jazz e encena\u00e7\u00e3o de Rei Lear","datePublished":"2026-04-29T17:33:12+00:00","mainEntityOfPage":{"@id":"https:\/\/portaltela.pt\/noticias\/2026\/04\/29\/quinta-feira-com-jazz-e-encenacao-de-rei-lear\/"},"wordCount":409,"image":{"@id":"https:\/\/portaltela.pt\/noticias\/2026\/04\/29\/quinta-feira-com-jazz-e-encenacao-de-rei-lear\/#primaryimage"},"thumbnailUrl":"https:\/\/portaltela.pt\/s.01k8rhncp4jt1\/2026\/04\/2085013.jpg","keywords":["festival","Lisboa","Mealhada","m\u00fasica","Nazar\u00e9","teatro"],"articleSection":["Cultura","M\u00fasica"],"inLanguage":"pt-PT"},{"@type":"WebPage","@id":"https:\/\/portaltela.pt\/noticias\/2026\/04\/29\/quinta-feira-com-jazz-e-encenacao-de-rei-lear\/","url":"https:\/\/portaltela.pt\/noticias\/2026\/04\/29\/quinta-feira-com-jazz-e-encenacao-de-rei-lear\/","name":"Quinta-feira com jazz e encena\u00e7\u00e3o de Rei Lear - Portal Tela Portugal","isPartOf":{"@id":"https:\/\/portaltela.pt\/#website"},"primaryImageOfPage":{"@id":"https:\/\/portaltela.pt\/noticias\/2026\/04\/29\/quinta-feira-com-jazz-e-encenacao-de-rei-lear\/#primaryimage"},"image":{"@id":"https:\/\/portaltela.pt\/noticias\/2026\/04\/29\/quinta-feira-com-jazz-e-encenacao-de-rei-lear\/#primaryimage"},"thumbnailUrl":"https:\/\/portaltela.pt\/s.01k8rhncp4jt1\/2026\/04\/2085013.jpg","datePublished":"2026-04-29T17:33:12+00:00","author":{"@id":"https:\/\/portaltela.pt\/#\/schema\/person\/c4278d4a6028830caff9ee44b42d32ed"},"breadcrumb":{"@id":"https:\/\/portaltela.pt\/noticias\/2026\/04\/29\/quinta-feira-com-jazz-e-encenacao-de-rei-lear\/#breadcrumb"},"inLanguage":"pt-PT","potentialAction":[{"@type":"ReadAction","target":["https:\/\/portaltela.pt\/noticias\/2026\/04\/29\/quinta-feira-com-jazz-e-encenacao-de-rei-lear\/"]}]},{"@type":"ImageObject","inLanguage":"pt-PT","@id":"https:\/\/portaltela.pt\/noticias\/2026\/04\/29\/quinta-feira-com-jazz-e-encenacao-de-rei-lear\/#primaryimage","url":"https:\/\/portaltela.pt\/s.01k8rhncp4jt1\/2026\/04\/2085013.jpg","contentUrl":"https:\/\/portaltela.pt\/s.01k8rhncp4jt1\/2026\/04\/2085013.jpg","width":796,"height":448,"caption":"J\u00e9ssica Pina marca presen\u00e7a no Festival de Jazz de Valado dos Frades"},{"@type":"BreadcrumbList","@id":"https:\/\/portaltela.pt\/noticias\/2026\/04\/29\/quinta-feira-com-jazz-e-encenacao-de-rei-lear\/#breadcrumb","itemListElement":[{"@type":"ListItem","position":1,"name":"In\u00edcio","item":"https:\/\/portaltela.pt\/"},{"@type":"ListItem","position":2,"name":"Quinta-feira com jazz e encena\u00e7\u00e3o de Rei Lear"}]},{"@type":"WebSite","@id":"https:\/\/portaltela.pt\/#website","url":"https:\/\/portaltela.pt\/","name":"Portal Tela Portugal","description":"","potentialAction":[{"@type":"SearchAction","target":{"@type":"EntryPoint","urlTemplate":"https:\/\/portaltela.pt\/?s={search_term_string}"},"query-input":{"@type":"PropertyValueSpecification","valueRequired":true,"valueName":"search_term_string"}}],"inLanguage":"pt-PT"},{"@type":"Person","@id":"https:\/\/portaltela.pt\/#\/schema\/person\/c4278d4a6028830caff9ee44b42d32ed","name":"Telinha","image":{"@type":"ImageObject","inLanguage":"pt-PT","@id":"https:\/\/portaltela.pt\/s.01k8rhncp4jt1\/2025\/11\/talking-bot-125x125.png","url":"https:\/\/portaltela.pt\/s.01k8rhncp4jt1\/2025\/11\/talking-bot-125x125.png","contentUrl":"https:\/\/portaltela.pt\/s.01k8rhncp4jt1\/2025\/11\/talking-bot-125x125.png","caption":"Telinha"},"sameAs":["https:\/\/portaltela.pt\/"],"url":"https:\/\/portaltela.pt\/por\/367410592786\/"}]}},"_links":{"self":[{"href":"https:\/\/portaltela.pt\/api\/wp\/v2\/posts\/461305","targetHints":{"allow":["GET"]}}],"collection":[{"href":"https:\/\/portaltela.pt\/api\/wp\/v2\/posts"}],"about":[{"href":"https:\/\/portaltela.pt\/api\/wp\/v2\/types\/post"}],"author":[{"embeddable":true,"href":"https:\/\/portaltela.pt\/api\/wp\/v2\/users\/2"}],"replies":[{"embeddable":true,"href":"https:\/\/portaltela.pt\/api\/wp\/v2\/comments?post=461305"}],"version-history":[{"count":0,"href":"https:\/\/portaltela.pt\/api\/wp\/v2\/posts\/461305\/revisions"}],"wp:featuredmedia":[{"embeddable":true,"href":"https:\/\/portaltela.pt\/api\/wp\/v2\/media\/461312"}],"wp:attachment":[{"href":"https:\/\/portaltela.pt\/api\/wp\/v2\/media?parent=461305"}],"wp:term":[{"taxonomy":"category","embeddable":true,"href":"https:\/\/portaltela.pt\/api\/wp\/v2\/categories?post=461305"},{"taxonomy":"post_tag","embeddable":true,"href":"https:\/\/portaltela.pt\/api\/wp\/v2\/tags?post=461305"}],"curies":[{"name":"wp","href":"https:\/\/api.w.org\/{rel}","templated":true}]}}